{"id":14467,"date":"2022-09-16T10:41:22","date_gmt":"2022-09-16T10:41:22","guid":{"rendered":"https:\/\/blogin.al\/?p=14467"},"modified":"2022-09-16T10:41:23","modified_gmt":"2022-09-16T10:41:23","slug":"ne-sy-te-femijeve-publikohet-sherri-i-fundit-i-shakires-dhe-piques","status":"publish","type":"post","link":"https:\/\/blogin.al\/?p=14467","title":{"rendered":"N\u00eb sy t\u00eb f\u00ebmij\u00ebve, publikohet sherri i fundit i Shakir\u00ebs dhe Piques"},"content":{"rendered":"\n<p>Vet\u00ebm pak koh\u00eb m\u00eb par\u00eb Shakira dhe Gerard Pique njoftuan zyrtarisht p\u00ebr divorcin e tyre.<\/p>\n\n\n\n<p>Teksa shum\u00eb njer\u00ebz mendonin se \u00e7ifti i famsh\u00ebm po ndahet n\u00eb paqe, n\u00eb mediat e huaja jan\u00eb publikuar disa fotografi nga debati i tyre i fundit s\u00eb bashku.<\/p>\n\n\n\n<p>K\u00ebng\u00ebtarja me fam\u00eb bot\u00ebrore dhe futbollisti i famsh\u00ebm duket se jan\u00eb ndar\u00eb pas nj\u00eb sherri t\u00eb ashp\u00ebr n\u00eb sy t\u00eb dy f\u00ebmij\u00ebve t\u00eb tyre, n\u00eb nj\u00eb jaht.<\/p>\n\n\n\n<figure class=\"wp-block-image size-full is-style-default\"><img fetchpriority=\"high\" decoding=\"async\" width=\"634\" height=\"424\" src=\"https:\/\/blogin.al\/wp-content\/uploads\/2022\/09\/shak-pique.jpg\" alt=\"\" class=\"wp-image-14468\" srcset=\"https:\/\/blogin.al\/wp-content\/uploads\/2022\/09\/shak-pique.jpg 634w, https:\/\/blogin.al\/wp-content\/uploads\/2022\/09\/shak-pique-300x201.jpg 300w, https:\/\/blogin.al\/wp-content\/uploads\/2022\/09\/shak-pique-150x100.jpg 150w\" sizes=\"(max-width: 634px) 100vw, 634px\" \/><\/figure>\n\n\n\n<p>Nga fotografit\u00eb e b\u00ebra virale, 45-vje\u00e7arja dhe 35-vje\u00e7ari shfaqen duke b\u00ebr\u00eb nj\u00eb debat t\u00eb ashp\u00ebr para Milan dhe Sash\u00ebs.<\/p>\n\n\n\n<p>Para pak koh\u00ebsh, k\u00ebng\u00ebtarja kolumbiane konfirmoi se nuk \u00ebsht\u00eb m\u00eb me partnerin e saj futbollist, pas nj\u00eb lidhjeje 11-vje\u00e7are dhe dy f\u00ebmij\u00ebve s\u00eb bashku.<\/p>\n\n\n\n<p>\u00c7ifti ishte s\u00eb bashku q\u00eb nga viti 2011 kur ata u takuan p\u00ebr her\u00eb t\u00eb par\u00eb gjat\u00eb xhirimit t\u00eb videoklipit t\u00eb k\u00ebng\u00ebs Waka-Waka p\u00ebr Kup\u00ebn e Bot\u00ebs.<\/p>\n","protected":false},"excerpt":{"rendered":"<p>Vet\u00ebm pak koh\u00eb m\u00eb par\u00eb Shakira dhe Gerard Pique njoftuan zyrtarisht p\u00ebr divorcin e tyre. Teksa shum\u00eb njer\u00ebz mendonin se \u00e7ifti i famsh\u00ebm po ndahet n\u00eb paqe, n\u00eb mediat e huaja jan\u00eb publikuar disa fotografi nga debati i tyre i fundit s\u00eb bashku. K\u00ebng\u00ebtarja me fam\u00eb bot\u00ebrore dhe futbollisti i famsh\u00ebm duket se jan\u00eb ndar\u00eb [&hellip;]<\/p>\n","protected":false},"author":2,"featured_media":6401,"comment_status":"open","ping_status":"open","sticky":false,"template":"","format":"standard","meta":{"footnotes":""},"categories":[33],"tags":[],"class_list":{"0":"post-14467","1":"post","2":"type-post","3":"status-publish","4":"format-standard","5":"has-post-thumbnail","7":"category-showbiz"},"yoast_head":"<!-- This site is optimized with the Yoast SEO plugin v27.5 - https:\/\/yoast.com\/product\/yoast-seo-wordpress\/ -->\n<title>N\u00eb sy t\u00eb f\u00ebmij\u00ebve, publikohet sherri i fundit i Shakir\u00ebs dhe Piques - blogin.al<\/title>\n<meta name=\"robots\" content=\"index, follow, max-snippet:-1, max-image-preview:large, max-video-preview:-1\" \/>\n<link rel=\"canonical\" href=\"https:\/\/blogin.al\/?p=14467\" \/>\n<meta property=\"og:locale\" content=\"en_US\" \/>\n<meta property=\"og:type\" content=\"article\" \/>\n<meta property=\"og:title\" content=\"N\u00eb sy t\u00eb f\u00ebmij\u00ebve, publikohet sherri i fundit i Shakir\u00ebs dhe Piques - blogin.al\" \/>\n<meta property=\"og:description\" content=\"Vet\u00ebm pak koh\u00eb m\u00eb par\u00eb Shakira dhe Gerard Pique njoftuan zyrtarisht p\u00ebr divorcin e tyre. Teksa shum\u00eb njer\u00ebz mendonin se \u00e7ifti i famsh\u00ebm po ndahet n\u00eb paqe, n\u00eb mediat e huaja jan\u00eb publikuar disa fotografi nga debati i tyre i fundit s\u00eb bashku. K\u00ebng\u00ebtarja me fam\u00eb bot\u00ebrore dhe futbollisti i famsh\u00ebm duket se jan\u00eb ndar\u00eb [&hellip;]\" \/>\n<meta property=\"og:url\" content=\"https:\/\/blogin.al\/?p=14467\" \/>\n<meta property=\"og:site_name\" content=\"blogin.al\" \/>\n<meta property=\"article:published_time\" content=\"2022-09-16T10:41:22+00:00\" \/>\n<meta property=\"article:modified_time\" content=\"2022-09-16T10:41:23+00:00\" \/>\n<meta property=\"og:image\" content=\"https:\/\/blogin.al\/wp-content\/uploads\/2022\/06\/shakira-famiglia.jpg\" \/>\n\t<meta property=\"og:image:width\" content=\"633\" \/>\n\t<meta property=\"og:image:height\" content=\"473\" \/>\n\t<meta property=\"og:image:type\" content=\"image\/jpeg\" \/>\n<meta name=\"author\" content=\"Blogin al\" \/>\n<meta name=\"twitter:card\" content=\"summary_large_image\" \/>\n<meta name=\"twitter:label1\" content=\"Written by\" \/>\n\t<meta name=\"twitter:data1\" content=\"Blogin al\" \/>\n\t<meta name=\"twitter:label2\" content=\"Est. reading time\" \/>\n\t<meta name=\"twitter:data2\" content=\"1 minute\" \/>\n<script type=\"application\/ld+json\" class=\"yoast-schema-graph\">{\"@context\":\"https:\\\/\\\/schema.org\",\"@graph\":[{\"@type\":\"Article\",\"@id\":\"https:\\\/\\\/blogin.al\\\/?p=14467#article\",\"isPartOf\":{\"@id\":\"https:\\\/\\\/blogin.al\\\/?p=14467\"},\"author\":{\"name\":\"Blogin al\",\"@id\":\"https:\\\/\\\/blogin.al\\\/#\\\/schema\\\/person\\\/abdd56bc912cd511db877b852b115399\"},\"headline\":\"N\u00eb sy t\u00eb f\u00ebmij\u00ebve, publikohet sherri i fundit i Shakir\u00ebs dhe Piques\",\"datePublished\":\"2022-09-16T10:41:22+00:00\",\"dateModified\":\"2022-09-16T10:41:23+00:00\",\"mainEntityOfPage\":{\"@id\":\"https:\\\/\\\/blogin.al\\\/?p=14467\"},\"wordCount\":183,\"commentCount\":0,\"publisher\":{\"@id\":\"https:\\\/\\\/blogin.al\\\/#organization\"},\"image\":{\"@id\":\"https:\\\/\\\/blogin.al\\\/?p=14467#primaryimage\"},\"thumbnailUrl\":\"https:\\\/\\\/blogin.al\\\/wp-content\\\/uploads\\\/2022\\\/06\\\/shakira-famiglia.jpg\",\"articleSection\":[\"SHOWBIZ\"],\"inLanguage\":\"en-US\",\"potentialAction\":[{\"@type\":\"CommentAction\",\"name\":\"Comment\",\"target\":[\"https:\\\/\\\/blogin.al\\\/?p=14467#respond\"]}]},{\"@type\":\"WebPage\",\"@id\":\"https:\\\/\\\/blogin.al\\\/?p=14467\",\"url\":\"https:\\\/\\\/blogin.al\\\/?p=14467\",\"name\":\"N\u00eb sy t\u00eb f\u00ebmij\u00ebve, publikohet sherri i fundit i Shakir\u00ebs dhe Piques - blogin.al\",\"isPartOf\":{\"@id\":\"https:\\\/\\\/blogin.al\\\/#website\"},\"primaryImageOfPage\":{\"@id\":\"https:\\\/\\\/blogin.al\\\/?p=14467#primaryimage\"},\"image\":{\"@id\":\"https:\\\/\\\/blogin.al\\\/?p=14467#primaryimage\"},\"thumbnailUrl\":\"https:\\\/\\\/blogin.al\\\/wp-content\\\/uploads\\\/2022\\\/06\\\/shakira-famiglia.jpg\",\"datePublished\":\"2022-09-16T10:41:22+00:00\",\"dateModified\":\"2022-09-16T10:41:23+00:00\",\"breadcrumb\":{\"@id\":\"https:\\\/\\\/blogin.al\\\/?p=14467#breadcrumb\"},\"inLanguage\":\"en-US\",\"potentialAction\":[{\"@type\":\"ReadAction\",\"target\":[\"https:\\\/\\\/blogin.al\\\/?p=14467\"]}]},{\"@type\":\"ImageObject\",\"inLanguage\":\"en-US\",\"@id\":\"https:\\\/\\\/blogin.al\\\/?p=14467#primaryimage\",\"url\":\"https:\\\/\\\/blogin.al\\\/wp-content\\\/uploads\\\/2022\\\/06\\\/shakira-famiglia.jpg\",\"contentUrl\":\"https:\\\/\\\/blogin.al\\\/wp-content\\\/uploads\\\/2022\\\/06\\\/shakira-famiglia.jpg\",\"width\":633,\"height\":473},{\"@type\":\"BreadcrumbList\",\"@id\":\"https:\\\/\\\/blogin.al\\\/?p=14467#breadcrumb\",\"itemListElement\":[{\"@type\":\"ListItem\",\"position\":1,\"name\":\"Home\",\"item\":\"https:\\\/\\\/blogin.al\\\/\"},{\"@type\":\"ListItem\",\"position\":2,\"name\":\"N\u00eb sy t\u00eb f\u00ebmij\u00ebve, publikohet sherri i fundit i Shakir\u00ebs dhe Piques\"}]},{\"@type\":\"WebSite\",\"@id\":\"https:\\\/\\\/blogin.al\\\/#website\",\"url\":\"https:\\\/\\\/blogin.al\\\/\",\"name\":\"blogin.al\",\"description\":\"\",\"publisher\":{\"@id\":\"https:\\\/\\\/blogin.al\\\/#organization\"},\"potentialAction\":[{\"@type\":\"SearchAction\",\"target\":{\"@type\":\"EntryPoint\",\"urlTemplate\":\"https:\\\/\\\/blogin.al\\\/?s={search_term_string}\"},\"query-input\":{\"@type\":\"PropertyValueSpecification\",\"valueRequired\":true,\"valueName\":\"search_term_string\"}}],\"inLanguage\":\"en-US\"},{\"@type\":\"Organization\",\"@id\":\"https:\\\/\\\/blogin.al\\\/#organization\",\"name\":\"BLOGIN.al\",\"url\":\"https:\\\/\\\/blogin.al\\\/\",\"logo\":{\"@type\":\"ImageObject\",\"inLanguage\":\"en-US\",\"@id\":\"https:\\\/\\\/blogin.al\\\/#\\\/schema\\\/logo\\\/image\\\/\",\"url\":\"https:\\\/\\\/blogin.al\\\/wp-content\\\/uploads\\\/2022\\\/05\\\/Untitled-2-01-e1652084456514.png\",\"contentUrl\":\"https:\\\/\\\/blogin.al\\\/wp-content\\\/uploads\\\/2022\\\/05\\\/Untitled-2-01-e1652084456514.png\",\"width\":3723,\"height\":1698,\"caption\":\"BLOGIN.al\"},\"image\":{\"@id\":\"https:\\\/\\\/blogin.al\\\/#\\\/schema\\\/logo\\\/image\\\/\"},\"sameAs\":[\"https:\\\/\\\/instagram.com\\\/blogin.al\\\/\"]},{\"@type\":\"Person\",\"@id\":\"https:\\\/\\\/blogin.al\\\/#\\\/schema\\\/person\\\/abdd56bc912cd511db877b852b115399\",\"name\":\"Blogin al\",\"image\":{\"@type\":\"ImageObject\",\"inLanguage\":\"en-US\",\"@id\":\"https:\\\/\\\/secure.gravatar.com\\\/avatar\\\/60d5661aee6e835fb13dc75d2204cd0c1d61bef2efd137c0083e59ef831e235e?s=96&d=mm&r=g\",\"url\":\"https:\\\/\\\/secure.gravatar.com\\\/avatar\\\/60d5661aee6e835fb13dc75d2204cd0c1d61bef2efd137c0083e59ef831e235e?s=96&d=mm&r=g\",\"contentUrl\":\"https:\\\/\\\/secure.gravatar.com\\\/avatar\\\/60d5661aee6e835fb13dc75d2204cd0c1d61bef2efd137c0083e59ef831e235e?s=96&d=mm&r=g\",\"caption\":\"Blogin al\"},\"sameAs\":[\"https:\\\/\\\/blogin.al\"],\"url\":\"https:\\\/\\\/blogin.al\\\/?author=2\"}]}<\/script>\n<!-- \/ Yoast SEO plugin. -->","yoast_head_json":{"title":"N\u00eb sy t\u00eb f\u00ebmij\u00ebve, publikohet sherri i fundit i Shakir\u00ebs dhe Piques - blogin.al","robots":{"index":"index","follow":"follow","max-snippet":"max-snippet:-1","max-image-preview":"max-image-preview:large","max-video-preview":"max-video-preview:-1"},"canonical":"https:\/\/blogin.al\/?p=14467","og_locale":"en_US","og_type":"article","og_title":"N\u00eb sy t\u00eb f\u00ebmij\u00ebve, publikohet sherri i fundit i Shakir\u00ebs dhe Piques - blogin.al","og_description":"Vet\u00ebm pak koh\u00eb m\u00eb par\u00eb Shakira dhe Gerard Pique njoftuan zyrtarisht p\u00ebr divorcin e tyre. Teksa shum\u00eb njer\u00ebz mendonin se \u00e7ifti i famsh\u00ebm po ndahet n\u00eb paqe, n\u00eb mediat e huaja jan\u00eb publikuar disa fotografi nga debati i tyre i fundit s\u00eb bashku. K\u00ebng\u00ebtarja me fam\u00eb bot\u00ebrore dhe futbollisti i famsh\u00ebm duket se jan\u00eb ndar\u00eb [&hellip;]","og_url":"https:\/\/blogin.al\/?p=14467","og_site_name":"blogin.al","article_published_time":"2022-09-16T10:41:22+00:00","article_modified_time":"2022-09-16T10:41:23+00:00","og_image":[{"width":633,"height":473,"url":"https:\/\/blogin.al\/wp-content\/uploads\/2022\/06\/shakira-famiglia.jpg","type":"image\/jpeg"}],"author":"Blogin al","twitter_card":"summary_large_image","twitter_misc":{"Written by":"Blogin al","Est. reading time":"1 minute"},"schema":{"@context":"https:\/\/schema.org","@graph":[{"@type":"Article","@id":"https:\/\/blogin.al\/?p=14467#article","isPartOf":{"@id":"https:\/\/blogin.al\/?p=14467"},"author":{"name":"Blogin al","@id":"https:\/\/blogin.al\/#\/schema\/person\/abdd56bc912cd511db877b852b115399"},"headline":"N\u00eb sy t\u00eb f\u00ebmij\u00ebve, publikohet sherri i fundit i Shakir\u00ebs dhe Piques","datePublished":"2022-09-16T10:41:22+00:00","dateModified":"2022-09-16T10:41:23+00:00","mainEntityOfPage":{"@id":"https:\/\/blogin.al\/?p=14467"},"wordCount":183,"commentCount":0,"publisher":{"@id":"https:\/\/blogin.al\/#organization"},"image":{"@id":"https:\/\/blogin.al\/?p=14467#primaryimage"},"thumbnailUrl":"https:\/\/blogin.al\/wp-content\/uploads\/2022\/06\/shakira-famiglia.jpg","articleSection":["SHOWBIZ"],"inLanguage":"en-US","potentialAction":[{"@type":"CommentAction","name":"Comment","target":["https:\/\/blogin.al\/?p=14467#respond"]}]},{"@type":"WebPage","@id":"https:\/\/blogin.al\/?p=14467","url":"https:\/\/blogin.al\/?p=14467","name":"N\u00eb sy t\u00eb f\u00ebmij\u00ebve, publikohet sherri i fundit i Shakir\u00ebs dhe Piques - blogin.al","isPartOf":{"@id":"https:\/\/blogin.al\/#website"},"primaryImageOfPage":{"@id":"https:\/\/blogin.al\/?p=14467#primaryimage"},"image":{"@id":"https:\/\/blogin.al\/?p=14467#primaryimage"},"thumbnailUrl":"https:\/\/blogin.al\/wp-content\/uploads\/2022\/06\/shakira-famiglia.jpg","datePublished":"2022-09-16T10:41:22+00:00","dateModified":"2022-09-16T10:41:23+00:00","breadcrumb":{"@id":"https:\/\/blogin.al\/?p=14467#breadcrumb"},"inLanguage":"en-US","potentialAction":[{"@type":"ReadAction","target":["https:\/\/blogin.al\/?p=14467"]}]},{"@type":"ImageObject","inLanguage":"en-US","@id":"https:\/\/blogin.al\/?p=14467#primaryimage","url":"https:\/\/blogin.al\/wp-content\/uploads\/2022\/06\/shakira-famiglia.jpg","contentUrl":"https:\/\/blogin.al\/wp-content\/uploads\/2022\/06\/shakira-famiglia.jpg","width":633,"height":473},{"@type":"BreadcrumbList","@id":"https:\/\/blogin.al\/?p=14467#breadcrumb","itemListElement":[{"@type":"ListItem","position":1,"name":"Home","item":"https:\/\/blogin.al\/"},{"@type":"ListItem","position":2,"name":"N\u00eb sy t\u00eb f\u00ebmij\u00ebve, publikohet sherri i fundit i Shakir\u00ebs dhe Piques"}]},{"@type":"WebSite","@id":"https:\/\/blogin.al\/#website","url":"https:\/\/blogin.al\/","name":"blogin.al","description":"","publisher":{"@id":"https:\/\/blogin.al\/#organization"},"potentialAction":[{"@type":"SearchAction","target":{"@type":"EntryPoint","urlTemplate":"https:\/\/blogin.al\/?s={search_term_string}"},"query-input":{"@type":"PropertyValueSpecification","valueRequired":true,"valueName":"search_term_string"}}],"inLanguage":"en-US"},{"@type":"Organization","@id":"https:\/\/blogin.al\/#organization","name":"BLOGIN.al","url":"https:\/\/blogin.al\/","logo":{"@type":"ImageObject","inLanguage":"en-US","@id":"https:\/\/blogin.al\/#\/schema\/logo\/image\/","url":"https:\/\/blogin.al\/wp-content\/uploads\/2022\/05\/Untitled-2-01-e1652084456514.png","contentUrl":"https:\/\/blogin.al\/wp-content\/uploads\/2022\/05\/Untitled-2-01-e1652084456514.png","width":3723,"height":1698,"caption":"BLOGIN.al"},"image":{"@id":"https:\/\/blogin.al\/#\/schema\/logo\/image\/"},"sameAs":["https:\/\/instagram.com\/blogin.al\/"]},{"@type":"Person","@id":"https:\/\/blogin.al\/#\/schema\/person\/abdd56bc912cd511db877b852b115399","name":"Blogin al","image":{"@type":"ImageObject","inLanguage":"en-US","@id":"https:\/\/secure.gravatar.com\/avatar\/60d5661aee6e835fb13dc75d2204cd0c1d61bef2efd137c0083e59ef831e235e?s=96&d=mm&r=g","url":"https:\/\/secure.gravatar.com\/avatar\/60d5661aee6e835fb13dc75d2204cd0c1d61bef2efd137c0083e59ef831e235e?s=96&d=mm&r=g","contentUrl":"https:\/\/secure.gravatar.com\/avatar\/60d5661aee6e835fb13dc75d2204cd0c1d61bef2efd137c0083e59ef831e235e?s=96&d=mm&r=g","caption":"Blogin al"},"sameAs":["https:\/\/blogin.al"],"url":"https:\/\/blogin.al\/?author=2"}]}},"_links":{"self":[{"href":"https:\/\/blogin.al\/index.php?rest_route=\/wp\/v2\/posts\/14467","targetHints":{"allow":["GET"]}}],"collection":[{"href":"https:\/\/blogin.al\/index.php?rest_route=\/wp\/v2\/posts"}],"about":[{"href":"https:\/\/blogin.al\/index.php?rest_route=\/wp\/v2\/types\/post"}],"author":[{"embeddable":true,"href":"https:\/\/blogin.al\/index.php?rest_route=\/wp\/v2\/users\/2"}],"replies":[{"embeddable":true,"href":"https:\/\/blogin.al\/index.php?rest_route=%2Fwp%2Fv2%2Fcomments&post=14467"}],"version-history":[{"count":1,"href":"https:\/\/blogin.al\/index.php?rest_route=\/wp\/v2\/posts\/14467\/revisions"}],"predecessor-version":[{"id":14469,"href":"https:\/\/blogin.al\/index.php?rest_route=\/wp\/v2\/posts\/14467\/revisions\/14469"}],"wp:featuredmedia":[{"embeddable":true,"href":"https:\/\/blogin.al\/index.php?rest_route=\/wp\/v2\/media\/6401"}],"wp:attachment":[{"href":"https:\/\/blogin.al\/index.php?rest_route=%2Fwp%2Fv2%2Fmedia&parent=14467"}],"wp:term":[{"taxonomy":"category","embeddable":true,"href":"https:\/\/blogin.al\/index.php?rest_route=%2Fwp%2Fv2%2Fcategories&post=14467"},{"taxonomy":"post_tag","embeddable":true,"href":"https:\/\/blogin.al\/index.php?rest_route=%2Fwp%2Fv2%2Ftags&post=14467"}],"curies":[{"name":"wp","href":"https:\/\/api.w.org\/{rel}","templated":true}]}}