{"id":14503,"date":"2022-09-17T10:06:16","date_gmt":"2022-09-17T10:06:16","guid":{"rendered":"https:\/\/blogin.al\/?p=14503"},"modified":"2022-09-17T10:07:31","modified_gmt":"2022-09-17T10:07:31","slug":"nje-cift-i-ri-ne-showbizin-shqiptar-kengetarja-e-njohur-e-lidhur-me-reperin","status":"publish","type":"post","link":"https:\/\/blogin.al\/?p=14503","title":{"rendered":"Nj\u00eb \u00e7ift i ri n\u00eb showbizin shqiptar, k\u00ebng\u00ebtarja e njohur e lidhur me reperin?"},"content":{"rendered":"\n<p>Nj\u00eb \u00e7ift i ri i duket se po i shtohet showbizit shqiptar. B\u00ebhet fjal\u00eb p\u00ebr k\u00ebng\u00ebtaren Melinda Ademi dhe reperi Finem. Dyshimet kan\u00eb lindur pas nj\u00eb komenti n\u00eb Instagram, ku Melinda ka publikuar nj\u00eb foto, n\u00eb t\u00eb cil\u00ebn shkruan: T\u00eb dua dua t\u2019m\u00eb thuash.<\/p>\n\n\n\n<p>Nd\u00ebrkoh\u00eb Finem i ka komentuar:\u201cCoco Chanel\u201c.<\/p>\n\n\n\n<figure class=\"wp-block-image size-large\"><img fetchpriority=\"high\" decoding=\"async\" width=\"576\" height=\"1024\" src=\"https:\/\/blogin.al\/wp-content\/uploads\/2022\/09\/IMG_20220917_120346_690-576x1024.webp\" alt=\"\" class=\"wp-image-14507\" srcset=\"https:\/\/blogin.al\/wp-content\/uploads\/2022\/09\/IMG_20220917_120346_690-576x1024.webp 576w, https:\/\/blogin.al\/wp-content\/uploads\/2022\/09\/IMG_20220917_120346_690-169x300.webp 169w, https:\/\/blogin.al\/wp-content\/uploads\/2022\/09\/IMG_20220917_120346_690-768x1365.webp 768w, https:\/\/blogin.al\/wp-content\/uploads\/2022\/09\/IMG_20220917_120346_690-864x1536.webp 864w, https:\/\/blogin.al\/wp-content\/uploads\/2022\/09\/IMG_20220917_120346_690-1152x2048.webp 1152w, https:\/\/blogin.al\/wp-content\/uploads\/2022\/09\/IMG_20220917_120346_690-150x267.webp 150w, https:\/\/blogin.al\/wp-content\/uploads\/2022\/09\/IMG_20220917_120346_690-300x533.webp 300w, https:\/\/blogin.al\/wp-content\/uploads\/2022\/09\/IMG_20220917_120346_690-696x1237.webp 696w, https:\/\/blogin.al\/wp-content\/uploads\/2022\/09\/IMG_20220917_120346_690-1068x1899.webp 1068w, https:\/\/blogin.al\/wp-content\/uploads\/2022\/09\/IMG_20220917_120346_690.webp 1440w\" sizes=\"(max-width: 576px) 100vw, 576px\" \/><\/figure>\n\n\n\n<p>M\u00eb tej, k\u00ebng\u00ebtarja ia kthen: \u201cSe ta boj jet\u00ebn pikante\u201d, duke l\u00ebn\u00eb t\u00eb kuptohet se di\u00e7ka m\u00eb shum\u00eb ka n\u00eb jet\u00ebn e tyre. Mir\u00ebpo, asgj\u00eb nuk \u00ebsht\u00eb konfirmuar ende zyrtarisht dhe gjith\u00e7ka mbetet p\u00ebr t\u2019u par\u00eb.<\/p>\n\n\n\n<figure class=\"wp-block-image size-full is-style-default\"><img decoding=\"async\" width=\"640\" height=\"264\" src=\"https:\/\/blogin.al\/wp-content\/uploads\/2022\/09\/meli-640x264-1.webp\" alt=\"\" class=\"wp-image-14504\" srcset=\"https:\/\/blogin.al\/wp-content\/uploads\/2022\/09\/meli-640x264-1.webp 640w, https:\/\/blogin.al\/wp-content\/uploads\/2022\/09\/meli-640x264-1-300x124.webp 300w, https:\/\/blogin.al\/wp-content\/uploads\/2022\/09\/meli-640x264-1-150x62.webp 150w\" sizes=\"(max-width: 640px) 100vw, 640px\" \/><\/figure>\n","protected":false},"excerpt":{"rendered":"<p>Nj\u00eb \u00e7ift i ri i duket se po i shtohet showbizit shqiptar. B\u00ebhet fjal\u00eb p\u00ebr k\u00ebng\u00ebtaren Melinda Ademi dhe reperi Finem. Dyshimet kan\u00eb lindur pas nj\u00eb komenti n\u00eb Instagram, ku Melinda ka publikuar nj\u00eb foto, n\u00eb t\u00eb cil\u00ebn shkruan: T\u00eb dua dua t\u2019m\u00eb thuash. Nd\u00ebrkoh\u00eb Finem i ka komentuar:\u201cCoco Chanel\u201c. M\u00eb tej, k\u00ebng\u00ebtarja ia kthen: [&hellip;]<\/p>\n","protected":false},"author":2,"featured_media":14506,"comment_status":"open","ping_status":"open","sticky":false,"template":"","format":"standard","meta":{"footnotes":""},"categories":[33],"tags":[],"class_list":{"0":"post-14503","1":"post","2":"type-post","3":"status-publish","4":"format-standard","5":"has-post-thumbnail","7":"category-showbiz"},"yoast_head":"<!-- This site is optimized with the Yoast SEO plugin v27.5 - https:\/\/yoast.com\/product\/yoast-seo-wordpress\/ -->\n<title>Nj\u00eb \u00e7ift i ri n\u00eb showbizin shqiptar, k\u00ebng\u00ebtarja e njohur e lidhur me reperin? - blogin.al<\/title>\n<meta name=\"robots\" content=\"index, follow, max-snippet:-1, max-image-preview:large, max-video-preview:-1\" \/>\n<link rel=\"canonical\" href=\"https:\/\/blogin.al\/?p=14503\" \/>\n<meta property=\"og:locale\" content=\"en_US\" \/>\n<meta property=\"og:type\" content=\"article\" \/>\n<meta property=\"og:title\" content=\"Nj\u00eb \u00e7ift i ri n\u00eb showbizin shqiptar, k\u00ebng\u00ebtarja e njohur e lidhur me reperin? - blogin.al\" \/>\n<meta property=\"og:description\" content=\"Nj\u00eb \u00e7ift i ri i duket se po i shtohet showbizit shqiptar. B\u00ebhet fjal\u00eb p\u00ebr k\u00ebng\u00ebtaren Melinda Ademi dhe reperi Finem. Dyshimet kan\u00eb lindur pas nj\u00eb komenti n\u00eb Instagram, ku Melinda ka publikuar nj\u00eb foto, n\u00eb t\u00eb cil\u00ebn shkruan: T\u00eb dua dua t\u2019m\u00eb thuash. Nd\u00ebrkoh\u00eb Finem i ka komentuar:\u201cCoco Chanel\u201c. M\u00eb tej, k\u00ebng\u00ebtarja ia kthen: [&hellip;]\" \/>\n<meta property=\"og:url\" content=\"https:\/\/blogin.al\/?p=14503\" \/>\n<meta property=\"og:site_name\" content=\"blogin.al\" \/>\n<meta property=\"article:published_time\" content=\"2022-09-17T10:06:16+00:00\" \/>\n<meta property=\"article:modified_time\" content=\"2022-09-17T10:07:31+00:00\" \/>\n<meta property=\"og:image\" content=\"https:\/\/blogin.al\/wp-content\/uploads\/2022\/09\/20220917_120602.jpg\" \/>\n\t<meta property=\"og:image:width\" content=\"1430\" \/>\n\t<meta property=\"og:image:height\" content=\"1507\" \/>\n\t<meta property=\"og:image:type\" content=\"image\/jpeg\" \/>\n<meta name=\"author\" content=\"Blogin al\" \/>\n<meta name=\"twitter:card\" content=\"summary_large_image\" \/>\n<meta name=\"twitter:label1\" content=\"Written by\" \/>\n\t<meta name=\"twitter:data1\" content=\"Blogin al\" \/>\n\t<meta name=\"twitter:label2\" content=\"Est. reading time\" \/>\n\t<meta name=\"twitter:data2\" content=\"1 minute\" \/>\n<script type=\"application\/ld+json\" class=\"yoast-schema-graph\">{\"@context\":\"https:\\\/\\\/schema.org\",\"@graph\":[{\"@type\":\"Article\",\"@id\":\"https:\\\/\\\/blogin.al\\\/?p=14503#article\",\"isPartOf\":{\"@id\":\"https:\\\/\\\/blogin.al\\\/?p=14503\"},\"author\":{\"name\":\"Blogin al\",\"@id\":\"https:\\\/\\\/blogin.al\\\/#\\\/schema\\\/person\\\/abdd56bc912cd511db877b852b115399\"},\"headline\":\"Nj\u00eb \u00e7ift i ri n\u00eb showbizin shqiptar, k\u00ebng\u00ebtarja e njohur e lidhur me reperin?\",\"datePublished\":\"2022-09-17T10:06:16+00:00\",\"dateModified\":\"2022-09-17T10:07:31+00:00\",\"mainEntityOfPage\":{\"@id\":\"https:\\\/\\\/blogin.al\\\/?p=14503\"},\"wordCount\":120,\"commentCount\":0,\"publisher\":{\"@id\":\"https:\\\/\\\/blogin.al\\\/#organization\"},\"image\":{\"@id\":\"https:\\\/\\\/blogin.al\\\/?p=14503#primaryimage\"},\"thumbnailUrl\":\"https:\\\/\\\/blogin.al\\\/wp-content\\\/uploads\\\/2022\\\/09\\\/20220917_120602.jpg\",\"articleSection\":[\"SHOWBIZ\"],\"inLanguage\":\"en-US\",\"potentialAction\":[{\"@type\":\"CommentAction\",\"name\":\"Comment\",\"target\":[\"https:\\\/\\\/blogin.al\\\/?p=14503#respond\"]}]},{\"@type\":\"WebPage\",\"@id\":\"https:\\\/\\\/blogin.al\\\/?p=14503\",\"url\":\"https:\\\/\\\/blogin.al\\\/?p=14503\",\"name\":\"Nj\u00eb \u00e7ift i ri n\u00eb showbizin shqiptar, k\u00ebng\u00ebtarja e njohur e lidhur me reperin? - blogin.al\",\"isPartOf\":{\"@id\":\"https:\\\/\\\/blogin.al\\\/#website\"},\"primaryImageOfPage\":{\"@id\":\"https:\\\/\\\/blogin.al\\\/?p=14503#primaryimage\"},\"image\":{\"@id\":\"https:\\\/\\\/blogin.al\\\/?p=14503#primaryimage\"},\"thumbnailUrl\":\"https:\\\/\\\/blogin.al\\\/wp-content\\\/uploads\\\/2022\\\/09\\\/20220917_120602.jpg\",\"datePublished\":\"2022-09-17T10:06:16+00:00\",\"dateModified\":\"2022-09-17T10:07:31+00:00\",\"breadcrumb\":{\"@id\":\"https:\\\/\\\/blogin.al\\\/?p=14503#breadcrumb\"},\"inLanguage\":\"en-US\",\"potentialAction\":[{\"@type\":\"ReadAction\",\"target\":[\"https:\\\/\\\/blogin.al\\\/?p=14503\"]}]},{\"@type\":\"ImageObject\",\"inLanguage\":\"en-US\",\"@id\":\"https:\\\/\\\/blogin.al\\\/?p=14503#primaryimage\",\"url\":\"https:\\\/\\\/blogin.al\\\/wp-content\\\/uploads\\\/2022\\\/09\\\/20220917_120602.jpg\",\"contentUrl\":\"https:\\\/\\\/blogin.al\\\/wp-content\\\/uploads\\\/2022\\\/09\\\/20220917_120602.jpg\",\"width\":1430,\"height\":1507},{\"@type\":\"BreadcrumbList\",\"@id\":\"https:\\\/\\\/blogin.al\\\/?p=14503#breadcrumb\",\"itemListElement\":[{\"@type\":\"ListItem\",\"position\":1,\"name\":\"Home\",\"item\":\"https:\\\/\\\/blogin.al\\\/\"},{\"@type\":\"ListItem\",\"position\":2,\"name\":\"Nj\u00eb \u00e7ift i ri n\u00eb showbizin shqiptar, k\u00ebng\u00ebtarja e njohur e lidhur me reperin?\"}]},{\"@type\":\"WebSite\",\"@id\":\"https:\\\/\\\/blogin.al\\\/#website\",\"url\":\"https:\\\/\\\/blogin.al\\\/\",\"name\":\"blogin.al\",\"description\":\"\",\"publisher\":{\"@id\":\"https:\\\/\\\/blogin.al\\\/#organization\"},\"potentialAction\":[{\"@type\":\"SearchAction\",\"target\":{\"@type\":\"EntryPoint\",\"urlTemplate\":\"https:\\\/\\\/blogin.al\\\/?s={search_term_string}\"},\"query-input\":{\"@type\":\"PropertyValueSpecification\",\"valueRequired\":true,\"valueName\":\"search_term_string\"}}],\"inLanguage\":\"en-US\"},{\"@type\":\"Organization\",\"@id\":\"https:\\\/\\\/blogin.al\\\/#organization\",\"name\":\"BLOGIN.al\",\"url\":\"https:\\\/\\\/blogin.al\\\/\",\"logo\":{\"@type\":\"ImageObject\",\"inLanguage\":\"en-US\",\"@id\":\"https:\\\/\\\/blogin.al\\\/#\\\/schema\\\/logo\\\/image\\\/\",\"url\":\"https:\\\/\\\/blogin.al\\\/wp-content\\\/uploads\\\/2022\\\/05\\\/Untitled-2-01-e1652084456514.png\",\"contentUrl\":\"https:\\\/\\\/blogin.al\\\/wp-content\\\/uploads\\\/2022\\\/05\\\/Untitled-2-01-e1652084456514.png\",\"width\":3723,\"height\":1698,\"caption\":\"BLOGIN.al\"},\"image\":{\"@id\":\"https:\\\/\\\/blogin.al\\\/#\\\/schema\\\/logo\\\/image\\\/\"},\"sameAs\":[\"https:\\\/\\\/instagram.com\\\/blogin.al\\\/\"]},{\"@type\":\"Person\",\"@id\":\"https:\\\/\\\/blogin.al\\\/#\\\/schema\\\/person\\\/abdd56bc912cd511db877b852b115399\",\"name\":\"Blogin al\",\"image\":{\"@type\":\"ImageObject\",\"inLanguage\":\"en-US\",\"@id\":\"https:\\\/\\\/secure.gravatar.com\\\/avatar\\\/60d5661aee6e835fb13dc75d2204cd0c1d61bef2efd137c0083e59ef831e235e?s=96&d=mm&r=g\",\"url\":\"https:\\\/\\\/secure.gravatar.com\\\/avatar\\\/60d5661aee6e835fb13dc75d2204cd0c1d61bef2efd137c0083e59ef831e235e?s=96&d=mm&r=g\",\"contentUrl\":\"https:\\\/\\\/secure.gravatar.com\\\/avatar\\\/60d5661aee6e835fb13dc75d2204cd0c1d61bef2efd137c0083e59ef831e235e?s=96&d=mm&r=g\",\"caption\":\"Blogin al\"},\"sameAs\":[\"https:\\\/\\\/blogin.al\"],\"url\":\"https:\\\/\\\/blogin.al\\\/?author=2\"}]}<\/script>\n<!-- \/ Yoast SEO plugin. -->","yoast_head_json":{"title":"Nj\u00eb \u00e7ift i ri n\u00eb showbizin shqiptar, k\u00ebng\u00ebtarja e njohur e lidhur me reperin? - blogin.al","robots":{"index":"index","follow":"follow","max-snippet":"max-snippet:-1","max-image-preview":"max-image-preview:large","max-video-preview":"max-video-preview:-1"},"canonical":"https:\/\/blogin.al\/?p=14503","og_locale":"en_US","og_type":"article","og_title":"Nj\u00eb \u00e7ift i ri n\u00eb showbizin shqiptar, k\u00ebng\u00ebtarja e njohur e lidhur me reperin? - blogin.al","og_description":"Nj\u00eb \u00e7ift i ri i duket se po i shtohet showbizit shqiptar. B\u00ebhet fjal\u00eb p\u00ebr k\u00ebng\u00ebtaren Melinda Ademi dhe reperi Finem. Dyshimet kan\u00eb lindur pas nj\u00eb komenti n\u00eb Instagram, ku Melinda ka publikuar nj\u00eb foto, n\u00eb t\u00eb cil\u00ebn shkruan: T\u00eb dua dua t\u2019m\u00eb thuash. Nd\u00ebrkoh\u00eb Finem i ka komentuar:\u201cCoco Chanel\u201c. M\u00eb tej, k\u00ebng\u00ebtarja ia kthen: [&hellip;]","og_url":"https:\/\/blogin.al\/?p=14503","og_site_name":"blogin.al","article_published_time":"2022-09-17T10:06:16+00:00","article_modified_time":"2022-09-17T10:07:31+00:00","og_image":[{"width":1430,"height":1507,"url":"https:\/\/blogin.al\/wp-content\/uploads\/2022\/09\/20220917_120602.jpg","type":"image\/jpeg"}],"author":"Blogin al","twitter_card":"summary_large_image","twitter_misc":{"Written by":"Blogin al","Est. reading time":"1 minute"},"schema":{"@context":"https:\/\/schema.org","@graph":[{"@type":"Article","@id":"https:\/\/blogin.al\/?p=14503#article","isPartOf":{"@id":"https:\/\/blogin.al\/?p=14503"},"author":{"name":"Blogin al","@id":"https:\/\/blogin.al\/#\/schema\/person\/abdd56bc912cd511db877b852b115399"},"headline":"Nj\u00eb \u00e7ift i ri n\u00eb showbizin shqiptar, k\u00ebng\u00ebtarja e njohur e lidhur me reperin?","datePublished":"2022-09-17T10:06:16+00:00","dateModified":"2022-09-17T10:07:31+00:00","mainEntityOfPage":{"@id":"https:\/\/blogin.al\/?p=14503"},"wordCount":120,"commentCount":0,"publisher":{"@id":"https:\/\/blogin.al\/#organization"},"image":{"@id":"https:\/\/blogin.al\/?p=14503#primaryimage"},"thumbnailUrl":"https:\/\/blogin.al\/wp-content\/uploads\/2022\/09\/20220917_120602.jpg","articleSection":["SHOWBIZ"],"inLanguage":"en-US","potentialAction":[{"@type":"CommentAction","name":"Comment","target":["https:\/\/blogin.al\/?p=14503#respond"]}]},{"@type":"WebPage","@id":"https:\/\/blogin.al\/?p=14503","url":"https:\/\/blogin.al\/?p=14503","name":"Nj\u00eb \u00e7ift i ri n\u00eb showbizin shqiptar, k\u00ebng\u00ebtarja e njohur e lidhur me reperin? - blogin.al","isPartOf":{"@id":"https:\/\/blogin.al\/#website"},"primaryImageOfPage":{"@id":"https:\/\/blogin.al\/?p=14503#primaryimage"},"image":{"@id":"https:\/\/blogin.al\/?p=14503#primaryimage"},"thumbnailUrl":"https:\/\/blogin.al\/wp-content\/uploads\/2022\/09\/20220917_120602.jpg","datePublished":"2022-09-17T10:06:16+00:00","dateModified":"2022-09-17T10:07:31+00:00","breadcrumb":{"@id":"https:\/\/blogin.al\/?p=14503#breadcrumb"},"inLanguage":"en-US","potentialAction":[{"@type":"ReadAction","target":["https:\/\/blogin.al\/?p=14503"]}]},{"@type":"ImageObject","inLanguage":"en-US","@id":"https:\/\/blogin.al\/?p=14503#primaryimage","url":"https:\/\/blogin.al\/wp-content\/uploads\/2022\/09\/20220917_120602.jpg","contentUrl":"https:\/\/blogin.al\/wp-content\/uploads\/2022\/09\/20220917_120602.jpg","width":1430,"height":1507},{"@type":"BreadcrumbList","@id":"https:\/\/blogin.al\/?p=14503#breadcrumb","itemListElement":[{"@type":"ListItem","position":1,"name":"Home","item":"https:\/\/blogin.al\/"},{"@type":"ListItem","position":2,"name":"Nj\u00eb \u00e7ift i ri n\u00eb showbizin shqiptar, k\u00ebng\u00ebtarja e njohur e lidhur me reperin?"}]},{"@type":"WebSite","@id":"https:\/\/blogin.al\/#website","url":"https:\/\/blogin.al\/","name":"blogin.al","description":"","publisher":{"@id":"https:\/\/blogin.al\/#organization"},"potentialAction":[{"@type":"SearchAction","target":{"@type":"EntryPoint","urlTemplate":"https:\/\/blogin.al\/?s={search_term_string}"},"query-input":{"@type":"PropertyValueSpecification","valueRequired":true,"valueName":"search_term_string"}}],"inLanguage":"en-US"},{"@type":"Organization","@id":"https:\/\/blogin.al\/#organization","name":"BLOGIN.al","url":"https:\/\/blogin.al\/","logo":{"@type":"ImageObject","inLanguage":"en-US","@id":"https:\/\/blogin.al\/#\/schema\/logo\/image\/","url":"https:\/\/blogin.al\/wp-content\/uploads\/2022\/05\/Untitled-2-01-e1652084456514.png","contentUrl":"https:\/\/blogin.al\/wp-content\/uploads\/2022\/05\/Untitled-2-01-e1652084456514.png","width":3723,"height":1698,"caption":"BLOGIN.al"},"image":{"@id":"https:\/\/blogin.al\/#\/schema\/logo\/image\/"},"sameAs":["https:\/\/instagram.com\/blogin.al\/"]},{"@type":"Person","@id":"https:\/\/blogin.al\/#\/schema\/person\/abdd56bc912cd511db877b852b115399","name":"Blogin al","image":{"@type":"ImageObject","inLanguage":"en-US","@id":"https:\/\/secure.gravatar.com\/avatar\/60d5661aee6e835fb13dc75d2204cd0c1d61bef2efd137c0083e59ef831e235e?s=96&d=mm&r=g","url":"https:\/\/secure.gravatar.com\/avatar\/60d5661aee6e835fb13dc75d2204cd0c1d61bef2efd137c0083e59ef831e235e?s=96&d=mm&r=g","contentUrl":"https:\/\/secure.gravatar.com\/avatar\/60d5661aee6e835fb13dc75d2204cd0c1d61bef2efd137c0083e59ef831e235e?s=96&d=mm&r=g","caption":"Blogin al"},"sameAs":["https:\/\/blogin.al"],"url":"https:\/\/blogin.al\/?author=2"}]}},"_links":{"self":[{"href":"https:\/\/blogin.al\/index.php?rest_route=\/wp\/v2\/posts\/14503","targetHints":{"allow":["GET"]}}],"collection":[{"href":"https:\/\/blogin.al\/index.php?rest_route=\/wp\/v2\/posts"}],"about":[{"href":"https:\/\/blogin.al\/index.php?rest_route=\/wp\/v2\/types\/post"}],"author":[{"embeddable":true,"href":"https:\/\/blogin.al\/index.php?rest_route=\/wp\/v2\/users\/2"}],"replies":[{"embeddable":true,"href":"https:\/\/blogin.al\/index.php?rest_route=%2Fwp%2Fv2%2Fcomments&post=14503"}],"version-history":[{"count":2,"href":"https:\/\/blogin.al\/index.php?rest_route=\/wp\/v2\/posts\/14503\/revisions"}],"predecessor-version":[{"id":14508,"href":"https:\/\/blogin.al\/index.php?rest_route=\/wp\/v2\/posts\/14503\/revisions\/14508"}],"wp:featuredmedia":[{"embeddable":true,"href":"https:\/\/blogin.al\/index.php?rest_route=\/wp\/v2\/media\/14506"}],"wp:attachment":[{"href":"https:\/\/blogin.al\/index.php?rest_route=%2Fwp%2Fv2%2Fmedia&parent=14503"}],"wp:term":[{"taxonomy":"category","embeddable":true,"href":"https:\/\/blogin.al\/index.php?rest_route=%2Fwp%2Fv2%2Fcategories&post=14503"},{"taxonomy":"post_tag","embeddable":true,"href":"https:\/\/blogin.al\/index.php?rest_route=%2Fwp%2Fv2%2Ftags&post=14503"}],"curies":[{"name":"wp","href":"https:\/\/api.w.org\/{rel}","templated":true}]}}