{"id":14523,"date":"2022-09-17T11:48:56","date_gmt":"2022-09-17T11:48:56","guid":{"rendered":"https:\/\/blogin.al\/?p=14523"},"modified":"2022-09-17T11:50:41","modified_gmt":"2022-09-17T11:50:41","slug":"bora-zemani-dhe-donald-veshaj-fotografohen-me-te-afert-se-kurre","status":"publish","type":"post","link":"https:\/\/blogin.al\/?p=14523","title":{"rendered":"Bora Zemani dhe Donald Veshaj fotografohen m\u00eb t\u00eb af\u00ebrt se kurr\u00eb"},"content":{"rendered":"\n<p><strong>Q\u00eb ato jan\u00eb me nj\u00ebri-tjetrin kjo \u00ebsht\u00eb di\u00e7ka e vjet\u00ebr tashm\u00eb, mir\u00ebpo fotot e p\u00ebrbashkta t\u00eb dyshes kurdoher\u00eb p\u00ebrb\u00ebjn\u00eb interes p\u00ebr publikun.<\/strong><\/p>\n\n\n\n<p>Bora Zemani dhe Donald Veshaj, s\u00eb fundmi jan\u00eb kapur \u201cmat\u201d duke darkuar n\u00eb nj\u00eb restorant n\u00eb Prishtin\u00eb. Ndon\u00ebse b\u00ebn\u00eb nj\u00eb tentativ\u00eb p\u00ebr tu fshehur duke u shfaqur me kapele, s\u00ebrisht jan\u00eb fotografuar t\u00eb buz\u00ebqeshur duke biseduar me nj\u00ebri-tjetrin.<\/p>\n\n\n\n<p>Imazhet e \u00e7iftit m\u00eb t\u00eb p\u00ebrfolur n\u00eb showbizin shqiptar jan\u00eb publikuar nga \u201cPaparaci\u201d.<\/p>\n\n\n\n<figure class=\"wp-block-image size-large is-style-default\"><img fetchpriority=\"high\" decoding=\"async\" width=\"767\" height=\"1024\" src=\"https:\/\/blogin.al\/wp-content\/uploads\/2022\/09\/bora-donald-767x1024.jpg\" alt=\"\" class=\"wp-image-14524\" srcset=\"https:\/\/blogin.al\/wp-content\/uploads\/2022\/09\/bora-donald-767x1024.jpg 767w, https:\/\/blogin.al\/wp-content\/uploads\/2022\/09\/bora-donald-225x300.jpg 225w, https:\/\/blogin.al\/wp-content\/uploads\/2022\/09\/bora-donald-768x1026.jpg 768w, https:\/\/blogin.al\/wp-content\/uploads\/2022\/09\/bora-donald-1150x1536.jpg 1150w, https:\/\/blogin.al\/wp-content\/uploads\/2022\/09\/bora-donald-150x200.jpg 150w, https:\/\/blogin.al\/wp-content\/uploads\/2022\/09\/bora-donald-300x401.jpg 300w, https:\/\/blogin.al\/wp-content\/uploads\/2022\/09\/bora-donald-696x929.jpg 696w, https:\/\/blogin.al\/wp-content\/uploads\/2022\/09\/bora-donald-1068x1426.jpg 1068w, https:\/\/blogin.al\/wp-content\/uploads\/2022\/09\/bora-donald.jpg 1348w\" sizes=\"(max-width: 767px) 100vw, 767px\" \/><\/figure>\n","protected":false},"excerpt":{"rendered":"<p>Q\u00eb ato jan\u00eb me nj\u00ebri-tjetrin kjo \u00ebsht\u00eb di\u00e7ka e vjet\u00ebr tashm\u00eb, mir\u00ebpo fotot e p\u00ebrbashkta t\u00eb dyshes kurdoher\u00eb p\u00ebrb\u00ebjn\u00eb interes p\u00ebr publikun. Bora Zemani dhe Donald Veshaj, s\u00eb fundmi jan\u00eb kapur \u201cmat\u201d duke darkuar n\u00eb nj\u00eb restorant n\u00eb Prishtin\u00eb. Ndon\u00ebse b\u00ebn\u00eb nj\u00eb tentativ\u00eb p\u00ebr tu fshehur duke u shfaqur me kapele, s\u00ebrisht jan\u00eb fotografuar t\u00eb [&hellip;]<\/p>\n","protected":false},"author":2,"featured_media":14526,"comment_status":"open","ping_status":"open","sticky":false,"template":"","format":"standard","meta":{"footnotes":""},"categories":[33],"tags":[],"class_list":{"0":"post-14523","1":"post","2":"type-post","3":"status-publish","4":"format-standard","5":"has-post-thumbnail","7":"category-showbiz"},"yoast_head":"<!-- This site is optimized with the Yoast SEO plugin v27.5 - https:\/\/yoast.com\/product\/yoast-seo-wordpress\/ -->\n<title>Bora Zemani dhe Donald Veshaj fotografohen m\u00eb t\u00eb af\u00ebrt se kurr\u00eb - blogin.al<\/title>\n<meta name=\"robots\" content=\"index, follow, max-snippet:-1, max-image-preview:large, max-video-preview:-1\" \/>\n<link rel=\"canonical\" href=\"https:\/\/blogin.al\/?p=14523\" \/>\n<meta property=\"og:locale\" content=\"en_US\" \/>\n<meta property=\"og:type\" content=\"article\" \/>\n<meta property=\"og:title\" content=\"Bora Zemani dhe Donald Veshaj fotografohen m\u00eb t\u00eb af\u00ebrt se kurr\u00eb - blogin.al\" \/>\n<meta property=\"og:description\" content=\"Q\u00eb ato jan\u00eb me nj\u00ebri-tjetrin kjo \u00ebsht\u00eb di\u00e7ka e vjet\u00ebr tashm\u00eb, mir\u00ebpo fotot e p\u00ebrbashkta t\u00eb dyshes kurdoher\u00eb p\u00ebrb\u00ebjn\u00eb interes p\u00ebr publikun. Bora Zemani dhe Donald Veshaj, s\u00eb fundmi jan\u00eb kapur \u201cmat\u201d duke darkuar n\u00eb nj\u00eb restorant n\u00eb Prishtin\u00eb. Ndon\u00ebse b\u00ebn\u00eb nj\u00eb tentativ\u00eb p\u00ebr tu fshehur duke u shfaqur me kapele, s\u00ebrisht jan\u00eb fotografuar t\u00eb [&hellip;]\" \/>\n<meta property=\"og:url\" content=\"https:\/\/blogin.al\/?p=14523\" \/>\n<meta property=\"og:site_name\" content=\"blogin.al\" \/>\n<meta property=\"article:published_time\" content=\"2022-09-17T11:48:56+00:00\" \/>\n<meta property=\"article:modified_time\" content=\"2022-09-17T11:50:41+00:00\" \/>\n<meta property=\"og:image\" content=\"https:\/\/blogin.al\/wp-content\/uploads\/2022\/09\/20220917_134937.jpg\" \/>\n\t<meta property=\"og:image:width\" content=\"830\" \/>\n\t<meta property=\"og:image:height\" content=\"1548\" \/>\n\t<meta property=\"og:image:type\" content=\"image\/jpeg\" \/>\n<meta name=\"author\" content=\"Blogin al\" \/>\n<meta name=\"twitter:card\" content=\"summary_large_image\" \/>\n<meta name=\"twitter:label1\" content=\"Written by\" \/>\n\t<meta name=\"twitter:data1\" content=\"Blogin al\" \/>\n\t<meta name=\"twitter:label2\" content=\"Est. reading time\" \/>\n\t<meta name=\"twitter:data2\" content=\"1 minute\" \/>\n<script type=\"application\/ld+json\" class=\"yoast-schema-graph\">{\"@context\":\"https:\\\/\\\/schema.org\",\"@graph\":[{\"@type\":\"Article\",\"@id\":\"https:\\\/\\\/blogin.al\\\/?p=14523#article\",\"isPartOf\":{\"@id\":\"https:\\\/\\\/blogin.al\\\/?p=14523\"},\"author\":{\"name\":\"Blogin al\",\"@id\":\"https:\\\/\\\/blogin.al\\\/#\\\/schema\\\/person\\\/abdd56bc912cd511db877b852b115399\"},\"headline\":\"Bora Zemani dhe Donald Veshaj fotografohen m\u00eb t\u00eb af\u00ebrt se kurr\u00eb\",\"datePublished\":\"2022-09-17T11:48:56+00:00\",\"dateModified\":\"2022-09-17T11:50:41+00:00\",\"mainEntityOfPage\":{\"@id\":\"https:\\\/\\\/blogin.al\\\/?p=14523\"},\"wordCount\":100,\"commentCount\":0,\"publisher\":{\"@id\":\"https:\\\/\\\/blogin.al\\\/#organization\"},\"image\":{\"@id\":\"https:\\\/\\\/blogin.al\\\/?p=14523#primaryimage\"},\"thumbnailUrl\":\"https:\\\/\\\/blogin.al\\\/wp-content\\\/uploads\\\/2022\\\/09\\\/20220917_134937.jpg\",\"articleSection\":[\"SHOWBIZ\"],\"inLanguage\":\"en-US\",\"potentialAction\":[{\"@type\":\"CommentAction\",\"name\":\"Comment\",\"target\":[\"https:\\\/\\\/blogin.al\\\/?p=14523#respond\"]}]},{\"@type\":\"WebPage\",\"@id\":\"https:\\\/\\\/blogin.al\\\/?p=14523\",\"url\":\"https:\\\/\\\/blogin.al\\\/?p=14523\",\"name\":\"Bora Zemani dhe Donald Veshaj fotografohen m\u00eb t\u00eb af\u00ebrt se kurr\u00eb - blogin.al\",\"isPartOf\":{\"@id\":\"https:\\\/\\\/blogin.al\\\/#website\"},\"primaryImageOfPage\":{\"@id\":\"https:\\\/\\\/blogin.al\\\/?p=14523#primaryimage\"},\"image\":{\"@id\":\"https:\\\/\\\/blogin.al\\\/?p=14523#primaryimage\"},\"thumbnailUrl\":\"https:\\\/\\\/blogin.al\\\/wp-content\\\/uploads\\\/2022\\\/09\\\/20220917_134937.jpg\",\"datePublished\":\"2022-09-17T11:48:56+00:00\",\"dateModified\":\"2022-09-17T11:50:41+00:00\",\"breadcrumb\":{\"@id\":\"https:\\\/\\\/blogin.al\\\/?p=14523#breadcrumb\"},\"inLanguage\":\"en-US\",\"potentialAction\":[{\"@type\":\"ReadAction\",\"target\":[\"https:\\\/\\\/blogin.al\\\/?p=14523\"]}]},{\"@type\":\"ImageObject\",\"inLanguage\":\"en-US\",\"@id\":\"https:\\\/\\\/blogin.al\\\/?p=14523#primaryimage\",\"url\":\"https:\\\/\\\/blogin.al\\\/wp-content\\\/uploads\\\/2022\\\/09\\\/20220917_134937.jpg\",\"contentUrl\":\"https:\\\/\\\/blogin.al\\\/wp-content\\\/uploads\\\/2022\\\/09\\\/20220917_134937.jpg\",\"width\":830,\"height\":1548},{\"@type\":\"BreadcrumbList\",\"@id\":\"https:\\\/\\\/blogin.al\\\/?p=14523#breadcrumb\",\"itemListElement\":[{\"@type\":\"ListItem\",\"position\":1,\"name\":\"Home\",\"item\":\"https:\\\/\\\/blogin.al\\\/\"},{\"@type\":\"ListItem\",\"position\":2,\"name\":\"Bora Zemani dhe Donald Veshaj fotografohen m\u00eb t\u00eb af\u00ebrt se kurr\u00eb\"}]},{\"@type\":\"WebSite\",\"@id\":\"https:\\\/\\\/blogin.al\\\/#website\",\"url\":\"https:\\\/\\\/blogin.al\\\/\",\"name\":\"blogin.al\",\"description\":\"\",\"publisher\":{\"@id\":\"https:\\\/\\\/blogin.al\\\/#organization\"},\"potentialAction\":[{\"@type\":\"SearchAction\",\"target\":{\"@type\":\"EntryPoint\",\"urlTemplate\":\"https:\\\/\\\/blogin.al\\\/?s={search_term_string}\"},\"query-input\":{\"@type\":\"PropertyValueSpecification\",\"valueRequired\":true,\"valueName\":\"search_term_string\"}}],\"inLanguage\":\"en-US\"},{\"@type\":\"Organization\",\"@id\":\"https:\\\/\\\/blogin.al\\\/#organization\",\"name\":\"BLOGIN.al\",\"url\":\"https:\\\/\\\/blogin.al\\\/\",\"logo\":{\"@type\":\"ImageObject\",\"inLanguage\":\"en-US\",\"@id\":\"https:\\\/\\\/blogin.al\\\/#\\\/schema\\\/logo\\\/image\\\/\",\"url\":\"https:\\\/\\\/blogin.al\\\/wp-content\\\/uploads\\\/2022\\\/05\\\/Untitled-2-01-e1652084456514.png\",\"contentUrl\":\"https:\\\/\\\/blogin.al\\\/wp-content\\\/uploads\\\/2022\\\/05\\\/Untitled-2-01-e1652084456514.png\",\"width\":3723,\"height\":1698,\"caption\":\"BLOGIN.al\"},\"image\":{\"@id\":\"https:\\\/\\\/blogin.al\\\/#\\\/schema\\\/logo\\\/image\\\/\"},\"sameAs\":[\"https:\\\/\\\/instagram.com\\\/blogin.al\\\/\"]},{\"@type\":\"Person\",\"@id\":\"https:\\\/\\\/blogin.al\\\/#\\\/schema\\\/person\\\/abdd56bc912cd511db877b852b115399\",\"name\":\"Blogin al\",\"image\":{\"@type\":\"ImageObject\",\"inLanguage\":\"en-US\",\"@id\":\"https:\\\/\\\/secure.gravatar.com\\\/avatar\\\/60d5661aee6e835fb13dc75d2204cd0c1d61bef2efd137c0083e59ef831e235e?s=96&d=mm&r=g\",\"url\":\"https:\\\/\\\/secure.gravatar.com\\\/avatar\\\/60d5661aee6e835fb13dc75d2204cd0c1d61bef2efd137c0083e59ef831e235e?s=96&d=mm&r=g\",\"contentUrl\":\"https:\\\/\\\/secure.gravatar.com\\\/avatar\\\/60d5661aee6e835fb13dc75d2204cd0c1d61bef2efd137c0083e59ef831e235e?s=96&d=mm&r=g\",\"caption\":\"Blogin al\"},\"sameAs\":[\"https:\\\/\\\/blogin.al\"],\"url\":\"https:\\\/\\\/blogin.al\\\/?author=2\"}]}<\/script>\n<!-- \/ Yoast SEO plugin. -->","yoast_head_json":{"title":"Bora Zemani dhe Donald Veshaj fotografohen m\u00eb t\u00eb af\u00ebrt se kurr\u00eb - blogin.al","robots":{"index":"index","follow":"follow","max-snippet":"max-snippet:-1","max-image-preview":"max-image-preview:large","max-video-preview":"max-video-preview:-1"},"canonical":"https:\/\/blogin.al\/?p=14523","og_locale":"en_US","og_type":"article","og_title":"Bora Zemani dhe Donald Veshaj fotografohen m\u00eb t\u00eb af\u00ebrt se kurr\u00eb - blogin.al","og_description":"Q\u00eb ato jan\u00eb me nj\u00ebri-tjetrin kjo \u00ebsht\u00eb di\u00e7ka e vjet\u00ebr tashm\u00eb, mir\u00ebpo fotot e p\u00ebrbashkta t\u00eb dyshes kurdoher\u00eb p\u00ebrb\u00ebjn\u00eb interes p\u00ebr publikun. Bora Zemani dhe Donald Veshaj, s\u00eb fundmi jan\u00eb kapur \u201cmat\u201d duke darkuar n\u00eb nj\u00eb restorant n\u00eb Prishtin\u00eb. Ndon\u00ebse b\u00ebn\u00eb nj\u00eb tentativ\u00eb p\u00ebr tu fshehur duke u shfaqur me kapele, s\u00ebrisht jan\u00eb fotografuar t\u00eb [&hellip;]","og_url":"https:\/\/blogin.al\/?p=14523","og_site_name":"blogin.al","article_published_time":"2022-09-17T11:48:56+00:00","article_modified_time":"2022-09-17T11:50:41+00:00","og_image":[{"width":830,"height":1548,"url":"https:\/\/blogin.al\/wp-content\/uploads\/2022\/09\/20220917_134937.jpg","type":"image\/jpeg"}],"author":"Blogin al","twitter_card":"summary_large_image","twitter_misc":{"Written by":"Blogin al","Est. reading time":"1 minute"},"schema":{"@context":"https:\/\/schema.org","@graph":[{"@type":"Article","@id":"https:\/\/blogin.al\/?p=14523#article","isPartOf":{"@id":"https:\/\/blogin.al\/?p=14523"},"author":{"name":"Blogin al","@id":"https:\/\/blogin.al\/#\/schema\/person\/abdd56bc912cd511db877b852b115399"},"headline":"Bora Zemani dhe Donald Veshaj fotografohen m\u00eb t\u00eb af\u00ebrt se kurr\u00eb","datePublished":"2022-09-17T11:48:56+00:00","dateModified":"2022-09-17T11:50:41+00:00","mainEntityOfPage":{"@id":"https:\/\/blogin.al\/?p=14523"},"wordCount":100,"commentCount":0,"publisher":{"@id":"https:\/\/blogin.al\/#organization"},"image":{"@id":"https:\/\/blogin.al\/?p=14523#primaryimage"},"thumbnailUrl":"https:\/\/blogin.al\/wp-content\/uploads\/2022\/09\/20220917_134937.jpg","articleSection":["SHOWBIZ"],"inLanguage":"en-US","potentialAction":[{"@type":"CommentAction","name":"Comment","target":["https:\/\/blogin.al\/?p=14523#respond"]}]},{"@type":"WebPage","@id":"https:\/\/blogin.al\/?p=14523","url":"https:\/\/blogin.al\/?p=14523","name":"Bora Zemani dhe Donald Veshaj fotografohen m\u00eb t\u00eb af\u00ebrt se kurr\u00eb - blogin.al","isPartOf":{"@id":"https:\/\/blogin.al\/#website"},"primaryImageOfPage":{"@id":"https:\/\/blogin.al\/?p=14523#primaryimage"},"image":{"@id":"https:\/\/blogin.al\/?p=14523#primaryimage"},"thumbnailUrl":"https:\/\/blogin.al\/wp-content\/uploads\/2022\/09\/20220917_134937.jpg","datePublished":"2022-09-17T11:48:56+00:00","dateModified":"2022-09-17T11:50:41+00:00","breadcrumb":{"@id":"https:\/\/blogin.al\/?p=14523#breadcrumb"},"inLanguage":"en-US","potentialAction":[{"@type":"ReadAction","target":["https:\/\/blogin.al\/?p=14523"]}]},{"@type":"ImageObject","inLanguage":"en-US","@id":"https:\/\/blogin.al\/?p=14523#primaryimage","url":"https:\/\/blogin.al\/wp-content\/uploads\/2022\/09\/20220917_134937.jpg","contentUrl":"https:\/\/blogin.al\/wp-content\/uploads\/2022\/09\/20220917_134937.jpg","width":830,"height":1548},{"@type":"BreadcrumbList","@id":"https:\/\/blogin.al\/?p=14523#breadcrumb","itemListElement":[{"@type":"ListItem","position":1,"name":"Home","item":"https:\/\/blogin.al\/"},{"@type":"ListItem","position":2,"name":"Bora Zemani dhe Donald Veshaj fotografohen m\u00eb t\u00eb af\u00ebrt se kurr\u00eb"}]},{"@type":"WebSite","@id":"https:\/\/blogin.al\/#website","url":"https:\/\/blogin.al\/","name":"blogin.al","description":"","publisher":{"@id":"https:\/\/blogin.al\/#organization"},"potentialAction":[{"@type":"SearchAction","target":{"@type":"EntryPoint","urlTemplate":"https:\/\/blogin.al\/?s={search_term_string}"},"query-input":{"@type":"PropertyValueSpecification","valueRequired":true,"valueName":"search_term_string"}}],"inLanguage":"en-US"},{"@type":"Organization","@id":"https:\/\/blogin.al\/#organization","name":"BLOGIN.al","url":"https:\/\/blogin.al\/","logo":{"@type":"ImageObject","inLanguage":"en-US","@id":"https:\/\/blogin.al\/#\/schema\/logo\/image\/","url":"https:\/\/blogin.al\/wp-content\/uploads\/2022\/05\/Untitled-2-01-e1652084456514.png","contentUrl":"https:\/\/blogin.al\/wp-content\/uploads\/2022\/05\/Untitled-2-01-e1652084456514.png","width":3723,"height":1698,"caption":"BLOGIN.al"},"image":{"@id":"https:\/\/blogin.al\/#\/schema\/logo\/image\/"},"sameAs":["https:\/\/instagram.com\/blogin.al\/"]},{"@type":"Person","@id":"https:\/\/blogin.al\/#\/schema\/person\/abdd56bc912cd511db877b852b115399","name":"Blogin al","image":{"@type":"ImageObject","inLanguage":"en-US","@id":"https:\/\/secure.gravatar.com\/avatar\/60d5661aee6e835fb13dc75d2204cd0c1d61bef2efd137c0083e59ef831e235e?s=96&d=mm&r=g","url":"https:\/\/secure.gravatar.com\/avatar\/60d5661aee6e835fb13dc75d2204cd0c1d61bef2efd137c0083e59ef831e235e?s=96&d=mm&r=g","contentUrl":"https:\/\/secure.gravatar.com\/avatar\/60d5661aee6e835fb13dc75d2204cd0c1d61bef2efd137c0083e59ef831e235e?s=96&d=mm&r=g","caption":"Blogin al"},"sameAs":["https:\/\/blogin.al"],"url":"https:\/\/blogin.al\/?author=2"}]}},"_links":{"self":[{"href":"https:\/\/blogin.al\/index.php?rest_route=\/wp\/v2\/posts\/14523","targetHints":{"allow":["GET"]}}],"collection":[{"href":"https:\/\/blogin.al\/index.php?rest_route=\/wp\/v2\/posts"}],"about":[{"href":"https:\/\/blogin.al\/index.php?rest_route=\/wp\/v2\/types\/post"}],"author":[{"embeddable":true,"href":"https:\/\/blogin.al\/index.php?rest_route=\/wp\/v2\/users\/2"}],"replies":[{"embeddable":true,"href":"https:\/\/blogin.al\/index.php?rest_route=%2Fwp%2Fv2%2Fcomments&post=14523"}],"version-history":[{"count":1,"href":"https:\/\/blogin.al\/index.php?rest_route=\/wp\/v2\/posts\/14523\/revisions"}],"predecessor-version":[{"id":14525,"href":"https:\/\/blogin.al\/index.php?rest_route=\/wp\/v2\/posts\/14523\/revisions\/14525"}],"wp:featuredmedia":[{"embeddable":true,"href":"https:\/\/blogin.al\/index.php?rest_route=\/wp\/v2\/media\/14526"}],"wp:attachment":[{"href":"https:\/\/blogin.al\/index.php?rest_route=%2Fwp%2Fv2%2Fmedia&parent=14523"}],"wp:term":[{"taxonomy":"category","embeddable":true,"href":"https:\/\/blogin.al\/index.php?rest_route=%2Fwp%2Fv2%2Fcategories&post=14523"},{"taxonomy":"post_tag","embeddable":true,"href":"https:\/\/blogin.al\/index.php?rest_route=%2Fwp%2Fv2%2Ftags&post=14523"}],"curies":[{"name":"wp","href":"https:\/\/api.w.org\/{rel}","templated":true}]}}