{"id":14534,"date":"2022-09-18T07:24:06","date_gmt":"2022-09-18T07:24:06","guid":{"rendered":"https:\/\/blogin.al\/?p=14534"},"modified":"2022-09-18T07:24:07","modified_gmt":"2022-09-18T07:24:07","slug":"arrestohet-konkurrentja-e-its-my-home-dyshohet-se-sulmoi-nje-polic","status":"publish","type":"post","link":"https:\/\/blogin.al\/?p=14534","title":{"rendered":"Arrestohet konkurrentja e \u201cIt\u2019s my home\u201d, dyshohet se sulmoi nj\u00eb polic"},"content":{"rendered":"\n<p>Dhuna q\u00eb u promovua n\u00eb nj\u00eb reality show i quajtur \u201cIt\u2019s my home\u201d q\u00eb ka nisur tash e disa dit\u00eb n\u00eb Televizionin \u201cFirst Channel\u201d, transmetim ky q\u00eb u ndalua, si\u00e7 duket po vazhdon edhe ndaj zyrtar\u00ebve policor\u00eb. Nj\u00eb incident i till\u00eb ndodhi mbr\u00ebm\u00eb pas mesnate. Sinjali raporton se nj\u00eb zyrtar policor u sulmua nga nj\u00eb konkurrente e k\u00ebtij programi, e cila u p\u00ebrjashtua mbr\u00ebm\u00eb.<\/p>\n\n\n\n<p>Burimet nga Prokuroria kan\u00eb b\u00ebr\u00eb t\u00eb ditur se b\u00ebhet fjal\u00eb p\u00ebr 28-vje\u00e7aren, Teuta Llumnica, e cila tashm\u00eb \u00ebsht\u00eb arrestuar dhe ndodhet n\u00ebn ndalim policor.<\/p>\n\n\n\n<p><strong>Por si ndodhi rasti dhe kur u sulmua zyrtari policor nga e dyshuara Llumnica?<\/strong><\/p>\n\n\n\n<p>Skenat e dhun\u00ebs q\u00eb jan\u00eb par\u00eb dit\u00ebt e fundit n\u00eb \u201cIt\u2019s my hom\u00eb\u201d kan\u00eb vazhduar edhe mbr\u00ebm\u00eb. K\u00ebt\u00eb her\u00eb, e dyshuar p\u00ebr sulmin \u00ebsht\u00eb pik\u00ebrisht Llumnica, e cila para pak dit\u00ebsh ishte viktim\u00eb e dhun\u00ebs fizike. Ajo po dyshohet se ka shkaktuar telashe, duke i sulmuar banor\u00ebt e sht\u00ebpis\u00eb. K\u00ebt\u00eb her\u00eb, si pasoj\u00eb e presionit publik t\u00eb dit\u00ebve t\u00eb fundit, sulmi pasoi me p\u00ebrjashtim t\u00eb banores.<\/p>\n\n\n\n<p>Burimet e Sinjalit b\u00ebjn\u00eb me dije se produksioni e largoi Llumnic\u00ebn nga sht\u00ebpia, por paraprakisht has\u00ebn n\u00eb rezistenc\u00eb.<\/p>\n\n\n\n<p>Kjo ka b\u00ebr\u00eb q\u00eb Policia t\u00eb zbarkoj\u00eb s\u00ebrish n\u00eb selin\u00eb e k\u00ebtij televizioni dhe ta shoq\u00ebroj\u00eb t\u00eb dyshuar\u00ebn deri te banesa e saj. Por nuk mbaroi me kaq. Sjelljet e saj dhe agresiviteti q\u00eb dyshohet se ka shfaqur gjat\u00eb rrug\u00ebs e detyruan Policin\u00eb q\u00eb ta prangosin, por e p\u00ebsuan k\u00ebta t\u00eb fundit. Dhuna kulmoi kur nj\u00eb zyrtar policor u godit nga e dyshuara Lluminca, e cila menj\u00ebher\u00eb u arrestua dhe u d\u00ebrgua n\u00eb stacion policor.<\/p>\n\n\n\n<p>Burimet thon\u00eb se polici q\u00eb u sulmua ka p\u00ebsuar l\u00ebndime trupore dhe ka marr\u00eb trajtim mjek\u00ebsor n\u00eb spital.<\/p>\n\n\n\n<p>N\u00eb an\u00ebn tjet\u00ebr, pasi jan\u00eb kryer procedurat policore, me urdh\u00ebr t\u00eb Prokurorit t\u00eb Shtetit e dyshuara \u00ebsht\u00eb d\u00ebrguar n\u00eb mbajtje p\u00ebr 48 or\u00eb, p\u00ebr vepr\u00ebn penale \u201cSulm ndaj personit zyrtar\u201d.<\/p>\n","protected":false},"excerpt":{"rendered":"<p>Dhuna q\u00eb u promovua n\u00eb nj\u00eb reality show i quajtur \u201cIt\u2019s my home\u201d q\u00eb ka nisur tash e disa dit\u00eb n\u00eb Televizionin \u201cFirst Channel\u201d, transmetim ky q\u00eb u ndalua, si\u00e7 duket po vazhdon edhe ndaj zyrtar\u00ebve policor\u00eb. Nj\u00eb incident i till\u00eb ndodhi mbr\u00ebm\u00eb pas mesnate. Sinjali raporton se nj\u00eb zyrtar policor u sulmua nga nj\u00eb [&hellip;]<\/p>\n","protected":false},"author":2,"featured_media":14536,"comment_status":"open","ping_status":"open","sticky":false,"template":"","format":"standard","meta":{"footnotes":""},"categories":[33],"tags":[],"class_list":{"0":"post-14534","1":"post","2":"type-post","3":"status-publish","4":"format-standard","5":"has-post-thumbnail","7":"category-showbiz"},"yoast_head":"<!-- This site is optimized with the Yoast SEO plugin v27.5 - https:\/\/yoast.com\/product\/yoast-seo-wordpress\/ -->\n<title>Arrestohet konkurrentja e \u201cIt\u2019s my home\u201d, dyshohet se sulmoi nj\u00eb polic - blogin.al<\/title>\n<meta name=\"robots\" content=\"index, follow, max-snippet:-1, max-image-preview:large, max-video-preview:-1\" \/>\n<link rel=\"canonical\" href=\"https:\/\/blogin.al\/?p=14534\" \/>\n<meta property=\"og:locale\" content=\"en_US\" \/>\n<meta property=\"og:type\" content=\"article\" \/>\n<meta property=\"og:title\" content=\"Arrestohet konkurrentja e \u201cIt\u2019s my home\u201d, dyshohet se sulmoi nj\u00eb polic - blogin.al\" \/>\n<meta property=\"og:description\" content=\"Dhuna q\u00eb u promovua n\u00eb nj\u00eb reality show i quajtur \u201cIt\u2019s my home\u201d q\u00eb ka nisur tash e disa dit\u00eb n\u00eb Televizionin \u201cFirst Channel\u201d, transmetim ky q\u00eb u ndalua, si\u00e7 duket po vazhdon edhe ndaj zyrtar\u00ebve policor\u00eb. Nj\u00eb incident i till\u00eb ndodhi mbr\u00ebm\u00eb pas mesnate. Sinjali raporton se nj\u00eb zyrtar policor u sulmua nga nj\u00eb [&hellip;]\" \/>\n<meta property=\"og:url\" content=\"https:\/\/blogin.al\/?p=14534\" \/>\n<meta property=\"og:site_name\" content=\"blogin.al\" \/>\n<meta property=\"article:published_time\" content=\"2022-09-18T07:24:06+00:00\" \/>\n<meta property=\"article:modified_time\" content=\"2022-09-18T07:24:07+00:00\" \/>\n<meta property=\"og:image\" content=\"https:\/\/blogin.al\/wp-content\/uploads\/2022\/09\/llumica-11.jpg\" \/>\n\t<meta property=\"og:image:width\" content=\"1221\" \/>\n\t<meta property=\"og:image:height\" content=\"626\" \/>\n\t<meta property=\"og:image:type\" content=\"image\/jpeg\" \/>\n<meta name=\"author\" content=\"Blogin al\" \/>\n<meta name=\"twitter:card\" content=\"summary_large_image\" \/>\n<meta name=\"twitter:label1\" content=\"Written by\" \/>\n\t<meta name=\"twitter:data1\" content=\"Blogin al\" \/>\n\t<meta name=\"twitter:label2\" content=\"Est. reading time\" \/>\n\t<meta name=\"twitter:data2\" content=\"2 minutes\" \/>\n<script type=\"application\/ld+json\" class=\"yoast-schema-graph\">{\"@context\":\"https:\\\/\\\/schema.org\",\"@graph\":[{\"@type\":\"Article\",\"@id\":\"https:\\\/\\\/blogin.al\\\/?p=14534#article\",\"isPartOf\":{\"@id\":\"https:\\\/\\\/blogin.al\\\/?p=14534\"},\"author\":{\"name\":\"Blogin al\",\"@id\":\"https:\\\/\\\/blogin.al\\\/#\\\/schema\\\/person\\\/abdd56bc912cd511db877b852b115399\"},\"headline\":\"Arrestohet konkurrentja e \u201cIt\u2019s my home\u201d, dyshohet se sulmoi nj\u00eb polic\",\"datePublished\":\"2022-09-18T07:24:06+00:00\",\"dateModified\":\"2022-09-18T07:24:07+00:00\",\"mainEntityOfPage\":{\"@id\":\"https:\\\/\\\/blogin.al\\\/?p=14534\"},\"wordCount\":369,\"commentCount\":0,\"publisher\":{\"@id\":\"https:\\\/\\\/blogin.al\\\/#organization\"},\"image\":{\"@id\":\"https:\\\/\\\/blogin.al\\\/?p=14534#primaryimage\"},\"thumbnailUrl\":\"https:\\\/\\\/blogin.al\\\/wp-content\\\/uploads\\\/2022\\\/09\\\/llumica-11.jpg\",\"articleSection\":[\"SHOWBIZ\"],\"inLanguage\":\"en-US\",\"potentialAction\":[{\"@type\":\"CommentAction\",\"name\":\"Comment\",\"target\":[\"https:\\\/\\\/blogin.al\\\/?p=14534#respond\"]}]},{\"@type\":\"WebPage\",\"@id\":\"https:\\\/\\\/blogin.al\\\/?p=14534\",\"url\":\"https:\\\/\\\/blogin.al\\\/?p=14534\",\"name\":\"Arrestohet konkurrentja e \u201cIt\u2019s my home\u201d, dyshohet se sulmoi nj\u00eb polic - blogin.al\",\"isPartOf\":{\"@id\":\"https:\\\/\\\/blogin.al\\\/#website\"},\"primaryImageOfPage\":{\"@id\":\"https:\\\/\\\/blogin.al\\\/?p=14534#primaryimage\"},\"image\":{\"@id\":\"https:\\\/\\\/blogin.al\\\/?p=14534#primaryimage\"},\"thumbnailUrl\":\"https:\\\/\\\/blogin.al\\\/wp-content\\\/uploads\\\/2022\\\/09\\\/llumica-11.jpg\",\"datePublished\":\"2022-09-18T07:24:06+00:00\",\"dateModified\":\"2022-09-18T07:24:07+00:00\",\"breadcrumb\":{\"@id\":\"https:\\\/\\\/blogin.al\\\/?p=14534#breadcrumb\"},\"inLanguage\":\"en-US\",\"potentialAction\":[{\"@type\":\"ReadAction\",\"target\":[\"https:\\\/\\\/blogin.al\\\/?p=14534\"]}]},{\"@type\":\"ImageObject\",\"inLanguage\":\"en-US\",\"@id\":\"https:\\\/\\\/blogin.al\\\/?p=14534#primaryimage\",\"url\":\"https:\\\/\\\/blogin.al\\\/wp-content\\\/uploads\\\/2022\\\/09\\\/llumica-11.jpg\",\"contentUrl\":\"https:\\\/\\\/blogin.al\\\/wp-content\\\/uploads\\\/2022\\\/09\\\/llumica-11.jpg\",\"width\":1221,\"height\":626},{\"@type\":\"BreadcrumbList\",\"@id\":\"https:\\\/\\\/blogin.al\\\/?p=14534#breadcrumb\",\"itemListElement\":[{\"@type\":\"ListItem\",\"position\":1,\"name\":\"Home\",\"item\":\"https:\\\/\\\/blogin.al\\\/\"},{\"@type\":\"ListItem\",\"position\":2,\"name\":\"Arrestohet konkurrentja e \u201cIt\u2019s my home\u201d, dyshohet se sulmoi nj\u00eb polic\"}]},{\"@type\":\"WebSite\",\"@id\":\"https:\\\/\\\/blogin.al\\\/#website\",\"url\":\"https:\\\/\\\/blogin.al\\\/\",\"name\":\"blogin.al\",\"description\":\"\",\"publisher\":{\"@id\":\"https:\\\/\\\/blogin.al\\\/#organization\"},\"potentialAction\":[{\"@type\":\"SearchAction\",\"target\":{\"@type\":\"EntryPoint\",\"urlTemplate\":\"https:\\\/\\\/blogin.al\\\/?s={search_term_string}\"},\"query-input\":{\"@type\":\"PropertyValueSpecification\",\"valueRequired\":true,\"valueName\":\"search_term_string\"}}],\"inLanguage\":\"en-US\"},{\"@type\":\"Organization\",\"@id\":\"https:\\\/\\\/blogin.al\\\/#organization\",\"name\":\"BLOGIN.al\",\"url\":\"https:\\\/\\\/blogin.al\\\/\",\"logo\":{\"@type\":\"ImageObject\",\"inLanguage\":\"en-US\",\"@id\":\"https:\\\/\\\/blogin.al\\\/#\\\/schema\\\/logo\\\/image\\\/\",\"url\":\"https:\\\/\\\/blogin.al\\\/wp-content\\\/uploads\\\/2022\\\/05\\\/Untitled-2-01-e1652084456514.png\",\"contentUrl\":\"https:\\\/\\\/blogin.al\\\/wp-content\\\/uploads\\\/2022\\\/05\\\/Untitled-2-01-e1652084456514.png\",\"width\":3723,\"height\":1698,\"caption\":\"BLOGIN.al\"},\"image\":{\"@id\":\"https:\\\/\\\/blogin.al\\\/#\\\/schema\\\/logo\\\/image\\\/\"},\"sameAs\":[\"https:\\\/\\\/instagram.com\\\/blogin.al\\\/\"]},{\"@type\":\"Person\",\"@id\":\"https:\\\/\\\/blogin.al\\\/#\\\/schema\\\/person\\\/abdd56bc912cd511db877b852b115399\",\"name\":\"Blogin al\",\"image\":{\"@type\":\"ImageObject\",\"inLanguage\":\"en-US\",\"@id\":\"https:\\\/\\\/secure.gravatar.com\\\/avatar\\\/60d5661aee6e835fb13dc75d2204cd0c1d61bef2efd137c0083e59ef831e235e?s=96&d=mm&r=g\",\"url\":\"https:\\\/\\\/secure.gravatar.com\\\/avatar\\\/60d5661aee6e835fb13dc75d2204cd0c1d61bef2efd137c0083e59ef831e235e?s=96&d=mm&r=g\",\"contentUrl\":\"https:\\\/\\\/secure.gravatar.com\\\/avatar\\\/60d5661aee6e835fb13dc75d2204cd0c1d61bef2efd137c0083e59ef831e235e?s=96&d=mm&r=g\",\"caption\":\"Blogin al\"},\"sameAs\":[\"https:\\\/\\\/blogin.al\"],\"url\":\"https:\\\/\\\/blogin.al\\\/?author=2\"}]}<\/script>\n<!-- \/ Yoast SEO plugin. -->","yoast_head_json":{"title":"Arrestohet konkurrentja e \u201cIt\u2019s my home\u201d, dyshohet se sulmoi nj\u00eb polic - blogin.al","robots":{"index":"index","follow":"follow","max-snippet":"max-snippet:-1","max-image-preview":"max-image-preview:large","max-video-preview":"max-video-preview:-1"},"canonical":"https:\/\/blogin.al\/?p=14534","og_locale":"en_US","og_type":"article","og_title":"Arrestohet konkurrentja e \u201cIt\u2019s my home\u201d, dyshohet se sulmoi nj\u00eb polic - blogin.al","og_description":"Dhuna q\u00eb u promovua n\u00eb nj\u00eb reality show i quajtur \u201cIt\u2019s my home\u201d q\u00eb ka nisur tash e disa dit\u00eb n\u00eb Televizionin \u201cFirst Channel\u201d, transmetim ky q\u00eb u ndalua, si\u00e7 duket po vazhdon edhe ndaj zyrtar\u00ebve policor\u00eb. Nj\u00eb incident i till\u00eb ndodhi mbr\u00ebm\u00eb pas mesnate. Sinjali raporton se nj\u00eb zyrtar policor u sulmua nga nj\u00eb [&hellip;]","og_url":"https:\/\/blogin.al\/?p=14534","og_site_name":"blogin.al","article_published_time":"2022-09-18T07:24:06+00:00","article_modified_time":"2022-09-18T07:24:07+00:00","og_image":[{"width":1221,"height":626,"url":"https:\/\/blogin.al\/wp-content\/uploads\/2022\/09\/llumica-11.jpg","type":"image\/jpeg"}],"author":"Blogin al","twitter_card":"summary_large_image","twitter_misc":{"Written by":"Blogin al","Est. reading time":"2 minutes"},"schema":{"@context":"https:\/\/schema.org","@graph":[{"@type":"Article","@id":"https:\/\/blogin.al\/?p=14534#article","isPartOf":{"@id":"https:\/\/blogin.al\/?p=14534"},"author":{"name":"Blogin al","@id":"https:\/\/blogin.al\/#\/schema\/person\/abdd56bc912cd511db877b852b115399"},"headline":"Arrestohet konkurrentja e \u201cIt\u2019s my home\u201d, dyshohet se sulmoi nj\u00eb polic","datePublished":"2022-09-18T07:24:06+00:00","dateModified":"2022-09-18T07:24:07+00:00","mainEntityOfPage":{"@id":"https:\/\/blogin.al\/?p=14534"},"wordCount":369,"commentCount":0,"publisher":{"@id":"https:\/\/blogin.al\/#organization"},"image":{"@id":"https:\/\/blogin.al\/?p=14534#primaryimage"},"thumbnailUrl":"https:\/\/blogin.al\/wp-content\/uploads\/2022\/09\/llumica-11.jpg","articleSection":["SHOWBIZ"],"inLanguage":"en-US","potentialAction":[{"@type":"CommentAction","name":"Comment","target":["https:\/\/blogin.al\/?p=14534#respond"]}]},{"@type":"WebPage","@id":"https:\/\/blogin.al\/?p=14534","url":"https:\/\/blogin.al\/?p=14534","name":"Arrestohet konkurrentja e \u201cIt\u2019s my home\u201d, dyshohet se sulmoi nj\u00eb polic - blogin.al","isPartOf":{"@id":"https:\/\/blogin.al\/#website"},"primaryImageOfPage":{"@id":"https:\/\/blogin.al\/?p=14534#primaryimage"},"image":{"@id":"https:\/\/blogin.al\/?p=14534#primaryimage"},"thumbnailUrl":"https:\/\/blogin.al\/wp-content\/uploads\/2022\/09\/llumica-11.jpg","datePublished":"2022-09-18T07:24:06+00:00","dateModified":"2022-09-18T07:24:07+00:00","breadcrumb":{"@id":"https:\/\/blogin.al\/?p=14534#breadcrumb"},"inLanguage":"en-US","potentialAction":[{"@type":"ReadAction","target":["https:\/\/blogin.al\/?p=14534"]}]},{"@type":"ImageObject","inLanguage":"en-US","@id":"https:\/\/blogin.al\/?p=14534#primaryimage","url":"https:\/\/blogin.al\/wp-content\/uploads\/2022\/09\/llumica-11.jpg","contentUrl":"https:\/\/blogin.al\/wp-content\/uploads\/2022\/09\/llumica-11.jpg","width":1221,"height":626},{"@type":"BreadcrumbList","@id":"https:\/\/blogin.al\/?p=14534#breadcrumb","itemListElement":[{"@type":"ListItem","position":1,"name":"Home","item":"https:\/\/blogin.al\/"},{"@type":"ListItem","position":2,"name":"Arrestohet konkurrentja e \u201cIt\u2019s my home\u201d, dyshohet se sulmoi nj\u00eb polic"}]},{"@type":"WebSite","@id":"https:\/\/blogin.al\/#website","url":"https:\/\/blogin.al\/","name":"blogin.al","description":"","publisher":{"@id":"https:\/\/blogin.al\/#organization"},"potentialAction":[{"@type":"SearchAction","target":{"@type":"EntryPoint","urlTemplate":"https:\/\/blogin.al\/?s={search_term_string}"},"query-input":{"@type":"PropertyValueSpecification","valueRequired":true,"valueName":"search_term_string"}}],"inLanguage":"en-US"},{"@type":"Organization","@id":"https:\/\/blogin.al\/#organization","name":"BLOGIN.al","url":"https:\/\/blogin.al\/","logo":{"@type":"ImageObject","inLanguage":"en-US","@id":"https:\/\/blogin.al\/#\/schema\/logo\/image\/","url":"https:\/\/blogin.al\/wp-content\/uploads\/2022\/05\/Untitled-2-01-e1652084456514.png","contentUrl":"https:\/\/blogin.al\/wp-content\/uploads\/2022\/05\/Untitled-2-01-e1652084456514.png","width":3723,"height":1698,"caption":"BLOGIN.al"},"image":{"@id":"https:\/\/blogin.al\/#\/schema\/logo\/image\/"},"sameAs":["https:\/\/instagram.com\/blogin.al\/"]},{"@type":"Person","@id":"https:\/\/blogin.al\/#\/schema\/person\/abdd56bc912cd511db877b852b115399","name":"Blogin al","image":{"@type":"ImageObject","inLanguage":"en-US","@id":"https:\/\/secure.gravatar.com\/avatar\/60d5661aee6e835fb13dc75d2204cd0c1d61bef2efd137c0083e59ef831e235e?s=96&d=mm&r=g","url":"https:\/\/secure.gravatar.com\/avatar\/60d5661aee6e835fb13dc75d2204cd0c1d61bef2efd137c0083e59ef831e235e?s=96&d=mm&r=g","contentUrl":"https:\/\/secure.gravatar.com\/avatar\/60d5661aee6e835fb13dc75d2204cd0c1d61bef2efd137c0083e59ef831e235e?s=96&d=mm&r=g","caption":"Blogin al"},"sameAs":["https:\/\/blogin.al"],"url":"https:\/\/blogin.al\/?author=2"}]}},"_links":{"self":[{"href":"https:\/\/blogin.al\/index.php?rest_route=\/wp\/v2\/posts\/14534","targetHints":{"allow":["GET"]}}],"collection":[{"href":"https:\/\/blogin.al\/index.php?rest_route=\/wp\/v2\/posts"}],"about":[{"href":"https:\/\/blogin.al\/index.php?rest_route=\/wp\/v2\/types\/post"}],"author":[{"embeddable":true,"href":"https:\/\/blogin.al\/index.php?rest_route=\/wp\/v2\/users\/2"}],"replies":[{"embeddable":true,"href":"https:\/\/blogin.al\/index.php?rest_route=%2Fwp%2Fv2%2Fcomments&post=14534"}],"version-history":[{"count":1,"href":"https:\/\/blogin.al\/index.php?rest_route=\/wp\/v2\/posts\/14534\/revisions"}],"predecessor-version":[{"id":14537,"href":"https:\/\/blogin.al\/index.php?rest_route=\/wp\/v2\/posts\/14534\/revisions\/14537"}],"wp:featuredmedia":[{"embeddable":true,"href":"https:\/\/blogin.al\/index.php?rest_route=\/wp\/v2\/media\/14536"}],"wp:attachment":[{"href":"https:\/\/blogin.al\/index.php?rest_route=%2Fwp%2Fv2%2Fmedia&parent=14534"}],"wp:term":[{"taxonomy":"category","embeddable":true,"href":"https:\/\/blogin.al\/index.php?rest_route=%2Fwp%2Fv2%2Fcategories&post=14534"},{"taxonomy":"post_tag","embeddable":true,"href":"https:\/\/blogin.al\/index.php?rest_route=%2Fwp%2Fv2%2Ftags&post=14534"}],"curies":[{"name":"wp","href":"https:\/\/api.w.org\/{rel}","templated":true}]}}