{"id":14547,"date":"2022-09-18T09:39:10","date_gmt":"2022-09-18T09:39:10","guid":{"rendered":"https:\/\/blogin.al\/?p=14547"},"modified":"2022-09-18T09:39:11","modified_gmt":"2022-09-18T09:39:11","slug":"behen-bashke-pas-shume-kohesh-cfare-ndodhi-ne-takimin-e-shakires-dhe-pique-s","status":"publish","type":"post","link":"https:\/\/blogin.al\/?p=14547","title":{"rendered":"B\u00ebhen bashk\u00eb pas shum\u00eb koh\u00ebsh, \u00e7far\u00eb ndodhi n\u00eb takimin e Shakir\u00ebs dhe Pique-s?"},"content":{"rendered":"\n<p>Q\u00eb pas ndarjes, tradhtive dhe problemeve me ligjin, Shakira dhe Pique kan\u00eb qen\u00eb nj\u00eb ng\u00ebr \u00e7iftet m\u00eb t\u00eb komentuara n\u00eb sho\u00ebbizin bot\u00ebror.<\/p>\n\n\n\n<p>Nd\u00ebrsa kan\u00eb kaluar disa muaj nga ndarja e tyre, \u00e7ifti jan\u00eb prind\u00ebr t\u00eb dy f\u00ebmij\u00ebve, t\u00eb cil\u00ebt kan\u00eb b\u00ebr\u00eb bashk\u00eb s\u00eb fundmi futbollistin dhe k\u00ebng\u00ebtaren.<\/p>\n\n\n\n<p>Dyshja s\u00eb fundmi m\u00ebsohet se jan\u00eb takuar p\u00ebr t\u00eb diskutuar mbi kujdestarin\u00eb e Sash\u00ebs dhe Milan, por gj\u00ebrat kan\u00eb shkuar keq.<\/p>\n\n\n\n<p>I frustruar me kushtet e Shakir\u00ebs, Pique \u00ebsht\u00eb larguar nga tavolina e bisedimeve duke e l\u00ebn\u00eb k\u00ebt\u00eb \u00e7\u00ebshtje t\u00eb hapur. Mbrojt\u00ebsi i Barcelon\u00ebs kishte shkuar me ide t\u00eb qarta n\u00eb k\u00ebt\u00eb takim p\u00ebr ta zgjidhur nj\u00ebher\u00eb e mir\u00eb k\u00ebt\u00eb situat\u00eb, por k\u00ebng\u00ebtarja i ka prishur planet, shkruajn\u00eb mediat e huaja.<\/p>\n\n\n\n<p>Shakira vazhdon t\u00eb jet\u00eb e bindur q\u00eb do t\u00eb zhvendoset me f\u00ebmij\u00ebt n\u00eb Miami. Nd\u00ebrsa Pique me gjith\u00eb fuqin\u00eb e tij k\u00ebrkon t\u2019i mbaj\u00eb n\u00eb Spanj\u00eb. Dyshja p\u00ebr asnj\u00eb arsye nuk duan ta \u00e7ojn\u00eb \u00e7\u00ebshtjen n\u00eb gjykat\u00eb, ndon\u00ebse nuk po arrijn\u00eb nj\u00eb konsensus.<\/p>\n\n\n\n<p>Kujtojm\u00eb q\u00eb Shakira dhe Pique t\u00eb cil\u00ebt kan\u00eb dy f\u00ebmij\u00eb s\u00eb bashku u takuan p\u00ebr her\u00eb t\u00eb par\u00eb n\u00eb 2010 pasi ai u shfaq n\u00eb videon e k\u00ebng\u00ebs s\u00eb saj \u201cWaka Waka\u201d, e lansuar p\u00ebr Kup\u00ebn e Bot\u00ebs n\u00eb futboll at\u00eb vit.<\/p>\n","protected":false},"excerpt":{"rendered":"<p>Q\u00eb pas ndarjes, tradhtive dhe problemeve me ligjin, Shakira dhe Pique kan\u00eb qen\u00eb nj\u00eb ng\u00ebr \u00e7iftet m\u00eb t\u00eb komentuara n\u00eb sho\u00ebbizin bot\u00ebror. Nd\u00ebrsa kan\u00eb kaluar disa muaj nga ndarja e tyre, \u00e7ifti jan\u00eb prind\u00ebr t\u00eb dy f\u00ebmij\u00ebve, t\u00eb cil\u00ebt kan\u00eb b\u00ebr\u00eb bashk\u00eb s\u00eb fundmi futbollistin dhe k\u00ebng\u00ebtaren. Dyshja s\u00eb fundmi m\u00ebsohet se jan\u00eb takuar p\u00ebr [&hellip;]<\/p>\n","protected":false},"author":2,"featured_media":7575,"comment_status":"open","ping_status":"open","sticky":false,"template":"","format":"standard","meta":{"footnotes":""},"categories":[33],"tags":[],"class_list":{"0":"post-14547","1":"post","2":"type-post","3":"status-publish","4":"format-standard","5":"has-post-thumbnail","7":"category-showbiz"},"yoast_head":"<!-- This site is optimized with the Yoast SEO plugin v27.5 - https:\/\/yoast.com\/product\/yoast-seo-wordpress\/ -->\n<title>B\u00ebhen bashk\u00eb pas shum\u00eb koh\u00ebsh, \u00e7far\u00eb ndodhi n\u00eb takimin e Shakir\u00ebs dhe Pique-s? - blogin.al<\/title>\n<meta name=\"robots\" content=\"index, follow, max-snippet:-1, max-image-preview:large, max-video-preview:-1\" \/>\n<link rel=\"canonical\" href=\"https:\/\/blogin.al\/?p=14547\" \/>\n<meta property=\"og:locale\" content=\"en_US\" \/>\n<meta property=\"og:type\" content=\"article\" \/>\n<meta property=\"og:title\" content=\"B\u00ebhen bashk\u00eb pas shum\u00eb koh\u00ebsh, \u00e7far\u00eb ndodhi n\u00eb takimin e Shakir\u00ebs dhe Pique-s? - blogin.al\" \/>\n<meta property=\"og:description\" content=\"Q\u00eb pas ndarjes, tradhtive dhe problemeve me ligjin, Shakira dhe Pique kan\u00eb qen\u00eb nj\u00eb ng\u00ebr \u00e7iftet m\u00eb t\u00eb komentuara n\u00eb sho\u00ebbizin bot\u00ebror. Nd\u00ebrsa kan\u00eb kaluar disa muaj nga ndarja e tyre, \u00e7ifti jan\u00eb prind\u00ebr t\u00eb dy f\u00ebmij\u00ebve, t\u00eb cil\u00ebt kan\u00eb b\u00ebr\u00eb bashk\u00eb s\u00eb fundmi futbollistin dhe k\u00ebng\u00ebtaren. Dyshja s\u00eb fundmi m\u00ebsohet se jan\u00eb takuar p\u00ebr [&hellip;]\" \/>\n<meta property=\"og:url\" content=\"https:\/\/blogin.al\/?p=14547\" \/>\n<meta property=\"og:site_name\" content=\"blogin.al\" \/>\n<meta property=\"article:published_time\" content=\"2022-09-18T09:39:10+00:00\" \/>\n<meta property=\"article:modified_time\" content=\"2022-09-18T09:39:11+00:00\" \/>\n<meta property=\"og:image\" content=\"https:\/\/blogin.al\/wp-content\/uploads\/2022\/06\/Pique-Shakira-1.jpg\" \/>\n\t<meta property=\"og:image:width\" content=\"656\" \/>\n\t<meta property=\"og:image:height\" content=\"492\" \/>\n\t<meta property=\"og:image:type\" content=\"image\/jpeg\" \/>\n<meta name=\"author\" content=\"Blogin al\" \/>\n<meta name=\"twitter:card\" content=\"summary_large_image\" \/>\n<meta name=\"twitter:label1\" content=\"Written by\" \/>\n\t<meta name=\"twitter:data1\" content=\"Blogin al\" \/>\n\t<meta name=\"twitter:label2\" content=\"Est. reading time\" \/>\n\t<meta name=\"twitter:data2\" content=\"1 minute\" \/>\n<script type=\"application\/ld+json\" class=\"yoast-schema-graph\">{\"@context\":\"https:\\\/\\\/schema.org\",\"@graph\":[{\"@type\":\"Article\",\"@id\":\"https:\\\/\\\/blogin.al\\\/?p=14547#article\",\"isPartOf\":{\"@id\":\"https:\\\/\\\/blogin.al\\\/?p=14547\"},\"author\":{\"name\":\"Blogin al\",\"@id\":\"https:\\\/\\\/blogin.al\\\/#\\\/schema\\\/person\\\/abdd56bc912cd511db877b852b115399\"},\"headline\":\"B\u00ebhen bashk\u00eb pas shum\u00eb koh\u00ebsh, \u00e7far\u00eb ndodhi n\u00eb takimin e Shakir\u00ebs dhe Pique-s?\",\"datePublished\":\"2022-09-18T09:39:10+00:00\",\"dateModified\":\"2022-09-18T09:39:11+00:00\",\"mainEntityOfPage\":{\"@id\":\"https:\\\/\\\/blogin.al\\\/?p=14547\"},\"wordCount\":259,\"commentCount\":0,\"publisher\":{\"@id\":\"https:\\\/\\\/blogin.al\\\/#organization\"},\"image\":{\"@id\":\"https:\\\/\\\/blogin.al\\\/?p=14547#primaryimage\"},\"thumbnailUrl\":\"https:\\\/\\\/blogin.al\\\/wp-content\\\/uploads\\\/2022\\\/06\\\/Pique-Shakira-1.jpg\",\"articleSection\":[\"SHOWBIZ\"],\"inLanguage\":\"en-US\",\"potentialAction\":[{\"@type\":\"CommentAction\",\"name\":\"Comment\",\"target\":[\"https:\\\/\\\/blogin.al\\\/?p=14547#respond\"]}]},{\"@type\":\"WebPage\",\"@id\":\"https:\\\/\\\/blogin.al\\\/?p=14547\",\"url\":\"https:\\\/\\\/blogin.al\\\/?p=14547\",\"name\":\"B\u00ebhen bashk\u00eb pas shum\u00eb koh\u00ebsh, \u00e7far\u00eb ndodhi n\u00eb takimin e Shakir\u00ebs dhe Pique-s? - blogin.al\",\"isPartOf\":{\"@id\":\"https:\\\/\\\/blogin.al\\\/#website\"},\"primaryImageOfPage\":{\"@id\":\"https:\\\/\\\/blogin.al\\\/?p=14547#primaryimage\"},\"image\":{\"@id\":\"https:\\\/\\\/blogin.al\\\/?p=14547#primaryimage\"},\"thumbnailUrl\":\"https:\\\/\\\/blogin.al\\\/wp-content\\\/uploads\\\/2022\\\/06\\\/Pique-Shakira-1.jpg\",\"datePublished\":\"2022-09-18T09:39:10+00:00\",\"dateModified\":\"2022-09-18T09:39:11+00:00\",\"breadcrumb\":{\"@id\":\"https:\\\/\\\/blogin.al\\\/?p=14547#breadcrumb\"},\"inLanguage\":\"en-US\",\"potentialAction\":[{\"@type\":\"ReadAction\",\"target\":[\"https:\\\/\\\/blogin.al\\\/?p=14547\"]}]},{\"@type\":\"ImageObject\",\"inLanguage\":\"en-US\",\"@id\":\"https:\\\/\\\/blogin.al\\\/?p=14547#primaryimage\",\"url\":\"https:\\\/\\\/blogin.al\\\/wp-content\\\/uploads\\\/2022\\\/06\\\/Pique-Shakira-1.jpg\",\"contentUrl\":\"https:\\\/\\\/blogin.al\\\/wp-content\\\/uploads\\\/2022\\\/06\\\/Pique-Shakira-1.jpg\",\"width\":656,\"height\":492},{\"@type\":\"BreadcrumbList\",\"@id\":\"https:\\\/\\\/blogin.al\\\/?p=14547#breadcrumb\",\"itemListElement\":[{\"@type\":\"ListItem\",\"position\":1,\"name\":\"Home\",\"item\":\"https:\\\/\\\/blogin.al\\\/\"},{\"@type\":\"ListItem\",\"position\":2,\"name\":\"B\u00ebhen bashk\u00eb pas shum\u00eb koh\u00ebsh, \u00e7far\u00eb ndodhi n\u00eb takimin e Shakir\u00ebs dhe Pique-s?\"}]},{\"@type\":\"WebSite\",\"@id\":\"https:\\\/\\\/blogin.al\\\/#website\",\"url\":\"https:\\\/\\\/blogin.al\\\/\",\"name\":\"blogin.al\",\"description\":\"\",\"publisher\":{\"@id\":\"https:\\\/\\\/blogin.al\\\/#organization\"},\"potentialAction\":[{\"@type\":\"SearchAction\",\"target\":{\"@type\":\"EntryPoint\",\"urlTemplate\":\"https:\\\/\\\/blogin.al\\\/?s={search_term_string}\"},\"query-input\":{\"@type\":\"PropertyValueSpecification\",\"valueRequired\":true,\"valueName\":\"search_term_string\"}}],\"inLanguage\":\"en-US\"},{\"@type\":\"Organization\",\"@id\":\"https:\\\/\\\/blogin.al\\\/#organization\",\"name\":\"BLOGIN.al\",\"url\":\"https:\\\/\\\/blogin.al\\\/\",\"logo\":{\"@type\":\"ImageObject\",\"inLanguage\":\"en-US\",\"@id\":\"https:\\\/\\\/blogin.al\\\/#\\\/schema\\\/logo\\\/image\\\/\",\"url\":\"https:\\\/\\\/blogin.al\\\/wp-content\\\/uploads\\\/2022\\\/05\\\/Untitled-2-01-e1652084456514.png\",\"contentUrl\":\"https:\\\/\\\/blogin.al\\\/wp-content\\\/uploads\\\/2022\\\/05\\\/Untitled-2-01-e1652084456514.png\",\"width\":3723,\"height\":1698,\"caption\":\"BLOGIN.al\"},\"image\":{\"@id\":\"https:\\\/\\\/blogin.al\\\/#\\\/schema\\\/logo\\\/image\\\/\"},\"sameAs\":[\"https:\\\/\\\/instagram.com\\\/blogin.al\\\/\"]},{\"@type\":\"Person\",\"@id\":\"https:\\\/\\\/blogin.al\\\/#\\\/schema\\\/person\\\/abdd56bc912cd511db877b852b115399\",\"name\":\"Blogin al\",\"image\":{\"@type\":\"ImageObject\",\"inLanguage\":\"en-US\",\"@id\":\"https:\\\/\\\/secure.gravatar.com\\\/avatar\\\/60d5661aee6e835fb13dc75d2204cd0c1d61bef2efd137c0083e59ef831e235e?s=96&d=mm&r=g\",\"url\":\"https:\\\/\\\/secure.gravatar.com\\\/avatar\\\/60d5661aee6e835fb13dc75d2204cd0c1d61bef2efd137c0083e59ef831e235e?s=96&d=mm&r=g\",\"contentUrl\":\"https:\\\/\\\/secure.gravatar.com\\\/avatar\\\/60d5661aee6e835fb13dc75d2204cd0c1d61bef2efd137c0083e59ef831e235e?s=96&d=mm&r=g\",\"caption\":\"Blogin al\"},\"sameAs\":[\"https:\\\/\\\/blogin.al\"],\"url\":\"https:\\\/\\\/blogin.al\\\/?author=2\"}]}<\/script>\n<!-- \/ Yoast SEO plugin. -->","yoast_head_json":{"title":"B\u00ebhen bashk\u00eb pas shum\u00eb koh\u00ebsh, \u00e7far\u00eb ndodhi n\u00eb takimin e Shakir\u00ebs dhe Pique-s? - blogin.al","robots":{"index":"index","follow":"follow","max-snippet":"max-snippet:-1","max-image-preview":"max-image-preview:large","max-video-preview":"max-video-preview:-1"},"canonical":"https:\/\/blogin.al\/?p=14547","og_locale":"en_US","og_type":"article","og_title":"B\u00ebhen bashk\u00eb pas shum\u00eb koh\u00ebsh, \u00e7far\u00eb ndodhi n\u00eb takimin e Shakir\u00ebs dhe Pique-s? - blogin.al","og_description":"Q\u00eb pas ndarjes, tradhtive dhe problemeve me ligjin, Shakira dhe Pique kan\u00eb qen\u00eb nj\u00eb ng\u00ebr \u00e7iftet m\u00eb t\u00eb komentuara n\u00eb sho\u00ebbizin bot\u00ebror. Nd\u00ebrsa kan\u00eb kaluar disa muaj nga ndarja e tyre, \u00e7ifti jan\u00eb prind\u00ebr t\u00eb dy f\u00ebmij\u00ebve, t\u00eb cil\u00ebt kan\u00eb b\u00ebr\u00eb bashk\u00eb s\u00eb fundmi futbollistin dhe k\u00ebng\u00ebtaren. Dyshja s\u00eb fundmi m\u00ebsohet se jan\u00eb takuar p\u00ebr [&hellip;]","og_url":"https:\/\/blogin.al\/?p=14547","og_site_name":"blogin.al","article_published_time":"2022-09-18T09:39:10+00:00","article_modified_time":"2022-09-18T09:39:11+00:00","og_image":[{"width":656,"height":492,"url":"https:\/\/blogin.al\/wp-content\/uploads\/2022\/06\/Pique-Shakira-1.jpg","type":"image\/jpeg"}],"author":"Blogin al","twitter_card":"summary_large_image","twitter_misc":{"Written by":"Blogin al","Est. reading time":"1 minute"},"schema":{"@context":"https:\/\/schema.org","@graph":[{"@type":"Article","@id":"https:\/\/blogin.al\/?p=14547#article","isPartOf":{"@id":"https:\/\/blogin.al\/?p=14547"},"author":{"name":"Blogin al","@id":"https:\/\/blogin.al\/#\/schema\/person\/abdd56bc912cd511db877b852b115399"},"headline":"B\u00ebhen bashk\u00eb pas shum\u00eb koh\u00ebsh, \u00e7far\u00eb ndodhi n\u00eb takimin e Shakir\u00ebs dhe Pique-s?","datePublished":"2022-09-18T09:39:10+00:00","dateModified":"2022-09-18T09:39:11+00:00","mainEntityOfPage":{"@id":"https:\/\/blogin.al\/?p=14547"},"wordCount":259,"commentCount":0,"publisher":{"@id":"https:\/\/blogin.al\/#organization"},"image":{"@id":"https:\/\/blogin.al\/?p=14547#primaryimage"},"thumbnailUrl":"https:\/\/blogin.al\/wp-content\/uploads\/2022\/06\/Pique-Shakira-1.jpg","articleSection":["SHOWBIZ"],"inLanguage":"en-US","potentialAction":[{"@type":"CommentAction","name":"Comment","target":["https:\/\/blogin.al\/?p=14547#respond"]}]},{"@type":"WebPage","@id":"https:\/\/blogin.al\/?p=14547","url":"https:\/\/blogin.al\/?p=14547","name":"B\u00ebhen bashk\u00eb pas shum\u00eb koh\u00ebsh, \u00e7far\u00eb ndodhi n\u00eb takimin e Shakir\u00ebs dhe Pique-s? - blogin.al","isPartOf":{"@id":"https:\/\/blogin.al\/#website"},"primaryImageOfPage":{"@id":"https:\/\/blogin.al\/?p=14547#primaryimage"},"image":{"@id":"https:\/\/blogin.al\/?p=14547#primaryimage"},"thumbnailUrl":"https:\/\/blogin.al\/wp-content\/uploads\/2022\/06\/Pique-Shakira-1.jpg","datePublished":"2022-09-18T09:39:10+00:00","dateModified":"2022-09-18T09:39:11+00:00","breadcrumb":{"@id":"https:\/\/blogin.al\/?p=14547#breadcrumb"},"inLanguage":"en-US","potentialAction":[{"@type":"ReadAction","target":["https:\/\/blogin.al\/?p=14547"]}]},{"@type":"ImageObject","inLanguage":"en-US","@id":"https:\/\/blogin.al\/?p=14547#primaryimage","url":"https:\/\/blogin.al\/wp-content\/uploads\/2022\/06\/Pique-Shakira-1.jpg","contentUrl":"https:\/\/blogin.al\/wp-content\/uploads\/2022\/06\/Pique-Shakira-1.jpg","width":656,"height":492},{"@type":"BreadcrumbList","@id":"https:\/\/blogin.al\/?p=14547#breadcrumb","itemListElement":[{"@type":"ListItem","position":1,"name":"Home","item":"https:\/\/blogin.al\/"},{"@type":"ListItem","position":2,"name":"B\u00ebhen bashk\u00eb pas shum\u00eb koh\u00ebsh, \u00e7far\u00eb ndodhi n\u00eb takimin e Shakir\u00ebs dhe Pique-s?"}]},{"@type":"WebSite","@id":"https:\/\/blogin.al\/#website","url":"https:\/\/blogin.al\/","name":"blogin.al","description":"","publisher":{"@id":"https:\/\/blogin.al\/#organization"},"potentialAction":[{"@type":"SearchAction","target":{"@type":"EntryPoint","urlTemplate":"https:\/\/blogin.al\/?s={search_term_string}"},"query-input":{"@type":"PropertyValueSpecification","valueRequired":true,"valueName":"search_term_string"}}],"inLanguage":"en-US"},{"@type":"Organization","@id":"https:\/\/blogin.al\/#organization","name":"BLOGIN.al","url":"https:\/\/blogin.al\/","logo":{"@type":"ImageObject","inLanguage":"en-US","@id":"https:\/\/blogin.al\/#\/schema\/logo\/image\/","url":"https:\/\/blogin.al\/wp-content\/uploads\/2022\/05\/Untitled-2-01-e1652084456514.png","contentUrl":"https:\/\/blogin.al\/wp-content\/uploads\/2022\/05\/Untitled-2-01-e1652084456514.png","width":3723,"height":1698,"caption":"BLOGIN.al"},"image":{"@id":"https:\/\/blogin.al\/#\/schema\/logo\/image\/"},"sameAs":["https:\/\/instagram.com\/blogin.al\/"]},{"@type":"Person","@id":"https:\/\/blogin.al\/#\/schema\/person\/abdd56bc912cd511db877b852b115399","name":"Blogin al","image":{"@type":"ImageObject","inLanguage":"en-US","@id":"https:\/\/secure.gravatar.com\/avatar\/60d5661aee6e835fb13dc75d2204cd0c1d61bef2efd137c0083e59ef831e235e?s=96&d=mm&r=g","url":"https:\/\/secure.gravatar.com\/avatar\/60d5661aee6e835fb13dc75d2204cd0c1d61bef2efd137c0083e59ef831e235e?s=96&d=mm&r=g","contentUrl":"https:\/\/secure.gravatar.com\/avatar\/60d5661aee6e835fb13dc75d2204cd0c1d61bef2efd137c0083e59ef831e235e?s=96&d=mm&r=g","caption":"Blogin al"},"sameAs":["https:\/\/blogin.al"],"url":"https:\/\/blogin.al\/?author=2"}]}},"_links":{"self":[{"href":"https:\/\/blogin.al\/index.php?rest_route=\/wp\/v2\/posts\/14547","targetHints":{"allow":["GET"]}}],"collection":[{"href":"https:\/\/blogin.al\/index.php?rest_route=\/wp\/v2\/posts"}],"about":[{"href":"https:\/\/blogin.al\/index.php?rest_route=\/wp\/v2\/types\/post"}],"author":[{"embeddable":true,"href":"https:\/\/blogin.al\/index.php?rest_route=\/wp\/v2\/users\/2"}],"replies":[{"embeddable":true,"href":"https:\/\/blogin.al\/index.php?rest_route=%2Fwp%2Fv2%2Fcomments&post=14547"}],"version-history":[{"count":1,"href":"https:\/\/blogin.al\/index.php?rest_route=\/wp\/v2\/posts\/14547\/revisions"}],"predecessor-version":[{"id":14548,"href":"https:\/\/blogin.al\/index.php?rest_route=\/wp\/v2\/posts\/14547\/revisions\/14548"}],"wp:featuredmedia":[{"embeddable":true,"href":"https:\/\/blogin.al\/index.php?rest_route=\/wp\/v2\/media\/7575"}],"wp:attachment":[{"href":"https:\/\/blogin.al\/index.php?rest_route=%2Fwp%2Fv2%2Fmedia&parent=14547"}],"wp:term":[{"taxonomy":"category","embeddable":true,"href":"https:\/\/blogin.al\/index.php?rest_route=%2Fwp%2Fv2%2Fcategories&post=14547"},{"taxonomy":"post_tag","embeddable":true,"href":"https:\/\/blogin.al\/index.php?rest_route=%2Fwp%2Fv2%2Ftags&post=14547"}],"curies":[{"name":"wp","href":"https:\/\/api.w.org\/{rel}","templated":true}]}}