{"id":14549,"date":"2022-09-18T09:43:51","date_gmt":"2022-09-18T09:43:51","guid":{"rendered":"https:\/\/blogin.al\/?p=14549"},"modified":"2022-09-18T09:43:51","modified_gmt":"2022-09-18T09:43:51","slug":"ndjekesit-e-kritikuan-per-rikthimin-e-shpejte-ne-televizion-arbana-osmani-iu-pergjigjet-ashper","status":"publish","type":"post","link":"https:\/\/blogin.al\/?p=14549","title":{"rendered":"Ndjek\u00ebsit e kritikuan p\u00ebr rikthimin e shpejt\u00eb n\u00eb televizion, Arbana Osmani iu p\u00ebrgjigjet ashp\u00ebr"},"content":{"rendered":"\n<p>Arbana Osmani \u00ebsht\u00eb konfirmuar tashm\u00eb si moderatore&nbsp;e sezonit t\u00eb dyt\u00eb t\u00eb \u201cBig Brother Vip\u201d q\u00eb pritet t\u00eb startoj\u00eb pas pak muajsh.<\/p>\n\n\n\n<p>Por s\u00eb fundmi ajo \u00ebsht\u00eb p\u00ebrballur me disa kritka nga ndjek\u00ebsit e saj. Kjo p\u00ebr shkak se moderatorja n\u00eb fillim t\u00eb k\u00ebtij muaji solli n\u00eb jet\u00eb vajz\u00ebn e saj Zoin, dhe ndjek\u00ebsit mendojn\u00eb se \u00ebsht\u00eb shpejt t\u00eb kthehet n\u00eb pun\u00eb.<\/p>\n\n\n\n<p>Nj\u00eb ndjek\u00ebs i ka shkruar Arban\u00ebs:&nbsp;<strong>\u201cMos \u00ebsht\u00eb shpejt 3 muaj t\u00eb kthehesh n\u00eb Tv? Vajza e vog\u00ebl shum\u00eb.\u201d<\/strong><\/p>\n\n\n\n<p>N\u00eb p\u00ebrgjigjen e saj, Arbana shkruan se projektet profesionale kan\u00eb niusr q\u00eb nj\u00eb vit m\u00eb par\u00eb, nd\u00ebrsa shtatz\u00ebnia n\u00eb at\u00eb koh\u00eb nuk ishte e planifikuar. Gjithashtu moderatorja shkruan se puna p\u00ebr t\u00eb \u00ebsht\u00eb shum\u00eb e r\u00ebnd\u00ebsishme, dhe mezi pret t\u00eb filloj\u00eb projektet e reja.<\/p>\n\n\n\n<p><strong>\u201cShpejt \u00ebsht\u00eb. Me Jonin u ktheva pas dy vitesh shk\u00ebputje. Me Diellin shum\u00eb m\u00eb pak dhe isha m\u00eb e lumtur me rikthimin n\u00eb pun\u00eb shpejt. K\u00ebsaj here pun\u00ebt kan\u00eb qen\u00eb planifikuar gati nj\u00eb vit m\u00eb par\u00eb (pa patur n\u00eb plan shtatz\u00ebni kaq shpejt) dhe n\u00eb pamund\u00ebsi p\u00ebr t\u2019i shtyr\u00eb do shohim si do menaxhojm\u00eb bashk\u00eb me Zoin; do Zoti do ia dalim. Por pavar\u00ebsisht se f\u00ebmij\u00eb sjellin lumturi pafund, puna p\u00ebr mua \u00ebsht\u00eb gjithashtu e r\u00ebnd\u00ebsishme dhe burim energjie, dhe megjith\u00ebse po k\u00ebnaqem shum\u00eb me f\u00ebmij\u00ebt n\u00eb sht\u00ebpi, mezi pres t\u00eb rifilloj gjithashtu projekte q\u00eb i kam shum\u00eb p\u00ebrzem\u00ebr dhe me shum\u00eb ambicje\u201d<\/strong>\u2013 shkruan Arbana.<\/p>\n\n\n\n<figure class=\"wp-block-image size-full is-style-default\"><img fetchpriority=\"high\" decoding=\"async\" width=\"474\" height=\"833\" src=\"https:\/\/blogin.al\/wp-content\/uploads\/2022\/09\/arbana-.jpg\" alt=\"\" class=\"wp-image-14550\" srcset=\"https:\/\/blogin.al\/wp-content\/uploads\/2022\/09\/arbana-.jpg 474w, https:\/\/blogin.al\/wp-content\/uploads\/2022\/09\/arbana--171x300.jpg 171w, https:\/\/blogin.al\/wp-content\/uploads\/2022\/09\/arbana--150x264.jpg 150w, https:\/\/blogin.al\/wp-content\/uploads\/2022\/09\/arbana--300x527.jpg 300w\" sizes=\"(max-width: 474px) 100vw, 474px\" \/><\/figure>\n\n\n\n<p>Mir\u00eb po nj\u00eb tjet\u00ebr ndjek\u00ebse ka qen\u00eb pak m\u00eb e ashp\u00ebr me moderatoren, nd\u00ebsa shkruan:&nbsp;<strong>\u201c\u00c7\u2019faj kan\u00eb f\u00ebmij\u00ebt p\u00ebr planet e tua, ata duan pranin\u00eb tuaj sidomos k\u00ebto muajt e par\u00eb\u201d.<\/strong><\/p>\n\n\n\n<p>Ashtu si pyetja, edhe p\u00ebrgjigja e moderatores ishte e ashp\u00ebr. Arbana shkruan se mesazhi i saj nuk do ta b\u00ebj\u00eb t\u00eb ndjehet n\u00eb faj dhe shton se ndjek\u00ebsja nuk fiton asgj\u00eb duke ulur nj\u00eb grua.<\/p>\n\n\n\n<p><strong>\u201cN\u00ebse mendon se mesazhi yt do m\u00eb b\u00ebj\u00eb t\u00eb ndihem keq apo n\u00eb faj, m\u00eb vjen keq por e ke kot. Dhe nj\u00eb grua nuk fiton asgj\u00eb duke ulur nj\u00eb grua tjet\u00ebr. F\u00ebmij\u00ebt do b\u00ebhen pjes\u00eb e planeve t\u00eb mia; jo vet\u00ebm n\u00eb muajt e par\u00eb por gjith\u00eb jet\u00eb. Mama e lumtur, f\u00ebmij\u00eb t\u00eb lumtur\u201d-<\/strong>\u00a0shkruan Arbana.<\/p>\n\n\n\n<figure class=\"wp-block-image size-full is-style-default\"><img decoding=\"async\" width=\"470\" height=\"827\" src=\"https:\/\/blogin.al\/wp-content\/uploads\/2022\/09\/arbana1-1.jpg\" alt=\"\" class=\"wp-image-14551\" srcset=\"https:\/\/blogin.al\/wp-content\/uploads\/2022\/09\/arbana1-1.jpg 470w, https:\/\/blogin.al\/wp-content\/uploads\/2022\/09\/arbana1-1-170x300.jpg 170w, https:\/\/blogin.al\/wp-content\/uploads\/2022\/09\/arbana1-1-150x264.jpg 150w, https:\/\/blogin.al\/wp-content\/uploads\/2022\/09\/arbana1-1-300x528.jpg 300w\" sizes=\"(max-width: 470px) 100vw, 470px\" \/><\/figure>\n","protected":false},"excerpt":{"rendered":"<p>Arbana Osmani \u00ebsht\u00eb konfirmuar tashm\u00eb si moderatore&nbsp;e sezonit t\u00eb dyt\u00eb t\u00eb \u201cBig Brother Vip\u201d q\u00eb pritet t\u00eb startoj\u00eb pas pak muajsh. Por s\u00eb fundmi ajo \u00ebsht\u00eb p\u00ebrballur me disa kritka nga ndjek\u00ebsit e saj. Kjo p\u00ebr shkak se moderatorja n\u00eb fillim t\u00eb k\u00ebtij muaji solli n\u00eb jet\u00eb vajz\u00ebn e saj Zoin, dhe ndjek\u00ebsit mendojn\u00eb se [&hellip;]<\/p>\n","protected":false},"author":2,"featured_media":14266,"comment_status":"open","ping_status":"open","sticky":false,"template":"","format":"standard","meta":{"footnotes":""},"categories":[33],"tags":[],"class_list":{"0":"post-14549","1":"post","2":"type-post","3":"status-publish","4":"format-standard","5":"has-post-thumbnail","7":"category-showbiz"},"yoast_head":"<!-- This site is optimized with the Yoast SEO plugin v27.5 - https:\/\/yoast.com\/product\/yoast-seo-wordpress\/ -->\n<title>Ndjek\u00ebsit e kritikuan p\u00ebr rikthimin e shpejt\u00eb n\u00eb televizion, Arbana Osmani iu p\u00ebrgjigjet ashp\u00ebr - blogin.al<\/title>\n<meta name=\"robots\" content=\"index, follow, max-snippet:-1, max-image-preview:large, max-video-preview:-1\" \/>\n<link rel=\"canonical\" href=\"https:\/\/blogin.al\/?p=14549\" \/>\n<meta property=\"og:locale\" content=\"en_US\" \/>\n<meta property=\"og:type\" content=\"article\" \/>\n<meta property=\"og:title\" content=\"Ndjek\u00ebsit e kritikuan p\u00ebr rikthimin e shpejt\u00eb n\u00eb televizion, Arbana Osmani iu p\u00ebrgjigjet ashp\u00ebr - blogin.al\" \/>\n<meta property=\"og:description\" content=\"Arbana Osmani \u00ebsht\u00eb konfirmuar tashm\u00eb si moderatore&nbsp;e sezonit t\u00eb dyt\u00eb t\u00eb \u201cBig Brother Vip\u201d q\u00eb pritet t\u00eb startoj\u00eb pas pak muajsh. Por s\u00eb fundmi ajo \u00ebsht\u00eb p\u00ebrballur me disa kritka nga ndjek\u00ebsit e saj. Kjo p\u00ebr shkak se moderatorja n\u00eb fillim t\u00eb k\u00ebtij muaji solli n\u00eb jet\u00eb vajz\u00ebn e saj Zoin, dhe ndjek\u00ebsit mendojn\u00eb se [&hellip;]\" \/>\n<meta property=\"og:url\" content=\"https:\/\/blogin.al\/?p=14549\" \/>\n<meta property=\"og:site_name\" content=\"blogin.al\" \/>\n<meta property=\"article:published_time\" content=\"2022-09-18T09:43:51+00:00\" \/>\n<meta property=\"og:image\" content=\"https:\/\/blogin.al\/wp-content\/uploads\/2022\/09\/arbana-1.jpg\" \/>\n\t<meta property=\"og:image:width\" content=\"676\" \/>\n\t<meta property=\"og:image:height\" content=\"776\" \/>\n\t<meta property=\"og:image:type\" content=\"image\/jpeg\" \/>\n<meta name=\"author\" content=\"Blogin al\" \/>\n<meta name=\"twitter:card\" content=\"summary_large_image\" \/>\n<meta name=\"twitter:label1\" content=\"Written by\" \/>\n\t<meta name=\"twitter:data1\" content=\"Blogin al\" \/>\n\t<meta name=\"twitter:label2\" content=\"Est. reading time\" \/>\n\t<meta name=\"twitter:data2\" content=\"2 minutes\" \/>\n<script type=\"application\/ld+json\" class=\"yoast-schema-graph\">{\"@context\":\"https:\\\/\\\/schema.org\",\"@graph\":[{\"@type\":\"Article\",\"@id\":\"https:\\\/\\\/blogin.al\\\/?p=14549#article\",\"isPartOf\":{\"@id\":\"https:\\\/\\\/blogin.al\\\/?p=14549\"},\"author\":{\"name\":\"Blogin al\",\"@id\":\"https:\\\/\\\/blogin.al\\\/#\\\/schema\\\/person\\\/abdd56bc912cd511db877b852b115399\"},\"headline\":\"Ndjek\u00ebsit e kritikuan p\u00ebr rikthimin e shpejt\u00eb n\u00eb televizion, Arbana Osmani iu p\u00ebrgjigjet ashp\u00ebr\",\"datePublished\":\"2022-09-18T09:43:51+00:00\",\"mainEntityOfPage\":{\"@id\":\"https:\\\/\\\/blogin.al\\\/?p=14549\"},\"wordCount\":428,\"commentCount\":0,\"publisher\":{\"@id\":\"https:\\\/\\\/blogin.al\\\/#organization\"},\"image\":{\"@id\":\"https:\\\/\\\/blogin.al\\\/?p=14549#primaryimage\"},\"thumbnailUrl\":\"https:\\\/\\\/blogin.al\\\/wp-content\\\/uploads\\\/2022\\\/09\\\/arbana-1.jpg\",\"articleSection\":[\"SHOWBIZ\"],\"inLanguage\":\"en-US\",\"potentialAction\":[{\"@type\":\"CommentAction\",\"name\":\"Comment\",\"target\":[\"https:\\\/\\\/blogin.al\\\/?p=14549#respond\"]}]},{\"@type\":\"WebPage\",\"@id\":\"https:\\\/\\\/blogin.al\\\/?p=14549\",\"url\":\"https:\\\/\\\/blogin.al\\\/?p=14549\",\"name\":\"Ndjek\u00ebsit e kritikuan p\u00ebr rikthimin e shpejt\u00eb n\u00eb televizion, Arbana Osmani iu p\u00ebrgjigjet ashp\u00ebr - blogin.al\",\"isPartOf\":{\"@id\":\"https:\\\/\\\/blogin.al\\\/#website\"},\"primaryImageOfPage\":{\"@id\":\"https:\\\/\\\/blogin.al\\\/?p=14549#primaryimage\"},\"image\":{\"@id\":\"https:\\\/\\\/blogin.al\\\/?p=14549#primaryimage\"},\"thumbnailUrl\":\"https:\\\/\\\/blogin.al\\\/wp-content\\\/uploads\\\/2022\\\/09\\\/arbana-1.jpg\",\"datePublished\":\"2022-09-18T09:43:51+00:00\",\"breadcrumb\":{\"@id\":\"https:\\\/\\\/blogin.al\\\/?p=14549#breadcrumb\"},\"inLanguage\":\"en-US\",\"potentialAction\":[{\"@type\":\"ReadAction\",\"target\":[\"https:\\\/\\\/blogin.al\\\/?p=14549\"]}]},{\"@type\":\"ImageObject\",\"inLanguage\":\"en-US\",\"@id\":\"https:\\\/\\\/blogin.al\\\/?p=14549#primaryimage\",\"url\":\"https:\\\/\\\/blogin.al\\\/wp-content\\\/uploads\\\/2022\\\/09\\\/arbana-1.jpg\",\"contentUrl\":\"https:\\\/\\\/blogin.al\\\/wp-content\\\/uploads\\\/2022\\\/09\\\/arbana-1.jpg\",\"width\":676,\"height\":776},{\"@type\":\"BreadcrumbList\",\"@id\":\"https:\\\/\\\/blogin.al\\\/?p=14549#breadcrumb\",\"itemListElement\":[{\"@type\":\"ListItem\",\"position\":1,\"name\":\"Home\",\"item\":\"https:\\\/\\\/blogin.al\\\/\"},{\"@type\":\"ListItem\",\"position\":2,\"name\":\"Ndjek\u00ebsit e kritikuan p\u00ebr rikthimin e shpejt\u00eb n\u00eb televizion, Arbana Osmani iu p\u00ebrgjigjet ashp\u00ebr\"}]},{\"@type\":\"WebSite\",\"@id\":\"https:\\\/\\\/blogin.al\\\/#website\",\"url\":\"https:\\\/\\\/blogin.al\\\/\",\"name\":\"blogin.al\",\"description\":\"\",\"publisher\":{\"@id\":\"https:\\\/\\\/blogin.al\\\/#organization\"},\"potentialAction\":[{\"@type\":\"SearchAction\",\"target\":{\"@type\":\"EntryPoint\",\"urlTemplate\":\"https:\\\/\\\/blogin.al\\\/?s={search_term_string}\"},\"query-input\":{\"@type\":\"PropertyValueSpecification\",\"valueRequired\":true,\"valueName\":\"search_term_string\"}}],\"inLanguage\":\"en-US\"},{\"@type\":\"Organization\",\"@id\":\"https:\\\/\\\/blogin.al\\\/#organization\",\"name\":\"BLOGIN.al\",\"url\":\"https:\\\/\\\/blogin.al\\\/\",\"logo\":{\"@type\":\"ImageObject\",\"inLanguage\":\"en-US\",\"@id\":\"https:\\\/\\\/blogin.al\\\/#\\\/schema\\\/logo\\\/image\\\/\",\"url\":\"https:\\\/\\\/blogin.al\\\/wp-content\\\/uploads\\\/2022\\\/05\\\/Untitled-2-01-e1652084456514.png\",\"contentUrl\":\"https:\\\/\\\/blogin.al\\\/wp-content\\\/uploads\\\/2022\\\/05\\\/Untitled-2-01-e1652084456514.png\",\"width\":3723,\"height\":1698,\"caption\":\"BLOGIN.al\"},\"image\":{\"@id\":\"https:\\\/\\\/blogin.al\\\/#\\\/schema\\\/logo\\\/image\\\/\"},\"sameAs\":[\"https:\\\/\\\/instagram.com\\\/blogin.al\\\/\"]},{\"@type\":\"Person\",\"@id\":\"https:\\\/\\\/blogin.al\\\/#\\\/schema\\\/person\\\/abdd56bc912cd511db877b852b115399\",\"name\":\"Blogin al\",\"image\":{\"@type\":\"ImageObject\",\"inLanguage\":\"en-US\",\"@id\":\"https:\\\/\\\/secure.gravatar.com\\\/avatar\\\/60d5661aee6e835fb13dc75d2204cd0c1d61bef2efd137c0083e59ef831e235e?s=96&d=mm&r=g\",\"url\":\"https:\\\/\\\/secure.gravatar.com\\\/avatar\\\/60d5661aee6e835fb13dc75d2204cd0c1d61bef2efd137c0083e59ef831e235e?s=96&d=mm&r=g\",\"contentUrl\":\"https:\\\/\\\/secure.gravatar.com\\\/avatar\\\/60d5661aee6e835fb13dc75d2204cd0c1d61bef2efd137c0083e59ef831e235e?s=96&d=mm&r=g\",\"caption\":\"Blogin al\"},\"sameAs\":[\"https:\\\/\\\/blogin.al\"],\"url\":\"https:\\\/\\\/blogin.al\\\/?author=2\"}]}<\/script>\n<!-- \/ Yoast SEO plugin. -->","yoast_head_json":{"title":"Ndjek\u00ebsit e kritikuan p\u00ebr rikthimin e shpejt\u00eb n\u00eb televizion, Arbana Osmani iu p\u00ebrgjigjet ashp\u00ebr - blogin.al","robots":{"index":"index","follow":"follow","max-snippet":"max-snippet:-1","max-image-preview":"max-image-preview:large","max-video-preview":"max-video-preview:-1"},"canonical":"https:\/\/blogin.al\/?p=14549","og_locale":"en_US","og_type":"article","og_title":"Ndjek\u00ebsit e kritikuan p\u00ebr rikthimin e shpejt\u00eb n\u00eb televizion, Arbana Osmani iu p\u00ebrgjigjet ashp\u00ebr - blogin.al","og_description":"Arbana Osmani \u00ebsht\u00eb konfirmuar tashm\u00eb si moderatore&nbsp;e sezonit t\u00eb dyt\u00eb t\u00eb \u201cBig Brother Vip\u201d q\u00eb pritet t\u00eb startoj\u00eb pas pak muajsh. Por s\u00eb fundmi ajo \u00ebsht\u00eb p\u00ebrballur me disa kritka nga ndjek\u00ebsit e saj. Kjo p\u00ebr shkak se moderatorja n\u00eb fillim t\u00eb k\u00ebtij muaji solli n\u00eb jet\u00eb vajz\u00ebn e saj Zoin, dhe ndjek\u00ebsit mendojn\u00eb se [&hellip;]","og_url":"https:\/\/blogin.al\/?p=14549","og_site_name":"blogin.al","article_published_time":"2022-09-18T09:43:51+00:00","og_image":[{"width":676,"height":776,"url":"https:\/\/blogin.al\/wp-content\/uploads\/2022\/09\/arbana-1.jpg","type":"image\/jpeg"}],"author":"Blogin al","twitter_card":"summary_large_image","twitter_misc":{"Written by":"Blogin al","Est. reading time":"2 minutes"},"schema":{"@context":"https:\/\/schema.org","@graph":[{"@type":"Article","@id":"https:\/\/blogin.al\/?p=14549#article","isPartOf":{"@id":"https:\/\/blogin.al\/?p=14549"},"author":{"name":"Blogin al","@id":"https:\/\/blogin.al\/#\/schema\/person\/abdd56bc912cd511db877b852b115399"},"headline":"Ndjek\u00ebsit e kritikuan p\u00ebr rikthimin e shpejt\u00eb n\u00eb televizion, Arbana Osmani iu p\u00ebrgjigjet ashp\u00ebr","datePublished":"2022-09-18T09:43:51+00:00","mainEntityOfPage":{"@id":"https:\/\/blogin.al\/?p=14549"},"wordCount":428,"commentCount":0,"publisher":{"@id":"https:\/\/blogin.al\/#organization"},"image":{"@id":"https:\/\/blogin.al\/?p=14549#primaryimage"},"thumbnailUrl":"https:\/\/blogin.al\/wp-content\/uploads\/2022\/09\/arbana-1.jpg","articleSection":["SHOWBIZ"],"inLanguage":"en-US","potentialAction":[{"@type":"CommentAction","name":"Comment","target":["https:\/\/blogin.al\/?p=14549#respond"]}]},{"@type":"WebPage","@id":"https:\/\/blogin.al\/?p=14549","url":"https:\/\/blogin.al\/?p=14549","name":"Ndjek\u00ebsit e kritikuan p\u00ebr rikthimin e shpejt\u00eb n\u00eb televizion, Arbana Osmani iu p\u00ebrgjigjet ashp\u00ebr - blogin.al","isPartOf":{"@id":"https:\/\/blogin.al\/#website"},"primaryImageOfPage":{"@id":"https:\/\/blogin.al\/?p=14549#primaryimage"},"image":{"@id":"https:\/\/blogin.al\/?p=14549#primaryimage"},"thumbnailUrl":"https:\/\/blogin.al\/wp-content\/uploads\/2022\/09\/arbana-1.jpg","datePublished":"2022-09-18T09:43:51+00:00","breadcrumb":{"@id":"https:\/\/blogin.al\/?p=14549#breadcrumb"},"inLanguage":"en-US","potentialAction":[{"@type":"ReadAction","target":["https:\/\/blogin.al\/?p=14549"]}]},{"@type":"ImageObject","inLanguage":"en-US","@id":"https:\/\/blogin.al\/?p=14549#primaryimage","url":"https:\/\/blogin.al\/wp-content\/uploads\/2022\/09\/arbana-1.jpg","contentUrl":"https:\/\/blogin.al\/wp-content\/uploads\/2022\/09\/arbana-1.jpg","width":676,"height":776},{"@type":"BreadcrumbList","@id":"https:\/\/blogin.al\/?p=14549#breadcrumb","itemListElement":[{"@type":"ListItem","position":1,"name":"Home","item":"https:\/\/blogin.al\/"},{"@type":"ListItem","position":2,"name":"Ndjek\u00ebsit e kritikuan p\u00ebr rikthimin e shpejt\u00eb n\u00eb televizion, Arbana Osmani iu p\u00ebrgjigjet ashp\u00ebr"}]},{"@type":"WebSite","@id":"https:\/\/blogin.al\/#website","url":"https:\/\/blogin.al\/","name":"blogin.al","description":"","publisher":{"@id":"https:\/\/blogin.al\/#organization"},"potentialAction":[{"@type":"SearchAction","target":{"@type":"EntryPoint","urlTemplate":"https:\/\/blogin.al\/?s={search_term_string}"},"query-input":{"@type":"PropertyValueSpecification","valueRequired":true,"valueName":"search_term_string"}}],"inLanguage":"en-US"},{"@type":"Organization","@id":"https:\/\/blogin.al\/#organization","name":"BLOGIN.al","url":"https:\/\/blogin.al\/","logo":{"@type":"ImageObject","inLanguage":"en-US","@id":"https:\/\/blogin.al\/#\/schema\/logo\/image\/","url":"https:\/\/blogin.al\/wp-content\/uploads\/2022\/05\/Untitled-2-01-e1652084456514.png","contentUrl":"https:\/\/blogin.al\/wp-content\/uploads\/2022\/05\/Untitled-2-01-e1652084456514.png","width":3723,"height":1698,"caption":"BLOGIN.al"},"image":{"@id":"https:\/\/blogin.al\/#\/schema\/logo\/image\/"},"sameAs":["https:\/\/instagram.com\/blogin.al\/"]},{"@type":"Person","@id":"https:\/\/blogin.al\/#\/schema\/person\/abdd56bc912cd511db877b852b115399","name":"Blogin al","image":{"@type":"ImageObject","inLanguage":"en-US","@id":"https:\/\/secure.gravatar.com\/avatar\/60d5661aee6e835fb13dc75d2204cd0c1d61bef2efd137c0083e59ef831e235e?s=96&d=mm&r=g","url":"https:\/\/secure.gravatar.com\/avatar\/60d5661aee6e835fb13dc75d2204cd0c1d61bef2efd137c0083e59ef831e235e?s=96&d=mm&r=g","contentUrl":"https:\/\/secure.gravatar.com\/avatar\/60d5661aee6e835fb13dc75d2204cd0c1d61bef2efd137c0083e59ef831e235e?s=96&d=mm&r=g","caption":"Blogin al"},"sameAs":["https:\/\/blogin.al"],"url":"https:\/\/blogin.al\/?author=2"}]}},"_links":{"self":[{"href":"https:\/\/blogin.al\/index.php?rest_route=\/wp\/v2\/posts\/14549","targetHints":{"allow":["GET"]}}],"collection":[{"href":"https:\/\/blogin.al\/index.php?rest_route=\/wp\/v2\/posts"}],"about":[{"href":"https:\/\/blogin.al\/index.php?rest_route=\/wp\/v2\/types\/post"}],"author":[{"embeddable":true,"href":"https:\/\/blogin.al\/index.php?rest_route=\/wp\/v2\/users\/2"}],"replies":[{"embeddable":true,"href":"https:\/\/blogin.al\/index.php?rest_route=%2Fwp%2Fv2%2Fcomments&post=14549"}],"version-history":[{"count":1,"href":"https:\/\/blogin.al\/index.php?rest_route=\/wp\/v2\/posts\/14549\/revisions"}],"predecessor-version":[{"id":14552,"href":"https:\/\/blogin.al\/index.php?rest_route=\/wp\/v2\/posts\/14549\/revisions\/14552"}],"wp:featuredmedia":[{"embeddable":true,"href":"https:\/\/blogin.al\/index.php?rest_route=\/wp\/v2\/media\/14266"}],"wp:attachment":[{"href":"https:\/\/blogin.al\/index.php?rest_route=%2Fwp%2Fv2%2Fmedia&parent=14549"}],"wp:term":[{"taxonomy":"category","embeddable":true,"href":"https:\/\/blogin.al\/index.php?rest_route=%2Fwp%2Fv2%2Fcategories&post=14549"},{"taxonomy":"post_tag","embeddable":true,"href":"https:\/\/blogin.al\/index.php?rest_route=%2Fwp%2Fv2%2Ftags&post=14549"}],"curies":[{"name":"wp","href":"https:\/\/api.w.org\/{rel}","templated":true}]}}