{"id":14606,"date":"2022-09-19T13:19:26","date_gmt":"2022-09-19T13:19:26","guid":{"rendered":"https:\/\/blogin.al\/?p=14606"},"modified":"2022-09-19T13:19:26","modified_gmt":"2022-09-19T13:19:26","slug":"cfare-thyhet-nuk-ngjitet-aq-shpejt-rina-balaj-zbulon-arsyet-e-ndarjes-nga-sin-boy","status":"publish","type":"post","link":"https:\/\/blogin.al\/?p=14606","title":{"rendered":"\u201c\u00c7far\u00eb thyhet nuk ngjitet aq shpejt\u201d, Rina Balaj zbulon arsyet e ndarjes nga Sin Boy"},"content":{"rendered":"\n<p>Ndarja e \u00e7iftit Rina Balaj dhe Sin Boy pas disa viteve lidhje ka qen\u00eb nj\u00eb nga m\u00eb t\u00eb p\u00ebrfolura n\u00eb rrjet.<\/p>\n\n\n\n<p>Nd\u00ebrsa s\u00eb fundmi artistja ka ndar\u00eb m\u00eb shum\u00eb detaje se \u00e7far\u00eb ndodhi mes tyre.<\/p>\n\n\n\n<p>Reperja ishte ishte e ftuar n\u00eb rubrik\u00ebn \u201c50 pyetje\u201d n\u00eb \u201cPrive\u201d, ku mes t\u00eb tjerash ajo zbuloi edhe disa nga arsyet e ndarjes nga Sin Boy.<\/p>\n\n\n\n<p>Nj\u00ebra prej k\u00ebtyre ka qen\u00eb fakti se lidhja ishte b\u00ebr\u00eb toksike dhe distanca e shkaktuar mes axhendave t\u00eb ngjeshura profesionale.<\/p>\n\n\n\n<p><em>\u201cGjith\u00e7ka ka ndodhur si duhej t\u00eb ndodhte. Nuk ishte e shpejt apo e papritur.\u201d<strong>\u2013<\/strong><\/em>&nbsp;tha ajo shkurtimisht.<\/p>\n\n\n\n<p>Artistja nuk i mohoi shancet p\u00ebr nj\u00eb mund\u00ebsi t\u00eb dyt\u00eb lidhjes n\u00eb n\u00eb ardhmen ku u shpreh se:<\/p>\n\n\n\n<p><em>\u201cVaret sa ndikim ke n\u00eb jet\u00ebn time. N\u00ebse je shum\u00eb i r\u00ebnd\u00ebsish\u00ebm falim pak\u2026 \u00c7far\u00eb thyhet nuk ngjitet aq shpejt\u201d.<\/em><\/p>\n\n\n\n<figure class=\"wp-block-embed is-type-video is-provider-youtube wp-block-embed-youtube wp-embed-aspect-16-9 wp-has-aspect-ratio\"><div class=\"wp-block-embed__wrapper\">\n<iframe title=\"Pse u nda me SinBoy? Rina pa doreza: &quot;Tre muajt e fundit ishin...&quot; - 50 pyetje\" width=\"696\" height=\"392\" src=\"https:\/\/www.youtube.com\/embed\/2fqkZsdIbmg?feature=oembed\" frameborder=\"0\" allow=\"accelerometer; autoplay; clipboard-write; encrypted-media; gyroscope; picture-in-picture\" allowfullscreen title=\"Pse u nda me SinBoy? Rina pa doreza: \"Tre muajt e fundit ishin...\" - 50 pyetje\"><\/iframe>\n<\/div><\/figure>\n","protected":false},"excerpt":{"rendered":"<p>Ndarja e \u00e7iftit Rina Balaj dhe Sin Boy pas disa viteve lidhje ka qen\u00eb nj\u00eb nga m\u00eb t\u00eb p\u00ebrfolura n\u00eb rrjet. Nd\u00ebrsa s\u00eb fundmi artistja ka ndar\u00eb m\u00eb shum\u00eb detaje se \u00e7far\u00eb ndodhi mes tyre. Reperja ishte ishte e ftuar n\u00eb rubrik\u00ebn \u201c50 pyetje\u201d n\u00eb \u201cPrive\u201d, ku mes t\u00eb tjerash ajo zbuloi edhe disa nga [&hellip;]<\/p>\n","protected":false},"author":2,"featured_media":13447,"comment_status":"open","ping_status":"open","sticky":false,"template":"","format":"standard","meta":{"footnotes":""},"categories":[33],"tags":[],"class_list":{"0":"post-14606","1":"post","2":"type-post","3":"status-publish","4":"format-standard","5":"has-post-thumbnail","7":"category-showbiz"},"yoast_head":"<!-- This site is optimized with the Yoast SEO plugin v27.5 - https:\/\/yoast.com\/product\/yoast-seo-wordpress\/ -->\n<title>\u201c\u00c7far\u00eb thyhet nuk ngjitet aq shpejt\u201d, Rina Balaj zbulon arsyet e ndarjes nga Sin Boy - blogin.al<\/title>\n<meta name=\"robots\" content=\"index, follow, max-snippet:-1, max-image-preview:large, max-video-preview:-1\" \/>\n<link rel=\"canonical\" href=\"https:\/\/blogin.al\/?p=14606\" \/>\n<meta property=\"og:locale\" content=\"en_US\" \/>\n<meta property=\"og:type\" content=\"article\" \/>\n<meta property=\"og:title\" content=\"\u201c\u00c7far\u00eb thyhet nuk ngjitet aq shpejt\u201d, Rina Balaj zbulon arsyet e ndarjes nga Sin Boy - blogin.al\" \/>\n<meta property=\"og:description\" content=\"Ndarja e \u00e7iftit Rina Balaj dhe Sin Boy pas disa viteve lidhje ka qen\u00eb nj\u00eb nga m\u00eb t\u00eb p\u00ebrfolura n\u00eb rrjet. Nd\u00ebrsa s\u00eb fundmi artistja ka ndar\u00eb m\u00eb shum\u00eb detaje se \u00e7far\u00eb ndodhi mes tyre. Reperja ishte ishte e ftuar n\u00eb rubrik\u00ebn \u201c50 pyetje\u201d n\u00eb \u201cPrive\u201d, ku mes t\u00eb tjerash ajo zbuloi edhe disa nga [&hellip;]\" \/>\n<meta property=\"og:url\" content=\"https:\/\/blogin.al\/?p=14606\" \/>\n<meta property=\"og:site_name\" content=\"blogin.al\" \/>\n<meta property=\"article:published_time\" content=\"2022-09-19T13:19:26+00:00\" \/>\n<meta property=\"og:image\" content=\"https:\/\/blogin.al\/wp-content\/uploads\/2022\/08\/rina-sin.jpg\" \/>\n\t<meta property=\"og:image:width\" content=\"628\" \/>\n\t<meta property=\"og:image:height\" content=\"573\" \/>\n\t<meta property=\"og:image:type\" content=\"image\/jpeg\" \/>\n<meta name=\"author\" content=\"Blogin al\" \/>\n<meta name=\"twitter:card\" content=\"summary_large_image\" \/>\n<meta name=\"twitter:label1\" content=\"Written by\" \/>\n\t<meta name=\"twitter:data1\" content=\"Blogin al\" \/>\n\t<meta name=\"twitter:label2\" content=\"Est. reading time\" \/>\n\t<meta name=\"twitter:data2\" content=\"1 minute\" \/>\n<script type=\"application\/ld+json\" class=\"yoast-schema-graph\">{\"@context\":\"https:\\\/\\\/schema.org\",\"@graph\":[{\"@type\":\"Article\",\"@id\":\"https:\\\/\\\/blogin.al\\\/?p=14606#article\",\"isPartOf\":{\"@id\":\"https:\\\/\\\/blogin.al\\\/?p=14606\"},\"author\":{\"name\":\"Blogin al\",\"@id\":\"https:\\\/\\\/blogin.al\\\/#\\\/schema\\\/person\\\/abdd56bc912cd511db877b852b115399\"},\"headline\":\"\u201c\u00c7far\u00eb thyhet nuk ngjitet aq shpejt\u201d, Rina Balaj zbulon arsyet e ndarjes nga Sin Boy\",\"datePublished\":\"2022-09-19T13:19:26+00:00\",\"mainEntityOfPage\":{\"@id\":\"https:\\\/\\\/blogin.al\\\/?p=14606\"},\"wordCount\":169,\"commentCount\":0,\"publisher\":{\"@id\":\"https:\\\/\\\/blogin.al\\\/#organization\"},\"image\":{\"@id\":\"https:\\\/\\\/blogin.al\\\/?p=14606#primaryimage\"},\"thumbnailUrl\":\"https:\\\/\\\/blogin.al\\\/wp-content\\\/uploads\\\/2022\\\/08\\\/rina-sin.jpg\",\"articleSection\":[\"SHOWBIZ\"],\"inLanguage\":\"en-US\",\"potentialAction\":[{\"@type\":\"CommentAction\",\"name\":\"Comment\",\"target\":[\"https:\\\/\\\/blogin.al\\\/?p=14606#respond\"]}]},{\"@type\":\"WebPage\",\"@id\":\"https:\\\/\\\/blogin.al\\\/?p=14606\",\"url\":\"https:\\\/\\\/blogin.al\\\/?p=14606\",\"name\":\"\u201c\u00c7far\u00eb thyhet nuk ngjitet aq shpejt\u201d, Rina Balaj zbulon arsyet e ndarjes nga Sin Boy - blogin.al\",\"isPartOf\":{\"@id\":\"https:\\\/\\\/blogin.al\\\/#website\"},\"primaryImageOfPage\":{\"@id\":\"https:\\\/\\\/blogin.al\\\/?p=14606#primaryimage\"},\"image\":{\"@id\":\"https:\\\/\\\/blogin.al\\\/?p=14606#primaryimage\"},\"thumbnailUrl\":\"https:\\\/\\\/blogin.al\\\/wp-content\\\/uploads\\\/2022\\\/08\\\/rina-sin.jpg\",\"datePublished\":\"2022-09-19T13:19:26+00:00\",\"breadcrumb\":{\"@id\":\"https:\\\/\\\/blogin.al\\\/?p=14606#breadcrumb\"},\"inLanguage\":\"en-US\",\"potentialAction\":[{\"@type\":\"ReadAction\",\"target\":[\"https:\\\/\\\/blogin.al\\\/?p=14606\"]}]},{\"@type\":\"ImageObject\",\"inLanguage\":\"en-US\",\"@id\":\"https:\\\/\\\/blogin.al\\\/?p=14606#primaryimage\",\"url\":\"https:\\\/\\\/blogin.al\\\/wp-content\\\/uploads\\\/2022\\\/08\\\/rina-sin.jpg\",\"contentUrl\":\"https:\\\/\\\/blogin.al\\\/wp-content\\\/uploads\\\/2022\\\/08\\\/rina-sin.jpg\",\"width\":628,\"height\":573},{\"@type\":\"BreadcrumbList\",\"@id\":\"https:\\\/\\\/blogin.al\\\/?p=14606#breadcrumb\",\"itemListElement\":[{\"@type\":\"ListItem\",\"position\":1,\"name\":\"Home\",\"item\":\"https:\\\/\\\/blogin.al\\\/\"},{\"@type\":\"ListItem\",\"position\":2,\"name\":\"\u201c\u00c7far\u00eb thyhet nuk ngjitet aq shpejt\u201d, Rina Balaj zbulon arsyet e ndarjes nga Sin Boy\"}]},{\"@type\":\"WebSite\",\"@id\":\"https:\\\/\\\/blogin.al\\\/#website\",\"url\":\"https:\\\/\\\/blogin.al\\\/\",\"name\":\"blogin.al\",\"description\":\"\",\"publisher\":{\"@id\":\"https:\\\/\\\/blogin.al\\\/#organization\"},\"potentialAction\":[{\"@type\":\"SearchAction\",\"target\":{\"@type\":\"EntryPoint\",\"urlTemplate\":\"https:\\\/\\\/blogin.al\\\/?s={search_term_string}\"},\"query-input\":{\"@type\":\"PropertyValueSpecification\",\"valueRequired\":true,\"valueName\":\"search_term_string\"}}],\"inLanguage\":\"en-US\"},{\"@type\":\"Organization\",\"@id\":\"https:\\\/\\\/blogin.al\\\/#organization\",\"name\":\"BLOGIN.al\",\"url\":\"https:\\\/\\\/blogin.al\\\/\",\"logo\":{\"@type\":\"ImageObject\",\"inLanguage\":\"en-US\",\"@id\":\"https:\\\/\\\/blogin.al\\\/#\\\/schema\\\/logo\\\/image\\\/\",\"url\":\"https:\\\/\\\/blogin.al\\\/wp-content\\\/uploads\\\/2022\\\/05\\\/Untitled-2-01-e1652084456514.png\",\"contentUrl\":\"https:\\\/\\\/blogin.al\\\/wp-content\\\/uploads\\\/2022\\\/05\\\/Untitled-2-01-e1652084456514.png\",\"width\":3723,\"height\":1698,\"caption\":\"BLOGIN.al\"},\"image\":{\"@id\":\"https:\\\/\\\/blogin.al\\\/#\\\/schema\\\/logo\\\/image\\\/\"},\"sameAs\":[\"https:\\\/\\\/instagram.com\\\/blogin.al\\\/\"]},{\"@type\":\"Person\",\"@id\":\"https:\\\/\\\/blogin.al\\\/#\\\/schema\\\/person\\\/abdd56bc912cd511db877b852b115399\",\"name\":\"Blogin al\",\"image\":{\"@type\":\"ImageObject\",\"inLanguage\":\"en-US\",\"@id\":\"https:\\\/\\\/secure.gravatar.com\\\/avatar\\\/60d5661aee6e835fb13dc75d2204cd0c1d61bef2efd137c0083e59ef831e235e?s=96&d=mm&r=g\",\"url\":\"https:\\\/\\\/secure.gravatar.com\\\/avatar\\\/60d5661aee6e835fb13dc75d2204cd0c1d61bef2efd137c0083e59ef831e235e?s=96&d=mm&r=g\",\"contentUrl\":\"https:\\\/\\\/secure.gravatar.com\\\/avatar\\\/60d5661aee6e835fb13dc75d2204cd0c1d61bef2efd137c0083e59ef831e235e?s=96&d=mm&r=g\",\"caption\":\"Blogin al\"},\"sameAs\":[\"https:\\\/\\\/blogin.al\"],\"url\":\"https:\\\/\\\/blogin.al\\\/?author=2\"}]}<\/script>\n<!-- \/ Yoast SEO plugin. -->","yoast_head_json":{"title":"\u201c\u00c7far\u00eb thyhet nuk ngjitet aq shpejt\u201d, Rina Balaj zbulon arsyet e ndarjes nga Sin Boy - blogin.al","robots":{"index":"index","follow":"follow","max-snippet":"max-snippet:-1","max-image-preview":"max-image-preview:large","max-video-preview":"max-video-preview:-1"},"canonical":"https:\/\/blogin.al\/?p=14606","og_locale":"en_US","og_type":"article","og_title":"\u201c\u00c7far\u00eb thyhet nuk ngjitet aq shpejt\u201d, Rina Balaj zbulon arsyet e ndarjes nga Sin Boy - blogin.al","og_description":"Ndarja e \u00e7iftit Rina Balaj dhe Sin Boy pas disa viteve lidhje ka qen\u00eb nj\u00eb nga m\u00eb t\u00eb p\u00ebrfolura n\u00eb rrjet. Nd\u00ebrsa s\u00eb fundmi artistja ka ndar\u00eb m\u00eb shum\u00eb detaje se \u00e7far\u00eb ndodhi mes tyre. Reperja ishte ishte e ftuar n\u00eb rubrik\u00ebn \u201c50 pyetje\u201d n\u00eb \u201cPrive\u201d, ku mes t\u00eb tjerash ajo zbuloi edhe disa nga [&hellip;]","og_url":"https:\/\/blogin.al\/?p=14606","og_site_name":"blogin.al","article_published_time":"2022-09-19T13:19:26+00:00","og_image":[{"width":628,"height":573,"url":"https:\/\/blogin.al\/wp-content\/uploads\/2022\/08\/rina-sin.jpg","type":"image\/jpeg"}],"author":"Blogin al","twitter_card":"summary_large_image","twitter_misc":{"Written by":"Blogin al","Est. reading time":"1 minute"},"schema":{"@context":"https:\/\/schema.org","@graph":[{"@type":"Article","@id":"https:\/\/blogin.al\/?p=14606#article","isPartOf":{"@id":"https:\/\/blogin.al\/?p=14606"},"author":{"name":"Blogin al","@id":"https:\/\/blogin.al\/#\/schema\/person\/abdd56bc912cd511db877b852b115399"},"headline":"\u201c\u00c7far\u00eb thyhet nuk ngjitet aq shpejt\u201d, Rina Balaj zbulon arsyet e ndarjes nga Sin Boy","datePublished":"2022-09-19T13:19:26+00:00","mainEntityOfPage":{"@id":"https:\/\/blogin.al\/?p=14606"},"wordCount":169,"commentCount":0,"publisher":{"@id":"https:\/\/blogin.al\/#organization"},"image":{"@id":"https:\/\/blogin.al\/?p=14606#primaryimage"},"thumbnailUrl":"https:\/\/blogin.al\/wp-content\/uploads\/2022\/08\/rina-sin.jpg","articleSection":["SHOWBIZ"],"inLanguage":"en-US","potentialAction":[{"@type":"CommentAction","name":"Comment","target":["https:\/\/blogin.al\/?p=14606#respond"]}]},{"@type":"WebPage","@id":"https:\/\/blogin.al\/?p=14606","url":"https:\/\/blogin.al\/?p=14606","name":"\u201c\u00c7far\u00eb thyhet nuk ngjitet aq shpejt\u201d, Rina Balaj zbulon arsyet e ndarjes nga Sin Boy - blogin.al","isPartOf":{"@id":"https:\/\/blogin.al\/#website"},"primaryImageOfPage":{"@id":"https:\/\/blogin.al\/?p=14606#primaryimage"},"image":{"@id":"https:\/\/blogin.al\/?p=14606#primaryimage"},"thumbnailUrl":"https:\/\/blogin.al\/wp-content\/uploads\/2022\/08\/rina-sin.jpg","datePublished":"2022-09-19T13:19:26+00:00","breadcrumb":{"@id":"https:\/\/blogin.al\/?p=14606#breadcrumb"},"inLanguage":"en-US","potentialAction":[{"@type":"ReadAction","target":["https:\/\/blogin.al\/?p=14606"]}]},{"@type":"ImageObject","inLanguage":"en-US","@id":"https:\/\/blogin.al\/?p=14606#primaryimage","url":"https:\/\/blogin.al\/wp-content\/uploads\/2022\/08\/rina-sin.jpg","contentUrl":"https:\/\/blogin.al\/wp-content\/uploads\/2022\/08\/rina-sin.jpg","width":628,"height":573},{"@type":"BreadcrumbList","@id":"https:\/\/blogin.al\/?p=14606#breadcrumb","itemListElement":[{"@type":"ListItem","position":1,"name":"Home","item":"https:\/\/blogin.al\/"},{"@type":"ListItem","position":2,"name":"\u201c\u00c7far\u00eb thyhet nuk ngjitet aq shpejt\u201d, Rina Balaj zbulon arsyet e ndarjes nga Sin Boy"}]},{"@type":"WebSite","@id":"https:\/\/blogin.al\/#website","url":"https:\/\/blogin.al\/","name":"blogin.al","description":"","publisher":{"@id":"https:\/\/blogin.al\/#organization"},"potentialAction":[{"@type":"SearchAction","target":{"@type":"EntryPoint","urlTemplate":"https:\/\/blogin.al\/?s={search_term_string}"},"query-input":{"@type":"PropertyValueSpecification","valueRequired":true,"valueName":"search_term_string"}}],"inLanguage":"en-US"},{"@type":"Organization","@id":"https:\/\/blogin.al\/#organization","name":"BLOGIN.al","url":"https:\/\/blogin.al\/","logo":{"@type":"ImageObject","inLanguage":"en-US","@id":"https:\/\/blogin.al\/#\/schema\/logo\/image\/","url":"https:\/\/blogin.al\/wp-content\/uploads\/2022\/05\/Untitled-2-01-e1652084456514.png","contentUrl":"https:\/\/blogin.al\/wp-content\/uploads\/2022\/05\/Untitled-2-01-e1652084456514.png","width":3723,"height":1698,"caption":"BLOGIN.al"},"image":{"@id":"https:\/\/blogin.al\/#\/schema\/logo\/image\/"},"sameAs":["https:\/\/instagram.com\/blogin.al\/"]},{"@type":"Person","@id":"https:\/\/blogin.al\/#\/schema\/person\/abdd56bc912cd511db877b852b115399","name":"Blogin al","image":{"@type":"ImageObject","inLanguage":"en-US","@id":"https:\/\/secure.gravatar.com\/avatar\/60d5661aee6e835fb13dc75d2204cd0c1d61bef2efd137c0083e59ef831e235e?s=96&d=mm&r=g","url":"https:\/\/secure.gravatar.com\/avatar\/60d5661aee6e835fb13dc75d2204cd0c1d61bef2efd137c0083e59ef831e235e?s=96&d=mm&r=g","contentUrl":"https:\/\/secure.gravatar.com\/avatar\/60d5661aee6e835fb13dc75d2204cd0c1d61bef2efd137c0083e59ef831e235e?s=96&d=mm&r=g","caption":"Blogin al"},"sameAs":["https:\/\/blogin.al"],"url":"https:\/\/blogin.al\/?author=2"}]}},"_links":{"self":[{"href":"https:\/\/blogin.al\/index.php?rest_route=\/wp\/v2\/posts\/14606","targetHints":{"allow":["GET"]}}],"collection":[{"href":"https:\/\/blogin.al\/index.php?rest_route=\/wp\/v2\/posts"}],"about":[{"href":"https:\/\/blogin.al\/index.php?rest_route=\/wp\/v2\/types\/post"}],"author":[{"embeddable":true,"href":"https:\/\/blogin.al\/index.php?rest_route=\/wp\/v2\/users\/2"}],"replies":[{"embeddable":true,"href":"https:\/\/blogin.al\/index.php?rest_route=%2Fwp%2Fv2%2Fcomments&post=14606"}],"version-history":[{"count":1,"href":"https:\/\/blogin.al\/index.php?rest_route=\/wp\/v2\/posts\/14606\/revisions"}],"predecessor-version":[{"id":14607,"href":"https:\/\/blogin.al\/index.php?rest_route=\/wp\/v2\/posts\/14606\/revisions\/14607"}],"wp:featuredmedia":[{"embeddable":true,"href":"https:\/\/blogin.al\/index.php?rest_route=\/wp\/v2\/media\/13447"}],"wp:attachment":[{"href":"https:\/\/blogin.al\/index.php?rest_route=%2Fwp%2Fv2%2Fmedia&parent=14606"}],"wp:term":[{"taxonomy":"category","embeddable":true,"href":"https:\/\/blogin.al\/index.php?rest_route=%2Fwp%2Fv2%2Fcategories&post=14606"},{"taxonomy":"post_tag","embeddable":true,"href":"https:\/\/blogin.al\/index.php?rest_route=%2Fwp%2Fv2%2Ftags&post=14606"}],"curies":[{"name":"wp","href":"https:\/\/api.w.org\/{rel}","templated":true}]}}