{"id":14631,"date":"2022-09-19T14:30:33","date_gmt":"2022-09-19T14:30:33","guid":{"rendered":"https:\/\/blogin.al\/?p=14631"},"modified":"2022-09-19T14:30:33","modified_gmt":"2022-09-19T14:30:33","slug":"cila-eshte-arsyeja-prishjes-se-miqesise-mes-einxhel-shkires-dhe-beniada-nishanit-moderatori-i-njohur-zbulon-te-verteten","status":"publish","type":"post","link":"https:\/\/blogin.al\/?p=14631","title":{"rendered":"Cila \u00ebsht\u00eb arsyeja prishjes s\u00eb miq\u00ebsis\u00eb mes Einxhel Shkir\u00ebs dhe Beniada Nishanit? Moderatori i njohur zbulon t\u00eb v\u00ebrtet\u00ebn"},"content":{"rendered":"\n<p><strong>Prishja e miq\u00ebsis\u00eb mes Einxhel Shkir\u00ebs dhe Beniada Nishanit ka shkaktuar goxha reagime n\u00eb publik dhe t\u00eb gjith\u00eb duan t\u00eb dijn\u00eb arsyen e v\u00ebrtet\u00eb p\u00ebrse dy ish- mikeshat e ngushta nuk flasin m\u00eb me nj\u00ebra-tjetr\u00ebn.<\/strong><\/p>\n\n\n\n<p>Einxhel dhe Beniada kishin nj\u00eb marr\u00ebdh\u00ebnie shum\u00eb t\u00eb fort\u00eb brenda sht\u00ebpis\u00eb s\u00eb famshme por q\u00eb pas mbarimit t\u00eb spektaklit ato nuk u pan\u00eb m\u00eb bashk\u00eb.<\/p>\n\n\n\n<p>N\u00eb programin e \u201cE Diell\u201d gjat\u00eb nj\u00eb loje q\u00eb organizohet me t\u00eb ftuarin n\u00eb studio, moderatori Ervin Kurti, i cili gjendej p\u00ebrball\u00eb Dea Mishel, ju drejtua pyetja se \u00e7far\u00eb ka ndodhur realisht mes dy ish-banoreve. Ervini \u00ebsht\u00eb par\u00eb t\u00eb ket\u00eb nj\u00eb raport t\u00eb mir\u00eb me t\u00eb dyja vajzat dhe zgjodhi t\u00eb mos p\u00ebrgjigjej duke u shprehur se nuk e ka ai t\u00eb drejt\u00ebn t\u00eb flas.<\/p>\n\n\n\n<p><em>\u201cKjo \u00ebsht\u00eb nj\u00eb telenovel\u00eb e nisur n\u00eb \u201cBBVIP\u201d dhe q\u00eb protagonistet kryesore e dijn\u00eb se \u00e7far\u00eb ka ndodhur dhe \u00e7far\u00eb nuk ka ndodhur, \u00e7far\u00eb \u00ebsht\u00eb b\u00ebr\u00eb miediatike dhe \u00e7far\u00eb jo. K\u00ebshtu q\u00eb un\u00eb nuk jam i autorizuar t\u00eb them asgj\u00eb nuk di asgj\u00eb m\u00eb \u00ebsht\u00eb fshir\u00eb memoria e kam \u2018tabularasa\u2019 \u201c-<\/em>&nbsp;u p\u00ebrgjigj moderatori.<\/p>\n\n\n\n<p>Nuk dihet ende se \u00e7far\u00eb mund t\u00eb ket\u00eb ndodhur n\u00eb t\u00eb v\u00ebrtet\u00eb mes dyshes por rikujtojm\u00eb q\u00eb jav\u00eb m\u00eb par\u00eb Einxhel ironizoi Beniad\u00ebn teksa tha se ajo nuk i ka as numrin e telefonit. Ajo po ashtu e ka hequr edhe nga Instagrami.<\/p>\n","protected":false},"excerpt":{"rendered":"<p>Prishja e miq\u00ebsis\u00eb mes Einxhel Shkir\u00ebs dhe Beniada Nishanit ka shkaktuar goxha reagime n\u00eb publik dhe t\u00eb gjith\u00eb duan t\u00eb dijn\u00eb arsyen e v\u00ebrtet\u00eb p\u00ebrse dy ish- mikeshat e ngushta nuk flasin m\u00eb me nj\u00ebra-tjetr\u00ebn. Einxhel dhe Beniada kishin nj\u00eb marr\u00ebdh\u00ebnie shum\u00eb t\u00eb fort\u00eb brenda sht\u00ebpis\u00eb s\u00eb famshme por q\u00eb pas mbarimit t\u00eb spektaklit ato [&hellip;]<\/p>\n","protected":false},"author":2,"featured_media":6585,"comment_status":"open","ping_status":"open","sticky":false,"template":"","format":"standard","meta":{"footnotes":""},"categories":[33],"tags":[],"class_list":{"0":"post-14631","1":"post","2":"type-post","3":"status-publish","4":"format-standard","5":"has-post-thumbnail","7":"category-showbiz"},"yoast_head":"<!-- This site is optimized with the Yoast SEO plugin v27.5 - https:\/\/yoast.com\/product\/yoast-seo-wordpress\/ -->\n<title>Cila \u00ebsht\u00eb arsyeja prishjes s\u00eb miq\u00ebsis\u00eb mes Einxhel Shkir\u00ebs dhe Beniada Nishanit? Moderatori i njohur zbulon t\u00eb v\u00ebrtet\u00ebn - blogin.al<\/title>\n<meta name=\"robots\" content=\"index, follow, max-snippet:-1, max-image-preview:large, max-video-preview:-1\" \/>\n<link rel=\"canonical\" href=\"https:\/\/blogin.al\/?p=14631\" \/>\n<meta property=\"og:locale\" content=\"en_US\" \/>\n<meta property=\"og:type\" content=\"article\" \/>\n<meta property=\"og:title\" content=\"Cila \u00ebsht\u00eb arsyeja prishjes s\u00eb miq\u00ebsis\u00eb mes Einxhel Shkir\u00ebs dhe Beniada Nishanit? Moderatori i njohur zbulon t\u00eb v\u00ebrtet\u00ebn - blogin.al\" \/>\n<meta property=\"og:description\" content=\"Prishja e miq\u00ebsis\u00eb mes Einxhel Shkir\u00ebs dhe Beniada Nishanit ka shkaktuar goxha reagime n\u00eb publik dhe t\u00eb gjith\u00eb duan t\u00eb dijn\u00eb arsyen e v\u00ebrtet\u00eb p\u00ebrse dy ish- mikeshat e ngushta nuk flasin m\u00eb me nj\u00ebra-tjetr\u00ebn. Einxhel dhe Beniada kishin nj\u00eb marr\u00ebdh\u00ebnie shum\u00eb t\u00eb fort\u00eb brenda sht\u00ebpis\u00eb s\u00eb famshme por q\u00eb pas mbarimit t\u00eb spektaklit ato [&hellip;]\" \/>\n<meta property=\"og:url\" content=\"https:\/\/blogin.al\/?p=14631\" \/>\n<meta property=\"og:site_name\" content=\"blogin.al\" \/>\n<meta property=\"article:published_time\" content=\"2022-09-19T14:30:33+00:00\" \/>\n<meta property=\"og:image\" content=\"https:\/\/blogin.al\/wp-content\/uploads\/2022\/06\/1200-630-beniada-einxhel-1643980154.jpg\" \/>\n\t<meta property=\"og:image:width\" content=\"1200\" \/>\n\t<meta property=\"og:image:height\" content=\"630\" \/>\n\t<meta property=\"og:image:type\" content=\"image\/jpeg\" \/>\n<meta name=\"author\" content=\"Blogin al\" \/>\n<meta name=\"twitter:card\" content=\"summary_large_image\" \/>\n<meta name=\"twitter:label1\" content=\"Written by\" \/>\n\t<meta name=\"twitter:data1\" content=\"Blogin al\" \/>\n\t<meta name=\"twitter:label2\" content=\"Est. reading time\" \/>\n\t<meta name=\"twitter:data2\" content=\"1 minute\" \/>\n<script type=\"application\/ld+json\" class=\"yoast-schema-graph\">{\"@context\":\"https:\\\/\\\/schema.org\",\"@graph\":[{\"@type\":\"Article\",\"@id\":\"https:\\\/\\\/blogin.al\\\/?p=14631#article\",\"isPartOf\":{\"@id\":\"https:\\\/\\\/blogin.al\\\/?p=14631\"},\"author\":{\"name\":\"Blogin al\",\"@id\":\"https:\\\/\\\/blogin.al\\\/#\\\/schema\\\/person\\\/abdd56bc912cd511db877b852b115399\"},\"headline\":\"Cila \u00ebsht\u00eb arsyeja prishjes s\u00eb miq\u00ebsis\u00eb mes Einxhel Shkir\u00ebs dhe Beniada Nishanit? Moderatori i njohur zbulon t\u00eb v\u00ebrtet\u00ebn\",\"datePublished\":\"2022-09-19T14:30:33+00:00\",\"mainEntityOfPage\":{\"@id\":\"https:\\\/\\\/blogin.al\\\/?p=14631\"},\"wordCount\":262,\"commentCount\":0,\"publisher\":{\"@id\":\"https:\\\/\\\/blogin.al\\\/#organization\"},\"image\":{\"@id\":\"https:\\\/\\\/blogin.al\\\/?p=14631#primaryimage\"},\"thumbnailUrl\":\"https:\\\/\\\/blogin.al\\\/wp-content\\\/uploads\\\/2022\\\/06\\\/1200-630-beniada-einxhel-1643980154.jpg\",\"articleSection\":[\"SHOWBIZ\"],\"inLanguage\":\"en-US\",\"potentialAction\":[{\"@type\":\"CommentAction\",\"name\":\"Comment\",\"target\":[\"https:\\\/\\\/blogin.al\\\/?p=14631#respond\"]}]},{\"@type\":\"WebPage\",\"@id\":\"https:\\\/\\\/blogin.al\\\/?p=14631\",\"url\":\"https:\\\/\\\/blogin.al\\\/?p=14631\",\"name\":\"Cila \u00ebsht\u00eb arsyeja prishjes s\u00eb miq\u00ebsis\u00eb mes Einxhel Shkir\u00ebs dhe Beniada Nishanit? Moderatori i njohur zbulon t\u00eb v\u00ebrtet\u00ebn - blogin.al\",\"isPartOf\":{\"@id\":\"https:\\\/\\\/blogin.al\\\/#website\"},\"primaryImageOfPage\":{\"@id\":\"https:\\\/\\\/blogin.al\\\/?p=14631#primaryimage\"},\"image\":{\"@id\":\"https:\\\/\\\/blogin.al\\\/?p=14631#primaryimage\"},\"thumbnailUrl\":\"https:\\\/\\\/blogin.al\\\/wp-content\\\/uploads\\\/2022\\\/06\\\/1200-630-beniada-einxhel-1643980154.jpg\",\"datePublished\":\"2022-09-19T14:30:33+00:00\",\"breadcrumb\":{\"@id\":\"https:\\\/\\\/blogin.al\\\/?p=14631#breadcrumb\"},\"inLanguage\":\"en-US\",\"potentialAction\":[{\"@type\":\"ReadAction\",\"target\":[\"https:\\\/\\\/blogin.al\\\/?p=14631\"]}]},{\"@type\":\"ImageObject\",\"inLanguage\":\"en-US\",\"@id\":\"https:\\\/\\\/blogin.al\\\/?p=14631#primaryimage\",\"url\":\"https:\\\/\\\/blogin.al\\\/wp-content\\\/uploads\\\/2022\\\/06\\\/1200-630-beniada-einxhel-1643980154.jpg\",\"contentUrl\":\"https:\\\/\\\/blogin.al\\\/wp-content\\\/uploads\\\/2022\\\/06\\\/1200-630-beniada-einxhel-1643980154.jpg\",\"width\":1200,\"height\":630},{\"@type\":\"BreadcrumbList\",\"@id\":\"https:\\\/\\\/blogin.al\\\/?p=14631#breadcrumb\",\"itemListElement\":[{\"@type\":\"ListItem\",\"position\":1,\"name\":\"Home\",\"item\":\"https:\\\/\\\/blogin.al\\\/\"},{\"@type\":\"ListItem\",\"position\":2,\"name\":\"Cila \u00ebsht\u00eb arsyeja prishjes s\u00eb miq\u00ebsis\u00eb mes Einxhel Shkir\u00ebs dhe Beniada Nishanit? Moderatori i njohur zbulon t\u00eb v\u00ebrtet\u00ebn\"}]},{\"@type\":\"WebSite\",\"@id\":\"https:\\\/\\\/blogin.al\\\/#website\",\"url\":\"https:\\\/\\\/blogin.al\\\/\",\"name\":\"blogin.al\",\"description\":\"\",\"publisher\":{\"@id\":\"https:\\\/\\\/blogin.al\\\/#organization\"},\"potentialAction\":[{\"@type\":\"SearchAction\",\"target\":{\"@type\":\"EntryPoint\",\"urlTemplate\":\"https:\\\/\\\/blogin.al\\\/?s={search_term_string}\"},\"query-input\":{\"@type\":\"PropertyValueSpecification\",\"valueRequired\":true,\"valueName\":\"search_term_string\"}}],\"inLanguage\":\"en-US\"},{\"@type\":\"Organization\",\"@id\":\"https:\\\/\\\/blogin.al\\\/#organization\",\"name\":\"BLOGIN.al\",\"url\":\"https:\\\/\\\/blogin.al\\\/\",\"logo\":{\"@type\":\"ImageObject\",\"inLanguage\":\"en-US\",\"@id\":\"https:\\\/\\\/blogin.al\\\/#\\\/schema\\\/logo\\\/image\\\/\",\"url\":\"https:\\\/\\\/blogin.al\\\/wp-content\\\/uploads\\\/2022\\\/05\\\/Untitled-2-01-e1652084456514.png\",\"contentUrl\":\"https:\\\/\\\/blogin.al\\\/wp-content\\\/uploads\\\/2022\\\/05\\\/Untitled-2-01-e1652084456514.png\",\"width\":3723,\"height\":1698,\"caption\":\"BLOGIN.al\"},\"image\":{\"@id\":\"https:\\\/\\\/blogin.al\\\/#\\\/schema\\\/logo\\\/image\\\/\"},\"sameAs\":[\"https:\\\/\\\/instagram.com\\\/blogin.al\\\/\"]},{\"@type\":\"Person\",\"@id\":\"https:\\\/\\\/blogin.al\\\/#\\\/schema\\\/person\\\/abdd56bc912cd511db877b852b115399\",\"name\":\"Blogin al\",\"image\":{\"@type\":\"ImageObject\",\"inLanguage\":\"en-US\",\"@id\":\"https:\\\/\\\/secure.gravatar.com\\\/avatar\\\/60d5661aee6e835fb13dc75d2204cd0c1d61bef2efd137c0083e59ef831e235e?s=96&d=mm&r=g\",\"url\":\"https:\\\/\\\/secure.gravatar.com\\\/avatar\\\/60d5661aee6e835fb13dc75d2204cd0c1d61bef2efd137c0083e59ef831e235e?s=96&d=mm&r=g\",\"contentUrl\":\"https:\\\/\\\/secure.gravatar.com\\\/avatar\\\/60d5661aee6e835fb13dc75d2204cd0c1d61bef2efd137c0083e59ef831e235e?s=96&d=mm&r=g\",\"caption\":\"Blogin al\"},\"sameAs\":[\"https:\\\/\\\/blogin.al\"],\"url\":\"https:\\\/\\\/blogin.al\\\/?author=2\"}]}<\/script>\n<!-- \/ Yoast SEO plugin. -->","yoast_head_json":{"title":"Cila \u00ebsht\u00eb arsyeja prishjes s\u00eb miq\u00ebsis\u00eb mes Einxhel Shkir\u00ebs dhe Beniada Nishanit? Moderatori i njohur zbulon t\u00eb v\u00ebrtet\u00ebn - blogin.al","robots":{"index":"index","follow":"follow","max-snippet":"max-snippet:-1","max-image-preview":"max-image-preview:large","max-video-preview":"max-video-preview:-1"},"canonical":"https:\/\/blogin.al\/?p=14631","og_locale":"en_US","og_type":"article","og_title":"Cila \u00ebsht\u00eb arsyeja prishjes s\u00eb miq\u00ebsis\u00eb mes Einxhel Shkir\u00ebs dhe Beniada Nishanit? Moderatori i njohur zbulon t\u00eb v\u00ebrtet\u00ebn - blogin.al","og_description":"Prishja e miq\u00ebsis\u00eb mes Einxhel Shkir\u00ebs dhe Beniada Nishanit ka shkaktuar goxha reagime n\u00eb publik dhe t\u00eb gjith\u00eb duan t\u00eb dijn\u00eb arsyen e v\u00ebrtet\u00eb p\u00ebrse dy ish- mikeshat e ngushta nuk flasin m\u00eb me nj\u00ebra-tjetr\u00ebn. Einxhel dhe Beniada kishin nj\u00eb marr\u00ebdh\u00ebnie shum\u00eb t\u00eb fort\u00eb brenda sht\u00ebpis\u00eb s\u00eb famshme por q\u00eb pas mbarimit t\u00eb spektaklit ato [&hellip;]","og_url":"https:\/\/blogin.al\/?p=14631","og_site_name":"blogin.al","article_published_time":"2022-09-19T14:30:33+00:00","og_image":[{"width":1200,"height":630,"url":"https:\/\/blogin.al\/wp-content\/uploads\/2022\/06\/1200-630-beniada-einxhel-1643980154.jpg","type":"image\/jpeg"}],"author":"Blogin al","twitter_card":"summary_large_image","twitter_misc":{"Written by":"Blogin al","Est. reading time":"1 minute"},"schema":{"@context":"https:\/\/schema.org","@graph":[{"@type":"Article","@id":"https:\/\/blogin.al\/?p=14631#article","isPartOf":{"@id":"https:\/\/blogin.al\/?p=14631"},"author":{"name":"Blogin al","@id":"https:\/\/blogin.al\/#\/schema\/person\/abdd56bc912cd511db877b852b115399"},"headline":"Cila \u00ebsht\u00eb arsyeja prishjes s\u00eb miq\u00ebsis\u00eb mes Einxhel Shkir\u00ebs dhe Beniada Nishanit? Moderatori i njohur zbulon t\u00eb v\u00ebrtet\u00ebn","datePublished":"2022-09-19T14:30:33+00:00","mainEntityOfPage":{"@id":"https:\/\/blogin.al\/?p=14631"},"wordCount":262,"commentCount":0,"publisher":{"@id":"https:\/\/blogin.al\/#organization"},"image":{"@id":"https:\/\/blogin.al\/?p=14631#primaryimage"},"thumbnailUrl":"https:\/\/blogin.al\/wp-content\/uploads\/2022\/06\/1200-630-beniada-einxhel-1643980154.jpg","articleSection":["SHOWBIZ"],"inLanguage":"en-US","potentialAction":[{"@type":"CommentAction","name":"Comment","target":["https:\/\/blogin.al\/?p=14631#respond"]}]},{"@type":"WebPage","@id":"https:\/\/blogin.al\/?p=14631","url":"https:\/\/blogin.al\/?p=14631","name":"Cila \u00ebsht\u00eb arsyeja prishjes s\u00eb miq\u00ebsis\u00eb mes Einxhel Shkir\u00ebs dhe Beniada Nishanit? Moderatori i njohur zbulon t\u00eb v\u00ebrtet\u00ebn - blogin.al","isPartOf":{"@id":"https:\/\/blogin.al\/#website"},"primaryImageOfPage":{"@id":"https:\/\/blogin.al\/?p=14631#primaryimage"},"image":{"@id":"https:\/\/blogin.al\/?p=14631#primaryimage"},"thumbnailUrl":"https:\/\/blogin.al\/wp-content\/uploads\/2022\/06\/1200-630-beniada-einxhel-1643980154.jpg","datePublished":"2022-09-19T14:30:33+00:00","breadcrumb":{"@id":"https:\/\/blogin.al\/?p=14631#breadcrumb"},"inLanguage":"en-US","potentialAction":[{"@type":"ReadAction","target":["https:\/\/blogin.al\/?p=14631"]}]},{"@type":"ImageObject","inLanguage":"en-US","@id":"https:\/\/blogin.al\/?p=14631#primaryimage","url":"https:\/\/blogin.al\/wp-content\/uploads\/2022\/06\/1200-630-beniada-einxhel-1643980154.jpg","contentUrl":"https:\/\/blogin.al\/wp-content\/uploads\/2022\/06\/1200-630-beniada-einxhel-1643980154.jpg","width":1200,"height":630},{"@type":"BreadcrumbList","@id":"https:\/\/blogin.al\/?p=14631#breadcrumb","itemListElement":[{"@type":"ListItem","position":1,"name":"Home","item":"https:\/\/blogin.al\/"},{"@type":"ListItem","position":2,"name":"Cila \u00ebsht\u00eb arsyeja prishjes s\u00eb miq\u00ebsis\u00eb mes Einxhel Shkir\u00ebs dhe Beniada Nishanit? Moderatori i njohur zbulon t\u00eb v\u00ebrtet\u00ebn"}]},{"@type":"WebSite","@id":"https:\/\/blogin.al\/#website","url":"https:\/\/blogin.al\/","name":"blogin.al","description":"","publisher":{"@id":"https:\/\/blogin.al\/#organization"},"potentialAction":[{"@type":"SearchAction","target":{"@type":"EntryPoint","urlTemplate":"https:\/\/blogin.al\/?s={search_term_string}"},"query-input":{"@type":"PropertyValueSpecification","valueRequired":true,"valueName":"search_term_string"}}],"inLanguage":"en-US"},{"@type":"Organization","@id":"https:\/\/blogin.al\/#organization","name":"BLOGIN.al","url":"https:\/\/blogin.al\/","logo":{"@type":"ImageObject","inLanguage":"en-US","@id":"https:\/\/blogin.al\/#\/schema\/logo\/image\/","url":"https:\/\/blogin.al\/wp-content\/uploads\/2022\/05\/Untitled-2-01-e1652084456514.png","contentUrl":"https:\/\/blogin.al\/wp-content\/uploads\/2022\/05\/Untitled-2-01-e1652084456514.png","width":3723,"height":1698,"caption":"BLOGIN.al"},"image":{"@id":"https:\/\/blogin.al\/#\/schema\/logo\/image\/"},"sameAs":["https:\/\/instagram.com\/blogin.al\/"]},{"@type":"Person","@id":"https:\/\/blogin.al\/#\/schema\/person\/abdd56bc912cd511db877b852b115399","name":"Blogin al","image":{"@type":"ImageObject","inLanguage":"en-US","@id":"https:\/\/secure.gravatar.com\/avatar\/60d5661aee6e835fb13dc75d2204cd0c1d61bef2efd137c0083e59ef831e235e?s=96&d=mm&r=g","url":"https:\/\/secure.gravatar.com\/avatar\/60d5661aee6e835fb13dc75d2204cd0c1d61bef2efd137c0083e59ef831e235e?s=96&d=mm&r=g","contentUrl":"https:\/\/secure.gravatar.com\/avatar\/60d5661aee6e835fb13dc75d2204cd0c1d61bef2efd137c0083e59ef831e235e?s=96&d=mm&r=g","caption":"Blogin al"},"sameAs":["https:\/\/blogin.al"],"url":"https:\/\/blogin.al\/?author=2"}]}},"_links":{"self":[{"href":"https:\/\/blogin.al\/index.php?rest_route=\/wp\/v2\/posts\/14631","targetHints":{"allow":["GET"]}}],"collection":[{"href":"https:\/\/blogin.al\/index.php?rest_route=\/wp\/v2\/posts"}],"about":[{"href":"https:\/\/blogin.al\/index.php?rest_route=\/wp\/v2\/types\/post"}],"author":[{"embeddable":true,"href":"https:\/\/blogin.al\/index.php?rest_route=\/wp\/v2\/users\/2"}],"replies":[{"embeddable":true,"href":"https:\/\/blogin.al\/index.php?rest_route=%2Fwp%2Fv2%2Fcomments&post=14631"}],"version-history":[{"count":1,"href":"https:\/\/blogin.al\/index.php?rest_route=\/wp\/v2\/posts\/14631\/revisions"}],"predecessor-version":[{"id":14632,"href":"https:\/\/blogin.al\/index.php?rest_route=\/wp\/v2\/posts\/14631\/revisions\/14632"}],"wp:featuredmedia":[{"embeddable":true,"href":"https:\/\/blogin.al\/index.php?rest_route=\/wp\/v2\/media\/6585"}],"wp:attachment":[{"href":"https:\/\/blogin.al\/index.php?rest_route=%2Fwp%2Fv2%2Fmedia&parent=14631"}],"wp:term":[{"taxonomy":"category","embeddable":true,"href":"https:\/\/blogin.al\/index.php?rest_route=%2Fwp%2Fv2%2Fcategories&post=14631"},{"taxonomy":"post_tag","embeddable":true,"href":"https:\/\/blogin.al\/index.php?rest_route=%2Fwp%2Fv2%2Ftags&post=14631"}],"curies":[{"name":"wp","href":"https:\/\/api.w.org\/{rel}","templated":true}]}}