{"id":14646,"date":"2022-09-19T17:27:58","date_gmt":"2022-09-19T17:27:58","guid":{"rendered":"https:\/\/blogin.al\/?p=14646"},"modified":"2022-09-19T17:28:00","modified_gmt":"2022-09-19T17:28:00","slug":"pas-akuzave-nga-ana-bruno-me-ne-fund-tregon-arsyen-e-vertet-te-ndarjes","status":"publish","type":"post","link":"https:\/\/blogin.al\/?p=14646","title":{"rendered":"Pas akuzave nga Ana, Bruno m\u00eb n\u00eb fund tregon arsyen e v\u00ebrtet t\u00eb ndarjes"},"content":{"rendered":"\n<p>\u00c7ifti Bruno-Ana, prej koh\u00ebsh po p\u00ebrfliten n\u00eb rrjet p\u00ebr ndarjen e tyre.<\/p>\n\n\n\n<p>N\u00ebp\u00ebr intervistat e dh\u00ebna koh\u00ebt e fundit Ana ka l\u00ebn\u00eb t\u00eb kuptohet se ndarja erdhi nga veprime t\u00eb patolerueshme q\u00eb kishte b\u00ebr\u00eb Bruno ndaj saj.<\/p>\n\n\n\n<p>Mir\u00ebpo ish-konkurrenti vendosi t\u00eb tregoj\u00eb shkakun e v\u00ebrtet q\u00eb solli ndarjen e tyre.<\/p>\n\n\n\n<p>Sipas tij Sebepi i sherrit nisi me disa probleme q\u00eb Ana kishte pasur me mikun e tij. Bruno ka shkuar t\u00eb flas\u00eb me t\u00eb dhe m\u00eb pas kan\u00eb nisur gith\u00eb problemet me partneren.<\/p>\n\n\n\n<p><em>\u201cNuk kam b\u00ebr\u00eb asgj\u00eb t\u00eb pahijshme, as dhune e as tradhti. Pas konflikteve t\u00eb shumta n\u00eb rrjete sociale, nj\u00eb dit\u00eb ka pasur probleme me mikun tim. Edhe pastaj kam shkuar un\u00eb t\u00eb flas me t\u00eb dhe kam dh\u00ebn\u00eb numrin e An\u00ebs dhe m\u00eb pas kan\u00eb nisur probleme t\u00eb tjera. Vazhduam s\u00ebrish bashk, por pat\u00ebm ftohje mes nj\u00ebri-tjetrit. Sebepi i sherrit ka qen\u00eb vet\u00ebm kjo\u201d<\/em>, tha Bruno.<\/p>\n\n\n\n<p>Ai tregoi se blloku ka ndodhur n\u00eb momentin q\u00eb Ana ka dh\u00ebn\u00eb nj\u00eb intervist\u00eb, ku n\u00eb nj\u00eb moment nuk \u00ebsht\u00eb p\u00ebrgjigjur sakt\u00eb pyetjes dhe vendosi q\u00eb t\u00eb b\u00ebnte post me p\u00ebrgjigjen e duhur.<\/p>\n\n\n\n<p><em>\u201cVazhduam dhe kemi pasur debate t\u00eb vazhdueshme edhe gjat\u00eb post P\u00ebr\u2019puthen. Kemi pasur probleme edhe pas komunikimit me nj\u00ebr\u00ebn nga ish-konkurrentet, Alvis\u00ebn.<\/em><\/p>\n\n\n\n<p><em>Blloku ka ndodhur n\u00eb momentin q\u00eb&nbsp; ajo ka dh\u00ebn\u00eb nj\u00eb intervist\u00eb dhe un\u00eb p\u00ebr shaka thash q\u00eb limoni ka m\u00eb shum\u00eb sheqer se luleshtrydhja<\/em><em>. Ne pat\u00ebm dy jav\u00eb pa patur kontakt derisa un\u00eb kam par\u00eb intervistat e saj<\/em><em>\u201d<\/em>, u shpreh ish-konkurenti.<\/p>\n\n\n\n<p><em>\u201cDol\u00ebm t\u00eb p\u00ebrputhur dhe kemi pasur p\u00eblqim p\u00ebr njeri-tjetrin. Gj\u00ebrat nis\u00ebn t\u00eb b\u00ebheshin shum\u00eb toksike me kalimin e koh\u00ebve. Familja ime si ka p\u00eblqyer daljet e saj sidomos n\u00eb intervist\u00ebs s\u00eb fundit. Prindi im m\u00eb shkruan dhe m\u00eb tha \u00e7far\u00eb i ke b\u00ebr\u00eb vajz\u00ebs ore\u201d<\/em>, shtoi m\u00eb tej ai.<\/p>\n\n\n\n<p>Bruno tregoi se pas deklarat\u00ebs ka folur me Florjan\u00ebn, e cila sipas tij jan\u00eb sqaruar, por tashm\u00eb rrug\u00ebt e tyre jan\u00eb t\u00eb ndara.N\u00eb fund t\u00eb intervist\u00ebs ai e uroi ish-konkurrenten p\u00ebr martes\u00ebn, nj\u00ebkoh\u00ebsisht tregoi se aktualisht po flet me dik\u00eb.<\/p>\n\n\n\n<p><em>\u201c<\/em><em>I uroj t\u00eb vazhdoj\u00eb jet\u00ebn e saj dhe jet\u00eb t\u00eb lumtur n\u00eb martes\u00ebn e ardhshme. Un\u00eb eci me hapa t\u00eb sigurt\u00eb edhe pa u njohur mir\u00eb. Po m\u00eb p\u00eblqen dikush, po komunikojm\u00eb<\/em>\u201d, tha ish-konkurrenti.<\/p>\n","protected":false},"excerpt":{"rendered":"<p>\u00c7ifti Bruno-Ana, prej koh\u00ebsh po p\u00ebrfliten n\u00eb rrjet p\u00ebr ndarjen e tyre. N\u00ebp\u00ebr intervistat e dh\u00ebna koh\u00ebt e fundit Ana ka l\u00ebn\u00eb t\u00eb kuptohet se ndarja erdhi nga veprime t\u00eb patolerueshme q\u00eb kishte b\u00ebr\u00eb Bruno ndaj saj. Mir\u00ebpo ish-konkurrenti vendosi t\u00eb tregoj\u00eb shkakun e v\u00ebrtet q\u00eb solli ndarjen e tyre. Sipas tij Sebepi i sherrit [&hellip;]<\/p>\n","protected":false},"author":2,"featured_media":3186,"comment_status":"open","ping_status":"open","sticky":false,"template":"","format":"standard","meta":{"footnotes":""},"categories":[33],"tags":[],"class_list":{"0":"post-14646","1":"post","2":"type-post","3":"status-publish","4":"format-standard","5":"has-post-thumbnail","7":"category-showbiz"},"yoast_head":"<!-- This site is optimized with the Yoast SEO plugin v27.5 - https:\/\/yoast.com\/product\/yoast-seo-wordpress\/ -->\n<title>Pas akuzave nga Ana, Bruno m\u00eb n\u00eb fund tregon arsyen e v\u00ebrtet t\u00eb ndarjes - blogin.al<\/title>\n<meta name=\"robots\" content=\"index, follow, max-snippet:-1, max-image-preview:large, max-video-preview:-1\" \/>\n<link rel=\"canonical\" href=\"https:\/\/blogin.al\/?p=14646\" \/>\n<meta property=\"og:locale\" content=\"en_US\" \/>\n<meta property=\"og:type\" content=\"article\" \/>\n<meta property=\"og:title\" content=\"Pas akuzave nga Ana, Bruno m\u00eb n\u00eb fund tregon arsyen e v\u00ebrtet t\u00eb ndarjes - blogin.al\" \/>\n<meta property=\"og:description\" content=\"\u00c7ifti Bruno-Ana, prej koh\u00ebsh po p\u00ebrfliten n\u00eb rrjet p\u00ebr ndarjen e tyre. N\u00ebp\u00ebr intervistat e dh\u00ebna koh\u00ebt e fundit Ana ka l\u00ebn\u00eb t\u00eb kuptohet se ndarja erdhi nga veprime t\u00eb patolerueshme q\u00eb kishte b\u00ebr\u00eb Bruno ndaj saj. Mir\u00ebpo ish-konkurrenti vendosi t\u00eb tregoj\u00eb shkakun e v\u00ebrtet q\u00eb solli ndarjen e tyre. Sipas tij Sebepi i sherrit [&hellip;]\" \/>\n<meta property=\"og:url\" content=\"https:\/\/blogin.al\/?p=14646\" \/>\n<meta property=\"og:site_name\" content=\"blogin.al\" \/>\n<meta property=\"article:published_time\" content=\"2022-09-19T17:27:58+00:00\" \/>\n<meta property=\"article:modified_time\" content=\"2022-09-19T17:28:00+00:00\" \/>\n<meta property=\"og:image\" content=\"https:\/\/blogin.al\/wp-content\/uploads\/2022\/05\/bruno-ana.jpg\" \/>\n\t<meta property=\"og:image:width\" content=\"600\" \/>\n\t<meta property=\"og:image:height\" content=\"400\" \/>\n\t<meta property=\"og:image:type\" content=\"image\/jpeg\" \/>\n<meta name=\"author\" content=\"Blogin al\" \/>\n<meta name=\"twitter:card\" content=\"summary_large_image\" \/>\n<meta name=\"twitter:label1\" content=\"Written by\" \/>\n\t<meta name=\"twitter:data1\" content=\"Blogin al\" \/>\n\t<meta name=\"twitter:label2\" content=\"Est. reading time\" \/>\n\t<meta name=\"twitter:data2\" content=\"2 minutes\" \/>\n<script type=\"application\/ld+json\" class=\"yoast-schema-graph\">{\"@context\":\"https:\\\/\\\/schema.org\",\"@graph\":[{\"@type\":\"Article\",\"@id\":\"https:\\\/\\\/blogin.al\\\/?p=14646#article\",\"isPartOf\":{\"@id\":\"https:\\\/\\\/blogin.al\\\/?p=14646\"},\"author\":{\"name\":\"Blogin al\",\"@id\":\"https:\\\/\\\/blogin.al\\\/#\\\/schema\\\/person\\\/abdd56bc912cd511db877b852b115399\"},\"headline\":\"Pas akuzave nga Ana, Bruno m\u00eb n\u00eb fund tregon arsyen e v\u00ebrtet t\u00eb ndarjes\",\"datePublished\":\"2022-09-19T17:27:58+00:00\",\"dateModified\":\"2022-09-19T17:28:00+00:00\",\"mainEntityOfPage\":{\"@id\":\"https:\\\/\\\/blogin.al\\\/?p=14646\"},\"wordCount\":438,\"commentCount\":0,\"publisher\":{\"@id\":\"https:\\\/\\\/blogin.al\\\/#organization\"},\"image\":{\"@id\":\"https:\\\/\\\/blogin.al\\\/?p=14646#primaryimage\"},\"thumbnailUrl\":\"https:\\\/\\\/blogin.al\\\/wp-content\\\/uploads\\\/2022\\\/05\\\/bruno-ana.jpg\",\"articleSection\":[\"SHOWBIZ\"],\"inLanguage\":\"en-US\",\"potentialAction\":[{\"@type\":\"CommentAction\",\"name\":\"Comment\",\"target\":[\"https:\\\/\\\/blogin.al\\\/?p=14646#respond\"]}]},{\"@type\":\"WebPage\",\"@id\":\"https:\\\/\\\/blogin.al\\\/?p=14646\",\"url\":\"https:\\\/\\\/blogin.al\\\/?p=14646\",\"name\":\"Pas akuzave nga Ana, Bruno m\u00eb n\u00eb fund tregon arsyen e v\u00ebrtet t\u00eb ndarjes - blogin.al\",\"isPartOf\":{\"@id\":\"https:\\\/\\\/blogin.al\\\/#website\"},\"primaryImageOfPage\":{\"@id\":\"https:\\\/\\\/blogin.al\\\/?p=14646#primaryimage\"},\"image\":{\"@id\":\"https:\\\/\\\/blogin.al\\\/?p=14646#primaryimage\"},\"thumbnailUrl\":\"https:\\\/\\\/blogin.al\\\/wp-content\\\/uploads\\\/2022\\\/05\\\/bruno-ana.jpg\",\"datePublished\":\"2022-09-19T17:27:58+00:00\",\"dateModified\":\"2022-09-19T17:28:00+00:00\",\"breadcrumb\":{\"@id\":\"https:\\\/\\\/blogin.al\\\/?p=14646#breadcrumb\"},\"inLanguage\":\"en-US\",\"potentialAction\":[{\"@type\":\"ReadAction\",\"target\":[\"https:\\\/\\\/blogin.al\\\/?p=14646\"]}]},{\"@type\":\"ImageObject\",\"inLanguage\":\"en-US\",\"@id\":\"https:\\\/\\\/blogin.al\\\/?p=14646#primaryimage\",\"url\":\"https:\\\/\\\/blogin.al\\\/wp-content\\\/uploads\\\/2022\\\/05\\\/bruno-ana.jpg\",\"contentUrl\":\"https:\\\/\\\/blogin.al\\\/wp-content\\\/uploads\\\/2022\\\/05\\\/bruno-ana.jpg\",\"width\":600,\"height\":400},{\"@type\":\"BreadcrumbList\",\"@id\":\"https:\\\/\\\/blogin.al\\\/?p=14646#breadcrumb\",\"itemListElement\":[{\"@type\":\"ListItem\",\"position\":1,\"name\":\"Home\",\"item\":\"https:\\\/\\\/blogin.al\\\/\"},{\"@type\":\"ListItem\",\"position\":2,\"name\":\"Pas akuzave nga Ana, Bruno m\u00eb n\u00eb fund tregon arsyen e v\u00ebrtet t\u00eb ndarjes\"}]},{\"@type\":\"WebSite\",\"@id\":\"https:\\\/\\\/blogin.al\\\/#website\",\"url\":\"https:\\\/\\\/blogin.al\\\/\",\"name\":\"blogin.al\",\"description\":\"\",\"publisher\":{\"@id\":\"https:\\\/\\\/blogin.al\\\/#organization\"},\"potentialAction\":[{\"@type\":\"SearchAction\",\"target\":{\"@type\":\"EntryPoint\",\"urlTemplate\":\"https:\\\/\\\/blogin.al\\\/?s={search_term_string}\"},\"query-input\":{\"@type\":\"PropertyValueSpecification\",\"valueRequired\":true,\"valueName\":\"search_term_string\"}}],\"inLanguage\":\"en-US\"},{\"@type\":\"Organization\",\"@id\":\"https:\\\/\\\/blogin.al\\\/#organization\",\"name\":\"BLOGIN.al\",\"url\":\"https:\\\/\\\/blogin.al\\\/\",\"logo\":{\"@type\":\"ImageObject\",\"inLanguage\":\"en-US\",\"@id\":\"https:\\\/\\\/blogin.al\\\/#\\\/schema\\\/logo\\\/image\\\/\",\"url\":\"https:\\\/\\\/blogin.al\\\/wp-content\\\/uploads\\\/2022\\\/05\\\/Untitled-2-01-e1652084456514.png\",\"contentUrl\":\"https:\\\/\\\/blogin.al\\\/wp-content\\\/uploads\\\/2022\\\/05\\\/Untitled-2-01-e1652084456514.png\",\"width\":3723,\"height\":1698,\"caption\":\"BLOGIN.al\"},\"image\":{\"@id\":\"https:\\\/\\\/blogin.al\\\/#\\\/schema\\\/logo\\\/image\\\/\"},\"sameAs\":[\"https:\\\/\\\/instagram.com\\\/blogin.al\\\/\"]},{\"@type\":\"Person\",\"@id\":\"https:\\\/\\\/blogin.al\\\/#\\\/schema\\\/person\\\/abdd56bc912cd511db877b852b115399\",\"name\":\"Blogin al\",\"image\":{\"@type\":\"ImageObject\",\"inLanguage\":\"en-US\",\"@id\":\"https:\\\/\\\/secure.gravatar.com\\\/avatar\\\/60d5661aee6e835fb13dc75d2204cd0c1d61bef2efd137c0083e59ef831e235e?s=96&d=mm&r=g\",\"url\":\"https:\\\/\\\/secure.gravatar.com\\\/avatar\\\/60d5661aee6e835fb13dc75d2204cd0c1d61bef2efd137c0083e59ef831e235e?s=96&d=mm&r=g\",\"contentUrl\":\"https:\\\/\\\/secure.gravatar.com\\\/avatar\\\/60d5661aee6e835fb13dc75d2204cd0c1d61bef2efd137c0083e59ef831e235e?s=96&d=mm&r=g\",\"caption\":\"Blogin al\"},\"sameAs\":[\"https:\\\/\\\/blogin.al\"],\"url\":\"https:\\\/\\\/blogin.al\\\/?author=2\"}]}<\/script>\n<!-- \/ Yoast SEO plugin. -->","yoast_head_json":{"title":"Pas akuzave nga Ana, Bruno m\u00eb n\u00eb fund tregon arsyen e v\u00ebrtet t\u00eb ndarjes - blogin.al","robots":{"index":"index","follow":"follow","max-snippet":"max-snippet:-1","max-image-preview":"max-image-preview:large","max-video-preview":"max-video-preview:-1"},"canonical":"https:\/\/blogin.al\/?p=14646","og_locale":"en_US","og_type":"article","og_title":"Pas akuzave nga Ana, Bruno m\u00eb n\u00eb fund tregon arsyen e v\u00ebrtet t\u00eb ndarjes - blogin.al","og_description":"\u00c7ifti Bruno-Ana, prej koh\u00ebsh po p\u00ebrfliten n\u00eb rrjet p\u00ebr ndarjen e tyre. N\u00ebp\u00ebr intervistat e dh\u00ebna koh\u00ebt e fundit Ana ka l\u00ebn\u00eb t\u00eb kuptohet se ndarja erdhi nga veprime t\u00eb patolerueshme q\u00eb kishte b\u00ebr\u00eb Bruno ndaj saj. Mir\u00ebpo ish-konkurrenti vendosi t\u00eb tregoj\u00eb shkakun e v\u00ebrtet q\u00eb solli ndarjen e tyre. Sipas tij Sebepi i sherrit [&hellip;]","og_url":"https:\/\/blogin.al\/?p=14646","og_site_name":"blogin.al","article_published_time":"2022-09-19T17:27:58+00:00","article_modified_time":"2022-09-19T17:28:00+00:00","og_image":[{"width":600,"height":400,"url":"https:\/\/blogin.al\/wp-content\/uploads\/2022\/05\/bruno-ana.jpg","type":"image\/jpeg"}],"author":"Blogin al","twitter_card":"summary_large_image","twitter_misc":{"Written by":"Blogin al","Est. reading time":"2 minutes"},"schema":{"@context":"https:\/\/schema.org","@graph":[{"@type":"Article","@id":"https:\/\/blogin.al\/?p=14646#article","isPartOf":{"@id":"https:\/\/blogin.al\/?p=14646"},"author":{"name":"Blogin al","@id":"https:\/\/blogin.al\/#\/schema\/person\/abdd56bc912cd511db877b852b115399"},"headline":"Pas akuzave nga Ana, Bruno m\u00eb n\u00eb fund tregon arsyen e v\u00ebrtet t\u00eb ndarjes","datePublished":"2022-09-19T17:27:58+00:00","dateModified":"2022-09-19T17:28:00+00:00","mainEntityOfPage":{"@id":"https:\/\/blogin.al\/?p=14646"},"wordCount":438,"commentCount":0,"publisher":{"@id":"https:\/\/blogin.al\/#organization"},"image":{"@id":"https:\/\/blogin.al\/?p=14646#primaryimage"},"thumbnailUrl":"https:\/\/blogin.al\/wp-content\/uploads\/2022\/05\/bruno-ana.jpg","articleSection":["SHOWBIZ"],"inLanguage":"en-US","potentialAction":[{"@type":"CommentAction","name":"Comment","target":["https:\/\/blogin.al\/?p=14646#respond"]}]},{"@type":"WebPage","@id":"https:\/\/blogin.al\/?p=14646","url":"https:\/\/blogin.al\/?p=14646","name":"Pas akuzave nga Ana, Bruno m\u00eb n\u00eb fund tregon arsyen e v\u00ebrtet t\u00eb ndarjes - blogin.al","isPartOf":{"@id":"https:\/\/blogin.al\/#website"},"primaryImageOfPage":{"@id":"https:\/\/blogin.al\/?p=14646#primaryimage"},"image":{"@id":"https:\/\/blogin.al\/?p=14646#primaryimage"},"thumbnailUrl":"https:\/\/blogin.al\/wp-content\/uploads\/2022\/05\/bruno-ana.jpg","datePublished":"2022-09-19T17:27:58+00:00","dateModified":"2022-09-19T17:28:00+00:00","breadcrumb":{"@id":"https:\/\/blogin.al\/?p=14646#breadcrumb"},"inLanguage":"en-US","potentialAction":[{"@type":"ReadAction","target":["https:\/\/blogin.al\/?p=14646"]}]},{"@type":"ImageObject","inLanguage":"en-US","@id":"https:\/\/blogin.al\/?p=14646#primaryimage","url":"https:\/\/blogin.al\/wp-content\/uploads\/2022\/05\/bruno-ana.jpg","contentUrl":"https:\/\/blogin.al\/wp-content\/uploads\/2022\/05\/bruno-ana.jpg","width":600,"height":400},{"@type":"BreadcrumbList","@id":"https:\/\/blogin.al\/?p=14646#breadcrumb","itemListElement":[{"@type":"ListItem","position":1,"name":"Home","item":"https:\/\/blogin.al\/"},{"@type":"ListItem","position":2,"name":"Pas akuzave nga Ana, Bruno m\u00eb n\u00eb fund tregon arsyen e v\u00ebrtet t\u00eb ndarjes"}]},{"@type":"WebSite","@id":"https:\/\/blogin.al\/#website","url":"https:\/\/blogin.al\/","name":"blogin.al","description":"","publisher":{"@id":"https:\/\/blogin.al\/#organization"},"potentialAction":[{"@type":"SearchAction","target":{"@type":"EntryPoint","urlTemplate":"https:\/\/blogin.al\/?s={search_term_string}"},"query-input":{"@type":"PropertyValueSpecification","valueRequired":true,"valueName":"search_term_string"}}],"inLanguage":"en-US"},{"@type":"Organization","@id":"https:\/\/blogin.al\/#organization","name":"BLOGIN.al","url":"https:\/\/blogin.al\/","logo":{"@type":"ImageObject","inLanguage":"en-US","@id":"https:\/\/blogin.al\/#\/schema\/logo\/image\/","url":"https:\/\/blogin.al\/wp-content\/uploads\/2022\/05\/Untitled-2-01-e1652084456514.png","contentUrl":"https:\/\/blogin.al\/wp-content\/uploads\/2022\/05\/Untitled-2-01-e1652084456514.png","width":3723,"height":1698,"caption":"BLOGIN.al"},"image":{"@id":"https:\/\/blogin.al\/#\/schema\/logo\/image\/"},"sameAs":["https:\/\/instagram.com\/blogin.al\/"]},{"@type":"Person","@id":"https:\/\/blogin.al\/#\/schema\/person\/abdd56bc912cd511db877b852b115399","name":"Blogin al","image":{"@type":"ImageObject","inLanguage":"en-US","@id":"https:\/\/secure.gravatar.com\/avatar\/60d5661aee6e835fb13dc75d2204cd0c1d61bef2efd137c0083e59ef831e235e?s=96&d=mm&r=g","url":"https:\/\/secure.gravatar.com\/avatar\/60d5661aee6e835fb13dc75d2204cd0c1d61bef2efd137c0083e59ef831e235e?s=96&d=mm&r=g","contentUrl":"https:\/\/secure.gravatar.com\/avatar\/60d5661aee6e835fb13dc75d2204cd0c1d61bef2efd137c0083e59ef831e235e?s=96&d=mm&r=g","caption":"Blogin al"},"sameAs":["https:\/\/blogin.al"],"url":"https:\/\/blogin.al\/?author=2"}]}},"_links":{"self":[{"href":"https:\/\/blogin.al\/index.php?rest_route=\/wp\/v2\/posts\/14646","targetHints":{"allow":["GET"]}}],"collection":[{"href":"https:\/\/blogin.al\/index.php?rest_route=\/wp\/v2\/posts"}],"about":[{"href":"https:\/\/blogin.al\/index.php?rest_route=\/wp\/v2\/types\/post"}],"author":[{"embeddable":true,"href":"https:\/\/blogin.al\/index.php?rest_route=\/wp\/v2\/users\/2"}],"replies":[{"embeddable":true,"href":"https:\/\/blogin.al\/index.php?rest_route=%2Fwp%2Fv2%2Fcomments&post=14646"}],"version-history":[{"count":1,"href":"https:\/\/blogin.al\/index.php?rest_route=\/wp\/v2\/posts\/14646\/revisions"}],"predecessor-version":[{"id":14647,"href":"https:\/\/blogin.al\/index.php?rest_route=\/wp\/v2\/posts\/14646\/revisions\/14647"}],"wp:featuredmedia":[{"embeddable":true,"href":"https:\/\/blogin.al\/index.php?rest_route=\/wp\/v2\/media\/3186"}],"wp:attachment":[{"href":"https:\/\/blogin.al\/index.php?rest_route=%2Fwp%2Fv2%2Fmedia&parent=14646"}],"wp:term":[{"taxonomy":"category","embeddable":true,"href":"https:\/\/blogin.al\/index.php?rest_route=%2Fwp%2Fv2%2Fcategories&post=14646"},{"taxonomy":"post_tag","embeddable":true,"href":"https:\/\/blogin.al\/index.php?rest_route=%2Fwp%2Fv2%2Ftags&post=14646"}],"curies":[{"name":"wp","href":"https:\/\/api.w.org\/{rel}","templated":true}]}}