{"id":14659,"date":"2022-09-20T13:27:09","date_gmt":"2022-09-20T13:27:09","guid":{"rendered":"https:\/\/blogin.al\/?p=14659"},"modified":"2022-09-20T13:27:10","modified_gmt":"2022-09-20T13:27:10","slug":"perballe-donald-veshajt-dhe-bora-zemanit-ne-formatin-e-kercimit-beatrix-ramosaj-reagon-per-here-te-pare","status":"publish","type":"post","link":"https:\/\/blogin.al\/?p=14659","title":{"rendered":"P\u00ebrball\u00eb Donald Veshajt dhe Bora Zemanit n\u00eb formatin e k\u00ebrcimit? Beatrix Ramosaj reagon p\u00ebr her\u00eb t\u00eb par\u00eb"},"content":{"rendered":"\n<p><strong>Ideja q\u00eb Beatrix Ramosaj dhe Ilir Shaqiri do t\u00eb viheshin p\u00ebrball\u00eb Bora Zemanit dhe Donald Veshajt n\u00eb dy emisione t\u00eb ndryshme k\u00ebrcimi b\u00ebri buj\u00eb t\u00eb madhe n\u00eb media.<\/strong><\/p>\n\n\n\n<p>Mir\u00ebpo, teksa t\u00eb gjith\u00eb prisnin q\u00eb emri i k\u00ebng\u00ebtares t\u00eb ishte nd\u00ebr konkurent\u00ebt e \u201cDance with Me\u201d nuk ndodhi k\u00ebshtu. Gjat\u00eb mbr\u00ebmjes s\u00eb djeshme (19 shtator) u zhvillua nata e par\u00eb e emisionit t\u00eb k\u00ebrcimit n\u00eb Klan, ku u la t\u00eb kuptohej se mbase n\u00eb vazhdim Trixa do t\u00eb merrte pjes\u00eb. Por tani nuk ka m\u00eb dysime.<\/p>\n\n\n\n<p>Ish-konkurentja e Big Brother Vip s\u00eb fundmi ka ndar\u00eb nj\u00eb Instastory, ku sqaron q\u00eb do t\u00eb jet\u00eb aktive p\u00ebr fansat por jo n\u00eb at\u00eb format.<\/p>\n\n\n\n<p><strong>\u201cP\u00ebr dashamir\u00ebsit e mi. Faleminderit q\u00eb vazhdoni t\u00eb shprehni d\u00ebshir\u00ebn \u00e7do dit\u00eb p\u00ebr t\u00eb m\u00eb shikuar n\u00eb emisione televizive, por ne do t\u00eb shihemi n\u00eb forma tjera s\u00eb bashku. Jam n\u00eb xhirime t\u00eb videoklipeve t\u00eb reja dhe disa surprizave t\u00eb tjera vizuale, n\u00ebn drejtimin e kushteve dhe d\u00ebshirave t\u00eb mija. Ju dua! Beatrix,\u201d-<\/strong>shkruan Ramosaj.<\/p>\n\n\n\n<figure class=\"wp-block-image size-full is-style-default\"><img fetchpriority=\"high\" decoding=\"async\" width=\"475\" height=\"849\" src=\"https:\/\/blogin.al\/wp-content\/uploads\/2022\/09\/trixa-1.jpg\" alt=\"\" class=\"wp-image-14660\" srcset=\"https:\/\/blogin.al\/wp-content\/uploads\/2022\/09\/trixa-1.jpg 475w, https:\/\/blogin.al\/wp-content\/uploads\/2022\/09\/trixa-1-168x300.jpg 168w, https:\/\/blogin.al\/wp-content\/uploads\/2022\/09\/trixa-1-150x268.jpg 150w, https:\/\/blogin.al\/wp-content\/uploads\/2022\/09\/trixa-1-300x536.jpg 300w\" sizes=\"(max-width: 475px) 100vw, 475px\" \/><\/figure>\n","protected":false},"excerpt":{"rendered":"<p>Ideja q\u00eb Beatrix Ramosaj dhe Ilir Shaqiri do t\u00eb viheshin p\u00ebrball\u00eb Bora Zemanit dhe Donald Veshajt n\u00eb dy emisione t\u00eb ndryshme k\u00ebrcimi b\u00ebri buj\u00eb t\u00eb madhe n\u00eb media. Mir\u00ebpo, teksa t\u00eb gjith\u00eb prisnin q\u00eb emri i k\u00ebng\u00ebtares t\u00eb ishte nd\u00ebr konkurent\u00ebt e \u201cDance with Me\u201d nuk ndodhi k\u00ebshtu. Gjat\u00eb mbr\u00ebmjes s\u00eb djeshme (19 shtator) u [&hellip;]<\/p>\n","protected":false},"author":2,"featured_media":7238,"comment_status":"open","ping_status":"open","sticky":false,"template":"","format":"standard","meta":{"footnotes":""},"categories":[33],"tags":[],"class_list":{"0":"post-14659","1":"post","2":"type-post","3":"status-publish","4":"format-standard","5":"has-post-thumbnail","7":"category-showbiz"},"yoast_head":"<!-- This site is optimized with the Yoast SEO plugin v27.5 - https:\/\/yoast.com\/product\/yoast-seo-wordpress\/ -->\n<title>P\u00ebrball\u00eb Donald Veshajt dhe Bora Zemanit n\u00eb formatin e k\u00ebrcimit? Beatrix Ramosaj reagon p\u00ebr her\u00eb t\u00eb par\u00eb - blogin.al<\/title>\n<meta name=\"robots\" content=\"index, follow, max-snippet:-1, max-image-preview:large, max-video-preview:-1\" \/>\n<link rel=\"canonical\" href=\"https:\/\/blogin.al\/?p=14659\" \/>\n<meta property=\"og:locale\" content=\"en_US\" \/>\n<meta property=\"og:type\" content=\"article\" \/>\n<meta property=\"og:title\" content=\"P\u00ebrball\u00eb Donald Veshajt dhe Bora Zemanit n\u00eb formatin e k\u00ebrcimit? Beatrix Ramosaj reagon p\u00ebr her\u00eb t\u00eb par\u00eb - blogin.al\" \/>\n<meta property=\"og:description\" content=\"Ideja q\u00eb Beatrix Ramosaj dhe Ilir Shaqiri do t\u00eb viheshin p\u00ebrball\u00eb Bora Zemanit dhe Donald Veshajt n\u00eb dy emisione t\u00eb ndryshme k\u00ebrcimi b\u00ebri buj\u00eb t\u00eb madhe n\u00eb media. Mir\u00ebpo, teksa t\u00eb gjith\u00eb prisnin q\u00eb emri i k\u00ebng\u00ebtares t\u00eb ishte nd\u00ebr konkurent\u00ebt e \u201cDance with Me\u201d nuk ndodhi k\u00ebshtu. Gjat\u00eb mbr\u00ebmjes s\u00eb djeshme (19 shtator) u [&hellip;]\" \/>\n<meta property=\"og:url\" content=\"https:\/\/blogin.al\/?p=14659\" \/>\n<meta property=\"og:site_name\" content=\"blogin.al\" \/>\n<meta property=\"article:published_time\" content=\"2022-09-20T13:27:09+00:00\" \/>\n<meta property=\"article:modified_time\" content=\"2022-09-20T13:27:10+00:00\" \/>\n<meta property=\"og:image\" content=\"https:\/\/blogin.al\/wp-content\/uploads\/2022\/06\/bora-donald-beatrix.jpeg\" \/>\n\t<meta property=\"og:image:width\" content=\"640\" \/>\n\t<meta property=\"og:image:height\" content=\"384\" \/>\n\t<meta property=\"og:image:type\" content=\"image\/jpeg\" \/>\n<meta name=\"author\" content=\"Blogin al\" \/>\n<meta name=\"twitter:card\" content=\"summary_large_image\" \/>\n<meta name=\"twitter:label1\" content=\"Written by\" \/>\n\t<meta name=\"twitter:data1\" content=\"Blogin al\" \/>\n\t<meta name=\"twitter:label2\" content=\"Est. reading time\" \/>\n\t<meta name=\"twitter:data2\" content=\"1 minute\" \/>\n<script type=\"application\/ld+json\" class=\"yoast-schema-graph\">{\"@context\":\"https:\\\/\\\/schema.org\",\"@graph\":[{\"@type\":\"Article\",\"@id\":\"https:\\\/\\\/blogin.al\\\/?p=14659#article\",\"isPartOf\":{\"@id\":\"https:\\\/\\\/blogin.al\\\/?p=14659\"},\"author\":{\"name\":\"Blogin al\",\"@id\":\"https:\\\/\\\/blogin.al\\\/#\\\/schema\\\/person\\\/abdd56bc912cd511db877b852b115399\"},\"headline\":\"P\u00ebrball\u00eb Donald Veshajt dhe Bora Zemanit n\u00eb formatin e k\u00ebrcimit? Beatrix Ramosaj reagon p\u00ebr her\u00eb t\u00eb par\u00eb\",\"datePublished\":\"2022-09-20T13:27:09+00:00\",\"dateModified\":\"2022-09-20T13:27:10+00:00\",\"mainEntityOfPage\":{\"@id\":\"https:\\\/\\\/blogin.al\\\/?p=14659\"},\"wordCount\":203,\"commentCount\":0,\"publisher\":{\"@id\":\"https:\\\/\\\/blogin.al\\\/#organization\"},\"image\":{\"@id\":\"https:\\\/\\\/blogin.al\\\/?p=14659#primaryimage\"},\"thumbnailUrl\":\"https:\\\/\\\/blogin.al\\\/wp-content\\\/uploads\\\/2022\\\/06\\\/bora-donald-beatrix.jpeg\",\"articleSection\":[\"SHOWBIZ\"],\"inLanguage\":\"en-US\",\"potentialAction\":[{\"@type\":\"CommentAction\",\"name\":\"Comment\",\"target\":[\"https:\\\/\\\/blogin.al\\\/?p=14659#respond\"]}]},{\"@type\":\"WebPage\",\"@id\":\"https:\\\/\\\/blogin.al\\\/?p=14659\",\"url\":\"https:\\\/\\\/blogin.al\\\/?p=14659\",\"name\":\"P\u00ebrball\u00eb Donald Veshajt dhe Bora Zemanit n\u00eb formatin e k\u00ebrcimit? Beatrix Ramosaj reagon p\u00ebr her\u00eb t\u00eb par\u00eb - blogin.al\",\"isPartOf\":{\"@id\":\"https:\\\/\\\/blogin.al\\\/#website\"},\"primaryImageOfPage\":{\"@id\":\"https:\\\/\\\/blogin.al\\\/?p=14659#primaryimage\"},\"image\":{\"@id\":\"https:\\\/\\\/blogin.al\\\/?p=14659#primaryimage\"},\"thumbnailUrl\":\"https:\\\/\\\/blogin.al\\\/wp-content\\\/uploads\\\/2022\\\/06\\\/bora-donald-beatrix.jpeg\",\"datePublished\":\"2022-09-20T13:27:09+00:00\",\"dateModified\":\"2022-09-20T13:27:10+00:00\",\"breadcrumb\":{\"@id\":\"https:\\\/\\\/blogin.al\\\/?p=14659#breadcrumb\"},\"inLanguage\":\"en-US\",\"potentialAction\":[{\"@type\":\"ReadAction\",\"target\":[\"https:\\\/\\\/blogin.al\\\/?p=14659\"]}]},{\"@type\":\"ImageObject\",\"inLanguage\":\"en-US\",\"@id\":\"https:\\\/\\\/blogin.al\\\/?p=14659#primaryimage\",\"url\":\"https:\\\/\\\/blogin.al\\\/wp-content\\\/uploads\\\/2022\\\/06\\\/bora-donald-beatrix.jpeg\",\"contentUrl\":\"https:\\\/\\\/blogin.al\\\/wp-content\\\/uploads\\\/2022\\\/06\\\/bora-donald-beatrix.jpeg\",\"width\":640,\"height\":384},{\"@type\":\"BreadcrumbList\",\"@id\":\"https:\\\/\\\/blogin.al\\\/?p=14659#breadcrumb\",\"itemListElement\":[{\"@type\":\"ListItem\",\"position\":1,\"name\":\"Home\",\"item\":\"https:\\\/\\\/blogin.al\\\/\"},{\"@type\":\"ListItem\",\"position\":2,\"name\":\"P\u00ebrball\u00eb Donald Veshajt dhe Bora Zemanit n\u00eb formatin e k\u00ebrcimit? Beatrix Ramosaj reagon p\u00ebr her\u00eb t\u00eb par\u00eb\"}]},{\"@type\":\"WebSite\",\"@id\":\"https:\\\/\\\/blogin.al\\\/#website\",\"url\":\"https:\\\/\\\/blogin.al\\\/\",\"name\":\"blogin.al\",\"description\":\"\",\"publisher\":{\"@id\":\"https:\\\/\\\/blogin.al\\\/#organization\"},\"potentialAction\":[{\"@type\":\"SearchAction\",\"target\":{\"@type\":\"EntryPoint\",\"urlTemplate\":\"https:\\\/\\\/blogin.al\\\/?s={search_term_string}\"},\"query-input\":{\"@type\":\"PropertyValueSpecification\",\"valueRequired\":true,\"valueName\":\"search_term_string\"}}],\"inLanguage\":\"en-US\"},{\"@type\":\"Organization\",\"@id\":\"https:\\\/\\\/blogin.al\\\/#organization\",\"name\":\"BLOGIN.al\",\"url\":\"https:\\\/\\\/blogin.al\\\/\",\"logo\":{\"@type\":\"ImageObject\",\"inLanguage\":\"en-US\",\"@id\":\"https:\\\/\\\/blogin.al\\\/#\\\/schema\\\/logo\\\/image\\\/\",\"url\":\"https:\\\/\\\/blogin.al\\\/wp-content\\\/uploads\\\/2022\\\/05\\\/Untitled-2-01-e1652084456514.png\",\"contentUrl\":\"https:\\\/\\\/blogin.al\\\/wp-content\\\/uploads\\\/2022\\\/05\\\/Untitled-2-01-e1652084456514.png\",\"width\":3723,\"height\":1698,\"caption\":\"BLOGIN.al\"},\"image\":{\"@id\":\"https:\\\/\\\/blogin.al\\\/#\\\/schema\\\/logo\\\/image\\\/\"},\"sameAs\":[\"https:\\\/\\\/instagram.com\\\/blogin.al\\\/\"]},{\"@type\":\"Person\",\"@id\":\"https:\\\/\\\/blogin.al\\\/#\\\/schema\\\/person\\\/abdd56bc912cd511db877b852b115399\",\"name\":\"Blogin al\",\"image\":{\"@type\":\"ImageObject\",\"inLanguage\":\"en-US\",\"@id\":\"https:\\\/\\\/secure.gravatar.com\\\/avatar\\\/60d5661aee6e835fb13dc75d2204cd0c1d61bef2efd137c0083e59ef831e235e?s=96&d=mm&r=g\",\"url\":\"https:\\\/\\\/secure.gravatar.com\\\/avatar\\\/60d5661aee6e835fb13dc75d2204cd0c1d61bef2efd137c0083e59ef831e235e?s=96&d=mm&r=g\",\"contentUrl\":\"https:\\\/\\\/secure.gravatar.com\\\/avatar\\\/60d5661aee6e835fb13dc75d2204cd0c1d61bef2efd137c0083e59ef831e235e?s=96&d=mm&r=g\",\"caption\":\"Blogin al\"},\"sameAs\":[\"https:\\\/\\\/blogin.al\"],\"url\":\"https:\\\/\\\/blogin.al\\\/?author=2\"}]}<\/script>\n<!-- \/ Yoast SEO plugin. -->","yoast_head_json":{"title":"P\u00ebrball\u00eb Donald Veshajt dhe Bora Zemanit n\u00eb formatin e k\u00ebrcimit? Beatrix Ramosaj reagon p\u00ebr her\u00eb t\u00eb par\u00eb - blogin.al","robots":{"index":"index","follow":"follow","max-snippet":"max-snippet:-1","max-image-preview":"max-image-preview:large","max-video-preview":"max-video-preview:-1"},"canonical":"https:\/\/blogin.al\/?p=14659","og_locale":"en_US","og_type":"article","og_title":"P\u00ebrball\u00eb Donald Veshajt dhe Bora Zemanit n\u00eb formatin e k\u00ebrcimit? Beatrix Ramosaj reagon p\u00ebr her\u00eb t\u00eb par\u00eb - blogin.al","og_description":"Ideja q\u00eb Beatrix Ramosaj dhe Ilir Shaqiri do t\u00eb viheshin p\u00ebrball\u00eb Bora Zemanit dhe Donald Veshajt n\u00eb dy emisione t\u00eb ndryshme k\u00ebrcimi b\u00ebri buj\u00eb t\u00eb madhe n\u00eb media. Mir\u00ebpo, teksa t\u00eb gjith\u00eb prisnin q\u00eb emri i k\u00ebng\u00ebtares t\u00eb ishte nd\u00ebr konkurent\u00ebt e \u201cDance with Me\u201d nuk ndodhi k\u00ebshtu. Gjat\u00eb mbr\u00ebmjes s\u00eb djeshme (19 shtator) u [&hellip;]","og_url":"https:\/\/blogin.al\/?p=14659","og_site_name":"blogin.al","article_published_time":"2022-09-20T13:27:09+00:00","article_modified_time":"2022-09-20T13:27:10+00:00","og_image":[{"width":640,"height":384,"url":"https:\/\/blogin.al\/wp-content\/uploads\/2022\/06\/bora-donald-beatrix.jpeg","type":"image\/jpeg"}],"author":"Blogin al","twitter_card":"summary_large_image","twitter_misc":{"Written by":"Blogin al","Est. reading time":"1 minute"},"schema":{"@context":"https:\/\/schema.org","@graph":[{"@type":"Article","@id":"https:\/\/blogin.al\/?p=14659#article","isPartOf":{"@id":"https:\/\/blogin.al\/?p=14659"},"author":{"name":"Blogin al","@id":"https:\/\/blogin.al\/#\/schema\/person\/abdd56bc912cd511db877b852b115399"},"headline":"P\u00ebrball\u00eb Donald Veshajt dhe Bora Zemanit n\u00eb formatin e k\u00ebrcimit? Beatrix Ramosaj reagon p\u00ebr her\u00eb t\u00eb par\u00eb","datePublished":"2022-09-20T13:27:09+00:00","dateModified":"2022-09-20T13:27:10+00:00","mainEntityOfPage":{"@id":"https:\/\/blogin.al\/?p=14659"},"wordCount":203,"commentCount":0,"publisher":{"@id":"https:\/\/blogin.al\/#organization"},"image":{"@id":"https:\/\/blogin.al\/?p=14659#primaryimage"},"thumbnailUrl":"https:\/\/blogin.al\/wp-content\/uploads\/2022\/06\/bora-donald-beatrix.jpeg","articleSection":["SHOWBIZ"],"inLanguage":"en-US","potentialAction":[{"@type":"CommentAction","name":"Comment","target":["https:\/\/blogin.al\/?p=14659#respond"]}]},{"@type":"WebPage","@id":"https:\/\/blogin.al\/?p=14659","url":"https:\/\/blogin.al\/?p=14659","name":"P\u00ebrball\u00eb Donald Veshajt dhe Bora Zemanit n\u00eb formatin e k\u00ebrcimit? Beatrix Ramosaj reagon p\u00ebr her\u00eb t\u00eb par\u00eb - blogin.al","isPartOf":{"@id":"https:\/\/blogin.al\/#website"},"primaryImageOfPage":{"@id":"https:\/\/blogin.al\/?p=14659#primaryimage"},"image":{"@id":"https:\/\/blogin.al\/?p=14659#primaryimage"},"thumbnailUrl":"https:\/\/blogin.al\/wp-content\/uploads\/2022\/06\/bora-donald-beatrix.jpeg","datePublished":"2022-09-20T13:27:09+00:00","dateModified":"2022-09-20T13:27:10+00:00","breadcrumb":{"@id":"https:\/\/blogin.al\/?p=14659#breadcrumb"},"inLanguage":"en-US","potentialAction":[{"@type":"ReadAction","target":["https:\/\/blogin.al\/?p=14659"]}]},{"@type":"ImageObject","inLanguage":"en-US","@id":"https:\/\/blogin.al\/?p=14659#primaryimage","url":"https:\/\/blogin.al\/wp-content\/uploads\/2022\/06\/bora-donald-beatrix.jpeg","contentUrl":"https:\/\/blogin.al\/wp-content\/uploads\/2022\/06\/bora-donald-beatrix.jpeg","width":640,"height":384},{"@type":"BreadcrumbList","@id":"https:\/\/blogin.al\/?p=14659#breadcrumb","itemListElement":[{"@type":"ListItem","position":1,"name":"Home","item":"https:\/\/blogin.al\/"},{"@type":"ListItem","position":2,"name":"P\u00ebrball\u00eb Donald Veshajt dhe Bora Zemanit n\u00eb formatin e k\u00ebrcimit? Beatrix Ramosaj reagon p\u00ebr her\u00eb t\u00eb par\u00eb"}]},{"@type":"WebSite","@id":"https:\/\/blogin.al\/#website","url":"https:\/\/blogin.al\/","name":"blogin.al","description":"","publisher":{"@id":"https:\/\/blogin.al\/#organization"},"potentialAction":[{"@type":"SearchAction","target":{"@type":"EntryPoint","urlTemplate":"https:\/\/blogin.al\/?s={search_term_string}"},"query-input":{"@type":"PropertyValueSpecification","valueRequired":true,"valueName":"search_term_string"}}],"inLanguage":"en-US"},{"@type":"Organization","@id":"https:\/\/blogin.al\/#organization","name":"BLOGIN.al","url":"https:\/\/blogin.al\/","logo":{"@type":"ImageObject","inLanguage":"en-US","@id":"https:\/\/blogin.al\/#\/schema\/logo\/image\/","url":"https:\/\/blogin.al\/wp-content\/uploads\/2022\/05\/Untitled-2-01-e1652084456514.png","contentUrl":"https:\/\/blogin.al\/wp-content\/uploads\/2022\/05\/Untitled-2-01-e1652084456514.png","width":3723,"height":1698,"caption":"BLOGIN.al"},"image":{"@id":"https:\/\/blogin.al\/#\/schema\/logo\/image\/"},"sameAs":["https:\/\/instagram.com\/blogin.al\/"]},{"@type":"Person","@id":"https:\/\/blogin.al\/#\/schema\/person\/abdd56bc912cd511db877b852b115399","name":"Blogin al","image":{"@type":"ImageObject","inLanguage":"en-US","@id":"https:\/\/secure.gravatar.com\/avatar\/60d5661aee6e835fb13dc75d2204cd0c1d61bef2efd137c0083e59ef831e235e?s=96&d=mm&r=g","url":"https:\/\/secure.gravatar.com\/avatar\/60d5661aee6e835fb13dc75d2204cd0c1d61bef2efd137c0083e59ef831e235e?s=96&d=mm&r=g","contentUrl":"https:\/\/secure.gravatar.com\/avatar\/60d5661aee6e835fb13dc75d2204cd0c1d61bef2efd137c0083e59ef831e235e?s=96&d=mm&r=g","caption":"Blogin al"},"sameAs":["https:\/\/blogin.al"],"url":"https:\/\/blogin.al\/?author=2"}]}},"_links":{"self":[{"href":"https:\/\/blogin.al\/index.php?rest_route=\/wp\/v2\/posts\/14659","targetHints":{"allow":["GET"]}}],"collection":[{"href":"https:\/\/blogin.al\/index.php?rest_route=\/wp\/v2\/posts"}],"about":[{"href":"https:\/\/blogin.al\/index.php?rest_route=\/wp\/v2\/types\/post"}],"author":[{"embeddable":true,"href":"https:\/\/blogin.al\/index.php?rest_route=\/wp\/v2\/users\/2"}],"replies":[{"embeddable":true,"href":"https:\/\/blogin.al\/index.php?rest_route=%2Fwp%2Fv2%2Fcomments&post=14659"}],"version-history":[{"count":1,"href":"https:\/\/blogin.al\/index.php?rest_route=\/wp\/v2\/posts\/14659\/revisions"}],"predecessor-version":[{"id":14661,"href":"https:\/\/blogin.al\/index.php?rest_route=\/wp\/v2\/posts\/14659\/revisions\/14661"}],"wp:featuredmedia":[{"embeddable":true,"href":"https:\/\/blogin.al\/index.php?rest_route=\/wp\/v2\/media\/7238"}],"wp:attachment":[{"href":"https:\/\/blogin.al\/index.php?rest_route=%2Fwp%2Fv2%2Fmedia&parent=14659"}],"wp:term":[{"taxonomy":"category","embeddable":true,"href":"https:\/\/blogin.al\/index.php?rest_route=%2Fwp%2Fv2%2Fcategories&post=14659"},{"taxonomy":"post_tag","embeddable":true,"href":"https:\/\/blogin.al\/index.php?rest_route=%2Fwp%2Fv2%2Ftags&post=14659"}],"curies":[{"name":"wp","href":"https:\/\/api.w.org\/{rel}","templated":true}]}}