{"id":14744,"date":"2022-09-21T16:53:52","date_gmt":"2022-09-21T16:53:52","guid":{"rendered":"https:\/\/blogin.al\/?p=14744"},"modified":"2022-09-21T16:53:53","modified_gmt":"2022-09-21T16:53:53","slug":"shakira-thyen-heshtjen-flet-per-ndarjen-nga-gerard-pique-kjo-eshte-periudha-me-e-erret-e-jetes-sime","status":"publish","type":"post","link":"https:\/\/blogin.al\/?p=14744","title":{"rendered":"Shakira thyen heshtjen, flet p\u00ebr ndarjen nga Gerard Pique: Kjo \u00ebsht\u00eb periudha m\u00eb e err\u00ebt e jet\u00ebs sime"},"content":{"rendered":"\n<p>Shakira nuk do t\u00eb g\u00ebnjej\u00eb: \u00cbsht\u00eb e v\u00ebshtir\u00eb t\u00eb flas\u00ebsh p\u00ebr ndarjen e saj nga Gerard Pique.<\/p>\n\n\n\n<p>Edhe pse kan\u00eb kaluar tre muaj q\u00eb kur k\u00ebng\u00ebtarja 45-vje\u00e7are dhe futbollisti 35-vje\u00e7ar njoftuan ndarjen e tyre, Shakira ende e ka t\u00eb v\u00ebshtir\u00eb t\u00eb&nbsp;flas\u00eb p\u00ebr kapitullin e ri t\u00eb familjes s\u00eb saj.<\/p>\n\n\n\n<p><strong>\u201cKam q\u00ebndruar&nbsp;r heshtur dhe thjesht jam p\u00ebrpjekur t\u2019i p\u00ebrpunoj t\u00eb gjitha,\u201d<\/strong>&nbsp;i tha ajo \u2018Elle\u2019&nbsp;pasi u shfaq n\u00eb kopertin\u00ebn e muajit tetor.&nbsp;Shakira, e cila ka dy djem\u00eb Milan, 9 vje\u00e7 dhe Sasha, 7 vje\u00e7, me Gerard&nbsp;tha: \u201c<strong>Um, dhe po, \u00ebsht\u00eb e v\u00ebshtir\u00eb t\u00eb flas\u00ebsh p\u00ebr k\u00ebt\u00eb, ve\u00e7an\u00ebrisht sepse jam ende duke e p\u00ebrjetuar si gj\u00eb, dhe sepse jam n\u00eb sy t\u00eb publikut dhe sepse ndarja jon\u00eb nuk \u00ebsht\u00eb si nj\u00eb ndarje e rregullt. Dhe k\u00ebshtu ka qen\u00eb e v\u00ebshtir\u00eb jo vet\u00ebm p\u00ebr mua, por edhe p\u00ebr f\u00ebmij\u00ebt e mi, tep\u00ebr e v\u00ebshtir\u00eb\u201d.<\/strong><\/p>\n\n\n\n<p><strong>\u201cKam kamping t\u00eb paparac\u00ebve jasht\u00eb, p\u00ebrball\u00eb sht\u00ebpis\u00eb sime, 24\/7\u201d, shtoi Shakira. \u201cDhe nuk ka nj\u00eb vend ku mund t\u00eb fshihem prej tyre me f\u00ebmij\u00ebt e mi, p\u00ebrve\u00e7 sht\u00ebpis\u00eb time. E dini, ne nuk mund t\u00eb b\u00ebjm\u00eb nj\u00eb sh\u00ebtitje n\u00eb park si nj\u00eb familje e zakonshme ose t\u00eb shkojm\u00eb t\u00eb ham\u00eb nj\u00eb akullore ose t\u00eb b\u00ebjm\u00eb ndonj\u00eb aktivitet pa paparac\u00ebt q\u00eb na ndjekin. K\u00ebshtu q\u00eb \u00ebsht\u00eb e v\u00ebshtir\u00eb.\u201d<\/strong><\/p>\n\n\n\n<p>Megjithat\u00eb, k\u00ebng\u00ebtarja e \u201cHips Don\u2019t Lie\u201d po b\u00ebn \u00e7mos p\u00ebr t\u00eb mbrojtur f\u00ebmij\u00ebt e saj nga ndarja \u2013 dhe nga v\u00ebmendja e medias.&nbsp;<strong>\u201cUn\u00eb p\u00ebrpiqem ta b\u00ebj dhe t\u2019i mbroj ata, sepse ky \u00ebsht\u00eb misioni im num\u00ebr nj\u00eb n\u00eb jet\u00eb,\u201d vazhdoi ajo. \u201cPor m\u00eb pas ata d\u00ebgjojn\u00eb gj\u00ebra n\u00eb shkoll\u00eb nga miqt\u00eb e tyre ose hasin n\u00eb disa lajme t\u00eb pak\u00ebndshme n\u00eb internet, dhe kjo thjesht i prek ata, e dini?\u201d<\/strong><\/p>\n\n\n\n<p>Megjithat\u00eb, muaj m\u00eb von\u00eb, ndarja \u00ebsht\u00eb ende e v\u00ebshtir\u00eb p\u00ebr t\u2019u p\u00ebrpunuar. Si\u00e7 i tha Shakira \u2018Elle\u2019<strong>, \u201cNdonj\u00ebher\u00eb ndihem sikur e gjith\u00eb kjo \u00ebsht\u00eb nj\u00eb \u00ebnd\u00ebrr e keqe dhe se do t\u00eb zgjohem n\u00eb nj\u00eb moment.\u201d<\/strong>&nbsp;Por nuk \u00ebsht\u00eb k\u00ebshtu. N\u00eb fakt, Gerard duket se ka l\u00ebvizur nga lidhja e tyre.<\/p>\n\n\n\n<p><strong>\u201c\u00cbsht\u00eb e v\u00ebrtet\u00eb,\u201d<\/strong>&nbsp;tha Shakira p\u00ebr ndarjen e saj nga ylli i futbollit. \u201c<strong>Dhe ajo q\u00eb \u00ebsht\u00eb gjithashtu e v\u00ebrtet\u00eb \u00ebsht\u00eb zhg\u00ebnjimi p\u00ebr t\u00eb par\u00eb di\u00e7ka aq t\u00eb shenjt\u00eb dhe aq t\u00eb ve\u00e7ant\u00eb sa mendoja se ishte marr\u00ebdh\u00ebnia q\u00eb kisha me babain e f\u00ebmij\u00ebve t\u00eb mi dhe e shoh q\u00eb u kthye n\u00eb di\u00e7ka t\u00eb vulgarizuar nga media. Si\u00e7 thash\u00eb, kjo \u00ebsht\u00eb ndoshta periudha m\u00eb e err\u00ebt e jet\u00ebs sime.\u201d<\/strong><\/p>\n","protected":false},"excerpt":{"rendered":"<p>Shakira nuk do t\u00eb g\u00ebnjej\u00eb: \u00cbsht\u00eb e v\u00ebshtir\u00eb t\u00eb flas\u00ebsh p\u00ebr ndarjen e saj nga Gerard Pique. Edhe pse kan\u00eb kaluar tre muaj q\u00eb kur k\u00ebng\u00ebtarja 45-vje\u00e7are dhe futbollisti 35-vje\u00e7ar njoftuan ndarjen e tyre, Shakira ende e ka t\u00eb v\u00ebshtir\u00eb t\u00eb&nbsp;flas\u00eb p\u00ebr kapitullin e ri t\u00eb familjes s\u00eb saj. \u201cKam q\u00ebndruar&nbsp;r heshtur dhe thjesht jam [&hellip;]<\/p>\n","protected":false},"author":2,"featured_media":12424,"comment_status":"open","ping_status":"open","sticky":false,"template":"","format":"standard","meta":{"footnotes":""},"categories":[33],"tags":[],"class_list":{"0":"post-14744","1":"post","2":"type-post","3":"status-publish","4":"format-standard","5":"has-post-thumbnail","7":"category-showbiz"},"yoast_head":"<!-- This site is optimized with the Yoast SEO plugin v27.5 - https:\/\/yoast.com\/product\/yoast-seo-wordpress\/ -->\n<title>Shakira thyen heshtjen, flet p\u00ebr ndarjen nga Gerard Pique: Kjo \u00ebsht\u00eb periudha m\u00eb e err\u00ebt e jet\u00ebs sime - blogin.al<\/title>\n<meta name=\"robots\" content=\"index, follow, max-snippet:-1, max-image-preview:large, max-video-preview:-1\" \/>\n<link rel=\"canonical\" href=\"https:\/\/blogin.al\/?p=14744\" \/>\n<meta property=\"og:locale\" content=\"en_US\" \/>\n<meta property=\"og:type\" content=\"article\" \/>\n<meta property=\"og:title\" content=\"Shakira thyen heshtjen, flet p\u00ebr ndarjen nga Gerard Pique: Kjo \u00ebsht\u00eb periudha m\u00eb e err\u00ebt e jet\u00ebs sime - blogin.al\" \/>\n<meta property=\"og:description\" content=\"Shakira nuk do t\u00eb g\u00ebnjej\u00eb: \u00cbsht\u00eb e v\u00ebshtir\u00eb t\u00eb flas\u00ebsh p\u00ebr ndarjen e saj nga Gerard Pique. Edhe pse kan\u00eb kaluar tre muaj q\u00eb kur k\u00ebng\u00ebtarja 45-vje\u00e7are dhe futbollisti 35-vje\u00e7ar njoftuan ndarjen e tyre, Shakira ende e ka t\u00eb v\u00ebshtir\u00eb t\u00eb&nbsp;flas\u00eb p\u00ebr kapitullin e ri t\u00eb familjes s\u00eb saj. \u201cKam q\u00ebndruar&nbsp;r heshtur dhe thjesht jam [&hellip;]\" \/>\n<meta property=\"og:url\" content=\"https:\/\/blogin.al\/?p=14744\" \/>\n<meta property=\"og:site_name\" content=\"blogin.al\" \/>\n<meta property=\"article:published_time\" content=\"2022-09-21T16:53:52+00:00\" \/>\n<meta property=\"article:modified_time\" content=\"2022-09-21T16:53:53+00:00\" \/>\n<meta property=\"og:image\" content=\"https:\/\/blogin.al\/wp-content\/uploads\/2022\/08\/shakira-faces-trial.jpg\" \/>\n\t<meta property=\"og:image:width\" content=\"2000\" \/>\n\t<meta property=\"og:image:height\" content=\"1333\" \/>\n\t<meta property=\"og:image:type\" content=\"image\/jpeg\" \/>\n<meta name=\"author\" content=\"Blogin al\" \/>\n<meta name=\"twitter:card\" content=\"summary_large_image\" \/>\n<meta name=\"twitter:label1\" content=\"Written by\" \/>\n\t<meta name=\"twitter:data1\" content=\"Blogin al\" \/>\n\t<meta name=\"twitter:label2\" content=\"Est. reading time\" \/>\n\t<meta name=\"twitter:data2\" content=\"2 minutes\" \/>\n<script type=\"application\/ld+json\" class=\"yoast-schema-graph\">{\"@context\":\"https:\\\/\\\/schema.org\",\"@graph\":[{\"@type\":\"Article\",\"@id\":\"https:\\\/\\\/blogin.al\\\/?p=14744#article\",\"isPartOf\":{\"@id\":\"https:\\\/\\\/blogin.al\\\/?p=14744\"},\"author\":{\"name\":\"Blogin al\",\"@id\":\"https:\\\/\\\/blogin.al\\\/#\\\/schema\\\/person\\\/abdd56bc912cd511db877b852b115399\"},\"headline\":\"Shakira thyen heshtjen, flet p\u00ebr ndarjen nga Gerard Pique: Kjo \u00ebsht\u00eb periudha m\u00eb e err\u00ebt e jet\u00ebs sime\",\"datePublished\":\"2022-09-21T16:53:52+00:00\",\"dateModified\":\"2022-09-21T16:53:53+00:00\",\"mainEntityOfPage\":{\"@id\":\"https:\\\/\\\/blogin.al\\\/?p=14744\"},\"wordCount\":512,\"commentCount\":0,\"publisher\":{\"@id\":\"https:\\\/\\\/blogin.al\\\/#organization\"},\"image\":{\"@id\":\"https:\\\/\\\/blogin.al\\\/?p=14744#primaryimage\"},\"thumbnailUrl\":\"https:\\\/\\\/blogin.al\\\/wp-content\\\/uploads\\\/2022\\\/08\\\/shakira-faces-trial.jpg\",\"articleSection\":[\"SHOWBIZ\"],\"inLanguage\":\"en-US\",\"potentialAction\":[{\"@type\":\"CommentAction\",\"name\":\"Comment\",\"target\":[\"https:\\\/\\\/blogin.al\\\/?p=14744#respond\"]}]},{\"@type\":\"WebPage\",\"@id\":\"https:\\\/\\\/blogin.al\\\/?p=14744\",\"url\":\"https:\\\/\\\/blogin.al\\\/?p=14744\",\"name\":\"Shakira thyen heshtjen, flet p\u00ebr ndarjen nga Gerard Pique: Kjo \u00ebsht\u00eb periudha m\u00eb e err\u00ebt e jet\u00ebs sime - blogin.al\",\"isPartOf\":{\"@id\":\"https:\\\/\\\/blogin.al\\\/#website\"},\"primaryImageOfPage\":{\"@id\":\"https:\\\/\\\/blogin.al\\\/?p=14744#primaryimage\"},\"image\":{\"@id\":\"https:\\\/\\\/blogin.al\\\/?p=14744#primaryimage\"},\"thumbnailUrl\":\"https:\\\/\\\/blogin.al\\\/wp-content\\\/uploads\\\/2022\\\/08\\\/shakira-faces-trial.jpg\",\"datePublished\":\"2022-09-21T16:53:52+00:00\",\"dateModified\":\"2022-09-21T16:53:53+00:00\",\"breadcrumb\":{\"@id\":\"https:\\\/\\\/blogin.al\\\/?p=14744#breadcrumb\"},\"inLanguage\":\"en-US\",\"potentialAction\":[{\"@type\":\"ReadAction\",\"target\":[\"https:\\\/\\\/blogin.al\\\/?p=14744\"]}]},{\"@type\":\"ImageObject\",\"inLanguage\":\"en-US\",\"@id\":\"https:\\\/\\\/blogin.al\\\/?p=14744#primaryimage\",\"url\":\"https:\\\/\\\/blogin.al\\\/wp-content\\\/uploads\\\/2022\\\/08\\\/shakira-faces-trial.jpg\",\"contentUrl\":\"https:\\\/\\\/blogin.al\\\/wp-content\\\/uploads\\\/2022\\\/08\\\/shakira-faces-trial.jpg\",\"width\":2000,\"height\":1333},{\"@type\":\"BreadcrumbList\",\"@id\":\"https:\\\/\\\/blogin.al\\\/?p=14744#breadcrumb\",\"itemListElement\":[{\"@type\":\"ListItem\",\"position\":1,\"name\":\"Home\",\"item\":\"https:\\\/\\\/blogin.al\\\/\"},{\"@type\":\"ListItem\",\"position\":2,\"name\":\"Shakira thyen heshtjen, flet p\u00ebr ndarjen nga Gerard Pique: Kjo \u00ebsht\u00eb periudha m\u00eb e err\u00ebt e jet\u00ebs sime\"}]},{\"@type\":\"WebSite\",\"@id\":\"https:\\\/\\\/blogin.al\\\/#website\",\"url\":\"https:\\\/\\\/blogin.al\\\/\",\"name\":\"blogin.al\",\"description\":\"\",\"publisher\":{\"@id\":\"https:\\\/\\\/blogin.al\\\/#organization\"},\"potentialAction\":[{\"@type\":\"SearchAction\",\"target\":{\"@type\":\"EntryPoint\",\"urlTemplate\":\"https:\\\/\\\/blogin.al\\\/?s={search_term_string}\"},\"query-input\":{\"@type\":\"PropertyValueSpecification\",\"valueRequired\":true,\"valueName\":\"search_term_string\"}}],\"inLanguage\":\"en-US\"},{\"@type\":\"Organization\",\"@id\":\"https:\\\/\\\/blogin.al\\\/#organization\",\"name\":\"BLOGIN.al\",\"url\":\"https:\\\/\\\/blogin.al\\\/\",\"logo\":{\"@type\":\"ImageObject\",\"inLanguage\":\"en-US\",\"@id\":\"https:\\\/\\\/blogin.al\\\/#\\\/schema\\\/logo\\\/image\\\/\",\"url\":\"https:\\\/\\\/blogin.al\\\/wp-content\\\/uploads\\\/2022\\\/05\\\/Untitled-2-01-e1652084456514.png\",\"contentUrl\":\"https:\\\/\\\/blogin.al\\\/wp-content\\\/uploads\\\/2022\\\/05\\\/Untitled-2-01-e1652084456514.png\",\"width\":3723,\"height\":1698,\"caption\":\"BLOGIN.al\"},\"image\":{\"@id\":\"https:\\\/\\\/blogin.al\\\/#\\\/schema\\\/logo\\\/image\\\/\"},\"sameAs\":[\"https:\\\/\\\/instagram.com\\\/blogin.al\\\/\"]},{\"@type\":\"Person\",\"@id\":\"https:\\\/\\\/blogin.al\\\/#\\\/schema\\\/person\\\/abdd56bc912cd511db877b852b115399\",\"name\":\"Blogin al\",\"image\":{\"@type\":\"ImageObject\",\"inLanguage\":\"en-US\",\"@id\":\"https:\\\/\\\/secure.gravatar.com\\\/avatar\\\/60d5661aee6e835fb13dc75d2204cd0c1d61bef2efd137c0083e59ef831e235e?s=96&d=mm&r=g\",\"url\":\"https:\\\/\\\/secure.gravatar.com\\\/avatar\\\/60d5661aee6e835fb13dc75d2204cd0c1d61bef2efd137c0083e59ef831e235e?s=96&d=mm&r=g\",\"contentUrl\":\"https:\\\/\\\/secure.gravatar.com\\\/avatar\\\/60d5661aee6e835fb13dc75d2204cd0c1d61bef2efd137c0083e59ef831e235e?s=96&d=mm&r=g\",\"caption\":\"Blogin al\"},\"sameAs\":[\"https:\\\/\\\/blogin.al\"],\"url\":\"https:\\\/\\\/blogin.al\\\/?author=2\"}]}<\/script>\n<!-- \/ Yoast SEO plugin. -->","yoast_head_json":{"title":"Shakira thyen heshtjen, flet p\u00ebr ndarjen nga Gerard Pique: Kjo \u00ebsht\u00eb periudha m\u00eb e err\u00ebt e jet\u00ebs sime - blogin.al","robots":{"index":"index","follow":"follow","max-snippet":"max-snippet:-1","max-image-preview":"max-image-preview:large","max-video-preview":"max-video-preview:-1"},"canonical":"https:\/\/blogin.al\/?p=14744","og_locale":"en_US","og_type":"article","og_title":"Shakira thyen heshtjen, flet p\u00ebr ndarjen nga Gerard Pique: Kjo \u00ebsht\u00eb periudha m\u00eb e err\u00ebt e jet\u00ebs sime - blogin.al","og_description":"Shakira nuk do t\u00eb g\u00ebnjej\u00eb: \u00cbsht\u00eb e v\u00ebshtir\u00eb t\u00eb flas\u00ebsh p\u00ebr ndarjen e saj nga Gerard Pique. Edhe pse kan\u00eb kaluar tre muaj q\u00eb kur k\u00ebng\u00ebtarja 45-vje\u00e7are dhe futbollisti 35-vje\u00e7ar njoftuan ndarjen e tyre, Shakira ende e ka t\u00eb v\u00ebshtir\u00eb t\u00eb&nbsp;flas\u00eb p\u00ebr kapitullin e ri t\u00eb familjes s\u00eb saj. \u201cKam q\u00ebndruar&nbsp;r heshtur dhe thjesht jam [&hellip;]","og_url":"https:\/\/blogin.al\/?p=14744","og_site_name":"blogin.al","article_published_time":"2022-09-21T16:53:52+00:00","article_modified_time":"2022-09-21T16:53:53+00:00","og_image":[{"width":2000,"height":1333,"url":"https:\/\/blogin.al\/wp-content\/uploads\/2022\/08\/shakira-faces-trial.jpg","type":"image\/jpeg"}],"author":"Blogin al","twitter_card":"summary_large_image","twitter_misc":{"Written by":"Blogin al","Est. reading time":"2 minutes"},"schema":{"@context":"https:\/\/schema.org","@graph":[{"@type":"Article","@id":"https:\/\/blogin.al\/?p=14744#article","isPartOf":{"@id":"https:\/\/blogin.al\/?p=14744"},"author":{"name":"Blogin al","@id":"https:\/\/blogin.al\/#\/schema\/person\/abdd56bc912cd511db877b852b115399"},"headline":"Shakira thyen heshtjen, flet p\u00ebr ndarjen nga Gerard Pique: Kjo \u00ebsht\u00eb periudha m\u00eb e err\u00ebt e jet\u00ebs sime","datePublished":"2022-09-21T16:53:52+00:00","dateModified":"2022-09-21T16:53:53+00:00","mainEntityOfPage":{"@id":"https:\/\/blogin.al\/?p=14744"},"wordCount":512,"commentCount":0,"publisher":{"@id":"https:\/\/blogin.al\/#organization"},"image":{"@id":"https:\/\/blogin.al\/?p=14744#primaryimage"},"thumbnailUrl":"https:\/\/blogin.al\/wp-content\/uploads\/2022\/08\/shakira-faces-trial.jpg","articleSection":["SHOWBIZ"],"inLanguage":"en-US","potentialAction":[{"@type":"CommentAction","name":"Comment","target":["https:\/\/blogin.al\/?p=14744#respond"]}]},{"@type":"WebPage","@id":"https:\/\/blogin.al\/?p=14744","url":"https:\/\/blogin.al\/?p=14744","name":"Shakira thyen heshtjen, flet p\u00ebr ndarjen nga Gerard Pique: Kjo \u00ebsht\u00eb periudha m\u00eb e err\u00ebt e jet\u00ebs sime - blogin.al","isPartOf":{"@id":"https:\/\/blogin.al\/#website"},"primaryImageOfPage":{"@id":"https:\/\/blogin.al\/?p=14744#primaryimage"},"image":{"@id":"https:\/\/blogin.al\/?p=14744#primaryimage"},"thumbnailUrl":"https:\/\/blogin.al\/wp-content\/uploads\/2022\/08\/shakira-faces-trial.jpg","datePublished":"2022-09-21T16:53:52+00:00","dateModified":"2022-09-21T16:53:53+00:00","breadcrumb":{"@id":"https:\/\/blogin.al\/?p=14744#breadcrumb"},"inLanguage":"en-US","potentialAction":[{"@type":"ReadAction","target":["https:\/\/blogin.al\/?p=14744"]}]},{"@type":"ImageObject","inLanguage":"en-US","@id":"https:\/\/blogin.al\/?p=14744#primaryimage","url":"https:\/\/blogin.al\/wp-content\/uploads\/2022\/08\/shakira-faces-trial.jpg","contentUrl":"https:\/\/blogin.al\/wp-content\/uploads\/2022\/08\/shakira-faces-trial.jpg","width":2000,"height":1333},{"@type":"BreadcrumbList","@id":"https:\/\/blogin.al\/?p=14744#breadcrumb","itemListElement":[{"@type":"ListItem","position":1,"name":"Home","item":"https:\/\/blogin.al\/"},{"@type":"ListItem","position":2,"name":"Shakira thyen heshtjen, flet p\u00ebr ndarjen nga Gerard Pique: Kjo \u00ebsht\u00eb periudha m\u00eb e err\u00ebt e jet\u00ebs sime"}]},{"@type":"WebSite","@id":"https:\/\/blogin.al\/#website","url":"https:\/\/blogin.al\/","name":"blogin.al","description":"","publisher":{"@id":"https:\/\/blogin.al\/#organization"},"potentialAction":[{"@type":"SearchAction","target":{"@type":"EntryPoint","urlTemplate":"https:\/\/blogin.al\/?s={search_term_string}"},"query-input":{"@type":"PropertyValueSpecification","valueRequired":true,"valueName":"search_term_string"}}],"inLanguage":"en-US"},{"@type":"Organization","@id":"https:\/\/blogin.al\/#organization","name":"BLOGIN.al","url":"https:\/\/blogin.al\/","logo":{"@type":"ImageObject","inLanguage":"en-US","@id":"https:\/\/blogin.al\/#\/schema\/logo\/image\/","url":"https:\/\/blogin.al\/wp-content\/uploads\/2022\/05\/Untitled-2-01-e1652084456514.png","contentUrl":"https:\/\/blogin.al\/wp-content\/uploads\/2022\/05\/Untitled-2-01-e1652084456514.png","width":3723,"height":1698,"caption":"BLOGIN.al"},"image":{"@id":"https:\/\/blogin.al\/#\/schema\/logo\/image\/"},"sameAs":["https:\/\/instagram.com\/blogin.al\/"]},{"@type":"Person","@id":"https:\/\/blogin.al\/#\/schema\/person\/abdd56bc912cd511db877b852b115399","name":"Blogin al","image":{"@type":"ImageObject","inLanguage":"en-US","@id":"https:\/\/secure.gravatar.com\/avatar\/60d5661aee6e835fb13dc75d2204cd0c1d61bef2efd137c0083e59ef831e235e?s=96&d=mm&r=g","url":"https:\/\/secure.gravatar.com\/avatar\/60d5661aee6e835fb13dc75d2204cd0c1d61bef2efd137c0083e59ef831e235e?s=96&d=mm&r=g","contentUrl":"https:\/\/secure.gravatar.com\/avatar\/60d5661aee6e835fb13dc75d2204cd0c1d61bef2efd137c0083e59ef831e235e?s=96&d=mm&r=g","caption":"Blogin al"},"sameAs":["https:\/\/blogin.al"],"url":"https:\/\/blogin.al\/?author=2"}]}},"_links":{"self":[{"href":"https:\/\/blogin.al\/index.php?rest_route=\/wp\/v2\/posts\/14744","targetHints":{"allow":["GET"]}}],"collection":[{"href":"https:\/\/blogin.al\/index.php?rest_route=\/wp\/v2\/posts"}],"about":[{"href":"https:\/\/blogin.al\/index.php?rest_route=\/wp\/v2\/types\/post"}],"author":[{"embeddable":true,"href":"https:\/\/blogin.al\/index.php?rest_route=\/wp\/v2\/users\/2"}],"replies":[{"embeddable":true,"href":"https:\/\/blogin.al\/index.php?rest_route=%2Fwp%2Fv2%2Fcomments&post=14744"}],"version-history":[{"count":1,"href":"https:\/\/blogin.al\/index.php?rest_route=\/wp\/v2\/posts\/14744\/revisions"}],"predecessor-version":[{"id":14745,"href":"https:\/\/blogin.al\/index.php?rest_route=\/wp\/v2\/posts\/14744\/revisions\/14745"}],"wp:featuredmedia":[{"embeddable":true,"href":"https:\/\/blogin.al\/index.php?rest_route=\/wp\/v2\/media\/12424"}],"wp:attachment":[{"href":"https:\/\/blogin.al\/index.php?rest_route=%2Fwp%2Fv2%2Fmedia&parent=14744"}],"wp:term":[{"taxonomy":"category","embeddable":true,"href":"https:\/\/blogin.al\/index.php?rest_route=%2Fwp%2Fv2%2Fcategories&post=14744"},{"taxonomy":"post_tag","embeddable":true,"href":"https:\/\/blogin.al\/index.php?rest_route=%2Fwp%2Fv2%2Ftags&post=14744"}],"curies":[{"name":"wp","href":"https:\/\/api.w.org\/{rel}","templated":true}]}}