{"id":14746,"date":"2022-09-21T16:58:12","date_gmt":"2022-09-21T16:58:12","guid":{"rendered":"https:\/\/blogin.al\/?p=14746"},"modified":"2022-09-21T16:58:13","modified_gmt":"2022-09-21T16:58:13","slug":"komenti-i-ermal-mamaqit-beri-per-te-qare-arta-nitajn-cndodhi-ne-prapaskenat-e-dance-with-me","status":"publish","type":"post","link":"https:\/\/blogin.al\/?p=14746","title":{"rendered":"Komenti i Ermal Mamaqit b\u00ebri p\u00ebr t\u00eb qar\u00eb Arta Nitajn, \u00e7\u2019ndodhi n\u00eb prapaskenat e \u201cDance With Me\u201d"},"content":{"rendered":"\n<p>N\u00eb rrjetet sociale \u00ebsht\u00eb b\u00ebr\u00eb virale nj\u00eb video e Ermal Mamaqit dhe komentet q\u00eb ai b\u00ebri p\u00ebr Arta Nitajn gjat\u00eb nat\u00ebs s\u00eb par\u00eb t\u00eb \u201cDance with me\u201d, ku jan\u00eb respektivisht an\u00ebtar jurie dhe konkurrente.<\/p>\n\n\n\n<p>Aktori duket se ka risjell\u00eb n\u00eb v\u00ebmendje skandalin e bujsh\u00ebm \u201cDubai Porta Potty\u201d, duke aluduar se Arta \u00ebsht\u00eb pjes\u00eb e tij.<\/p>\n\n\n\n<p><strong>\u201cDoja t\u00eb dija si ta b\u00ebjm\u00eb edhe ne trupin si Arta?<\/strong>\u201c-pyeti Ermali duke marr\u00eb p\u00ebrgjigje nga moderatorja e emisionit Alketa Vejsiu e cila tha:<strong>&nbsp;\u201c<\/strong><strong>Duhet t\u00eb shkosh n\u00eb Brazil.\u201d<\/strong><\/p>\n\n\n\n<p>Mir\u00ebpo, vazhdimi i bised\u00ebs ishte i hidhur me Ermalin q\u00eb pyet:&nbsp;<strong>\u201c<\/strong><strong>Brazil apo Dubai?\u201d<\/strong>&nbsp;Pyetje t\u00eb cil\u00ebs iu p\u00ebrgjigj s\u00ebrish Alketa, po me nj\u00eb pyetje tjet\u00ebr:&nbsp;<strong>\u201c<\/strong><strong>Po me Dubain \u00e7\u2019kishe tani?\u201d<\/strong><\/p>\n\n\n\n<p>Po Arta si reagoi n\u00eb gjith\u00eb k\u00ebt\u00eb? Ajo nuk foli, thjesht e kaloi me nj\u00eb buz\u00ebqeshje.<\/p>\n\n\n\n<p>Reagimi i saj u komentua shum\u00eb edhe n\u00eb mediat sociale teksa\u00a0\u2018Kryefjala.com\u2019 shkruan se\u00a0<strong>\u201ckomentet e an\u00ebtarit t\u00eb juris\u00eb Ermal Mamaqi (q\u00eb jan\u00eb pasuar me buz\u00ebqeshjen ironike edhe t\u00eb Alket\u00ebs) e kan\u00eb b\u00ebr\u00eb p\u00ebr t\u00eb qar\u00eb Nitajn n\u00eb prapaskenat e programit.\u201d<\/strong><\/p>\n","protected":false},"excerpt":{"rendered":"<p>N\u00eb rrjetet sociale \u00ebsht\u00eb b\u00ebr\u00eb virale nj\u00eb video e Ermal Mamaqit dhe komentet q\u00eb ai b\u00ebri p\u00ebr Arta Nitajn gjat\u00eb nat\u00ebs s\u00eb par\u00eb t\u00eb \u201cDance with me\u201d, ku jan\u00eb respektivisht an\u00ebtar jurie dhe konkurrente. Aktori duket se ka risjell\u00eb n\u00eb v\u00ebmendje skandalin e bujsh\u00ebm \u201cDubai Porta Potty\u201d, duke aluduar se Arta \u00ebsht\u00eb pjes\u00eb e tij. [&hellip;]<\/p>\n","protected":false},"author":2,"featured_media":14747,"comment_status":"open","ping_status":"open","sticky":false,"template":"","format":"standard","meta":{"footnotes":""},"categories":[33],"tags":[],"class_list":{"0":"post-14746","1":"post","2":"type-post","3":"status-publish","4":"format-standard","5":"has-post-thumbnail","7":"category-showbiz"},"yoast_head":"<!-- This site is optimized with the Yoast SEO plugin v27.5 - https:\/\/yoast.com\/product\/yoast-seo-wordpress\/ -->\n<title>Komenti i Ermal Mamaqit b\u00ebri p\u00ebr t\u00eb qar\u00eb Arta Nitajn, \u00e7\u2019ndodhi n\u00eb prapaskenat e \u201cDance With Me\u201d - blogin.al<\/title>\n<meta name=\"robots\" content=\"index, follow, max-snippet:-1, max-image-preview:large, max-video-preview:-1\" \/>\n<link rel=\"canonical\" href=\"https:\/\/blogin.al\/?p=14746\" \/>\n<meta property=\"og:locale\" content=\"en_US\" \/>\n<meta property=\"og:type\" content=\"article\" \/>\n<meta property=\"og:title\" content=\"Komenti i Ermal Mamaqit b\u00ebri p\u00ebr t\u00eb qar\u00eb Arta Nitajn, \u00e7\u2019ndodhi n\u00eb prapaskenat e \u201cDance With Me\u201d - blogin.al\" \/>\n<meta property=\"og:description\" content=\"N\u00eb rrjetet sociale \u00ebsht\u00eb b\u00ebr\u00eb virale nj\u00eb video e Ermal Mamaqit dhe komentet q\u00eb ai b\u00ebri p\u00ebr Arta Nitajn gjat\u00eb nat\u00ebs s\u00eb par\u00eb t\u00eb \u201cDance with me\u201d, ku jan\u00eb respektivisht an\u00ebtar jurie dhe konkurrente. Aktori duket se ka risjell\u00eb n\u00eb v\u00ebmendje skandalin e bujsh\u00ebm \u201cDubai Porta Potty\u201d, duke aluduar se Arta \u00ebsht\u00eb pjes\u00eb e tij. [&hellip;]\" \/>\n<meta property=\"og:url\" content=\"https:\/\/blogin.al\/?p=14746\" \/>\n<meta property=\"og:site_name\" content=\"blogin.al\" \/>\n<meta property=\"article:published_time\" content=\"2022-09-21T16:58:12+00:00\" \/>\n<meta property=\"article:modified_time\" content=\"2022-09-21T16:58:13+00:00\" \/>\n<meta property=\"og:image\" content=\"https:\/\/blogin.al\/wp-content\/uploads\/2022\/09\/arta-nitaj-3345345834543-1-696x392-1.webp\" \/>\n\t<meta property=\"og:image:width\" content=\"696\" \/>\n\t<meta property=\"og:image:height\" content=\"375\" \/>\n\t<meta property=\"og:image:type\" content=\"image\/webp\" \/>\n<meta name=\"author\" content=\"Blogin al\" \/>\n<meta name=\"twitter:card\" content=\"summary_large_image\" \/>\n<meta name=\"twitter:label1\" content=\"Written by\" \/>\n\t<meta name=\"twitter:data1\" content=\"Blogin al\" \/>\n\t<meta name=\"twitter:label2\" content=\"Est. reading time\" \/>\n\t<meta name=\"twitter:data2\" content=\"1 minute\" \/>\n<script type=\"application\/ld+json\" class=\"yoast-schema-graph\">{\"@context\":\"https:\\\/\\\/schema.org\",\"@graph\":[{\"@type\":\"Article\",\"@id\":\"https:\\\/\\\/blogin.al\\\/?p=14746#article\",\"isPartOf\":{\"@id\":\"https:\\\/\\\/blogin.al\\\/?p=14746\"},\"author\":{\"name\":\"Blogin al\",\"@id\":\"https:\\\/\\\/blogin.al\\\/#\\\/schema\\\/person\\\/abdd56bc912cd511db877b852b115399\"},\"headline\":\"Komenti i Ermal Mamaqit b\u00ebri p\u00ebr t\u00eb qar\u00eb Arta Nitajn, \u00e7\u2019ndodhi n\u00eb prapaskenat e \u201cDance With Me\u201d\",\"datePublished\":\"2022-09-21T16:58:12+00:00\",\"dateModified\":\"2022-09-21T16:58:13+00:00\",\"mainEntityOfPage\":{\"@id\":\"https:\\\/\\\/blogin.al\\\/?p=14746\"},\"wordCount\":219,\"commentCount\":0,\"publisher\":{\"@id\":\"https:\\\/\\\/blogin.al\\\/#organization\"},\"image\":{\"@id\":\"https:\\\/\\\/blogin.al\\\/?p=14746#primaryimage\"},\"thumbnailUrl\":\"https:\\\/\\\/blogin.al\\\/wp-content\\\/uploads\\\/2022\\\/09\\\/arta-nitaj-3345345834543-1-696x392-1.webp\",\"articleSection\":[\"SHOWBIZ\"],\"inLanguage\":\"en-US\",\"potentialAction\":[{\"@type\":\"CommentAction\",\"name\":\"Comment\",\"target\":[\"https:\\\/\\\/blogin.al\\\/?p=14746#respond\"]}]},{\"@type\":\"WebPage\",\"@id\":\"https:\\\/\\\/blogin.al\\\/?p=14746\",\"url\":\"https:\\\/\\\/blogin.al\\\/?p=14746\",\"name\":\"Komenti i Ermal Mamaqit b\u00ebri p\u00ebr t\u00eb qar\u00eb Arta Nitajn, \u00e7\u2019ndodhi n\u00eb prapaskenat e \u201cDance With Me\u201d - blogin.al\",\"isPartOf\":{\"@id\":\"https:\\\/\\\/blogin.al\\\/#website\"},\"primaryImageOfPage\":{\"@id\":\"https:\\\/\\\/blogin.al\\\/?p=14746#primaryimage\"},\"image\":{\"@id\":\"https:\\\/\\\/blogin.al\\\/?p=14746#primaryimage\"},\"thumbnailUrl\":\"https:\\\/\\\/blogin.al\\\/wp-content\\\/uploads\\\/2022\\\/09\\\/arta-nitaj-3345345834543-1-696x392-1.webp\",\"datePublished\":\"2022-09-21T16:58:12+00:00\",\"dateModified\":\"2022-09-21T16:58:13+00:00\",\"breadcrumb\":{\"@id\":\"https:\\\/\\\/blogin.al\\\/?p=14746#breadcrumb\"},\"inLanguage\":\"en-US\",\"potentialAction\":[{\"@type\":\"ReadAction\",\"target\":[\"https:\\\/\\\/blogin.al\\\/?p=14746\"]}]},{\"@type\":\"ImageObject\",\"inLanguage\":\"en-US\",\"@id\":\"https:\\\/\\\/blogin.al\\\/?p=14746#primaryimage\",\"url\":\"https:\\\/\\\/blogin.al\\\/wp-content\\\/uploads\\\/2022\\\/09\\\/arta-nitaj-3345345834543-1-696x392-1.webp\",\"contentUrl\":\"https:\\\/\\\/blogin.al\\\/wp-content\\\/uploads\\\/2022\\\/09\\\/arta-nitaj-3345345834543-1-696x392-1.webp\",\"width\":696,\"height\":375},{\"@type\":\"BreadcrumbList\",\"@id\":\"https:\\\/\\\/blogin.al\\\/?p=14746#breadcrumb\",\"itemListElement\":[{\"@type\":\"ListItem\",\"position\":1,\"name\":\"Home\",\"item\":\"https:\\\/\\\/blogin.al\\\/\"},{\"@type\":\"ListItem\",\"position\":2,\"name\":\"Komenti i Ermal Mamaqit b\u00ebri p\u00ebr t\u00eb qar\u00eb Arta Nitajn, \u00e7\u2019ndodhi n\u00eb prapaskenat e \u201cDance With Me\u201d\"}]},{\"@type\":\"WebSite\",\"@id\":\"https:\\\/\\\/blogin.al\\\/#website\",\"url\":\"https:\\\/\\\/blogin.al\\\/\",\"name\":\"blogin.al\",\"description\":\"\",\"publisher\":{\"@id\":\"https:\\\/\\\/blogin.al\\\/#organization\"},\"potentialAction\":[{\"@type\":\"SearchAction\",\"target\":{\"@type\":\"EntryPoint\",\"urlTemplate\":\"https:\\\/\\\/blogin.al\\\/?s={search_term_string}\"},\"query-input\":{\"@type\":\"PropertyValueSpecification\",\"valueRequired\":true,\"valueName\":\"search_term_string\"}}],\"inLanguage\":\"en-US\"},{\"@type\":\"Organization\",\"@id\":\"https:\\\/\\\/blogin.al\\\/#organization\",\"name\":\"BLOGIN.al\",\"url\":\"https:\\\/\\\/blogin.al\\\/\",\"logo\":{\"@type\":\"ImageObject\",\"inLanguage\":\"en-US\",\"@id\":\"https:\\\/\\\/blogin.al\\\/#\\\/schema\\\/logo\\\/image\\\/\",\"url\":\"https:\\\/\\\/blogin.al\\\/wp-content\\\/uploads\\\/2022\\\/05\\\/Untitled-2-01-e1652084456514.png\",\"contentUrl\":\"https:\\\/\\\/blogin.al\\\/wp-content\\\/uploads\\\/2022\\\/05\\\/Untitled-2-01-e1652084456514.png\",\"width\":3723,\"height\":1698,\"caption\":\"BLOGIN.al\"},\"image\":{\"@id\":\"https:\\\/\\\/blogin.al\\\/#\\\/schema\\\/logo\\\/image\\\/\"},\"sameAs\":[\"https:\\\/\\\/instagram.com\\\/blogin.al\\\/\"]},{\"@type\":\"Person\",\"@id\":\"https:\\\/\\\/blogin.al\\\/#\\\/schema\\\/person\\\/abdd56bc912cd511db877b852b115399\",\"name\":\"Blogin al\",\"image\":{\"@type\":\"ImageObject\",\"inLanguage\":\"en-US\",\"@id\":\"https:\\\/\\\/secure.gravatar.com\\\/avatar\\\/60d5661aee6e835fb13dc75d2204cd0c1d61bef2efd137c0083e59ef831e235e?s=96&d=mm&r=g\",\"url\":\"https:\\\/\\\/secure.gravatar.com\\\/avatar\\\/60d5661aee6e835fb13dc75d2204cd0c1d61bef2efd137c0083e59ef831e235e?s=96&d=mm&r=g\",\"contentUrl\":\"https:\\\/\\\/secure.gravatar.com\\\/avatar\\\/60d5661aee6e835fb13dc75d2204cd0c1d61bef2efd137c0083e59ef831e235e?s=96&d=mm&r=g\",\"caption\":\"Blogin al\"},\"sameAs\":[\"https:\\\/\\\/blogin.al\"],\"url\":\"https:\\\/\\\/blogin.al\\\/?author=2\"}]}<\/script>\n<!-- \/ Yoast SEO plugin. -->","yoast_head_json":{"title":"Komenti i Ermal Mamaqit b\u00ebri p\u00ebr t\u00eb qar\u00eb Arta Nitajn, \u00e7\u2019ndodhi n\u00eb prapaskenat e \u201cDance With Me\u201d - blogin.al","robots":{"index":"index","follow":"follow","max-snippet":"max-snippet:-1","max-image-preview":"max-image-preview:large","max-video-preview":"max-video-preview:-1"},"canonical":"https:\/\/blogin.al\/?p=14746","og_locale":"en_US","og_type":"article","og_title":"Komenti i Ermal Mamaqit b\u00ebri p\u00ebr t\u00eb qar\u00eb Arta Nitajn, \u00e7\u2019ndodhi n\u00eb prapaskenat e \u201cDance With Me\u201d - blogin.al","og_description":"N\u00eb rrjetet sociale \u00ebsht\u00eb b\u00ebr\u00eb virale nj\u00eb video e Ermal Mamaqit dhe komentet q\u00eb ai b\u00ebri p\u00ebr Arta Nitajn gjat\u00eb nat\u00ebs s\u00eb par\u00eb t\u00eb \u201cDance with me\u201d, ku jan\u00eb respektivisht an\u00ebtar jurie dhe konkurrente. Aktori duket se ka risjell\u00eb n\u00eb v\u00ebmendje skandalin e bujsh\u00ebm \u201cDubai Porta Potty\u201d, duke aluduar se Arta \u00ebsht\u00eb pjes\u00eb e tij. [&hellip;]","og_url":"https:\/\/blogin.al\/?p=14746","og_site_name":"blogin.al","article_published_time":"2022-09-21T16:58:12+00:00","article_modified_time":"2022-09-21T16:58:13+00:00","og_image":[{"width":696,"height":375,"url":"https:\/\/blogin.al\/wp-content\/uploads\/2022\/09\/arta-nitaj-3345345834543-1-696x392-1.webp","type":"image\/webp"}],"author":"Blogin al","twitter_card":"summary_large_image","twitter_misc":{"Written by":"Blogin al","Est. reading time":"1 minute"},"schema":{"@context":"https:\/\/schema.org","@graph":[{"@type":"Article","@id":"https:\/\/blogin.al\/?p=14746#article","isPartOf":{"@id":"https:\/\/blogin.al\/?p=14746"},"author":{"name":"Blogin al","@id":"https:\/\/blogin.al\/#\/schema\/person\/abdd56bc912cd511db877b852b115399"},"headline":"Komenti i Ermal Mamaqit b\u00ebri p\u00ebr t\u00eb qar\u00eb Arta Nitajn, \u00e7\u2019ndodhi n\u00eb prapaskenat e \u201cDance With Me\u201d","datePublished":"2022-09-21T16:58:12+00:00","dateModified":"2022-09-21T16:58:13+00:00","mainEntityOfPage":{"@id":"https:\/\/blogin.al\/?p=14746"},"wordCount":219,"commentCount":0,"publisher":{"@id":"https:\/\/blogin.al\/#organization"},"image":{"@id":"https:\/\/blogin.al\/?p=14746#primaryimage"},"thumbnailUrl":"https:\/\/blogin.al\/wp-content\/uploads\/2022\/09\/arta-nitaj-3345345834543-1-696x392-1.webp","articleSection":["SHOWBIZ"],"inLanguage":"en-US","potentialAction":[{"@type":"CommentAction","name":"Comment","target":["https:\/\/blogin.al\/?p=14746#respond"]}]},{"@type":"WebPage","@id":"https:\/\/blogin.al\/?p=14746","url":"https:\/\/blogin.al\/?p=14746","name":"Komenti i Ermal Mamaqit b\u00ebri p\u00ebr t\u00eb qar\u00eb Arta Nitajn, \u00e7\u2019ndodhi n\u00eb prapaskenat e \u201cDance With Me\u201d - blogin.al","isPartOf":{"@id":"https:\/\/blogin.al\/#website"},"primaryImageOfPage":{"@id":"https:\/\/blogin.al\/?p=14746#primaryimage"},"image":{"@id":"https:\/\/blogin.al\/?p=14746#primaryimage"},"thumbnailUrl":"https:\/\/blogin.al\/wp-content\/uploads\/2022\/09\/arta-nitaj-3345345834543-1-696x392-1.webp","datePublished":"2022-09-21T16:58:12+00:00","dateModified":"2022-09-21T16:58:13+00:00","breadcrumb":{"@id":"https:\/\/blogin.al\/?p=14746#breadcrumb"},"inLanguage":"en-US","potentialAction":[{"@type":"ReadAction","target":["https:\/\/blogin.al\/?p=14746"]}]},{"@type":"ImageObject","inLanguage":"en-US","@id":"https:\/\/blogin.al\/?p=14746#primaryimage","url":"https:\/\/blogin.al\/wp-content\/uploads\/2022\/09\/arta-nitaj-3345345834543-1-696x392-1.webp","contentUrl":"https:\/\/blogin.al\/wp-content\/uploads\/2022\/09\/arta-nitaj-3345345834543-1-696x392-1.webp","width":696,"height":375},{"@type":"BreadcrumbList","@id":"https:\/\/blogin.al\/?p=14746#breadcrumb","itemListElement":[{"@type":"ListItem","position":1,"name":"Home","item":"https:\/\/blogin.al\/"},{"@type":"ListItem","position":2,"name":"Komenti i Ermal Mamaqit b\u00ebri p\u00ebr t\u00eb qar\u00eb Arta Nitajn, \u00e7\u2019ndodhi n\u00eb prapaskenat e \u201cDance With Me\u201d"}]},{"@type":"WebSite","@id":"https:\/\/blogin.al\/#website","url":"https:\/\/blogin.al\/","name":"blogin.al","description":"","publisher":{"@id":"https:\/\/blogin.al\/#organization"},"potentialAction":[{"@type":"SearchAction","target":{"@type":"EntryPoint","urlTemplate":"https:\/\/blogin.al\/?s={search_term_string}"},"query-input":{"@type":"PropertyValueSpecification","valueRequired":true,"valueName":"search_term_string"}}],"inLanguage":"en-US"},{"@type":"Organization","@id":"https:\/\/blogin.al\/#organization","name":"BLOGIN.al","url":"https:\/\/blogin.al\/","logo":{"@type":"ImageObject","inLanguage":"en-US","@id":"https:\/\/blogin.al\/#\/schema\/logo\/image\/","url":"https:\/\/blogin.al\/wp-content\/uploads\/2022\/05\/Untitled-2-01-e1652084456514.png","contentUrl":"https:\/\/blogin.al\/wp-content\/uploads\/2022\/05\/Untitled-2-01-e1652084456514.png","width":3723,"height":1698,"caption":"BLOGIN.al"},"image":{"@id":"https:\/\/blogin.al\/#\/schema\/logo\/image\/"},"sameAs":["https:\/\/instagram.com\/blogin.al\/"]},{"@type":"Person","@id":"https:\/\/blogin.al\/#\/schema\/person\/abdd56bc912cd511db877b852b115399","name":"Blogin al","image":{"@type":"ImageObject","inLanguage":"en-US","@id":"https:\/\/secure.gravatar.com\/avatar\/60d5661aee6e835fb13dc75d2204cd0c1d61bef2efd137c0083e59ef831e235e?s=96&d=mm&r=g","url":"https:\/\/secure.gravatar.com\/avatar\/60d5661aee6e835fb13dc75d2204cd0c1d61bef2efd137c0083e59ef831e235e?s=96&d=mm&r=g","contentUrl":"https:\/\/secure.gravatar.com\/avatar\/60d5661aee6e835fb13dc75d2204cd0c1d61bef2efd137c0083e59ef831e235e?s=96&d=mm&r=g","caption":"Blogin al"},"sameAs":["https:\/\/blogin.al"],"url":"https:\/\/blogin.al\/?author=2"}]}},"_links":{"self":[{"href":"https:\/\/blogin.al\/index.php?rest_route=\/wp\/v2\/posts\/14746","targetHints":{"allow":["GET"]}}],"collection":[{"href":"https:\/\/blogin.al\/index.php?rest_route=\/wp\/v2\/posts"}],"about":[{"href":"https:\/\/blogin.al\/index.php?rest_route=\/wp\/v2\/types\/post"}],"author":[{"embeddable":true,"href":"https:\/\/blogin.al\/index.php?rest_route=\/wp\/v2\/users\/2"}],"replies":[{"embeddable":true,"href":"https:\/\/blogin.al\/index.php?rest_route=%2Fwp%2Fv2%2Fcomments&post=14746"}],"version-history":[{"count":1,"href":"https:\/\/blogin.al\/index.php?rest_route=\/wp\/v2\/posts\/14746\/revisions"}],"predecessor-version":[{"id":14748,"href":"https:\/\/blogin.al\/index.php?rest_route=\/wp\/v2\/posts\/14746\/revisions\/14748"}],"wp:featuredmedia":[{"embeddable":true,"href":"https:\/\/blogin.al\/index.php?rest_route=\/wp\/v2\/media\/14747"}],"wp:attachment":[{"href":"https:\/\/blogin.al\/index.php?rest_route=%2Fwp%2Fv2%2Fmedia&parent=14746"}],"wp:term":[{"taxonomy":"category","embeddable":true,"href":"https:\/\/blogin.al\/index.php?rest_route=%2Fwp%2Fv2%2Fcategories&post=14746"},{"taxonomy":"post_tag","embeddable":true,"href":"https:\/\/blogin.al\/index.php?rest_route=%2Fwp%2Fv2%2Ftags&post=14746"}],"curies":[{"name":"wp","href":"https:\/\/api.w.org\/{rel}","templated":true}]}}