{"id":14751,"date":"2022-09-22T06:26:01","date_gmt":"2022-09-22T06:26:01","guid":{"rendered":"https:\/\/blogin.al\/?p=14751"},"modified":"2022-09-22T06:26:02","modified_gmt":"2022-09-22T06:26:02","slug":"e-dashura-e-re-e-piques-ndalet-ne-mes-te-rruges-nga-gazetarja-ja-reagimi-i-saj-kur-i-permendet-shakira","status":"publish","type":"post","link":"https:\/\/blogin.al\/?p=14751","title":{"rendered":"E dashura e re e Piques ndalet n\u00eb mes t\u00eb rrug\u00ebs nga gazetarja, ja reagimi i saj kur i p\u00ebrmendet Shakira"},"content":{"rendered":"\n<p>S\u00eb fundmi programi spanjoll \u201d El Programa de Ana Rosa \u201d ka publikuar nj\u00eb video t\u00eb partneres s\u00eb Piqu\u00ebs e cila po ec\u00ebn n\u00ebp\u00ebr rrug\u00ebt e Barcelon\u00ebs me nj\u00eb mikesh\u00eb dhe nj\u00eb gazetare i b\u00ebn asaj pyetje t\u00eb shumta n\u00eb lidhje me marr\u00ebdh\u00ebnien e saj me lojtarin e FC Barcelona dhe ndarjes nga Shakira, apo duke e cil\u00ebsuar si \u2018shkaktaren\u2019 q\u00eb i coi drejt divorcit, \u200b\u200bnd\u00ebrsa shoqja e saj p\u00ebrpiqet t\u00eb mbuloj\u00eb kamer\u00ebn, Clara duket\u00a0 e nervozuar dhe nuk u p\u00ebrgjigjet asnj\u00eb pyetje t\u00eb b\u00ebra nga gazetarja.<\/p>\n\n\n\n<p>N\u00eb programin e sip\u00ebrp\u00ebrmendur n\u00eb studio jan\u00eb ankuar p\u00ebr q\u00ebndrimin e shoqes n\u00eb kamera, por kritikojn\u00eb edhe q\u00ebndrimin e gazetares duke i b\u00ebr\u00eb pyetje t\u00eb pak\u00ebndshme asaj, e cila duke mos qen\u00eb m\u00ebsuar t\u00eb jet\u00eb personazh publik, duket nervoze dhe nuk di si t\u00eb ktheje p\u00ebrgjigje.<\/p>\n\n\n\n<figure class=\"wp-block-embed is-type-rich is-provider-twitter wp-block-embed-twitter\"><div class=\"wp-block-embed__wrapper\">\n<blockquote class=\"twitter-tweet\" data-width=\"550\" data-dnt=\"true\"><p lang=\"es\" dir=\"ltr\">Los gestos de Clara Ch\u00eda Mart\u00ed al ser consultada por su relaci\u00f3n con Gerard Piqu\u00e9. Fuente: (Europa Press) <a href=\"https:\/\/t.co\/LGQISEjJX1\">pic.twitter.com\/LGQISEjJX1<\/a><\/p>&mdash; ES24 (@Es24Espana) <a href=\"https:\/\/twitter.com\/Es24Espana\/status\/1572236392809533440?ref_src=twsrc%5Etfw\">September 20, 2022<\/a><\/blockquote><script async src=\"https:\/\/platform.twitter.com\/widgets.js\" charset=\"utf-8\"><\/script>\n<\/div><\/figure>\n\n\n\n<p>Gerard Pique dhe Shakira ende nuk kan\u00eb arritur nj\u00eb marr\u00ebveshje p\u00ebr kujdestarin\u00eb e f\u00ebmij\u00ebve t\u00eb tyre dhe se kjo mund t\u00eb zgjidhet n\u00eb gjykat\u00eb, por ende nuk dihet n\u00ebse do t\u00eb ket\u00eb takime t\u00eb tjera p\u00ebr t\u00eb arritur nj\u00eb marr\u00ebveshje pa duke shkuar n\u00eb gjykat\u00eb.<\/p>\n","protected":false},"excerpt":{"rendered":"<p>S\u00eb fundmi programi spanjoll \u201d El Programa de Ana Rosa \u201d ka publikuar nj\u00eb video t\u00eb partneres s\u00eb Piqu\u00ebs e cila po ec\u00ebn n\u00ebp\u00ebr rrug\u00ebt e Barcelon\u00ebs me nj\u00eb mikesh\u00eb dhe nj\u00eb gazetare i b\u00ebn asaj pyetje t\u00eb shumta n\u00eb lidhje me marr\u00ebdh\u00ebnien e saj me lojtarin e FC Barcelona dhe ndarjes nga Shakira, apo [&hellip;]<\/p>\n","protected":false},"author":2,"featured_media":12879,"comment_status":"open","ping_status":"open","sticky":false,"template":"","format":"standard","meta":{"footnotes":""},"categories":[33],"tags":[],"class_list":{"0":"post-14751","1":"post","2":"type-post","3":"status-publish","4":"format-standard","5":"has-post-thumbnail","7":"category-showbiz"},"yoast_head":"<!-- This site is optimized with the Yoast SEO plugin v27.5 - https:\/\/yoast.com\/product\/yoast-seo-wordpress\/ -->\n<title>E dashura e re e Piques ndalet n\u00eb mes t\u00eb rrug\u00ebs nga gazetarja, ja reagimi i saj kur i p\u00ebrmendet Shakira - blogin.al<\/title>\n<meta name=\"robots\" content=\"index, follow, max-snippet:-1, max-image-preview:large, max-video-preview:-1\" \/>\n<link rel=\"canonical\" href=\"https:\/\/blogin.al\/?p=14751\" \/>\n<meta property=\"og:locale\" content=\"en_US\" \/>\n<meta property=\"og:type\" content=\"article\" \/>\n<meta property=\"og:title\" content=\"E dashura e re e Piques ndalet n\u00eb mes t\u00eb rrug\u00ebs nga gazetarja, ja reagimi i saj kur i p\u00ebrmendet Shakira - blogin.al\" \/>\n<meta property=\"og:description\" content=\"S\u00eb fundmi programi spanjoll \u201d El Programa de Ana Rosa \u201d ka publikuar nj\u00eb video t\u00eb partneres s\u00eb Piqu\u00ebs e cila po ec\u00ebn n\u00ebp\u00ebr rrug\u00ebt e Barcelon\u00ebs me nj\u00eb mikesh\u00eb dhe nj\u00eb gazetare i b\u00ebn asaj pyetje t\u00eb shumta n\u00eb lidhje me marr\u00ebdh\u00ebnien e saj me lojtarin e FC Barcelona dhe ndarjes nga Shakira, apo [&hellip;]\" \/>\n<meta property=\"og:url\" content=\"https:\/\/blogin.al\/?p=14751\" \/>\n<meta property=\"og:site_name\" content=\"blogin.al\" \/>\n<meta property=\"article:published_time\" content=\"2022-09-22T06:26:01+00:00\" \/>\n<meta property=\"article:modified_time\" content=\"2022-09-22T06:26:02+00:00\" \/>\n<meta property=\"og:image\" content=\"https:\/\/blogin.al\/wp-content\/uploads\/2022\/08\/gerald-pique-clara.jpg\" \/>\n\t<meta property=\"og:image:width\" content=\"680\" \/>\n\t<meta property=\"og:image:height\" content=\"382\" \/>\n\t<meta property=\"og:image:type\" content=\"image\/jpeg\" \/>\n<meta name=\"author\" content=\"Blogin al\" \/>\n<meta name=\"twitter:card\" content=\"summary_large_image\" \/>\n<meta name=\"twitter:label1\" content=\"Written by\" \/>\n\t<meta name=\"twitter:data1\" content=\"Blogin al\" \/>\n\t<meta name=\"twitter:label2\" content=\"Est. reading time\" \/>\n\t<meta name=\"twitter:data2\" content=\"1 minute\" \/>\n<script type=\"application\/ld+json\" class=\"yoast-schema-graph\">{\"@context\":\"https:\\\/\\\/schema.org\",\"@graph\":[{\"@type\":\"Article\",\"@id\":\"https:\\\/\\\/blogin.al\\\/?p=14751#article\",\"isPartOf\":{\"@id\":\"https:\\\/\\\/blogin.al\\\/?p=14751\"},\"author\":{\"name\":\"Blogin al\",\"@id\":\"https:\\\/\\\/blogin.al\\\/#\\\/schema\\\/person\\\/abdd56bc912cd511db877b852b115399\"},\"headline\":\"E dashura e re e Piques ndalet n\u00eb mes t\u00eb rrug\u00ebs nga gazetarja, ja reagimi i saj kur i p\u00ebrmendet Shakira\",\"datePublished\":\"2022-09-22T06:26:01+00:00\",\"dateModified\":\"2022-09-22T06:26:02+00:00\",\"mainEntityOfPage\":{\"@id\":\"https:\\\/\\\/blogin.al\\\/?p=14751\"},\"wordCount\":272,\"commentCount\":0,\"publisher\":{\"@id\":\"https:\\\/\\\/blogin.al\\\/#organization\"},\"image\":{\"@id\":\"https:\\\/\\\/blogin.al\\\/?p=14751#primaryimage\"},\"thumbnailUrl\":\"https:\\\/\\\/blogin.al\\\/wp-content\\\/uploads\\\/2022\\\/08\\\/gerald-pique-clara.jpg\",\"articleSection\":[\"SHOWBIZ\"],\"inLanguage\":\"en-US\",\"potentialAction\":[{\"@type\":\"CommentAction\",\"name\":\"Comment\",\"target\":[\"https:\\\/\\\/blogin.al\\\/?p=14751#respond\"]}]},{\"@type\":\"WebPage\",\"@id\":\"https:\\\/\\\/blogin.al\\\/?p=14751\",\"url\":\"https:\\\/\\\/blogin.al\\\/?p=14751\",\"name\":\"E dashura e re e Piques ndalet n\u00eb mes t\u00eb rrug\u00ebs nga gazetarja, ja reagimi i saj kur i p\u00ebrmendet Shakira - blogin.al\",\"isPartOf\":{\"@id\":\"https:\\\/\\\/blogin.al\\\/#website\"},\"primaryImageOfPage\":{\"@id\":\"https:\\\/\\\/blogin.al\\\/?p=14751#primaryimage\"},\"image\":{\"@id\":\"https:\\\/\\\/blogin.al\\\/?p=14751#primaryimage\"},\"thumbnailUrl\":\"https:\\\/\\\/blogin.al\\\/wp-content\\\/uploads\\\/2022\\\/08\\\/gerald-pique-clara.jpg\",\"datePublished\":\"2022-09-22T06:26:01+00:00\",\"dateModified\":\"2022-09-22T06:26:02+00:00\",\"breadcrumb\":{\"@id\":\"https:\\\/\\\/blogin.al\\\/?p=14751#breadcrumb\"},\"inLanguage\":\"en-US\",\"potentialAction\":[{\"@type\":\"ReadAction\",\"target\":[\"https:\\\/\\\/blogin.al\\\/?p=14751\"]}]},{\"@type\":\"ImageObject\",\"inLanguage\":\"en-US\",\"@id\":\"https:\\\/\\\/blogin.al\\\/?p=14751#primaryimage\",\"url\":\"https:\\\/\\\/blogin.al\\\/wp-content\\\/uploads\\\/2022\\\/08\\\/gerald-pique-clara.jpg\",\"contentUrl\":\"https:\\\/\\\/blogin.al\\\/wp-content\\\/uploads\\\/2022\\\/08\\\/gerald-pique-clara.jpg\",\"width\":680,\"height\":382},{\"@type\":\"BreadcrumbList\",\"@id\":\"https:\\\/\\\/blogin.al\\\/?p=14751#breadcrumb\",\"itemListElement\":[{\"@type\":\"ListItem\",\"position\":1,\"name\":\"Home\",\"item\":\"https:\\\/\\\/blogin.al\\\/\"},{\"@type\":\"ListItem\",\"position\":2,\"name\":\"E dashura e re e Piques ndalet n\u00eb mes t\u00eb rrug\u00ebs nga gazetarja, ja reagimi i saj kur i p\u00ebrmendet Shakira\"}]},{\"@type\":\"WebSite\",\"@id\":\"https:\\\/\\\/blogin.al\\\/#website\",\"url\":\"https:\\\/\\\/blogin.al\\\/\",\"name\":\"blogin.al\",\"description\":\"\",\"publisher\":{\"@id\":\"https:\\\/\\\/blogin.al\\\/#organization\"},\"potentialAction\":[{\"@type\":\"SearchAction\",\"target\":{\"@type\":\"EntryPoint\",\"urlTemplate\":\"https:\\\/\\\/blogin.al\\\/?s={search_term_string}\"},\"query-input\":{\"@type\":\"PropertyValueSpecification\",\"valueRequired\":true,\"valueName\":\"search_term_string\"}}],\"inLanguage\":\"en-US\"},{\"@type\":\"Organization\",\"@id\":\"https:\\\/\\\/blogin.al\\\/#organization\",\"name\":\"BLOGIN.al\",\"url\":\"https:\\\/\\\/blogin.al\\\/\",\"logo\":{\"@type\":\"ImageObject\",\"inLanguage\":\"en-US\",\"@id\":\"https:\\\/\\\/blogin.al\\\/#\\\/schema\\\/logo\\\/image\\\/\",\"url\":\"https:\\\/\\\/blogin.al\\\/wp-content\\\/uploads\\\/2022\\\/05\\\/Untitled-2-01-e1652084456514.png\",\"contentUrl\":\"https:\\\/\\\/blogin.al\\\/wp-content\\\/uploads\\\/2022\\\/05\\\/Untitled-2-01-e1652084456514.png\",\"width\":3723,\"height\":1698,\"caption\":\"BLOGIN.al\"},\"image\":{\"@id\":\"https:\\\/\\\/blogin.al\\\/#\\\/schema\\\/logo\\\/image\\\/\"},\"sameAs\":[\"https:\\\/\\\/instagram.com\\\/blogin.al\\\/\"]},{\"@type\":\"Person\",\"@id\":\"https:\\\/\\\/blogin.al\\\/#\\\/schema\\\/person\\\/abdd56bc912cd511db877b852b115399\",\"name\":\"Blogin al\",\"image\":{\"@type\":\"ImageObject\",\"inLanguage\":\"en-US\",\"@id\":\"https:\\\/\\\/secure.gravatar.com\\\/avatar\\\/60d5661aee6e835fb13dc75d2204cd0c1d61bef2efd137c0083e59ef831e235e?s=96&d=mm&r=g\",\"url\":\"https:\\\/\\\/secure.gravatar.com\\\/avatar\\\/60d5661aee6e835fb13dc75d2204cd0c1d61bef2efd137c0083e59ef831e235e?s=96&d=mm&r=g\",\"contentUrl\":\"https:\\\/\\\/secure.gravatar.com\\\/avatar\\\/60d5661aee6e835fb13dc75d2204cd0c1d61bef2efd137c0083e59ef831e235e?s=96&d=mm&r=g\",\"caption\":\"Blogin al\"},\"sameAs\":[\"https:\\\/\\\/blogin.al\"],\"url\":\"https:\\\/\\\/blogin.al\\\/?author=2\"}]}<\/script>\n<!-- \/ Yoast SEO plugin. -->","yoast_head_json":{"title":"E dashura e re e Piques ndalet n\u00eb mes t\u00eb rrug\u00ebs nga gazetarja, ja reagimi i saj kur i p\u00ebrmendet Shakira - blogin.al","robots":{"index":"index","follow":"follow","max-snippet":"max-snippet:-1","max-image-preview":"max-image-preview:large","max-video-preview":"max-video-preview:-1"},"canonical":"https:\/\/blogin.al\/?p=14751","og_locale":"en_US","og_type":"article","og_title":"E dashura e re e Piques ndalet n\u00eb mes t\u00eb rrug\u00ebs nga gazetarja, ja reagimi i saj kur i p\u00ebrmendet Shakira - blogin.al","og_description":"S\u00eb fundmi programi spanjoll \u201d El Programa de Ana Rosa \u201d ka publikuar nj\u00eb video t\u00eb partneres s\u00eb Piqu\u00ebs e cila po ec\u00ebn n\u00ebp\u00ebr rrug\u00ebt e Barcelon\u00ebs me nj\u00eb mikesh\u00eb dhe nj\u00eb gazetare i b\u00ebn asaj pyetje t\u00eb shumta n\u00eb lidhje me marr\u00ebdh\u00ebnien e saj me lojtarin e FC Barcelona dhe ndarjes nga Shakira, apo [&hellip;]","og_url":"https:\/\/blogin.al\/?p=14751","og_site_name":"blogin.al","article_published_time":"2022-09-22T06:26:01+00:00","article_modified_time":"2022-09-22T06:26:02+00:00","og_image":[{"width":680,"height":382,"url":"https:\/\/blogin.al\/wp-content\/uploads\/2022\/08\/gerald-pique-clara.jpg","type":"image\/jpeg"}],"author":"Blogin al","twitter_card":"summary_large_image","twitter_misc":{"Written by":"Blogin al","Est. reading time":"1 minute"},"schema":{"@context":"https:\/\/schema.org","@graph":[{"@type":"Article","@id":"https:\/\/blogin.al\/?p=14751#article","isPartOf":{"@id":"https:\/\/blogin.al\/?p=14751"},"author":{"name":"Blogin al","@id":"https:\/\/blogin.al\/#\/schema\/person\/abdd56bc912cd511db877b852b115399"},"headline":"E dashura e re e Piques ndalet n\u00eb mes t\u00eb rrug\u00ebs nga gazetarja, ja reagimi i saj kur i p\u00ebrmendet Shakira","datePublished":"2022-09-22T06:26:01+00:00","dateModified":"2022-09-22T06:26:02+00:00","mainEntityOfPage":{"@id":"https:\/\/blogin.al\/?p=14751"},"wordCount":272,"commentCount":0,"publisher":{"@id":"https:\/\/blogin.al\/#organization"},"image":{"@id":"https:\/\/blogin.al\/?p=14751#primaryimage"},"thumbnailUrl":"https:\/\/blogin.al\/wp-content\/uploads\/2022\/08\/gerald-pique-clara.jpg","articleSection":["SHOWBIZ"],"inLanguage":"en-US","potentialAction":[{"@type":"CommentAction","name":"Comment","target":["https:\/\/blogin.al\/?p=14751#respond"]}]},{"@type":"WebPage","@id":"https:\/\/blogin.al\/?p=14751","url":"https:\/\/blogin.al\/?p=14751","name":"E dashura e re e Piques ndalet n\u00eb mes t\u00eb rrug\u00ebs nga gazetarja, ja reagimi i saj kur i p\u00ebrmendet Shakira - blogin.al","isPartOf":{"@id":"https:\/\/blogin.al\/#website"},"primaryImageOfPage":{"@id":"https:\/\/blogin.al\/?p=14751#primaryimage"},"image":{"@id":"https:\/\/blogin.al\/?p=14751#primaryimage"},"thumbnailUrl":"https:\/\/blogin.al\/wp-content\/uploads\/2022\/08\/gerald-pique-clara.jpg","datePublished":"2022-09-22T06:26:01+00:00","dateModified":"2022-09-22T06:26:02+00:00","breadcrumb":{"@id":"https:\/\/blogin.al\/?p=14751#breadcrumb"},"inLanguage":"en-US","potentialAction":[{"@type":"ReadAction","target":["https:\/\/blogin.al\/?p=14751"]}]},{"@type":"ImageObject","inLanguage":"en-US","@id":"https:\/\/blogin.al\/?p=14751#primaryimage","url":"https:\/\/blogin.al\/wp-content\/uploads\/2022\/08\/gerald-pique-clara.jpg","contentUrl":"https:\/\/blogin.al\/wp-content\/uploads\/2022\/08\/gerald-pique-clara.jpg","width":680,"height":382},{"@type":"BreadcrumbList","@id":"https:\/\/blogin.al\/?p=14751#breadcrumb","itemListElement":[{"@type":"ListItem","position":1,"name":"Home","item":"https:\/\/blogin.al\/"},{"@type":"ListItem","position":2,"name":"E dashura e re e Piques ndalet n\u00eb mes t\u00eb rrug\u00ebs nga gazetarja, ja reagimi i saj kur i p\u00ebrmendet Shakira"}]},{"@type":"WebSite","@id":"https:\/\/blogin.al\/#website","url":"https:\/\/blogin.al\/","name":"blogin.al","description":"","publisher":{"@id":"https:\/\/blogin.al\/#organization"},"potentialAction":[{"@type":"SearchAction","target":{"@type":"EntryPoint","urlTemplate":"https:\/\/blogin.al\/?s={search_term_string}"},"query-input":{"@type":"PropertyValueSpecification","valueRequired":true,"valueName":"search_term_string"}}],"inLanguage":"en-US"},{"@type":"Organization","@id":"https:\/\/blogin.al\/#organization","name":"BLOGIN.al","url":"https:\/\/blogin.al\/","logo":{"@type":"ImageObject","inLanguage":"en-US","@id":"https:\/\/blogin.al\/#\/schema\/logo\/image\/","url":"https:\/\/blogin.al\/wp-content\/uploads\/2022\/05\/Untitled-2-01-e1652084456514.png","contentUrl":"https:\/\/blogin.al\/wp-content\/uploads\/2022\/05\/Untitled-2-01-e1652084456514.png","width":3723,"height":1698,"caption":"BLOGIN.al"},"image":{"@id":"https:\/\/blogin.al\/#\/schema\/logo\/image\/"},"sameAs":["https:\/\/instagram.com\/blogin.al\/"]},{"@type":"Person","@id":"https:\/\/blogin.al\/#\/schema\/person\/abdd56bc912cd511db877b852b115399","name":"Blogin al","image":{"@type":"ImageObject","inLanguage":"en-US","@id":"https:\/\/secure.gravatar.com\/avatar\/60d5661aee6e835fb13dc75d2204cd0c1d61bef2efd137c0083e59ef831e235e?s=96&d=mm&r=g","url":"https:\/\/secure.gravatar.com\/avatar\/60d5661aee6e835fb13dc75d2204cd0c1d61bef2efd137c0083e59ef831e235e?s=96&d=mm&r=g","contentUrl":"https:\/\/secure.gravatar.com\/avatar\/60d5661aee6e835fb13dc75d2204cd0c1d61bef2efd137c0083e59ef831e235e?s=96&d=mm&r=g","caption":"Blogin al"},"sameAs":["https:\/\/blogin.al"],"url":"https:\/\/blogin.al\/?author=2"}]}},"_links":{"self":[{"href":"https:\/\/blogin.al\/index.php?rest_route=\/wp\/v2\/posts\/14751","targetHints":{"allow":["GET"]}}],"collection":[{"href":"https:\/\/blogin.al\/index.php?rest_route=\/wp\/v2\/posts"}],"about":[{"href":"https:\/\/blogin.al\/index.php?rest_route=\/wp\/v2\/types\/post"}],"author":[{"embeddable":true,"href":"https:\/\/blogin.al\/index.php?rest_route=\/wp\/v2\/users\/2"}],"replies":[{"embeddable":true,"href":"https:\/\/blogin.al\/index.php?rest_route=%2Fwp%2Fv2%2Fcomments&post=14751"}],"version-history":[{"count":1,"href":"https:\/\/blogin.al\/index.php?rest_route=\/wp\/v2\/posts\/14751\/revisions"}],"predecessor-version":[{"id":14752,"href":"https:\/\/blogin.al\/index.php?rest_route=\/wp\/v2\/posts\/14751\/revisions\/14752"}],"wp:featuredmedia":[{"embeddable":true,"href":"https:\/\/blogin.al\/index.php?rest_route=\/wp\/v2\/media\/12879"}],"wp:attachment":[{"href":"https:\/\/blogin.al\/index.php?rest_route=%2Fwp%2Fv2%2Fmedia&parent=14751"}],"wp:term":[{"taxonomy":"category","embeddable":true,"href":"https:\/\/blogin.al\/index.php?rest_route=%2Fwp%2Fv2%2Fcategories&post=14751"},{"taxonomy":"post_tag","embeddable":true,"href":"https:\/\/blogin.al\/index.php?rest_route=%2Fwp%2Fv2%2Ftags&post=14751"}],"curies":[{"name":"wp","href":"https:\/\/api.w.org\/{rel}","templated":true}]}}