{"id":14811,"date":"2022-09-23T07:10:07","date_gmt":"2022-09-23T07:10:07","guid":{"rendered":"https:\/\/blogin.al\/?p=14811"},"modified":"2022-09-23T07:10:09","modified_gmt":"2022-09-23T07:10:09","slug":"keta-sy-nuk-genjejne-kurre-elita-ia-ben-akoma-me-te-embel-pervjetorin-gjikos","status":"publish","type":"post","link":"https:\/\/blogin.al\/?p=14811","title":{"rendered":"\u2018K\u00ebta sy nuk g\u00ebnjejn\u00eb kurr\u00eb\u2019, Elita ia b\u00ebn akoma m\u00eb t\u00eb \u00ebmb\u00ebl p\u00ebrvjetorin Gjikos"},"content":{"rendered":"\n<p>Elita dhe Gjiko sot festojn\u00eb nj\u00eb nga datat m\u00eb t\u00eb r\u00ebnd\u00ebsishme t\u00eb jet\u00ebs s\u00eb tyre.<\/p>\n\n\n\n<p>N\u00ebp\u00ebrmjet disa fotove t\u00eb ve\u00e7anta Elita ia uron k\u00ebshtu p\u00ebrvjetorin e martes\u00ebs Gjikos.<\/p>\n\n\n\n<figure class=\"wp-block-image size-full is-style-default\"><img fetchpriority=\"high\" decoding=\"async\" width=\"499\" height=\"865\" src=\"https:\/\/blogin.al\/wp-content\/uploads\/2022\/09\/elita.png\" alt=\"\" class=\"wp-image-14812\" srcset=\"https:\/\/blogin.al\/wp-content\/uploads\/2022\/09\/elita.png 499w, https:\/\/blogin.al\/wp-content\/uploads\/2022\/09\/elita-173x300.png 173w, https:\/\/blogin.al\/wp-content\/uploads\/2022\/09\/elita-150x260.png 150w, https:\/\/blogin.al\/wp-content\/uploads\/2022\/09\/elita-300x520.png 300w\" sizes=\"(max-width: 499px) 100vw, 499px\" \/><\/figure>\n\n\n\n<p>\u2018Je i vetmi q\u00eb dua t\u00eb m\u00ebrzis\u00eb gjith\u00eb jet\u00ebn. Dua t\u00eb ecim p\u00ebrdore kur t\u00eb jemi 80 vje\u00e7 dhe t\u00eb themi: Ia dol\u00ebm. K\u00ebta sy, i dashur nuk g\u00ebnjejn\u00eb kurr\u00eb!\u2019<\/p>\n\n\n\n<figure class=\"wp-block-image size-full is-style-default\"><img decoding=\"async\" width=\"496\" height=\"884\" src=\"https:\/\/blogin.al\/wp-content\/uploads\/2022\/09\/elita1.png\" alt=\"\" class=\"wp-image-14813\" srcset=\"https:\/\/blogin.al\/wp-content\/uploads\/2022\/09\/elita1.png 496w, https:\/\/blogin.al\/wp-content\/uploads\/2022\/09\/elita1-168x300.png 168w, https:\/\/blogin.al\/wp-content\/uploads\/2022\/09\/elita1-150x267.png 150w, https:\/\/blogin.al\/wp-content\/uploads\/2022\/09\/elita1-300x535.png 300w\" sizes=\"(max-width: 496px) 100vw, 496px\" \/><\/figure>\n\n\n\n<p>Kujtojm\u00eb se ky vit ka qen\u00eb super sfidues si p\u00ebr Elit\u00ebn dhe Gjikon. Shkak i momenteve t\u00eb v\u00ebshtira jan\u00eb b\u00ebr\u00eb akuzat ndaj Gjikos p\u00ebr shfryt\u00ebzimin e nj\u00eb t\u00eb miture. Reperi ka hedhur posht\u00eb gjith\u00e7ka duke e ndjekur rastin n\u00eb m\u00ebnyr\u00eb ligjore.<\/p>\n\n\n\n<figure class=\"wp-block-image size-full is-style-default\"><img decoding=\"async\" width=\"493\" height=\"884\" src=\"https:\/\/blogin.al\/wp-content\/uploads\/2022\/09\/elita2.png\" alt=\"\" class=\"wp-image-14814\" srcset=\"https:\/\/blogin.al\/wp-content\/uploads\/2022\/09\/elita2.png 493w, https:\/\/blogin.al\/wp-content\/uploads\/2022\/09\/elita2-167x300.png 167w, https:\/\/blogin.al\/wp-content\/uploads\/2022\/09\/elita2-150x269.png 150w, https:\/\/blogin.al\/wp-content\/uploads\/2022\/09\/elita2-300x538.png 300w\" sizes=\"(max-width: 493px) 100vw, 493px\" \/><\/figure>\n","protected":false},"excerpt":{"rendered":"<p>Elita dhe Gjiko sot festojn\u00eb nj\u00eb nga datat m\u00eb t\u00eb r\u00ebnd\u00ebsishme t\u00eb jet\u00ebs s\u00eb tyre. N\u00ebp\u00ebrmjet disa fotove t\u00eb ve\u00e7anta Elita ia uron k\u00ebshtu p\u00ebrvjetorin e martes\u00ebs Gjikos. \u2018Je i vetmi q\u00eb dua t\u00eb m\u00ebrzis\u00eb gjith\u00eb jet\u00ebn. Dua t\u00eb ecim p\u00ebrdore kur t\u00eb jemi 80 vje\u00e7 dhe t\u00eb themi: Ia dol\u00ebm. K\u00ebta sy, i dashur [&hellip;]<\/p>\n","protected":false},"author":2,"featured_media":9109,"comment_status":"open","ping_status":"open","sticky":false,"template":"","format":"standard","meta":{"footnotes":""},"categories":[33],"tags":[],"class_list":{"0":"post-14811","1":"post","2":"type-post","3":"status-publish","4":"format-standard","5":"has-post-thumbnail","7":"category-showbiz"},"yoast_head":"<!-- This site is optimized with the Yoast SEO plugin v27.5 - https:\/\/yoast.com\/product\/yoast-seo-wordpress\/ -->\n<title>\u2018K\u00ebta sy nuk g\u00ebnjejn\u00eb kurr\u00eb\u2019, Elita ia b\u00ebn akoma m\u00eb t\u00eb \u00ebmb\u00ebl p\u00ebrvjetorin Gjikos - blogin.al<\/title>\n<meta name=\"robots\" content=\"index, follow, max-snippet:-1, max-image-preview:large, max-video-preview:-1\" \/>\n<link rel=\"canonical\" href=\"https:\/\/blogin.al\/?p=14811\" \/>\n<meta property=\"og:locale\" content=\"en_US\" \/>\n<meta property=\"og:type\" content=\"article\" \/>\n<meta property=\"og:title\" content=\"\u2018K\u00ebta sy nuk g\u00ebnjejn\u00eb kurr\u00eb\u2019, Elita ia b\u00ebn akoma m\u00eb t\u00eb \u00ebmb\u00ebl p\u00ebrvjetorin Gjikos - blogin.al\" \/>\n<meta property=\"og:description\" content=\"Elita dhe Gjiko sot festojn\u00eb nj\u00eb nga datat m\u00eb t\u00eb r\u00ebnd\u00ebsishme t\u00eb jet\u00ebs s\u00eb tyre. N\u00ebp\u00ebrmjet disa fotove t\u00eb ve\u00e7anta Elita ia uron k\u00ebshtu p\u00ebrvjetorin e martes\u00ebs Gjikos. \u2018Je i vetmi q\u00eb dua t\u00eb m\u00ebrzis\u00eb gjith\u00eb jet\u00ebn. Dua t\u00eb ecim p\u00ebrdore kur t\u00eb jemi 80 vje\u00e7 dhe t\u00eb themi: Ia dol\u00ebm. K\u00ebta sy, i dashur [&hellip;]\" \/>\n<meta property=\"og:url\" content=\"https:\/\/blogin.al\/?p=14811\" \/>\n<meta property=\"og:site_name\" content=\"blogin.al\" \/>\n<meta property=\"article:published_time\" content=\"2022-09-23T07:10:07+00:00\" \/>\n<meta property=\"article:modified_time\" content=\"2022-09-23T07:10:09+00:00\" \/>\n<meta property=\"og:image\" content=\"https:\/\/blogin.al\/wp-content\/uploads\/2022\/06\/gjiko-elita.jpg\" \/>\n\t<meta property=\"og:image:width\" content=\"800\" \/>\n\t<meta property=\"og:image:height\" content=\"660\" \/>\n\t<meta property=\"og:image:type\" content=\"image\/jpeg\" \/>\n<meta name=\"author\" content=\"Blogin al\" \/>\n<meta name=\"twitter:card\" content=\"summary_large_image\" \/>\n<meta name=\"twitter:label1\" content=\"Written by\" \/>\n\t<meta name=\"twitter:data1\" content=\"Blogin al\" \/>\n\t<meta name=\"twitter:label2\" content=\"Est. reading time\" \/>\n\t<meta name=\"twitter:data2\" content=\"2 minutes\" \/>\n<script type=\"application\/ld+json\" class=\"yoast-schema-graph\">{\"@context\":\"https:\\\/\\\/schema.org\",\"@graph\":[{\"@type\":\"Article\",\"@id\":\"https:\\\/\\\/blogin.al\\\/?p=14811#article\",\"isPartOf\":{\"@id\":\"https:\\\/\\\/blogin.al\\\/?p=14811\"},\"author\":{\"name\":\"Blogin al\",\"@id\":\"https:\\\/\\\/blogin.al\\\/#\\\/schema\\\/person\\\/abdd56bc912cd511db877b852b115399\"},\"headline\":\"\u2018K\u00ebta sy nuk g\u00ebnjejn\u00eb kurr\u00eb\u2019, Elita ia b\u00ebn akoma m\u00eb t\u00eb \u00ebmb\u00ebl p\u00ebrvjetorin Gjikos\",\"datePublished\":\"2022-09-23T07:10:07+00:00\",\"dateModified\":\"2022-09-23T07:10:09+00:00\",\"mainEntityOfPage\":{\"@id\":\"https:\\\/\\\/blogin.al\\\/?p=14811\"},\"wordCount\":140,\"commentCount\":0,\"publisher\":{\"@id\":\"https:\\\/\\\/blogin.al\\\/#organization\"},\"image\":{\"@id\":\"https:\\\/\\\/blogin.al\\\/?p=14811#primaryimage\"},\"thumbnailUrl\":\"https:\\\/\\\/blogin.al\\\/wp-content\\\/uploads\\\/2022\\\/06\\\/gjiko-elita.jpg\",\"articleSection\":[\"SHOWBIZ\"],\"inLanguage\":\"en-US\",\"potentialAction\":[{\"@type\":\"CommentAction\",\"name\":\"Comment\",\"target\":[\"https:\\\/\\\/blogin.al\\\/?p=14811#respond\"]}]},{\"@type\":\"WebPage\",\"@id\":\"https:\\\/\\\/blogin.al\\\/?p=14811\",\"url\":\"https:\\\/\\\/blogin.al\\\/?p=14811\",\"name\":\"\u2018K\u00ebta sy nuk g\u00ebnjejn\u00eb kurr\u00eb\u2019, Elita ia b\u00ebn akoma m\u00eb t\u00eb \u00ebmb\u00ebl p\u00ebrvjetorin Gjikos - blogin.al\",\"isPartOf\":{\"@id\":\"https:\\\/\\\/blogin.al\\\/#website\"},\"primaryImageOfPage\":{\"@id\":\"https:\\\/\\\/blogin.al\\\/?p=14811#primaryimage\"},\"image\":{\"@id\":\"https:\\\/\\\/blogin.al\\\/?p=14811#primaryimage\"},\"thumbnailUrl\":\"https:\\\/\\\/blogin.al\\\/wp-content\\\/uploads\\\/2022\\\/06\\\/gjiko-elita.jpg\",\"datePublished\":\"2022-09-23T07:10:07+00:00\",\"dateModified\":\"2022-09-23T07:10:09+00:00\",\"breadcrumb\":{\"@id\":\"https:\\\/\\\/blogin.al\\\/?p=14811#breadcrumb\"},\"inLanguage\":\"en-US\",\"potentialAction\":[{\"@type\":\"ReadAction\",\"target\":[\"https:\\\/\\\/blogin.al\\\/?p=14811\"]}]},{\"@type\":\"ImageObject\",\"inLanguage\":\"en-US\",\"@id\":\"https:\\\/\\\/blogin.al\\\/?p=14811#primaryimage\",\"url\":\"https:\\\/\\\/blogin.al\\\/wp-content\\\/uploads\\\/2022\\\/06\\\/gjiko-elita.jpg\",\"contentUrl\":\"https:\\\/\\\/blogin.al\\\/wp-content\\\/uploads\\\/2022\\\/06\\\/gjiko-elita.jpg\",\"width\":800,\"height\":660},{\"@type\":\"BreadcrumbList\",\"@id\":\"https:\\\/\\\/blogin.al\\\/?p=14811#breadcrumb\",\"itemListElement\":[{\"@type\":\"ListItem\",\"position\":1,\"name\":\"Home\",\"item\":\"https:\\\/\\\/blogin.al\\\/\"},{\"@type\":\"ListItem\",\"position\":2,\"name\":\"\u2018K\u00ebta sy nuk g\u00ebnjejn\u00eb kurr\u00eb\u2019, Elita ia b\u00ebn akoma m\u00eb t\u00eb \u00ebmb\u00ebl p\u00ebrvjetorin Gjikos\"}]},{\"@type\":\"WebSite\",\"@id\":\"https:\\\/\\\/blogin.al\\\/#website\",\"url\":\"https:\\\/\\\/blogin.al\\\/\",\"name\":\"blogin.al\",\"description\":\"\",\"publisher\":{\"@id\":\"https:\\\/\\\/blogin.al\\\/#organization\"},\"potentialAction\":[{\"@type\":\"SearchAction\",\"target\":{\"@type\":\"EntryPoint\",\"urlTemplate\":\"https:\\\/\\\/blogin.al\\\/?s={search_term_string}\"},\"query-input\":{\"@type\":\"PropertyValueSpecification\",\"valueRequired\":true,\"valueName\":\"search_term_string\"}}],\"inLanguage\":\"en-US\"},{\"@type\":\"Organization\",\"@id\":\"https:\\\/\\\/blogin.al\\\/#organization\",\"name\":\"BLOGIN.al\",\"url\":\"https:\\\/\\\/blogin.al\\\/\",\"logo\":{\"@type\":\"ImageObject\",\"inLanguage\":\"en-US\",\"@id\":\"https:\\\/\\\/blogin.al\\\/#\\\/schema\\\/logo\\\/image\\\/\",\"url\":\"https:\\\/\\\/blogin.al\\\/wp-content\\\/uploads\\\/2022\\\/05\\\/Untitled-2-01-e1652084456514.png\",\"contentUrl\":\"https:\\\/\\\/blogin.al\\\/wp-content\\\/uploads\\\/2022\\\/05\\\/Untitled-2-01-e1652084456514.png\",\"width\":3723,\"height\":1698,\"caption\":\"BLOGIN.al\"},\"image\":{\"@id\":\"https:\\\/\\\/blogin.al\\\/#\\\/schema\\\/logo\\\/image\\\/\"},\"sameAs\":[\"https:\\\/\\\/instagram.com\\\/blogin.al\\\/\"]},{\"@type\":\"Person\",\"@id\":\"https:\\\/\\\/blogin.al\\\/#\\\/schema\\\/person\\\/abdd56bc912cd511db877b852b115399\",\"name\":\"Blogin al\",\"image\":{\"@type\":\"ImageObject\",\"inLanguage\":\"en-US\",\"@id\":\"https:\\\/\\\/secure.gravatar.com\\\/avatar\\\/60d5661aee6e835fb13dc75d2204cd0c1d61bef2efd137c0083e59ef831e235e?s=96&d=mm&r=g\",\"url\":\"https:\\\/\\\/secure.gravatar.com\\\/avatar\\\/60d5661aee6e835fb13dc75d2204cd0c1d61bef2efd137c0083e59ef831e235e?s=96&d=mm&r=g\",\"contentUrl\":\"https:\\\/\\\/secure.gravatar.com\\\/avatar\\\/60d5661aee6e835fb13dc75d2204cd0c1d61bef2efd137c0083e59ef831e235e?s=96&d=mm&r=g\",\"caption\":\"Blogin al\"},\"sameAs\":[\"https:\\\/\\\/blogin.al\"],\"url\":\"https:\\\/\\\/blogin.al\\\/?author=2\"}]}<\/script>\n<!-- \/ Yoast SEO plugin. -->","yoast_head_json":{"title":"\u2018K\u00ebta sy nuk g\u00ebnjejn\u00eb kurr\u00eb\u2019, Elita ia b\u00ebn akoma m\u00eb t\u00eb \u00ebmb\u00ebl p\u00ebrvjetorin Gjikos - blogin.al","robots":{"index":"index","follow":"follow","max-snippet":"max-snippet:-1","max-image-preview":"max-image-preview:large","max-video-preview":"max-video-preview:-1"},"canonical":"https:\/\/blogin.al\/?p=14811","og_locale":"en_US","og_type":"article","og_title":"\u2018K\u00ebta sy nuk g\u00ebnjejn\u00eb kurr\u00eb\u2019, Elita ia b\u00ebn akoma m\u00eb t\u00eb \u00ebmb\u00ebl p\u00ebrvjetorin Gjikos - blogin.al","og_description":"Elita dhe Gjiko sot festojn\u00eb nj\u00eb nga datat m\u00eb t\u00eb r\u00ebnd\u00ebsishme t\u00eb jet\u00ebs s\u00eb tyre. N\u00ebp\u00ebrmjet disa fotove t\u00eb ve\u00e7anta Elita ia uron k\u00ebshtu p\u00ebrvjetorin e martes\u00ebs Gjikos. \u2018Je i vetmi q\u00eb dua t\u00eb m\u00ebrzis\u00eb gjith\u00eb jet\u00ebn. Dua t\u00eb ecim p\u00ebrdore kur t\u00eb jemi 80 vje\u00e7 dhe t\u00eb themi: Ia dol\u00ebm. K\u00ebta sy, i dashur [&hellip;]","og_url":"https:\/\/blogin.al\/?p=14811","og_site_name":"blogin.al","article_published_time":"2022-09-23T07:10:07+00:00","article_modified_time":"2022-09-23T07:10:09+00:00","og_image":[{"width":800,"height":660,"url":"https:\/\/blogin.al\/wp-content\/uploads\/2022\/06\/gjiko-elita.jpg","type":"image\/jpeg"}],"author":"Blogin al","twitter_card":"summary_large_image","twitter_misc":{"Written by":"Blogin al","Est. reading time":"2 minutes"},"schema":{"@context":"https:\/\/schema.org","@graph":[{"@type":"Article","@id":"https:\/\/blogin.al\/?p=14811#article","isPartOf":{"@id":"https:\/\/blogin.al\/?p=14811"},"author":{"name":"Blogin al","@id":"https:\/\/blogin.al\/#\/schema\/person\/abdd56bc912cd511db877b852b115399"},"headline":"\u2018K\u00ebta sy nuk g\u00ebnjejn\u00eb kurr\u00eb\u2019, Elita ia b\u00ebn akoma m\u00eb t\u00eb \u00ebmb\u00ebl p\u00ebrvjetorin Gjikos","datePublished":"2022-09-23T07:10:07+00:00","dateModified":"2022-09-23T07:10:09+00:00","mainEntityOfPage":{"@id":"https:\/\/blogin.al\/?p=14811"},"wordCount":140,"commentCount":0,"publisher":{"@id":"https:\/\/blogin.al\/#organization"},"image":{"@id":"https:\/\/blogin.al\/?p=14811#primaryimage"},"thumbnailUrl":"https:\/\/blogin.al\/wp-content\/uploads\/2022\/06\/gjiko-elita.jpg","articleSection":["SHOWBIZ"],"inLanguage":"en-US","potentialAction":[{"@type":"CommentAction","name":"Comment","target":["https:\/\/blogin.al\/?p=14811#respond"]}]},{"@type":"WebPage","@id":"https:\/\/blogin.al\/?p=14811","url":"https:\/\/blogin.al\/?p=14811","name":"\u2018K\u00ebta sy nuk g\u00ebnjejn\u00eb kurr\u00eb\u2019, Elita ia b\u00ebn akoma m\u00eb t\u00eb \u00ebmb\u00ebl p\u00ebrvjetorin Gjikos - blogin.al","isPartOf":{"@id":"https:\/\/blogin.al\/#website"},"primaryImageOfPage":{"@id":"https:\/\/blogin.al\/?p=14811#primaryimage"},"image":{"@id":"https:\/\/blogin.al\/?p=14811#primaryimage"},"thumbnailUrl":"https:\/\/blogin.al\/wp-content\/uploads\/2022\/06\/gjiko-elita.jpg","datePublished":"2022-09-23T07:10:07+00:00","dateModified":"2022-09-23T07:10:09+00:00","breadcrumb":{"@id":"https:\/\/blogin.al\/?p=14811#breadcrumb"},"inLanguage":"en-US","potentialAction":[{"@type":"ReadAction","target":["https:\/\/blogin.al\/?p=14811"]}]},{"@type":"ImageObject","inLanguage":"en-US","@id":"https:\/\/blogin.al\/?p=14811#primaryimage","url":"https:\/\/blogin.al\/wp-content\/uploads\/2022\/06\/gjiko-elita.jpg","contentUrl":"https:\/\/blogin.al\/wp-content\/uploads\/2022\/06\/gjiko-elita.jpg","width":800,"height":660},{"@type":"BreadcrumbList","@id":"https:\/\/blogin.al\/?p=14811#breadcrumb","itemListElement":[{"@type":"ListItem","position":1,"name":"Home","item":"https:\/\/blogin.al\/"},{"@type":"ListItem","position":2,"name":"\u2018K\u00ebta sy nuk g\u00ebnjejn\u00eb kurr\u00eb\u2019, Elita ia b\u00ebn akoma m\u00eb t\u00eb \u00ebmb\u00ebl p\u00ebrvjetorin Gjikos"}]},{"@type":"WebSite","@id":"https:\/\/blogin.al\/#website","url":"https:\/\/blogin.al\/","name":"blogin.al","description":"","publisher":{"@id":"https:\/\/blogin.al\/#organization"},"potentialAction":[{"@type":"SearchAction","target":{"@type":"EntryPoint","urlTemplate":"https:\/\/blogin.al\/?s={search_term_string}"},"query-input":{"@type":"PropertyValueSpecification","valueRequired":true,"valueName":"search_term_string"}}],"inLanguage":"en-US"},{"@type":"Organization","@id":"https:\/\/blogin.al\/#organization","name":"BLOGIN.al","url":"https:\/\/blogin.al\/","logo":{"@type":"ImageObject","inLanguage":"en-US","@id":"https:\/\/blogin.al\/#\/schema\/logo\/image\/","url":"https:\/\/blogin.al\/wp-content\/uploads\/2022\/05\/Untitled-2-01-e1652084456514.png","contentUrl":"https:\/\/blogin.al\/wp-content\/uploads\/2022\/05\/Untitled-2-01-e1652084456514.png","width":3723,"height":1698,"caption":"BLOGIN.al"},"image":{"@id":"https:\/\/blogin.al\/#\/schema\/logo\/image\/"},"sameAs":["https:\/\/instagram.com\/blogin.al\/"]},{"@type":"Person","@id":"https:\/\/blogin.al\/#\/schema\/person\/abdd56bc912cd511db877b852b115399","name":"Blogin al","image":{"@type":"ImageObject","inLanguage":"en-US","@id":"https:\/\/secure.gravatar.com\/avatar\/60d5661aee6e835fb13dc75d2204cd0c1d61bef2efd137c0083e59ef831e235e?s=96&d=mm&r=g","url":"https:\/\/secure.gravatar.com\/avatar\/60d5661aee6e835fb13dc75d2204cd0c1d61bef2efd137c0083e59ef831e235e?s=96&d=mm&r=g","contentUrl":"https:\/\/secure.gravatar.com\/avatar\/60d5661aee6e835fb13dc75d2204cd0c1d61bef2efd137c0083e59ef831e235e?s=96&d=mm&r=g","caption":"Blogin al"},"sameAs":["https:\/\/blogin.al"],"url":"https:\/\/blogin.al\/?author=2"}]}},"_links":{"self":[{"href":"https:\/\/blogin.al\/index.php?rest_route=\/wp\/v2\/posts\/14811","targetHints":{"allow":["GET"]}}],"collection":[{"href":"https:\/\/blogin.al\/index.php?rest_route=\/wp\/v2\/posts"}],"about":[{"href":"https:\/\/blogin.al\/index.php?rest_route=\/wp\/v2\/types\/post"}],"author":[{"embeddable":true,"href":"https:\/\/blogin.al\/index.php?rest_route=\/wp\/v2\/users\/2"}],"replies":[{"embeddable":true,"href":"https:\/\/blogin.al\/index.php?rest_route=%2Fwp%2Fv2%2Fcomments&post=14811"}],"version-history":[{"count":1,"href":"https:\/\/blogin.al\/index.php?rest_route=\/wp\/v2\/posts\/14811\/revisions"}],"predecessor-version":[{"id":14815,"href":"https:\/\/blogin.al\/index.php?rest_route=\/wp\/v2\/posts\/14811\/revisions\/14815"}],"wp:featuredmedia":[{"embeddable":true,"href":"https:\/\/blogin.al\/index.php?rest_route=\/wp\/v2\/media\/9109"}],"wp:attachment":[{"href":"https:\/\/blogin.al\/index.php?rest_route=%2Fwp%2Fv2%2Fmedia&parent=14811"}],"wp:term":[{"taxonomy":"category","embeddable":true,"href":"https:\/\/blogin.al\/index.php?rest_route=%2Fwp%2Fv2%2Fcategories&post=14811"},{"taxonomy":"post_tag","embeddable":true,"href":"https:\/\/blogin.al\/index.php?rest_route=%2Fwp%2Fv2%2Ftags&post=14811"}],"curies":[{"name":"wp","href":"https:\/\/api.w.org\/{rel}","templated":true}]}}