{"id":14854,"date":"2022-09-23T08:51:57","date_gmt":"2022-09-23T08:51:57","guid":{"rendered":"https:\/\/blogin.al\/?p=14854"},"modified":"2022-09-23T08:51:59","modified_gmt":"2022-09-23T08:51:59","slug":"wanda-nara-njofton-publiksht-ndarjen-me-icardin","status":"publish","type":"post","link":"https:\/\/blogin.al\/?p=14854","title":{"rendered":"Wanda Nara njofton publiksht ndarjen me Icardin"},"content":{"rendered":"\n<p>Wanda Nara ka konfirmuar para pak \u00e7asteve se \u00ebsht\u00eb ndar\u00eb me futbollistin Mauro Icardi. Ajo ka konfirmuar ndarjen me Icardin me an\u00eb t\u00eb nj\u00eb postimi n\u00eb rrjetin social, Instagram, ku shkruan:<\/p>\n\n\n\n<p>\u201c\u00cbsht\u00eb shum\u00eb e dhimbshme p\u00ebr mua t\u00eb jetoj k\u00ebt\u00eb moment. Nuk do t\u00eb jap m\u00eb t\u00eb dh\u00ebna m\u00eb t\u00eb detajuara p\u00ebr k\u00ebt\u00eb ndarje. Ju lutem t\u00eb m\u00eb kuptoni, jo vet\u00ebm p\u00ebr mua, por edhe p\u00ebr f\u00ebmij\u00ebt tan\u00eb\u201d.<\/p>\n\n\n\n<figure class=\"wp-block-image size-large is-style-default\"><img fetchpriority=\"high\" decoding=\"async\" width=\"612\" height=\"1024\" src=\"https:\/\/blogin.al\/wp-content\/uploads\/2022\/09\/warda-612x1024.jpg\" alt=\"\" class=\"wp-image-14855\" srcset=\"https:\/\/blogin.al\/wp-content\/uploads\/2022\/09\/warda-612x1024.jpg 612w, https:\/\/blogin.al\/wp-content\/uploads\/2022\/09\/warda-179x300.jpg 179w, https:\/\/blogin.al\/wp-content\/uploads\/2022\/09\/warda-150x251.jpg 150w, https:\/\/blogin.al\/wp-content\/uploads\/2022\/09\/warda-300x502.jpg 300w, https:\/\/blogin.al\/wp-content\/uploads\/2022\/09\/warda-696x1165.jpg 696w, https:\/\/blogin.al\/wp-content\/uploads\/2022\/09\/warda.jpg 717w\" sizes=\"(max-width: 612px) 100vw, 612px\" \/><\/figure>\n\n\n\n<p>Kujtojm\u00eb se \u00e7ifti ishin n\u00eb lidhje n\u00eb 9 vitet e fundit.<\/p>\n","protected":false},"excerpt":{"rendered":"<p>Wanda Nara ka konfirmuar para pak \u00e7asteve se \u00ebsht\u00eb ndar\u00eb me futbollistin Mauro Icardi. Ajo ka konfirmuar ndarjen me Icardin me an\u00eb t\u00eb nj\u00eb postimi n\u00eb rrjetin social, Instagram, ku shkruan: \u201c\u00cbsht\u00eb shum\u00eb e dhimbshme p\u00ebr mua t\u00eb jetoj k\u00ebt\u00eb moment. Nuk do t\u00eb jap m\u00eb t\u00eb dh\u00ebna m\u00eb t\u00eb detajuara p\u00ebr k\u00ebt\u00eb ndarje. Ju [&hellip;]<\/p>\n","protected":false},"author":2,"featured_media":11885,"comment_status":"open","ping_status":"open","sticky":false,"template":"","format":"standard","meta":{"footnotes":""},"categories":[33],"tags":[],"class_list":{"0":"post-14854","1":"post","2":"type-post","3":"status-publish","4":"format-standard","5":"has-post-thumbnail","7":"category-showbiz"},"yoast_head":"<!-- This site is optimized with the Yoast SEO plugin v27.5 - https:\/\/yoast.com\/product\/yoast-seo-wordpress\/ -->\n<title>Wanda Nara njofton publiksht ndarjen me Icardin - blogin.al<\/title>\n<meta name=\"robots\" content=\"index, follow, max-snippet:-1, max-image-preview:large, max-video-preview:-1\" \/>\n<link rel=\"canonical\" href=\"https:\/\/blogin.al\/?p=14854\" \/>\n<meta property=\"og:locale\" content=\"en_US\" \/>\n<meta property=\"og:type\" content=\"article\" \/>\n<meta property=\"og:title\" content=\"Wanda Nara njofton publiksht ndarjen me Icardin - blogin.al\" \/>\n<meta property=\"og:description\" content=\"Wanda Nara ka konfirmuar para pak \u00e7asteve se \u00ebsht\u00eb ndar\u00eb me futbollistin Mauro Icardi. Ajo ka konfirmuar ndarjen me Icardin me an\u00eb t\u00eb nj\u00eb postimi n\u00eb rrjetin social, Instagram, ku shkruan: \u201c\u00cbsht\u00eb shum\u00eb e dhimbshme p\u00ebr mua t\u00eb jetoj k\u00ebt\u00eb moment. Nuk do t\u00eb jap m\u00eb t\u00eb dh\u00ebna m\u00eb t\u00eb detajuara p\u00ebr k\u00ebt\u00eb ndarje. Ju [&hellip;]\" \/>\n<meta property=\"og:url\" content=\"https:\/\/blogin.al\/?p=14854\" \/>\n<meta property=\"og:site_name\" content=\"blogin.al\" \/>\n<meta property=\"article:published_time\" content=\"2022-09-23T08:51:57+00:00\" \/>\n<meta property=\"article:modified_time\" content=\"2022-09-23T08:51:59+00:00\" \/>\n<meta property=\"og:image\" content=\"https:\/\/blogin.al\/wp-content\/uploads\/2022\/08\/Wanda-Nara-Velvetgossip.jpg\" \/>\n\t<meta property=\"og:image:width\" content=\"1280\" \/>\n\t<meta property=\"og:image:height\" content=\"720\" \/>\n\t<meta property=\"og:image:type\" content=\"image\/jpeg\" \/>\n<meta name=\"author\" content=\"Blogin al\" \/>\n<meta name=\"twitter:card\" content=\"summary_large_image\" \/>\n<meta name=\"twitter:label1\" content=\"Written by\" \/>\n\t<meta name=\"twitter:data1\" content=\"Blogin al\" \/>\n\t<meta name=\"twitter:label2\" content=\"Est. reading time\" \/>\n\t<meta name=\"twitter:data2\" content=\"1 minute\" \/>\n<script type=\"application\/ld+json\" class=\"yoast-schema-graph\">{\"@context\":\"https:\\\/\\\/schema.org\",\"@graph\":[{\"@type\":\"Article\",\"@id\":\"https:\\\/\\\/blogin.al\\\/?p=14854#article\",\"isPartOf\":{\"@id\":\"https:\\\/\\\/blogin.al\\\/?p=14854\"},\"author\":{\"name\":\"Blogin al\",\"@id\":\"https:\\\/\\\/blogin.al\\\/#\\\/schema\\\/person\\\/abdd56bc912cd511db877b852b115399\"},\"headline\":\"Wanda Nara njofton publiksht ndarjen me Icardin\",\"datePublished\":\"2022-09-23T08:51:57+00:00\",\"dateModified\":\"2022-09-23T08:51:59+00:00\",\"mainEntityOfPage\":{\"@id\":\"https:\\\/\\\/blogin.al\\\/?p=14854\"},\"wordCount\":95,\"commentCount\":0,\"publisher\":{\"@id\":\"https:\\\/\\\/blogin.al\\\/#organization\"},\"image\":{\"@id\":\"https:\\\/\\\/blogin.al\\\/?p=14854#primaryimage\"},\"thumbnailUrl\":\"https:\\\/\\\/blogin.al\\\/wp-content\\\/uploads\\\/2022\\\/08\\\/Wanda-Nara-Velvetgossip.jpg\",\"articleSection\":[\"SHOWBIZ\"],\"inLanguage\":\"en-US\",\"potentialAction\":[{\"@type\":\"CommentAction\",\"name\":\"Comment\",\"target\":[\"https:\\\/\\\/blogin.al\\\/?p=14854#respond\"]}]},{\"@type\":\"WebPage\",\"@id\":\"https:\\\/\\\/blogin.al\\\/?p=14854\",\"url\":\"https:\\\/\\\/blogin.al\\\/?p=14854\",\"name\":\"Wanda Nara njofton publiksht ndarjen me Icardin - blogin.al\",\"isPartOf\":{\"@id\":\"https:\\\/\\\/blogin.al\\\/#website\"},\"primaryImageOfPage\":{\"@id\":\"https:\\\/\\\/blogin.al\\\/?p=14854#primaryimage\"},\"image\":{\"@id\":\"https:\\\/\\\/blogin.al\\\/?p=14854#primaryimage\"},\"thumbnailUrl\":\"https:\\\/\\\/blogin.al\\\/wp-content\\\/uploads\\\/2022\\\/08\\\/Wanda-Nara-Velvetgossip.jpg\",\"datePublished\":\"2022-09-23T08:51:57+00:00\",\"dateModified\":\"2022-09-23T08:51:59+00:00\",\"breadcrumb\":{\"@id\":\"https:\\\/\\\/blogin.al\\\/?p=14854#breadcrumb\"},\"inLanguage\":\"en-US\",\"potentialAction\":[{\"@type\":\"ReadAction\",\"target\":[\"https:\\\/\\\/blogin.al\\\/?p=14854\"]}]},{\"@type\":\"ImageObject\",\"inLanguage\":\"en-US\",\"@id\":\"https:\\\/\\\/blogin.al\\\/?p=14854#primaryimage\",\"url\":\"https:\\\/\\\/blogin.al\\\/wp-content\\\/uploads\\\/2022\\\/08\\\/Wanda-Nara-Velvetgossip.jpg\",\"contentUrl\":\"https:\\\/\\\/blogin.al\\\/wp-content\\\/uploads\\\/2022\\\/08\\\/Wanda-Nara-Velvetgossip.jpg\",\"width\":1280,\"height\":720},{\"@type\":\"BreadcrumbList\",\"@id\":\"https:\\\/\\\/blogin.al\\\/?p=14854#breadcrumb\",\"itemListElement\":[{\"@type\":\"ListItem\",\"position\":1,\"name\":\"Home\",\"item\":\"https:\\\/\\\/blogin.al\\\/\"},{\"@type\":\"ListItem\",\"position\":2,\"name\":\"Wanda Nara njofton publiksht ndarjen me Icardin\"}]},{\"@type\":\"WebSite\",\"@id\":\"https:\\\/\\\/blogin.al\\\/#website\",\"url\":\"https:\\\/\\\/blogin.al\\\/\",\"name\":\"blogin.al\",\"description\":\"\",\"publisher\":{\"@id\":\"https:\\\/\\\/blogin.al\\\/#organization\"},\"potentialAction\":[{\"@type\":\"SearchAction\",\"target\":{\"@type\":\"EntryPoint\",\"urlTemplate\":\"https:\\\/\\\/blogin.al\\\/?s={search_term_string}\"},\"query-input\":{\"@type\":\"PropertyValueSpecification\",\"valueRequired\":true,\"valueName\":\"search_term_string\"}}],\"inLanguage\":\"en-US\"},{\"@type\":\"Organization\",\"@id\":\"https:\\\/\\\/blogin.al\\\/#organization\",\"name\":\"BLOGIN.al\",\"url\":\"https:\\\/\\\/blogin.al\\\/\",\"logo\":{\"@type\":\"ImageObject\",\"inLanguage\":\"en-US\",\"@id\":\"https:\\\/\\\/blogin.al\\\/#\\\/schema\\\/logo\\\/image\\\/\",\"url\":\"https:\\\/\\\/blogin.al\\\/wp-content\\\/uploads\\\/2022\\\/05\\\/Untitled-2-01-e1652084456514.png\",\"contentUrl\":\"https:\\\/\\\/blogin.al\\\/wp-content\\\/uploads\\\/2022\\\/05\\\/Untitled-2-01-e1652084456514.png\",\"width\":3723,\"height\":1698,\"caption\":\"BLOGIN.al\"},\"image\":{\"@id\":\"https:\\\/\\\/blogin.al\\\/#\\\/schema\\\/logo\\\/image\\\/\"},\"sameAs\":[\"https:\\\/\\\/instagram.com\\\/blogin.al\\\/\"]},{\"@type\":\"Person\",\"@id\":\"https:\\\/\\\/blogin.al\\\/#\\\/schema\\\/person\\\/abdd56bc912cd511db877b852b115399\",\"name\":\"Blogin al\",\"image\":{\"@type\":\"ImageObject\",\"inLanguage\":\"en-US\",\"@id\":\"https:\\\/\\\/secure.gravatar.com\\\/avatar\\\/60d5661aee6e835fb13dc75d2204cd0c1d61bef2efd137c0083e59ef831e235e?s=96&d=mm&r=g\",\"url\":\"https:\\\/\\\/secure.gravatar.com\\\/avatar\\\/60d5661aee6e835fb13dc75d2204cd0c1d61bef2efd137c0083e59ef831e235e?s=96&d=mm&r=g\",\"contentUrl\":\"https:\\\/\\\/secure.gravatar.com\\\/avatar\\\/60d5661aee6e835fb13dc75d2204cd0c1d61bef2efd137c0083e59ef831e235e?s=96&d=mm&r=g\",\"caption\":\"Blogin al\"},\"sameAs\":[\"https:\\\/\\\/blogin.al\"],\"url\":\"https:\\\/\\\/blogin.al\\\/?author=2\"}]}<\/script>\n<!-- \/ Yoast SEO plugin. -->","yoast_head_json":{"title":"Wanda Nara njofton publiksht ndarjen me Icardin - blogin.al","robots":{"index":"index","follow":"follow","max-snippet":"max-snippet:-1","max-image-preview":"max-image-preview:large","max-video-preview":"max-video-preview:-1"},"canonical":"https:\/\/blogin.al\/?p=14854","og_locale":"en_US","og_type":"article","og_title":"Wanda Nara njofton publiksht ndarjen me Icardin - blogin.al","og_description":"Wanda Nara ka konfirmuar para pak \u00e7asteve se \u00ebsht\u00eb ndar\u00eb me futbollistin Mauro Icardi. Ajo ka konfirmuar ndarjen me Icardin me an\u00eb t\u00eb nj\u00eb postimi n\u00eb rrjetin social, Instagram, ku shkruan: \u201c\u00cbsht\u00eb shum\u00eb e dhimbshme p\u00ebr mua t\u00eb jetoj k\u00ebt\u00eb moment. Nuk do t\u00eb jap m\u00eb t\u00eb dh\u00ebna m\u00eb t\u00eb detajuara p\u00ebr k\u00ebt\u00eb ndarje. Ju [&hellip;]","og_url":"https:\/\/blogin.al\/?p=14854","og_site_name":"blogin.al","article_published_time":"2022-09-23T08:51:57+00:00","article_modified_time":"2022-09-23T08:51:59+00:00","og_image":[{"width":1280,"height":720,"url":"https:\/\/blogin.al\/wp-content\/uploads\/2022\/08\/Wanda-Nara-Velvetgossip.jpg","type":"image\/jpeg"}],"author":"Blogin al","twitter_card":"summary_large_image","twitter_misc":{"Written by":"Blogin al","Est. reading time":"1 minute"},"schema":{"@context":"https:\/\/schema.org","@graph":[{"@type":"Article","@id":"https:\/\/blogin.al\/?p=14854#article","isPartOf":{"@id":"https:\/\/blogin.al\/?p=14854"},"author":{"name":"Blogin al","@id":"https:\/\/blogin.al\/#\/schema\/person\/abdd56bc912cd511db877b852b115399"},"headline":"Wanda Nara njofton publiksht ndarjen me Icardin","datePublished":"2022-09-23T08:51:57+00:00","dateModified":"2022-09-23T08:51:59+00:00","mainEntityOfPage":{"@id":"https:\/\/blogin.al\/?p=14854"},"wordCount":95,"commentCount":0,"publisher":{"@id":"https:\/\/blogin.al\/#organization"},"image":{"@id":"https:\/\/blogin.al\/?p=14854#primaryimage"},"thumbnailUrl":"https:\/\/blogin.al\/wp-content\/uploads\/2022\/08\/Wanda-Nara-Velvetgossip.jpg","articleSection":["SHOWBIZ"],"inLanguage":"en-US","potentialAction":[{"@type":"CommentAction","name":"Comment","target":["https:\/\/blogin.al\/?p=14854#respond"]}]},{"@type":"WebPage","@id":"https:\/\/blogin.al\/?p=14854","url":"https:\/\/blogin.al\/?p=14854","name":"Wanda Nara njofton publiksht ndarjen me Icardin - blogin.al","isPartOf":{"@id":"https:\/\/blogin.al\/#website"},"primaryImageOfPage":{"@id":"https:\/\/blogin.al\/?p=14854#primaryimage"},"image":{"@id":"https:\/\/blogin.al\/?p=14854#primaryimage"},"thumbnailUrl":"https:\/\/blogin.al\/wp-content\/uploads\/2022\/08\/Wanda-Nara-Velvetgossip.jpg","datePublished":"2022-09-23T08:51:57+00:00","dateModified":"2022-09-23T08:51:59+00:00","breadcrumb":{"@id":"https:\/\/blogin.al\/?p=14854#breadcrumb"},"inLanguage":"en-US","potentialAction":[{"@type":"ReadAction","target":["https:\/\/blogin.al\/?p=14854"]}]},{"@type":"ImageObject","inLanguage":"en-US","@id":"https:\/\/blogin.al\/?p=14854#primaryimage","url":"https:\/\/blogin.al\/wp-content\/uploads\/2022\/08\/Wanda-Nara-Velvetgossip.jpg","contentUrl":"https:\/\/blogin.al\/wp-content\/uploads\/2022\/08\/Wanda-Nara-Velvetgossip.jpg","width":1280,"height":720},{"@type":"BreadcrumbList","@id":"https:\/\/blogin.al\/?p=14854#breadcrumb","itemListElement":[{"@type":"ListItem","position":1,"name":"Home","item":"https:\/\/blogin.al\/"},{"@type":"ListItem","position":2,"name":"Wanda Nara njofton publiksht ndarjen me Icardin"}]},{"@type":"WebSite","@id":"https:\/\/blogin.al\/#website","url":"https:\/\/blogin.al\/","name":"blogin.al","description":"","publisher":{"@id":"https:\/\/blogin.al\/#organization"},"potentialAction":[{"@type":"SearchAction","target":{"@type":"EntryPoint","urlTemplate":"https:\/\/blogin.al\/?s={search_term_string}"},"query-input":{"@type":"PropertyValueSpecification","valueRequired":true,"valueName":"search_term_string"}}],"inLanguage":"en-US"},{"@type":"Organization","@id":"https:\/\/blogin.al\/#organization","name":"BLOGIN.al","url":"https:\/\/blogin.al\/","logo":{"@type":"ImageObject","inLanguage":"en-US","@id":"https:\/\/blogin.al\/#\/schema\/logo\/image\/","url":"https:\/\/blogin.al\/wp-content\/uploads\/2022\/05\/Untitled-2-01-e1652084456514.png","contentUrl":"https:\/\/blogin.al\/wp-content\/uploads\/2022\/05\/Untitled-2-01-e1652084456514.png","width":3723,"height":1698,"caption":"BLOGIN.al"},"image":{"@id":"https:\/\/blogin.al\/#\/schema\/logo\/image\/"},"sameAs":["https:\/\/instagram.com\/blogin.al\/"]},{"@type":"Person","@id":"https:\/\/blogin.al\/#\/schema\/person\/abdd56bc912cd511db877b852b115399","name":"Blogin al","image":{"@type":"ImageObject","inLanguage":"en-US","@id":"https:\/\/secure.gravatar.com\/avatar\/60d5661aee6e835fb13dc75d2204cd0c1d61bef2efd137c0083e59ef831e235e?s=96&d=mm&r=g","url":"https:\/\/secure.gravatar.com\/avatar\/60d5661aee6e835fb13dc75d2204cd0c1d61bef2efd137c0083e59ef831e235e?s=96&d=mm&r=g","contentUrl":"https:\/\/secure.gravatar.com\/avatar\/60d5661aee6e835fb13dc75d2204cd0c1d61bef2efd137c0083e59ef831e235e?s=96&d=mm&r=g","caption":"Blogin al"},"sameAs":["https:\/\/blogin.al"],"url":"https:\/\/blogin.al\/?author=2"}]}},"_links":{"self":[{"href":"https:\/\/blogin.al\/index.php?rest_route=\/wp\/v2\/posts\/14854","targetHints":{"allow":["GET"]}}],"collection":[{"href":"https:\/\/blogin.al\/index.php?rest_route=\/wp\/v2\/posts"}],"about":[{"href":"https:\/\/blogin.al\/index.php?rest_route=\/wp\/v2\/types\/post"}],"author":[{"embeddable":true,"href":"https:\/\/blogin.al\/index.php?rest_route=\/wp\/v2\/users\/2"}],"replies":[{"embeddable":true,"href":"https:\/\/blogin.al\/index.php?rest_route=%2Fwp%2Fv2%2Fcomments&post=14854"}],"version-history":[{"count":1,"href":"https:\/\/blogin.al\/index.php?rest_route=\/wp\/v2\/posts\/14854\/revisions"}],"predecessor-version":[{"id":14856,"href":"https:\/\/blogin.al\/index.php?rest_route=\/wp\/v2\/posts\/14854\/revisions\/14856"}],"wp:featuredmedia":[{"embeddable":true,"href":"https:\/\/blogin.al\/index.php?rest_route=\/wp\/v2\/media\/11885"}],"wp:attachment":[{"href":"https:\/\/blogin.al\/index.php?rest_route=%2Fwp%2Fv2%2Fmedia&parent=14854"}],"wp:term":[{"taxonomy":"category","embeddable":true,"href":"https:\/\/blogin.al\/index.php?rest_route=%2Fwp%2Fv2%2Fcategories&post=14854"},{"taxonomy":"post_tag","embeddable":true,"href":"https:\/\/blogin.al\/index.php?rest_route=%2Fwp%2Fv2%2Ftags&post=14854"}],"curies":[{"name":"wp","href":"https:\/\/api.w.org\/{rel}","templated":true}]}}