{"id":14862,"date":"2022-09-23T09:46:39","date_gmt":"2022-09-23T09:46:39","guid":{"rendered":"https:\/\/blogin.al\/?p=14862"},"modified":"2022-09-23T09:46:41","modified_gmt":"2022-09-23T09:46:41","slug":"a-do-ta-shohim-kete-vit-ne-ndonje-program-televiziv-pergjigjet-amarda-toska","status":"publish","type":"post","link":"https:\/\/blogin.al\/?p=14862","title":{"rendered":"A do ta shohim k\u00ebt\u00eb vit n\u00eb ndonj\u00eb program televiziv? P\u00ebrgjigjet Amarda Toska"},"content":{"rendered":"\n<p>Amarda Toska u ka dh\u00ebn\u00eb mund\u00ebsi ndjek\u00ebsve ta pyesin rreth jet\u00ebs personale e jo vet\u00ebm n\u00eb nj\u00eb intervist\u00eb virtuale n\u00eb Instagram duke ndar\u00eb detaje me ta rreth jet\u00ebs personale dhe profesionale.<\/p>\n\n\n\n<p>Kuriozitet t\u00eb madh ka edhe rreth rikthimit t\u00eb saj n\u00eb ekran. Pyetjes se \u201c<strong>A do t\u00eb shohim k\u00ebt\u00eb vit n\u00eb ndonj\u00eb program televiziv<\/strong>\u201d Ami i \u00ebsht\u00eb p\u00ebrgjigjur duke th\u00ebn\u00eb<strong>: \u201cJo nuk do jem n\u00eb ekran k\u00ebt\u00eb vit ama do jem duke punuar p\u00ebr ju me sip\u00ebrmarrjet e mia dhe e dashuroj ta b\u00ebj k\u00ebt\u00eb gj\u00eb\u201d.<\/strong><\/p>\n\n\n\n<figure class=\"wp-block-image size-full is-style-default\"><img fetchpriority=\"high\" decoding=\"async\" width=\"464\" height=\"851\" src=\"https:\/\/blogin.al\/wp-content\/uploads\/2022\/09\/ami-1.jpeg\" alt=\"\" class=\"wp-image-14863\" srcset=\"https:\/\/blogin.al\/wp-content\/uploads\/2022\/09\/ami-1.jpeg 464w, https:\/\/blogin.al\/wp-content\/uploads\/2022\/09\/ami-1-164x300.jpeg 164w, https:\/\/blogin.al\/wp-content\/uploads\/2022\/09\/ami-1-150x275.jpeg 150w, https:\/\/blogin.al\/wp-content\/uploads\/2022\/09\/ami-1-300x550.jpeg 300w\" sizes=\"(max-width: 464px) 100vw, 464px\" \/><\/figure>\n","protected":false},"excerpt":{"rendered":"<p>Amarda Toska u ka dh\u00ebn\u00eb mund\u00ebsi ndjek\u00ebsve ta pyesin rreth jet\u00ebs personale e jo vet\u00ebm n\u00eb nj\u00eb intervist\u00eb virtuale n\u00eb Instagram duke ndar\u00eb detaje me ta rreth jet\u00ebs personale dhe profesionale. Kuriozitet t\u00eb madh ka edhe rreth rikthimit t\u00eb saj n\u00eb ekran. Pyetjes se \u201cA do t\u00eb shohim k\u00ebt\u00eb vit n\u00eb ndonj\u00eb program televiziv\u201d Ami [&hellip;]<\/p>\n","protected":false},"author":2,"featured_media":14864,"comment_status":"open","ping_status":"open","sticky":false,"template":"","format":"standard","meta":{"footnotes":""},"categories":[33],"tags":[],"class_list":{"0":"post-14862","1":"post","2":"type-post","3":"status-publish","4":"format-standard","5":"has-post-thumbnail","7":"category-showbiz"},"yoast_head":"<!-- This site is optimized with the Yoast SEO plugin v27.5 - https:\/\/yoast.com\/product\/yoast-seo-wordpress\/ -->\n<title>A do ta shohim k\u00ebt\u00eb vit n\u00eb ndonj\u00eb program televiziv? P\u00ebrgjigjet Amarda Toska - blogin.al<\/title>\n<meta name=\"robots\" content=\"index, follow, max-snippet:-1, max-image-preview:large, max-video-preview:-1\" \/>\n<link rel=\"canonical\" href=\"https:\/\/blogin.al\/?p=14862\" \/>\n<meta property=\"og:locale\" content=\"en_US\" \/>\n<meta property=\"og:type\" content=\"article\" \/>\n<meta property=\"og:title\" content=\"A do ta shohim k\u00ebt\u00eb vit n\u00eb ndonj\u00eb program televiziv? P\u00ebrgjigjet Amarda Toska - blogin.al\" \/>\n<meta property=\"og:description\" content=\"Amarda Toska u ka dh\u00ebn\u00eb mund\u00ebsi ndjek\u00ebsve ta pyesin rreth jet\u00ebs personale e jo vet\u00ebm n\u00eb nj\u00eb intervist\u00eb virtuale n\u00eb Instagram duke ndar\u00eb detaje me ta rreth jet\u00ebs personale dhe profesionale. Kuriozitet t\u00eb madh ka edhe rreth rikthimit t\u00eb saj n\u00eb ekran. Pyetjes se \u201cA do t\u00eb shohim k\u00ebt\u00eb vit n\u00eb ndonj\u00eb program televiziv\u201d Ami [&hellip;]\" \/>\n<meta property=\"og:url\" content=\"https:\/\/blogin.al\/?p=14862\" \/>\n<meta property=\"og:site_name\" content=\"blogin.al\" \/>\n<meta property=\"article:published_time\" content=\"2022-09-23T09:46:39+00:00\" \/>\n<meta property=\"article:modified_time\" content=\"2022-09-23T09:46:41+00:00\" \/>\n<meta property=\"og:image\" content=\"https:\/\/blogin.al\/wp-content\/uploads\/2022\/09\/amarda.jpg\" \/>\n\t<meta property=\"og:image:width\" content=\"914\" \/>\n\t<meta property=\"og:image:height\" content=\"752\" \/>\n\t<meta property=\"og:image:type\" content=\"image\/jpeg\" \/>\n<meta name=\"author\" content=\"Blogin al\" \/>\n<meta name=\"twitter:card\" content=\"summary_large_image\" \/>\n<meta name=\"twitter:label1\" content=\"Written by\" \/>\n\t<meta name=\"twitter:data1\" content=\"Blogin al\" \/>\n\t<meta name=\"twitter:label2\" content=\"Est. reading time\" \/>\n\t<meta name=\"twitter:data2\" content=\"1 minute\" \/>\n<script type=\"application\/ld+json\" class=\"yoast-schema-graph\">{\"@context\":\"https:\\\/\\\/schema.org\",\"@graph\":[{\"@type\":\"Article\",\"@id\":\"https:\\\/\\\/blogin.al\\\/?p=14862#article\",\"isPartOf\":{\"@id\":\"https:\\\/\\\/blogin.al\\\/?p=14862\"},\"author\":{\"name\":\"Blogin al\",\"@id\":\"https:\\\/\\\/blogin.al\\\/#\\\/schema\\\/person\\\/abdd56bc912cd511db877b852b115399\"},\"headline\":\"A do ta shohim k\u00ebt\u00eb vit n\u00eb ndonj\u00eb program televiziv? P\u00ebrgjigjet Amarda Toska\",\"datePublished\":\"2022-09-23T09:46:39+00:00\",\"dateModified\":\"2022-09-23T09:46:41+00:00\",\"mainEntityOfPage\":{\"@id\":\"https:\\\/\\\/blogin.al\\\/?p=14862\"},\"wordCount\":115,\"commentCount\":0,\"publisher\":{\"@id\":\"https:\\\/\\\/blogin.al\\\/#organization\"},\"image\":{\"@id\":\"https:\\\/\\\/blogin.al\\\/?p=14862#primaryimage\"},\"thumbnailUrl\":\"https:\\\/\\\/blogin.al\\\/wp-content\\\/uploads\\\/2022\\\/09\\\/amarda.jpg\",\"articleSection\":[\"SHOWBIZ\"],\"inLanguage\":\"en-US\",\"potentialAction\":[{\"@type\":\"CommentAction\",\"name\":\"Comment\",\"target\":[\"https:\\\/\\\/blogin.al\\\/?p=14862#respond\"]}]},{\"@type\":\"WebPage\",\"@id\":\"https:\\\/\\\/blogin.al\\\/?p=14862\",\"url\":\"https:\\\/\\\/blogin.al\\\/?p=14862\",\"name\":\"A do ta shohim k\u00ebt\u00eb vit n\u00eb ndonj\u00eb program televiziv? P\u00ebrgjigjet Amarda Toska - blogin.al\",\"isPartOf\":{\"@id\":\"https:\\\/\\\/blogin.al\\\/#website\"},\"primaryImageOfPage\":{\"@id\":\"https:\\\/\\\/blogin.al\\\/?p=14862#primaryimage\"},\"image\":{\"@id\":\"https:\\\/\\\/blogin.al\\\/?p=14862#primaryimage\"},\"thumbnailUrl\":\"https:\\\/\\\/blogin.al\\\/wp-content\\\/uploads\\\/2022\\\/09\\\/amarda.jpg\",\"datePublished\":\"2022-09-23T09:46:39+00:00\",\"dateModified\":\"2022-09-23T09:46:41+00:00\",\"breadcrumb\":{\"@id\":\"https:\\\/\\\/blogin.al\\\/?p=14862#breadcrumb\"},\"inLanguage\":\"en-US\",\"potentialAction\":[{\"@type\":\"ReadAction\",\"target\":[\"https:\\\/\\\/blogin.al\\\/?p=14862\"]}]},{\"@type\":\"ImageObject\",\"inLanguage\":\"en-US\",\"@id\":\"https:\\\/\\\/blogin.al\\\/?p=14862#primaryimage\",\"url\":\"https:\\\/\\\/blogin.al\\\/wp-content\\\/uploads\\\/2022\\\/09\\\/amarda.jpg\",\"contentUrl\":\"https:\\\/\\\/blogin.al\\\/wp-content\\\/uploads\\\/2022\\\/09\\\/amarda.jpg\",\"width\":914,\"height\":752},{\"@type\":\"BreadcrumbList\",\"@id\":\"https:\\\/\\\/blogin.al\\\/?p=14862#breadcrumb\",\"itemListElement\":[{\"@type\":\"ListItem\",\"position\":1,\"name\":\"Home\",\"item\":\"https:\\\/\\\/blogin.al\\\/\"},{\"@type\":\"ListItem\",\"position\":2,\"name\":\"A do ta shohim k\u00ebt\u00eb vit n\u00eb ndonj\u00eb program televiziv? P\u00ebrgjigjet Amarda Toska\"}]},{\"@type\":\"WebSite\",\"@id\":\"https:\\\/\\\/blogin.al\\\/#website\",\"url\":\"https:\\\/\\\/blogin.al\\\/\",\"name\":\"blogin.al\",\"description\":\"\",\"publisher\":{\"@id\":\"https:\\\/\\\/blogin.al\\\/#organization\"},\"potentialAction\":[{\"@type\":\"SearchAction\",\"target\":{\"@type\":\"EntryPoint\",\"urlTemplate\":\"https:\\\/\\\/blogin.al\\\/?s={search_term_string}\"},\"query-input\":{\"@type\":\"PropertyValueSpecification\",\"valueRequired\":true,\"valueName\":\"search_term_string\"}}],\"inLanguage\":\"en-US\"},{\"@type\":\"Organization\",\"@id\":\"https:\\\/\\\/blogin.al\\\/#organization\",\"name\":\"BLOGIN.al\",\"url\":\"https:\\\/\\\/blogin.al\\\/\",\"logo\":{\"@type\":\"ImageObject\",\"inLanguage\":\"en-US\",\"@id\":\"https:\\\/\\\/blogin.al\\\/#\\\/schema\\\/logo\\\/image\\\/\",\"url\":\"https:\\\/\\\/blogin.al\\\/wp-content\\\/uploads\\\/2022\\\/05\\\/Untitled-2-01-e1652084456514.png\",\"contentUrl\":\"https:\\\/\\\/blogin.al\\\/wp-content\\\/uploads\\\/2022\\\/05\\\/Untitled-2-01-e1652084456514.png\",\"width\":3723,\"height\":1698,\"caption\":\"BLOGIN.al\"},\"image\":{\"@id\":\"https:\\\/\\\/blogin.al\\\/#\\\/schema\\\/logo\\\/image\\\/\"},\"sameAs\":[\"https:\\\/\\\/instagram.com\\\/blogin.al\\\/\"]},{\"@type\":\"Person\",\"@id\":\"https:\\\/\\\/blogin.al\\\/#\\\/schema\\\/person\\\/abdd56bc912cd511db877b852b115399\",\"name\":\"Blogin al\",\"image\":{\"@type\":\"ImageObject\",\"inLanguage\":\"en-US\",\"@id\":\"https:\\\/\\\/secure.gravatar.com\\\/avatar\\\/60d5661aee6e835fb13dc75d2204cd0c1d61bef2efd137c0083e59ef831e235e?s=96&d=mm&r=g\",\"url\":\"https:\\\/\\\/secure.gravatar.com\\\/avatar\\\/60d5661aee6e835fb13dc75d2204cd0c1d61bef2efd137c0083e59ef831e235e?s=96&d=mm&r=g\",\"contentUrl\":\"https:\\\/\\\/secure.gravatar.com\\\/avatar\\\/60d5661aee6e835fb13dc75d2204cd0c1d61bef2efd137c0083e59ef831e235e?s=96&d=mm&r=g\",\"caption\":\"Blogin al\"},\"sameAs\":[\"https:\\\/\\\/blogin.al\"],\"url\":\"https:\\\/\\\/blogin.al\\\/?author=2\"}]}<\/script>\n<!-- \/ Yoast SEO plugin. -->","yoast_head_json":{"title":"A do ta shohim k\u00ebt\u00eb vit n\u00eb ndonj\u00eb program televiziv? P\u00ebrgjigjet Amarda Toska - blogin.al","robots":{"index":"index","follow":"follow","max-snippet":"max-snippet:-1","max-image-preview":"max-image-preview:large","max-video-preview":"max-video-preview:-1"},"canonical":"https:\/\/blogin.al\/?p=14862","og_locale":"en_US","og_type":"article","og_title":"A do ta shohim k\u00ebt\u00eb vit n\u00eb ndonj\u00eb program televiziv? P\u00ebrgjigjet Amarda Toska - blogin.al","og_description":"Amarda Toska u ka dh\u00ebn\u00eb mund\u00ebsi ndjek\u00ebsve ta pyesin rreth jet\u00ebs personale e jo vet\u00ebm n\u00eb nj\u00eb intervist\u00eb virtuale n\u00eb Instagram duke ndar\u00eb detaje me ta rreth jet\u00ebs personale dhe profesionale. Kuriozitet t\u00eb madh ka edhe rreth rikthimit t\u00eb saj n\u00eb ekran. Pyetjes se \u201cA do t\u00eb shohim k\u00ebt\u00eb vit n\u00eb ndonj\u00eb program televiziv\u201d Ami [&hellip;]","og_url":"https:\/\/blogin.al\/?p=14862","og_site_name":"blogin.al","article_published_time":"2022-09-23T09:46:39+00:00","article_modified_time":"2022-09-23T09:46:41+00:00","og_image":[{"width":914,"height":752,"url":"https:\/\/blogin.al\/wp-content\/uploads\/2022\/09\/amarda.jpg","type":"image\/jpeg"}],"author":"Blogin al","twitter_card":"summary_large_image","twitter_misc":{"Written by":"Blogin al","Est. reading time":"1 minute"},"schema":{"@context":"https:\/\/schema.org","@graph":[{"@type":"Article","@id":"https:\/\/blogin.al\/?p=14862#article","isPartOf":{"@id":"https:\/\/blogin.al\/?p=14862"},"author":{"name":"Blogin al","@id":"https:\/\/blogin.al\/#\/schema\/person\/abdd56bc912cd511db877b852b115399"},"headline":"A do ta shohim k\u00ebt\u00eb vit n\u00eb ndonj\u00eb program televiziv? P\u00ebrgjigjet Amarda Toska","datePublished":"2022-09-23T09:46:39+00:00","dateModified":"2022-09-23T09:46:41+00:00","mainEntityOfPage":{"@id":"https:\/\/blogin.al\/?p=14862"},"wordCount":115,"commentCount":0,"publisher":{"@id":"https:\/\/blogin.al\/#organization"},"image":{"@id":"https:\/\/blogin.al\/?p=14862#primaryimage"},"thumbnailUrl":"https:\/\/blogin.al\/wp-content\/uploads\/2022\/09\/amarda.jpg","articleSection":["SHOWBIZ"],"inLanguage":"en-US","potentialAction":[{"@type":"CommentAction","name":"Comment","target":["https:\/\/blogin.al\/?p=14862#respond"]}]},{"@type":"WebPage","@id":"https:\/\/blogin.al\/?p=14862","url":"https:\/\/blogin.al\/?p=14862","name":"A do ta shohim k\u00ebt\u00eb vit n\u00eb ndonj\u00eb program televiziv? P\u00ebrgjigjet Amarda Toska - blogin.al","isPartOf":{"@id":"https:\/\/blogin.al\/#website"},"primaryImageOfPage":{"@id":"https:\/\/blogin.al\/?p=14862#primaryimage"},"image":{"@id":"https:\/\/blogin.al\/?p=14862#primaryimage"},"thumbnailUrl":"https:\/\/blogin.al\/wp-content\/uploads\/2022\/09\/amarda.jpg","datePublished":"2022-09-23T09:46:39+00:00","dateModified":"2022-09-23T09:46:41+00:00","breadcrumb":{"@id":"https:\/\/blogin.al\/?p=14862#breadcrumb"},"inLanguage":"en-US","potentialAction":[{"@type":"ReadAction","target":["https:\/\/blogin.al\/?p=14862"]}]},{"@type":"ImageObject","inLanguage":"en-US","@id":"https:\/\/blogin.al\/?p=14862#primaryimage","url":"https:\/\/blogin.al\/wp-content\/uploads\/2022\/09\/amarda.jpg","contentUrl":"https:\/\/blogin.al\/wp-content\/uploads\/2022\/09\/amarda.jpg","width":914,"height":752},{"@type":"BreadcrumbList","@id":"https:\/\/blogin.al\/?p=14862#breadcrumb","itemListElement":[{"@type":"ListItem","position":1,"name":"Home","item":"https:\/\/blogin.al\/"},{"@type":"ListItem","position":2,"name":"A do ta shohim k\u00ebt\u00eb vit n\u00eb ndonj\u00eb program televiziv? P\u00ebrgjigjet Amarda Toska"}]},{"@type":"WebSite","@id":"https:\/\/blogin.al\/#website","url":"https:\/\/blogin.al\/","name":"blogin.al","description":"","publisher":{"@id":"https:\/\/blogin.al\/#organization"},"potentialAction":[{"@type":"SearchAction","target":{"@type":"EntryPoint","urlTemplate":"https:\/\/blogin.al\/?s={search_term_string}"},"query-input":{"@type":"PropertyValueSpecification","valueRequired":true,"valueName":"search_term_string"}}],"inLanguage":"en-US"},{"@type":"Organization","@id":"https:\/\/blogin.al\/#organization","name":"BLOGIN.al","url":"https:\/\/blogin.al\/","logo":{"@type":"ImageObject","inLanguage":"en-US","@id":"https:\/\/blogin.al\/#\/schema\/logo\/image\/","url":"https:\/\/blogin.al\/wp-content\/uploads\/2022\/05\/Untitled-2-01-e1652084456514.png","contentUrl":"https:\/\/blogin.al\/wp-content\/uploads\/2022\/05\/Untitled-2-01-e1652084456514.png","width":3723,"height":1698,"caption":"BLOGIN.al"},"image":{"@id":"https:\/\/blogin.al\/#\/schema\/logo\/image\/"},"sameAs":["https:\/\/instagram.com\/blogin.al\/"]},{"@type":"Person","@id":"https:\/\/blogin.al\/#\/schema\/person\/abdd56bc912cd511db877b852b115399","name":"Blogin al","image":{"@type":"ImageObject","inLanguage":"en-US","@id":"https:\/\/secure.gravatar.com\/avatar\/60d5661aee6e835fb13dc75d2204cd0c1d61bef2efd137c0083e59ef831e235e?s=96&d=mm&r=g","url":"https:\/\/secure.gravatar.com\/avatar\/60d5661aee6e835fb13dc75d2204cd0c1d61bef2efd137c0083e59ef831e235e?s=96&d=mm&r=g","contentUrl":"https:\/\/secure.gravatar.com\/avatar\/60d5661aee6e835fb13dc75d2204cd0c1d61bef2efd137c0083e59ef831e235e?s=96&d=mm&r=g","caption":"Blogin al"},"sameAs":["https:\/\/blogin.al"],"url":"https:\/\/blogin.al\/?author=2"}]}},"_links":{"self":[{"href":"https:\/\/blogin.al\/index.php?rest_route=\/wp\/v2\/posts\/14862","targetHints":{"allow":["GET"]}}],"collection":[{"href":"https:\/\/blogin.al\/index.php?rest_route=\/wp\/v2\/posts"}],"about":[{"href":"https:\/\/blogin.al\/index.php?rest_route=\/wp\/v2\/types\/post"}],"author":[{"embeddable":true,"href":"https:\/\/blogin.al\/index.php?rest_route=\/wp\/v2\/users\/2"}],"replies":[{"embeddable":true,"href":"https:\/\/blogin.al\/index.php?rest_route=%2Fwp%2Fv2%2Fcomments&post=14862"}],"version-history":[{"count":1,"href":"https:\/\/blogin.al\/index.php?rest_route=\/wp\/v2\/posts\/14862\/revisions"}],"predecessor-version":[{"id":14865,"href":"https:\/\/blogin.al\/index.php?rest_route=\/wp\/v2\/posts\/14862\/revisions\/14865"}],"wp:featuredmedia":[{"embeddable":true,"href":"https:\/\/blogin.al\/index.php?rest_route=\/wp\/v2\/media\/14864"}],"wp:attachment":[{"href":"https:\/\/blogin.al\/index.php?rest_route=%2Fwp%2Fv2%2Fmedia&parent=14862"}],"wp:term":[{"taxonomy":"category","embeddable":true,"href":"https:\/\/blogin.al\/index.php?rest_route=%2Fwp%2Fv2%2Fcategories&post=14862"},{"taxonomy":"post_tag","embeddable":true,"href":"https:\/\/blogin.al\/index.php?rest_route=%2Fwp%2Fv2%2Ftags&post=14862"}],"curies":[{"name":"wp","href":"https:\/\/api.w.org\/{rel}","templated":true}]}}