{"id":14866,"date":"2022-09-23T09:51:14","date_gmt":"2022-09-23T09:51:14","guid":{"rendered":"https:\/\/blogin.al\/?p=14866"},"modified":"2022-09-23T09:51:15","modified_gmt":"2022-09-23T09:51:15","slug":"eshte-e-lidhur-me-nje-avokat-italian-beniada-nishani-shfaqet-krah-mashkullit-misterioz-ne-milano","status":"publish","type":"post","link":"https:\/\/blogin.al\/?p=14866","title":{"rendered":"\u201c\u00cbsht\u00eb e lidhur me nj\u00eb avokat italian\u201d\/ Beniada Nishani shfaqet krah mashkullit misterioz n\u00eb Milano"},"content":{"rendered":"\n<p><em>\u00a0\u201cAjo \u00ebsht\u00eb e lidhur me nj\u00eb avokat n\u00eb Itali\u201d,<\/em>\u00a0ishte kjo deklarata e Edi Manushit p\u00ebr jet\u00ebn personale t\u00eb Beniada Nishanit, q\u00eb u komentua gjat\u00eb n\u00eb rrjet.<\/p>\n\n\n\n<p>Beniada ka publikuar disa minuta m\u00eb par\u00eb nj\u00eb foto krah nj\u00eb mashkulli misterioz, t\u00eb cilit nuk ka preferuar t\u2019ja b\u00ebj\u00eb t\u00eb ditur emrin dhe as fytyr\u00ebn. Megjithat\u00eb, nj\u00eb detaj q\u00eb modelja ka zbuluar n\u00eb postimin e saj \u00ebsht\u00eb vendndodhja, q\u00eb \u00ebsht\u00eb pik\u00ebrisht n\u00eb Milano, Itali.<\/p>\n\n\n\n<figure class=\"wp-block-image size-full is-style-default\"><img fetchpriority=\"high\" decoding=\"async\" width=\"465\" height=\"837\" src=\"https:\/\/blogin.al\/wp-content\/uploads\/2022\/09\/beniada-1.jpg\" alt=\"\" class=\"wp-image-14867\" srcset=\"https:\/\/blogin.al\/wp-content\/uploads\/2022\/09\/beniada-1.jpg 465w, https:\/\/blogin.al\/wp-content\/uploads\/2022\/09\/beniada-1-167x300.jpg 167w, https:\/\/blogin.al\/wp-content\/uploads\/2022\/09\/beniada-1-150x270.jpg 150w, https:\/\/blogin.al\/wp-content\/uploads\/2022\/09\/beniada-1-300x540.jpg 300w\" sizes=\"(max-width: 465px) 100vw, 465px\" \/><\/figure>\n\n\n\n<p>Nuk dihet n\u00ebse personi n\u00eb postimin e Beniad\u00ebs \u00ebsht\u00eb \u201cavokati italian\u201d p\u00ebr t\u00eb cilin fliste Edi Manushi, mbetet p\u00ebr t\u2019u par\u00eb n\u00ebse modelja do t\u00eb reagoj\u00eb.<\/p>\n","protected":false},"excerpt":{"rendered":"<p>\u00a0\u201cAjo \u00ebsht\u00eb e lidhur me nj\u00eb avokat n\u00eb Itali\u201d,\u00a0ishte kjo deklarata e Edi Manushit p\u00ebr jet\u00ebn personale t\u00eb Beniada Nishanit, q\u00eb u komentua gjat\u00eb n\u00eb rrjet. Beniada ka publikuar disa minuta m\u00eb par\u00eb nj\u00eb foto krah nj\u00eb mashkulli misterioz, t\u00eb cilit nuk ka preferuar t\u2019ja b\u00ebj\u00eb t\u00eb ditur emrin dhe as fytyr\u00ebn. Megjithat\u00eb, nj\u00eb detaj [&hellip;]<\/p>\n","protected":false},"author":2,"featured_media":14091,"comment_status":"open","ping_status":"open","sticky":false,"template":"","format":"standard","meta":{"footnotes":""},"categories":[33],"tags":[],"class_list":{"0":"post-14866","1":"post","2":"type-post","3":"status-publish","4":"format-standard","5":"has-post-thumbnail","7":"category-showbiz"},"yoast_head":"<!-- This site is optimized with the Yoast SEO plugin v27.5 - https:\/\/yoast.com\/product\/yoast-seo-wordpress\/ -->\n<title>\u201c\u00cbsht\u00eb e lidhur me nj\u00eb avokat italian\u201d\/ Beniada Nishani shfaqet krah mashkullit misterioz n\u00eb Milano - blogin.al<\/title>\n<meta name=\"robots\" content=\"index, follow, max-snippet:-1, max-image-preview:large, max-video-preview:-1\" \/>\n<link rel=\"canonical\" href=\"https:\/\/blogin.al\/?p=14866\" \/>\n<meta property=\"og:locale\" content=\"en_US\" \/>\n<meta property=\"og:type\" content=\"article\" \/>\n<meta property=\"og:title\" content=\"\u201c\u00cbsht\u00eb e lidhur me nj\u00eb avokat italian\u201d\/ Beniada Nishani shfaqet krah mashkullit misterioz n\u00eb Milano - blogin.al\" \/>\n<meta property=\"og:description\" content=\"\u00a0\u201cAjo \u00ebsht\u00eb e lidhur me nj\u00eb avokat n\u00eb Itali\u201d,\u00a0ishte kjo deklarata e Edi Manushit p\u00ebr jet\u00ebn personale t\u00eb Beniada Nishanit, q\u00eb u komentua gjat\u00eb n\u00eb rrjet. Beniada ka publikuar disa minuta m\u00eb par\u00eb nj\u00eb foto krah nj\u00eb mashkulli misterioz, t\u00eb cilit nuk ka preferuar t\u2019ja b\u00ebj\u00eb t\u00eb ditur emrin dhe as fytyr\u00ebn. Megjithat\u00eb, nj\u00eb detaj [&hellip;]\" \/>\n<meta property=\"og:url\" content=\"https:\/\/blogin.al\/?p=14866\" \/>\n<meta property=\"og:site_name\" content=\"blogin.al\" \/>\n<meta property=\"article:published_time\" content=\"2022-09-23T09:51:14+00:00\" \/>\n<meta property=\"article:modified_time\" content=\"2022-09-23T09:51:15+00:00\" \/>\n<meta property=\"og:image\" content=\"https:\/\/blogin.al\/wp-content\/uploads\/2022\/09\/20220910_111806.jpg\" \/>\n\t<meta property=\"og:image:width\" content=\"1440\" \/>\n\t<meta property=\"og:image:height\" content=\"1355\" \/>\n\t<meta property=\"og:image:type\" content=\"image\/jpeg\" \/>\n<meta name=\"author\" content=\"Blogin al\" \/>\n<meta name=\"twitter:card\" content=\"summary_large_image\" \/>\n<meta name=\"twitter:label1\" content=\"Written by\" \/>\n\t<meta name=\"twitter:data1\" content=\"Blogin al\" \/>\n\t<meta name=\"twitter:label2\" content=\"Est. reading time\" \/>\n\t<meta name=\"twitter:data2\" content=\"1 minute\" \/>\n<script type=\"application\/ld+json\" class=\"yoast-schema-graph\">{\"@context\":\"https:\\\/\\\/schema.org\",\"@graph\":[{\"@type\":\"Article\",\"@id\":\"https:\\\/\\\/blogin.al\\\/?p=14866#article\",\"isPartOf\":{\"@id\":\"https:\\\/\\\/blogin.al\\\/?p=14866\"},\"author\":{\"name\":\"Blogin al\",\"@id\":\"https:\\\/\\\/blogin.al\\\/#\\\/schema\\\/person\\\/abdd56bc912cd511db877b852b115399\"},\"headline\":\"\u201c\u00cbsht\u00eb e lidhur me nj\u00eb avokat italian\u201d\\\/ Beniada Nishani shfaqet krah mashkullit misterioz n\u00eb Milano\",\"datePublished\":\"2022-09-23T09:51:14+00:00\",\"dateModified\":\"2022-09-23T09:51:15+00:00\",\"mainEntityOfPage\":{\"@id\":\"https:\\\/\\\/blogin.al\\\/?p=14866\"},\"wordCount\":125,\"commentCount\":0,\"publisher\":{\"@id\":\"https:\\\/\\\/blogin.al\\\/#organization\"},\"image\":{\"@id\":\"https:\\\/\\\/blogin.al\\\/?p=14866#primaryimage\"},\"thumbnailUrl\":\"https:\\\/\\\/blogin.al\\\/wp-content\\\/uploads\\\/2022\\\/09\\\/20220910_111806.jpg\",\"articleSection\":[\"SHOWBIZ\"],\"inLanguage\":\"en-US\",\"potentialAction\":[{\"@type\":\"CommentAction\",\"name\":\"Comment\",\"target\":[\"https:\\\/\\\/blogin.al\\\/?p=14866#respond\"]}]},{\"@type\":\"WebPage\",\"@id\":\"https:\\\/\\\/blogin.al\\\/?p=14866\",\"url\":\"https:\\\/\\\/blogin.al\\\/?p=14866\",\"name\":\"\u201c\u00cbsht\u00eb e lidhur me nj\u00eb avokat italian\u201d\\\/ Beniada Nishani shfaqet krah mashkullit misterioz n\u00eb Milano - blogin.al\",\"isPartOf\":{\"@id\":\"https:\\\/\\\/blogin.al\\\/#website\"},\"primaryImageOfPage\":{\"@id\":\"https:\\\/\\\/blogin.al\\\/?p=14866#primaryimage\"},\"image\":{\"@id\":\"https:\\\/\\\/blogin.al\\\/?p=14866#primaryimage\"},\"thumbnailUrl\":\"https:\\\/\\\/blogin.al\\\/wp-content\\\/uploads\\\/2022\\\/09\\\/20220910_111806.jpg\",\"datePublished\":\"2022-09-23T09:51:14+00:00\",\"dateModified\":\"2022-09-23T09:51:15+00:00\",\"breadcrumb\":{\"@id\":\"https:\\\/\\\/blogin.al\\\/?p=14866#breadcrumb\"},\"inLanguage\":\"en-US\",\"potentialAction\":[{\"@type\":\"ReadAction\",\"target\":[\"https:\\\/\\\/blogin.al\\\/?p=14866\"]}]},{\"@type\":\"ImageObject\",\"inLanguage\":\"en-US\",\"@id\":\"https:\\\/\\\/blogin.al\\\/?p=14866#primaryimage\",\"url\":\"https:\\\/\\\/blogin.al\\\/wp-content\\\/uploads\\\/2022\\\/09\\\/20220910_111806.jpg\",\"contentUrl\":\"https:\\\/\\\/blogin.al\\\/wp-content\\\/uploads\\\/2022\\\/09\\\/20220910_111806.jpg\",\"width\":1440,\"height\":1355},{\"@type\":\"BreadcrumbList\",\"@id\":\"https:\\\/\\\/blogin.al\\\/?p=14866#breadcrumb\",\"itemListElement\":[{\"@type\":\"ListItem\",\"position\":1,\"name\":\"Home\",\"item\":\"https:\\\/\\\/blogin.al\\\/\"},{\"@type\":\"ListItem\",\"position\":2,\"name\":\"\u201c\u00cbsht\u00eb e lidhur me nj\u00eb avokat italian\u201d\\\/ Beniada Nishani shfaqet krah mashkullit misterioz n\u00eb Milano\"}]},{\"@type\":\"WebSite\",\"@id\":\"https:\\\/\\\/blogin.al\\\/#website\",\"url\":\"https:\\\/\\\/blogin.al\\\/\",\"name\":\"blogin.al\",\"description\":\"\",\"publisher\":{\"@id\":\"https:\\\/\\\/blogin.al\\\/#organization\"},\"potentialAction\":[{\"@type\":\"SearchAction\",\"target\":{\"@type\":\"EntryPoint\",\"urlTemplate\":\"https:\\\/\\\/blogin.al\\\/?s={search_term_string}\"},\"query-input\":{\"@type\":\"PropertyValueSpecification\",\"valueRequired\":true,\"valueName\":\"search_term_string\"}}],\"inLanguage\":\"en-US\"},{\"@type\":\"Organization\",\"@id\":\"https:\\\/\\\/blogin.al\\\/#organization\",\"name\":\"BLOGIN.al\",\"url\":\"https:\\\/\\\/blogin.al\\\/\",\"logo\":{\"@type\":\"ImageObject\",\"inLanguage\":\"en-US\",\"@id\":\"https:\\\/\\\/blogin.al\\\/#\\\/schema\\\/logo\\\/image\\\/\",\"url\":\"https:\\\/\\\/blogin.al\\\/wp-content\\\/uploads\\\/2022\\\/05\\\/Untitled-2-01-e1652084456514.png\",\"contentUrl\":\"https:\\\/\\\/blogin.al\\\/wp-content\\\/uploads\\\/2022\\\/05\\\/Untitled-2-01-e1652084456514.png\",\"width\":3723,\"height\":1698,\"caption\":\"BLOGIN.al\"},\"image\":{\"@id\":\"https:\\\/\\\/blogin.al\\\/#\\\/schema\\\/logo\\\/image\\\/\"},\"sameAs\":[\"https:\\\/\\\/instagram.com\\\/blogin.al\\\/\"]},{\"@type\":\"Person\",\"@id\":\"https:\\\/\\\/blogin.al\\\/#\\\/schema\\\/person\\\/abdd56bc912cd511db877b852b115399\",\"name\":\"Blogin al\",\"image\":{\"@type\":\"ImageObject\",\"inLanguage\":\"en-US\",\"@id\":\"https:\\\/\\\/secure.gravatar.com\\\/avatar\\\/60d5661aee6e835fb13dc75d2204cd0c1d61bef2efd137c0083e59ef831e235e?s=96&d=mm&r=g\",\"url\":\"https:\\\/\\\/secure.gravatar.com\\\/avatar\\\/60d5661aee6e835fb13dc75d2204cd0c1d61bef2efd137c0083e59ef831e235e?s=96&d=mm&r=g\",\"contentUrl\":\"https:\\\/\\\/secure.gravatar.com\\\/avatar\\\/60d5661aee6e835fb13dc75d2204cd0c1d61bef2efd137c0083e59ef831e235e?s=96&d=mm&r=g\",\"caption\":\"Blogin al\"},\"sameAs\":[\"https:\\\/\\\/blogin.al\"],\"url\":\"https:\\\/\\\/blogin.al\\\/?author=2\"}]}<\/script>\n<!-- \/ Yoast SEO plugin. -->","yoast_head_json":{"title":"\u201c\u00cbsht\u00eb e lidhur me nj\u00eb avokat italian\u201d\/ Beniada Nishani shfaqet krah mashkullit misterioz n\u00eb Milano - blogin.al","robots":{"index":"index","follow":"follow","max-snippet":"max-snippet:-1","max-image-preview":"max-image-preview:large","max-video-preview":"max-video-preview:-1"},"canonical":"https:\/\/blogin.al\/?p=14866","og_locale":"en_US","og_type":"article","og_title":"\u201c\u00cbsht\u00eb e lidhur me nj\u00eb avokat italian\u201d\/ Beniada Nishani shfaqet krah mashkullit misterioz n\u00eb Milano - blogin.al","og_description":"\u00a0\u201cAjo \u00ebsht\u00eb e lidhur me nj\u00eb avokat n\u00eb Itali\u201d,\u00a0ishte kjo deklarata e Edi Manushit p\u00ebr jet\u00ebn personale t\u00eb Beniada Nishanit, q\u00eb u komentua gjat\u00eb n\u00eb rrjet. Beniada ka publikuar disa minuta m\u00eb par\u00eb nj\u00eb foto krah nj\u00eb mashkulli misterioz, t\u00eb cilit nuk ka preferuar t\u2019ja b\u00ebj\u00eb t\u00eb ditur emrin dhe as fytyr\u00ebn. Megjithat\u00eb, nj\u00eb detaj [&hellip;]","og_url":"https:\/\/blogin.al\/?p=14866","og_site_name":"blogin.al","article_published_time":"2022-09-23T09:51:14+00:00","article_modified_time":"2022-09-23T09:51:15+00:00","og_image":[{"width":1440,"height":1355,"url":"https:\/\/blogin.al\/wp-content\/uploads\/2022\/09\/20220910_111806.jpg","type":"image\/jpeg"}],"author":"Blogin al","twitter_card":"summary_large_image","twitter_misc":{"Written by":"Blogin al","Est. reading time":"1 minute"},"schema":{"@context":"https:\/\/schema.org","@graph":[{"@type":"Article","@id":"https:\/\/blogin.al\/?p=14866#article","isPartOf":{"@id":"https:\/\/blogin.al\/?p=14866"},"author":{"name":"Blogin al","@id":"https:\/\/blogin.al\/#\/schema\/person\/abdd56bc912cd511db877b852b115399"},"headline":"\u201c\u00cbsht\u00eb e lidhur me nj\u00eb avokat italian\u201d\/ Beniada Nishani shfaqet krah mashkullit misterioz n\u00eb Milano","datePublished":"2022-09-23T09:51:14+00:00","dateModified":"2022-09-23T09:51:15+00:00","mainEntityOfPage":{"@id":"https:\/\/blogin.al\/?p=14866"},"wordCount":125,"commentCount":0,"publisher":{"@id":"https:\/\/blogin.al\/#organization"},"image":{"@id":"https:\/\/blogin.al\/?p=14866#primaryimage"},"thumbnailUrl":"https:\/\/blogin.al\/wp-content\/uploads\/2022\/09\/20220910_111806.jpg","articleSection":["SHOWBIZ"],"inLanguage":"en-US","potentialAction":[{"@type":"CommentAction","name":"Comment","target":["https:\/\/blogin.al\/?p=14866#respond"]}]},{"@type":"WebPage","@id":"https:\/\/blogin.al\/?p=14866","url":"https:\/\/blogin.al\/?p=14866","name":"\u201c\u00cbsht\u00eb e lidhur me nj\u00eb avokat italian\u201d\/ Beniada Nishani shfaqet krah mashkullit misterioz n\u00eb Milano - blogin.al","isPartOf":{"@id":"https:\/\/blogin.al\/#website"},"primaryImageOfPage":{"@id":"https:\/\/blogin.al\/?p=14866#primaryimage"},"image":{"@id":"https:\/\/blogin.al\/?p=14866#primaryimage"},"thumbnailUrl":"https:\/\/blogin.al\/wp-content\/uploads\/2022\/09\/20220910_111806.jpg","datePublished":"2022-09-23T09:51:14+00:00","dateModified":"2022-09-23T09:51:15+00:00","breadcrumb":{"@id":"https:\/\/blogin.al\/?p=14866#breadcrumb"},"inLanguage":"en-US","potentialAction":[{"@type":"ReadAction","target":["https:\/\/blogin.al\/?p=14866"]}]},{"@type":"ImageObject","inLanguage":"en-US","@id":"https:\/\/blogin.al\/?p=14866#primaryimage","url":"https:\/\/blogin.al\/wp-content\/uploads\/2022\/09\/20220910_111806.jpg","contentUrl":"https:\/\/blogin.al\/wp-content\/uploads\/2022\/09\/20220910_111806.jpg","width":1440,"height":1355},{"@type":"BreadcrumbList","@id":"https:\/\/blogin.al\/?p=14866#breadcrumb","itemListElement":[{"@type":"ListItem","position":1,"name":"Home","item":"https:\/\/blogin.al\/"},{"@type":"ListItem","position":2,"name":"\u201c\u00cbsht\u00eb e lidhur me nj\u00eb avokat italian\u201d\/ Beniada Nishani shfaqet krah mashkullit misterioz n\u00eb Milano"}]},{"@type":"WebSite","@id":"https:\/\/blogin.al\/#website","url":"https:\/\/blogin.al\/","name":"blogin.al","description":"","publisher":{"@id":"https:\/\/blogin.al\/#organization"},"potentialAction":[{"@type":"SearchAction","target":{"@type":"EntryPoint","urlTemplate":"https:\/\/blogin.al\/?s={search_term_string}"},"query-input":{"@type":"PropertyValueSpecification","valueRequired":true,"valueName":"search_term_string"}}],"inLanguage":"en-US"},{"@type":"Organization","@id":"https:\/\/blogin.al\/#organization","name":"BLOGIN.al","url":"https:\/\/blogin.al\/","logo":{"@type":"ImageObject","inLanguage":"en-US","@id":"https:\/\/blogin.al\/#\/schema\/logo\/image\/","url":"https:\/\/blogin.al\/wp-content\/uploads\/2022\/05\/Untitled-2-01-e1652084456514.png","contentUrl":"https:\/\/blogin.al\/wp-content\/uploads\/2022\/05\/Untitled-2-01-e1652084456514.png","width":3723,"height":1698,"caption":"BLOGIN.al"},"image":{"@id":"https:\/\/blogin.al\/#\/schema\/logo\/image\/"},"sameAs":["https:\/\/instagram.com\/blogin.al\/"]},{"@type":"Person","@id":"https:\/\/blogin.al\/#\/schema\/person\/abdd56bc912cd511db877b852b115399","name":"Blogin al","image":{"@type":"ImageObject","inLanguage":"en-US","@id":"https:\/\/secure.gravatar.com\/avatar\/60d5661aee6e835fb13dc75d2204cd0c1d61bef2efd137c0083e59ef831e235e?s=96&d=mm&r=g","url":"https:\/\/secure.gravatar.com\/avatar\/60d5661aee6e835fb13dc75d2204cd0c1d61bef2efd137c0083e59ef831e235e?s=96&d=mm&r=g","contentUrl":"https:\/\/secure.gravatar.com\/avatar\/60d5661aee6e835fb13dc75d2204cd0c1d61bef2efd137c0083e59ef831e235e?s=96&d=mm&r=g","caption":"Blogin al"},"sameAs":["https:\/\/blogin.al"],"url":"https:\/\/blogin.al\/?author=2"}]}},"_links":{"self":[{"href":"https:\/\/blogin.al\/index.php?rest_route=\/wp\/v2\/posts\/14866","targetHints":{"allow":["GET"]}}],"collection":[{"href":"https:\/\/blogin.al\/index.php?rest_route=\/wp\/v2\/posts"}],"about":[{"href":"https:\/\/blogin.al\/index.php?rest_route=\/wp\/v2\/types\/post"}],"author":[{"embeddable":true,"href":"https:\/\/blogin.al\/index.php?rest_route=\/wp\/v2\/users\/2"}],"replies":[{"embeddable":true,"href":"https:\/\/blogin.al\/index.php?rest_route=%2Fwp%2Fv2%2Fcomments&post=14866"}],"version-history":[{"count":1,"href":"https:\/\/blogin.al\/index.php?rest_route=\/wp\/v2\/posts\/14866\/revisions"}],"predecessor-version":[{"id":14868,"href":"https:\/\/blogin.al\/index.php?rest_route=\/wp\/v2\/posts\/14866\/revisions\/14868"}],"wp:featuredmedia":[{"embeddable":true,"href":"https:\/\/blogin.al\/index.php?rest_route=\/wp\/v2\/media\/14091"}],"wp:attachment":[{"href":"https:\/\/blogin.al\/index.php?rest_route=%2Fwp%2Fv2%2Fmedia&parent=14866"}],"wp:term":[{"taxonomy":"category","embeddable":true,"href":"https:\/\/blogin.al\/index.php?rest_route=%2Fwp%2Fv2%2Fcategories&post=14866"},{"taxonomy":"post_tag","embeddable":true,"href":"https:\/\/blogin.al\/index.php?rest_route=%2Fwp%2Fv2%2Ftags&post=14866"}],"curies":[{"name":"wp","href":"https:\/\/api.w.org\/{rel}","templated":true}]}}