{"id":14884,"date":"2022-09-23T11:11:43","date_gmt":"2022-09-23T11:11:43","guid":{"rendered":"https:\/\/blogin.al\/?p=14884"},"modified":"2022-09-23T11:11:45","modified_gmt":"2022-09-23T11:11:45","slug":"per-here-te-pare-khloe-kardashian-na-prezanton-me-djalin-e-saj","status":"publish","type":"post","link":"https:\/\/blogin.al\/?p=14884","title":{"rendered":"P\u00ebr her\u00eb t\u00eb par\u00eb, Khloe Kardashian na prezanton me djalin e saj"},"content":{"rendered":"\n<p>Khlo\u00e9 Kardashian ka publikuar pamjen e par\u00eb t\u00eb foshnj\u00ebs s\u00eb dyt\u00eb gjat\u00eb premier\u00ebs s\u00eb sezonit t\u00eb dyt\u00eb t\u00eb The Kardashians, i cili u transmetua t\u00eb enjten, m\u00eb 22 shtator.<\/p>\n\n\n\n<p>\u201cQ\u00eb nga dhjetori, ka qen\u00eb nj\u00eb re e err\u00ebt q\u00eb m\u00eb r\u00ebndonte. \u00c7do dit\u00eb, jam ndjer\u00eb e d\u00ebshp\u00ebruar dhe e trishtuar, dhe tani q\u00eb djali im \u00ebsht\u00eb k\u00ebtu, mund t\u00eb vazhdoj p\u00ebrpara dhe t\u00eb k\u00ebnaqem, \u201ctha Khlo\u00e9 pas ardhjes s\u00eb djalit t\u00eb saj t\u00eb \u00ebmb\u00ebl. \u201c\u00cbsht\u00eb pothuajse sikur ta mbyll at\u00eb kapitull dhe ta mbaroj k\u00ebt\u00eb traum\u00eb dhe ta l\u00eb pas vetes.\u201d<\/p>\n\n\n\n<p>Themeluesja e Good American zbuloi gjithashtu dit\u00eblindjen e tij m\u00eb 28 korrik.<\/p>\n\n\n\n<p>Ende nuk \u00ebsht\u00eb i ditur emri i djalit t\u00eb saj, pasi Khloe ka preferuar ta shijoj\u00eb k\u00ebt\u00eb periudh\u00eb n\u00eb privat\u00ebsi.<\/p>\n\n\n\n<figure class=\"wp-block-image is-style-default\"><a href=\"http:\/\/news.arkiva.de\/2022\/09\/23\/per-here-te-pare-khloe-kardashian-na-prezanton-me-djalin-e-saj\/asd-15\/\"><img decoding=\"async\" src=\"http:\/\/news.arkiva.de\/wp-content\/uploads\/2022\/09\/asd.jpeg\" alt=\"asd\"\/><\/a><\/figure>\n","protected":false},"excerpt":{"rendered":"<p>Khlo\u00e9 Kardashian ka publikuar pamjen e par\u00eb t\u00eb foshnj\u00ebs s\u00eb dyt\u00eb gjat\u00eb premier\u00ebs s\u00eb sezonit t\u00eb dyt\u00eb t\u00eb The Kardashians, i cili u transmetua t\u00eb enjten, m\u00eb 22 shtator. \u201cQ\u00eb nga dhjetori, ka qen\u00eb nj\u00eb re e err\u00ebt q\u00eb m\u00eb r\u00ebndonte. \u00c7do dit\u00eb, jam ndjer\u00eb e d\u00ebshp\u00ebruar dhe e trishtuar, dhe tani q\u00eb djali im [&hellip;]<\/p>\n","protected":false},"author":2,"featured_media":14885,"comment_status":"open","ping_status":"open","sticky":false,"template":"","format":"standard","meta":{"footnotes":""},"categories":[33],"tags":[],"class_list":{"0":"post-14884","1":"post","2":"type-post","3":"status-publish","4":"format-standard","5":"has-post-thumbnail","7":"category-showbiz"},"yoast_head":"<!-- This site is optimized with the Yoast SEO plugin v27.5 - https:\/\/yoast.com\/product\/yoast-seo-wordpress\/ -->\n<title>P\u00ebr her\u00eb t\u00eb par\u00eb, Khloe Kardashian na prezanton me djalin e saj - blogin.al<\/title>\n<meta name=\"robots\" content=\"index, follow, max-snippet:-1, max-image-preview:large, max-video-preview:-1\" \/>\n<link rel=\"canonical\" href=\"https:\/\/blogin.al\/?p=14884\" \/>\n<meta property=\"og:locale\" content=\"en_US\" \/>\n<meta property=\"og:type\" content=\"article\" \/>\n<meta property=\"og:title\" content=\"P\u00ebr her\u00eb t\u00eb par\u00eb, Khloe Kardashian na prezanton me djalin e saj - blogin.al\" \/>\n<meta property=\"og:description\" content=\"Khlo\u00e9 Kardashian ka publikuar pamjen e par\u00eb t\u00eb foshnj\u00ebs s\u00eb dyt\u00eb gjat\u00eb premier\u00ebs s\u00eb sezonit t\u00eb dyt\u00eb t\u00eb The Kardashians, i cili u transmetua t\u00eb enjten, m\u00eb 22 shtator. \u201cQ\u00eb nga dhjetori, ka qen\u00eb nj\u00eb re e err\u00ebt q\u00eb m\u00eb r\u00ebndonte. \u00c7do dit\u00eb, jam ndjer\u00eb e d\u00ebshp\u00ebruar dhe e trishtuar, dhe tani q\u00eb djali im [&hellip;]\" \/>\n<meta property=\"og:url\" content=\"https:\/\/blogin.al\/?p=14884\" \/>\n<meta property=\"og:site_name\" content=\"blogin.al\" \/>\n<meta property=\"article:published_time\" content=\"2022-09-23T11:11:43+00:00\" \/>\n<meta property=\"article:modified_time\" content=\"2022-09-23T11:11:45+00:00\" \/>\n<meta property=\"og:image\" content=\"https:\/\/blogin.al\/wp-content\/uploads\/2022\/09\/khloe-kardashian-.jpg\" \/>\n\t<meta property=\"og:image:width\" content=\"1200\" \/>\n\t<meta property=\"og:image:height\" content=\"675\" \/>\n\t<meta property=\"og:image:type\" content=\"image\/jpeg\" \/>\n<meta name=\"author\" content=\"Blogin al\" \/>\n<meta name=\"twitter:card\" content=\"summary_large_image\" \/>\n<meta name=\"twitter:label1\" content=\"Written by\" \/>\n\t<meta name=\"twitter:data1\" content=\"Blogin al\" \/>\n\t<meta name=\"twitter:label2\" content=\"Est. reading time\" \/>\n\t<meta name=\"twitter:data2\" content=\"1 minute\" \/>\n<script type=\"application\/ld+json\" class=\"yoast-schema-graph\">{\"@context\":\"https:\\\/\\\/schema.org\",\"@graph\":[{\"@type\":\"Article\",\"@id\":\"https:\\\/\\\/blogin.al\\\/?p=14884#article\",\"isPartOf\":{\"@id\":\"https:\\\/\\\/blogin.al\\\/?p=14884\"},\"author\":{\"name\":\"Blogin al\",\"@id\":\"https:\\\/\\\/blogin.al\\\/#\\\/schema\\\/person\\\/abdd56bc912cd511db877b852b115399\"},\"headline\":\"P\u00ebr her\u00eb t\u00eb par\u00eb, Khloe Kardashian na prezanton me djalin e saj\",\"datePublished\":\"2022-09-23T11:11:43+00:00\",\"dateModified\":\"2022-09-23T11:11:45+00:00\",\"mainEntityOfPage\":{\"@id\":\"https:\\\/\\\/blogin.al\\\/?p=14884\"},\"wordCount\":148,\"commentCount\":0,\"publisher\":{\"@id\":\"https:\\\/\\\/blogin.al\\\/#organization\"},\"image\":{\"@id\":\"https:\\\/\\\/blogin.al\\\/?p=14884#primaryimage\"},\"thumbnailUrl\":\"https:\\\/\\\/blogin.al\\\/wp-content\\\/uploads\\\/2022\\\/09\\\/khloe-kardashian-.jpg\",\"articleSection\":[\"SHOWBIZ\"],\"inLanguage\":\"en-US\",\"potentialAction\":[{\"@type\":\"CommentAction\",\"name\":\"Comment\",\"target\":[\"https:\\\/\\\/blogin.al\\\/?p=14884#respond\"]}]},{\"@type\":\"WebPage\",\"@id\":\"https:\\\/\\\/blogin.al\\\/?p=14884\",\"url\":\"https:\\\/\\\/blogin.al\\\/?p=14884\",\"name\":\"P\u00ebr her\u00eb t\u00eb par\u00eb, Khloe Kardashian na prezanton me djalin e saj - blogin.al\",\"isPartOf\":{\"@id\":\"https:\\\/\\\/blogin.al\\\/#website\"},\"primaryImageOfPage\":{\"@id\":\"https:\\\/\\\/blogin.al\\\/?p=14884#primaryimage\"},\"image\":{\"@id\":\"https:\\\/\\\/blogin.al\\\/?p=14884#primaryimage\"},\"thumbnailUrl\":\"https:\\\/\\\/blogin.al\\\/wp-content\\\/uploads\\\/2022\\\/09\\\/khloe-kardashian-.jpg\",\"datePublished\":\"2022-09-23T11:11:43+00:00\",\"dateModified\":\"2022-09-23T11:11:45+00:00\",\"breadcrumb\":{\"@id\":\"https:\\\/\\\/blogin.al\\\/?p=14884#breadcrumb\"},\"inLanguage\":\"en-US\",\"potentialAction\":[{\"@type\":\"ReadAction\",\"target\":[\"https:\\\/\\\/blogin.al\\\/?p=14884\"]}]},{\"@type\":\"ImageObject\",\"inLanguage\":\"en-US\",\"@id\":\"https:\\\/\\\/blogin.al\\\/?p=14884#primaryimage\",\"url\":\"https:\\\/\\\/blogin.al\\\/wp-content\\\/uploads\\\/2022\\\/09\\\/khloe-kardashian-.jpg\",\"contentUrl\":\"https:\\\/\\\/blogin.al\\\/wp-content\\\/uploads\\\/2022\\\/09\\\/khloe-kardashian-.jpg\",\"width\":1200,\"height\":675},{\"@type\":\"BreadcrumbList\",\"@id\":\"https:\\\/\\\/blogin.al\\\/?p=14884#breadcrumb\",\"itemListElement\":[{\"@type\":\"ListItem\",\"position\":1,\"name\":\"Home\",\"item\":\"https:\\\/\\\/blogin.al\\\/\"},{\"@type\":\"ListItem\",\"position\":2,\"name\":\"P\u00ebr her\u00eb t\u00eb par\u00eb, Khloe Kardashian na prezanton me djalin e saj\"}]},{\"@type\":\"WebSite\",\"@id\":\"https:\\\/\\\/blogin.al\\\/#website\",\"url\":\"https:\\\/\\\/blogin.al\\\/\",\"name\":\"blogin.al\",\"description\":\"\",\"publisher\":{\"@id\":\"https:\\\/\\\/blogin.al\\\/#organization\"},\"potentialAction\":[{\"@type\":\"SearchAction\",\"target\":{\"@type\":\"EntryPoint\",\"urlTemplate\":\"https:\\\/\\\/blogin.al\\\/?s={search_term_string}\"},\"query-input\":{\"@type\":\"PropertyValueSpecification\",\"valueRequired\":true,\"valueName\":\"search_term_string\"}}],\"inLanguage\":\"en-US\"},{\"@type\":\"Organization\",\"@id\":\"https:\\\/\\\/blogin.al\\\/#organization\",\"name\":\"BLOGIN.al\",\"url\":\"https:\\\/\\\/blogin.al\\\/\",\"logo\":{\"@type\":\"ImageObject\",\"inLanguage\":\"en-US\",\"@id\":\"https:\\\/\\\/blogin.al\\\/#\\\/schema\\\/logo\\\/image\\\/\",\"url\":\"https:\\\/\\\/blogin.al\\\/wp-content\\\/uploads\\\/2022\\\/05\\\/Untitled-2-01-e1652084456514.png\",\"contentUrl\":\"https:\\\/\\\/blogin.al\\\/wp-content\\\/uploads\\\/2022\\\/05\\\/Untitled-2-01-e1652084456514.png\",\"width\":3723,\"height\":1698,\"caption\":\"BLOGIN.al\"},\"image\":{\"@id\":\"https:\\\/\\\/blogin.al\\\/#\\\/schema\\\/logo\\\/image\\\/\"},\"sameAs\":[\"https:\\\/\\\/instagram.com\\\/blogin.al\\\/\"]},{\"@type\":\"Person\",\"@id\":\"https:\\\/\\\/blogin.al\\\/#\\\/schema\\\/person\\\/abdd56bc912cd511db877b852b115399\",\"name\":\"Blogin al\",\"image\":{\"@type\":\"ImageObject\",\"inLanguage\":\"en-US\",\"@id\":\"https:\\\/\\\/secure.gravatar.com\\\/avatar\\\/60d5661aee6e835fb13dc75d2204cd0c1d61bef2efd137c0083e59ef831e235e?s=96&d=mm&r=g\",\"url\":\"https:\\\/\\\/secure.gravatar.com\\\/avatar\\\/60d5661aee6e835fb13dc75d2204cd0c1d61bef2efd137c0083e59ef831e235e?s=96&d=mm&r=g\",\"contentUrl\":\"https:\\\/\\\/secure.gravatar.com\\\/avatar\\\/60d5661aee6e835fb13dc75d2204cd0c1d61bef2efd137c0083e59ef831e235e?s=96&d=mm&r=g\",\"caption\":\"Blogin al\"},\"sameAs\":[\"https:\\\/\\\/blogin.al\"],\"url\":\"https:\\\/\\\/blogin.al\\\/?author=2\"}]}<\/script>\n<!-- \/ Yoast SEO plugin. -->","yoast_head_json":{"title":"P\u00ebr her\u00eb t\u00eb par\u00eb, Khloe Kardashian na prezanton me djalin e saj - blogin.al","robots":{"index":"index","follow":"follow","max-snippet":"max-snippet:-1","max-image-preview":"max-image-preview:large","max-video-preview":"max-video-preview:-1"},"canonical":"https:\/\/blogin.al\/?p=14884","og_locale":"en_US","og_type":"article","og_title":"P\u00ebr her\u00eb t\u00eb par\u00eb, Khloe Kardashian na prezanton me djalin e saj - blogin.al","og_description":"Khlo\u00e9 Kardashian ka publikuar pamjen e par\u00eb t\u00eb foshnj\u00ebs s\u00eb dyt\u00eb gjat\u00eb premier\u00ebs s\u00eb sezonit t\u00eb dyt\u00eb t\u00eb The Kardashians, i cili u transmetua t\u00eb enjten, m\u00eb 22 shtator. \u201cQ\u00eb nga dhjetori, ka qen\u00eb nj\u00eb re e err\u00ebt q\u00eb m\u00eb r\u00ebndonte. \u00c7do dit\u00eb, jam ndjer\u00eb e d\u00ebshp\u00ebruar dhe e trishtuar, dhe tani q\u00eb djali im [&hellip;]","og_url":"https:\/\/blogin.al\/?p=14884","og_site_name":"blogin.al","article_published_time":"2022-09-23T11:11:43+00:00","article_modified_time":"2022-09-23T11:11:45+00:00","og_image":[{"width":1200,"height":675,"url":"https:\/\/blogin.al\/wp-content\/uploads\/2022\/09\/khloe-kardashian-.jpg","type":"image\/jpeg"}],"author":"Blogin al","twitter_card":"summary_large_image","twitter_misc":{"Written by":"Blogin al","Est. reading time":"1 minute"},"schema":{"@context":"https:\/\/schema.org","@graph":[{"@type":"Article","@id":"https:\/\/blogin.al\/?p=14884#article","isPartOf":{"@id":"https:\/\/blogin.al\/?p=14884"},"author":{"name":"Blogin al","@id":"https:\/\/blogin.al\/#\/schema\/person\/abdd56bc912cd511db877b852b115399"},"headline":"P\u00ebr her\u00eb t\u00eb par\u00eb, Khloe Kardashian na prezanton me djalin e saj","datePublished":"2022-09-23T11:11:43+00:00","dateModified":"2022-09-23T11:11:45+00:00","mainEntityOfPage":{"@id":"https:\/\/blogin.al\/?p=14884"},"wordCount":148,"commentCount":0,"publisher":{"@id":"https:\/\/blogin.al\/#organization"},"image":{"@id":"https:\/\/blogin.al\/?p=14884#primaryimage"},"thumbnailUrl":"https:\/\/blogin.al\/wp-content\/uploads\/2022\/09\/khloe-kardashian-.jpg","articleSection":["SHOWBIZ"],"inLanguage":"en-US","potentialAction":[{"@type":"CommentAction","name":"Comment","target":["https:\/\/blogin.al\/?p=14884#respond"]}]},{"@type":"WebPage","@id":"https:\/\/blogin.al\/?p=14884","url":"https:\/\/blogin.al\/?p=14884","name":"P\u00ebr her\u00eb t\u00eb par\u00eb, Khloe Kardashian na prezanton me djalin e saj - blogin.al","isPartOf":{"@id":"https:\/\/blogin.al\/#website"},"primaryImageOfPage":{"@id":"https:\/\/blogin.al\/?p=14884#primaryimage"},"image":{"@id":"https:\/\/blogin.al\/?p=14884#primaryimage"},"thumbnailUrl":"https:\/\/blogin.al\/wp-content\/uploads\/2022\/09\/khloe-kardashian-.jpg","datePublished":"2022-09-23T11:11:43+00:00","dateModified":"2022-09-23T11:11:45+00:00","breadcrumb":{"@id":"https:\/\/blogin.al\/?p=14884#breadcrumb"},"inLanguage":"en-US","potentialAction":[{"@type":"ReadAction","target":["https:\/\/blogin.al\/?p=14884"]}]},{"@type":"ImageObject","inLanguage":"en-US","@id":"https:\/\/blogin.al\/?p=14884#primaryimage","url":"https:\/\/blogin.al\/wp-content\/uploads\/2022\/09\/khloe-kardashian-.jpg","contentUrl":"https:\/\/blogin.al\/wp-content\/uploads\/2022\/09\/khloe-kardashian-.jpg","width":1200,"height":675},{"@type":"BreadcrumbList","@id":"https:\/\/blogin.al\/?p=14884#breadcrumb","itemListElement":[{"@type":"ListItem","position":1,"name":"Home","item":"https:\/\/blogin.al\/"},{"@type":"ListItem","position":2,"name":"P\u00ebr her\u00eb t\u00eb par\u00eb, Khloe Kardashian na prezanton me djalin e saj"}]},{"@type":"WebSite","@id":"https:\/\/blogin.al\/#website","url":"https:\/\/blogin.al\/","name":"blogin.al","description":"","publisher":{"@id":"https:\/\/blogin.al\/#organization"},"potentialAction":[{"@type":"SearchAction","target":{"@type":"EntryPoint","urlTemplate":"https:\/\/blogin.al\/?s={search_term_string}"},"query-input":{"@type":"PropertyValueSpecification","valueRequired":true,"valueName":"search_term_string"}}],"inLanguage":"en-US"},{"@type":"Organization","@id":"https:\/\/blogin.al\/#organization","name":"BLOGIN.al","url":"https:\/\/blogin.al\/","logo":{"@type":"ImageObject","inLanguage":"en-US","@id":"https:\/\/blogin.al\/#\/schema\/logo\/image\/","url":"https:\/\/blogin.al\/wp-content\/uploads\/2022\/05\/Untitled-2-01-e1652084456514.png","contentUrl":"https:\/\/blogin.al\/wp-content\/uploads\/2022\/05\/Untitled-2-01-e1652084456514.png","width":3723,"height":1698,"caption":"BLOGIN.al"},"image":{"@id":"https:\/\/blogin.al\/#\/schema\/logo\/image\/"},"sameAs":["https:\/\/instagram.com\/blogin.al\/"]},{"@type":"Person","@id":"https:\/\/blogin.al\/#\/schema\/person\/abdd56bc912cd511db877b852b115399","name":"Blogin al","image":{"@type":"ImageObject","inLanguage":"en-US","@id":"https:\/\/secure.gravatar.com\/avatar\/60d5661aee6e835fb13dc75d2204cd0c1d61bef2efd137c0083e59ef831e235e?s=96&d=mm&r=g","url":"https:\/\/secure.gravatar.com\/avatar\/60d5661aee6e835fb13dc75d2204cd0c1d61bef2efd137c0083e59ef831e235e?s=96&d=mm&r=g","contentUrl":"https:\/\/secure.gravatar.com\/avatar\/60d5661aee6e835fb13dc75d2204cd0c1d61bef2efd137c0083e59ef831e235e?s=96&d=mm&r=g","caption":"Blogin al"},"sameAs":["https:\/\/blogin.al"],"url":"https:\/\/blogin.al\/?author=2"}]}},"_links":{"self":[{"href":"https:\/\/blogin.al\/index.php?rest_route=\/wp\/v2\/posts\/14884","targetHints":{"allow":["GET"]}}],"collection":[{"href":"https:\/\/blogin.al\/index.php?rest_route=\/wp\/v2\/posts"}],"about":[{"href":"https:\/\/blogin.al\/index.php?rest_route=\/wp\/v2\/types\/post"}],"author":[{"embeddable":true,"href":"https:\/\/blogin.al\/index.php?rest_route=\/wp\/v2\/users\/2"}],"replies":[{"embeddable":true,"href":"https:\/\/blogin.al\/index.php?rest_route=%2Fwp%2Fv2%2Fcomments&post=14884"}],"version-history":[{"count":1,"href":"https:\/\/blogin.al\/index.php?rest_route=\/wp\/v2\/posts\/14884\/revisions"}],"predecessor-version":[{"id":14886,"href":"https:\/\/blogin.al\/index.php?rest_route=\/wp\/v2\/posts\/14884\/revisions\/14886"}],"wp:featuredmedia":[{"embeddable":true,"href":"https:\/\/blogin.al\/index.php?rest_route=\/wp\/v2\/media\/14885"}],"wp:attachment":[{"href":"https:\/\/blogin.al\/index.php?rest_route=%2Fwp%2Fv2%2Fmedia&parent=14884"}],"wp:term":[{"taxonomy":"category","embeddable":true,"href":"https:\/\/blogin.al\/index.php?rest_route=%2Fwp%2Fv2%2Fcategories&post=14884"},{"taxonomy":"post_tag","embeddable":true,"href":"https:\/\/blogin.al\/index.php?rest_route=%2Fwp%2Fv2%2Ftags&post=14884"}],"curies":[{"name":"wp","href":"https:\/\/api.w.org\/{rel}","templated":true}]}}