{"id":14935,"date":"2022-09-24T09:49:56","date_gmt":"2022-09-24T09:49:56","guid":{"rendered":"https:\/\/blogin.al\/?p=14935"},"modified":"2022-09-24T09:49:57","modified_gmt":"2022-09-24T09:49:57","slug":"shakira-foli-per-ndarjen-reagon-pique-po-luan-rolin-e-viktimes","status":"publish","type":"post","link":"https:\/\/blogin.al\/?p=14935","title":{"rendered":"Shakira foli p\u00ebr ndarjen, reagon Pique: Po luan rolin e viktim\u00ebs"},"content":{"rendered":"\n<p>Deklaratat e fundit t\u00eb Shakira-s p\u00ebr divorcin e saj nga mbrojt\u00ebsi i Barcelon\u00ebs, Gerard Pique , e kan\u00eb shqet\u00ebsuar qart\u00eb futbollistin teksa ai ka folur n\u00eb lidhje me situat\u00ebn. N\u00eb \u201cmomentin m\u00eb t\u00eb err\u00ebt t\u00eb jet\u00ebs s\u00eb saj\u201d Shakira ka dh\u00ebn\u00eb nj\u00eb intervist\u00eb p\u00ebr revist\u00ebn ELLE, ku ka se si po e p\u00ebrballon ndarjen nga Pique.<\/p>\n\n\n\n<p>Sipas La Vanguardia, futbollisti nuk e ka pritur fare mir\u00eb intervist\u00ebn, i cili \u00ebsht\u00eb m\u00ebrzitur me ish-partneren e tij. Gjat\u00eb intervist\u00ebs, krahas diskutimit p\u00ebr \u00e7\u00ebshtjet p\u00ebr f\u00ebmij\u00ebt e tyre, Shakira p\u00ebrmend ngacmimet e shtypit n\u00eb Barcelon\u00eb, duke ndikuar n\u00eb d\u00ebshir\u00ebn e saj p\u00ebr t\u2019u transferuar n\u00eb Miami.<\/p>\n\n\n\n<p><strong>\u201cMund t\u00eb them vet\u00ebm se kam vendosur gjith\u00e7ka q\u00eb kam n\u00eb k\u00ebt\u00eb marr\u00ebdh\u00ebnie dhe n\u00eb familjen time\u201d, tha ajo p\u00ebr ELLE. \u201cGerard si futbollist donte t\u00eb luante futboll dhe t\u00eb fitonte kupa dhe un\u00eb duhej ta mb\u00ebshtesja. Un\u00eb e vura karrier\u00ebn time n\u00eb plan t\u00eb dyt\u00eb dhe erdha n\u00eb Spanj\u00eb, q\u00eb ai t\u00eb luante futboll dhe t\u00eb fitonte tituj.<\/strong><\/p>\n\n\n\n<p><strong>Pique mendon se Shakira po luan rolin e viktim\u00ebs. \u201cT\u00eb gjith\u00eb ata q\u00eb e njohin e din\u00eb se edhe n\u00ebse ai ka dal\u00eb p\u00ebr disa net\u00eb duke pir\u00eb, ai gjithmon\u00eb e ka kombinuar k\u00ebt\u00eb me biznesin e tij, por edhe me kujdesin p\u00ebr familjen e tij. I \u00e7on f\u00ebmij\u00ebt n\u00eb shkoll\u00eb, n\u00eb aktivitete jasht\u00ebshkollore, n\u00eb udh\u00ebtime dhe e kalon gjith\u00eb koh\u00ebn me ta kur nuk punon\u201d, thon\u00eb t\u00eb af\u00ebrmit e tij.<\/strong><\/p>\n\n\n\n<p>M\u00ebsohet se futbollisti \u00ebsht\u00eb e t\u00ebrbuar q\u00eb kolumbianja e p\u00ebrkufizon veten si ajo q\u00eb merr koh\u00eb nga karriera p\u00ebr t\u2019u kujdesur p\u00ebr f\u00ebmij\u00ebt e saj me q\u00ebllim q\u00eb t\u00eb b\u00ebhet shembull p\u00ebr ta.&nbsp;<\/p>\n","protected":false},"excerpt":{"rendered":"<p>Deklaratat e fundit t\u00eb Shakira-s p\u00ebr divorcin e saj nga mbrojt\u00ebsi i Barcelon\u00ebs, Gerard Pique , e kan\u00eb shqet\u00ebsuar qart\u00eb futbollistin teksa ai ka folur n\u00eb lidhje me situat\u00ebn. N\u00eb \u201cmomentin m\u00eb t\u00eb err\u00ebt t\u00eb jet\u00ebs s\u00eb saj\u201d Shakira ka dh\u00ebn\u00eb nj\u00eb intervist\u00eb p\u00ebr revist\u00ebn ELLE, ku ka se si po e p\u00ebrballon ndarjen nga [&hellip;]<\/p>\n","protected":false},"author":2,"featured_media":14936,"comment_status":"open","ping_status":"open","sticky":false,"template":"","format":"standard","meta":{"footnotes":""},"categories":[33],"tags":[],"class_list":{"0":"post-14935","1":"post","2":"type-post","3":"status-publish","4":"format-standard","5":"has-post-thumbnail","7":"category-showbiz"},"yoast_head":"<!-- This site is optimized with the Yoast SEO plugin v27.5 - https:\/\/yoast.com\/product\/yoast-seo-wordpress\/ -->\n<title>Shakira foli p\u00ebr ndarjen, reagon Pique: Po luan rolin e viktim\u00ebs - blogin.al<\/title>\n<meta name=\"robots\" content=\"index, follow, max-snippet:-1, max-image-preview:large, max-video-preview:-1\" \/>\n<link rel=\"canonical\" href=\"https:\/\/blogin.al\/?p=14935\" \/>\n<meta property=\"og:locale\" content=\"en_US\" \/>\n<meta property=\"og:type\" content=\"article\" \/>\n<meta property=\"og:title\" content=\"Shakira foli p\u00ebr ndarjen, reagon Pique: Po luan rolin e viktim\u00ebs - blogin.al\" \/>\n<meta property=\"og:description\" content=\"Deklaratat e fundit t\u00eb Shakira-s p\u00ebr divorcin e saj nga mbrojt\u00ebsi i Barcelon\u00ebs, Gerard Pique , e kan\u00eb shqet\u00ebsuar qart\u00eb futbollistin teksa ai ka folur n\u00eb lidhje me situat\u00ebn. N\u00eb \u201cmomentin m\u00eb t\u00eb err\u00ebt t\u00eb jet\u00ebs s\u00eb saj\u201d Shakira ka dh\u00ebn\u00eb nj\u00eb intervist\u00eb p\u00ebr revist\u00ebn ELLE, ku ka se si po e p\u00ebrballon ndarjen nga [&hellip;]\" \/>\n<meta property=\"og:url\" content=\"https:\/\/blogin.al\/?p=14935\" \/>\n<meta property=\"og:site_name\" content=\"blogin.al\" \/>\n<meta property=\"article:published_time\" content=\"2022-09-24T09:49:56+00:00\" \/>\n<meta property=\"article:modified_time\" content=\"2022-09-24T09:49:57+00:00\" \/>\n<meta property=\"og:image\" content=\"https:\/\/blogin.al\/wp-content\/uploads\/2022\/09\/Shakira-Pique-mc-2x1-220921-02-copy-2-6f58d8.webp\" \/>\n\t<meta property=\"og:image:width\" content=\"760\" \/>\n\t<meta property=\"og:image:height\" content=\"380\" \/>\n\t<meta property=\"og:image:type\" content=\"image\/webp\" \/>\n<meta name=\"author\" content=\"Blogin al\" \/>\n<meta name=\"twitter:card\" content=\"summary_large_image\" \/>\n<meta name=\"twitter:label1\" content=\"Written by\" \/>\n\t<meta name=\"twitter:data1\" content=\"Blogin al\" \/>\n\t<meta name=\"twitter:label2\" content=\"Est. reading time\" \/>\n\t<meta name=\"twitter:data2\" content=\"2 minutes\" \/>\n<script type=\"application\/ld+json\" class=\"yoast-schema-graph\">{\"@context\":\"https:\\\/\\\/schema.org\",\"@graph\":[{\"@type\":\"Article\",\"@id\":\"https:\\\/\\\/blogin.al\\\/?p=14935#article\",\"isPartOf\":{\"@id\":\"https:\\\/\\\/blogin.al\\\/?p=14935\"},\"author\":{\"name\":\"Blogin al\",\"@id\":\"https:\\\/\\\/blogin.al\\\/#\\\/schema\\\/person\\\/abdd56bc912cd511db877b852b115399\"},\"headline\":\"Shakira foli p\u00ebr ndarjen, reagon Pique: Po luan rolin e viktim\u00ebs\",\"datePublished\":\"2022-09-24T09:49:56+00:00\",\"dateModified\":\"2022-09-24T09:49:57+00:00\",\"mainEntityOfPage\":{\"@id\":\"https:\\\/\\\/blogin.al\\\/?p=14935\"},\"wordCount\":332,\"commentCount\":0,\"publisher\":{\"@id\":\"https:\\\/\\\/blogin.al\\\/#organization\"},\"image\":{\"@id\":\"https:\\\/\\\/blogin.al\\\/?p=14935#primaryimage\"},\"thumbnailUrl\":\"https:\\\/\\\/blogin.al\\\/wp-content\\\/uploads\\\/2022\\\/09\\\/Shakira-Pique-mc-2x1-220921-02-copy-2-6f58d8.webp\",\"articleSection\":[\"SHOWBIZ\"],\"inLanguage\":\"en-US\",\"potentialAction\":[{\"@type\":\"CommentAction\",\"name\":\"Comment\",\"target\":[\"https:\\\/\\\/blogin.al\\\/?p=14935#respond\"]}]},{\"@type\":\"WebPage\",\"@id\":\"https:\\\/\\\/blogin.al\\\/?p=14935\",\"url\":\"https:\\\/\\\/blogin.al\\\/?p=14935\",\"name\":\"Shakira foli p\u00ebr ndarjen, reagon Pique: Po luan rolin e viktim\u00ebs - blogin.al\",\"isPartOf\":{\"@id\":\"https:\\\/\\\/blogin.al\\\/#website\"},\"primaryImageOfPage\":{\"@id\":\"https:\\\/\\\/blogin.al\\\/?p=14935#primaryimage\"},\"image\":{\"@id\":\"https:\\\/\\\/blogin.al\\\/?p=14935#primaryimage\"},\"thumbnailUrl\":\"https:\\\/\\\/blogin.al\\\/wp-content\\\/uploads\\\/2022\\\/09\\\/Shakira-Pique-mc-2x1-220921-02-copy-2-6f58d8.webp\",\"datePublished\":\"2022-09-24T09:49:56+00:00\",\"dateModified\":\"2022-09-24T09:49:57+00:00\",\"breadcrumb\":{\"@id\":\"https:\\\/\\\/blogin.al\\\/?p=14935#breadcrumb\"},\"inLanguage\":\"en-US\",\"potentialAction\":[{\"@type\":\"ReadAction\",\"target\":[\"https:\\\/\\\/blogin.al\\\/?p=14935\"]}]},{\"@type\":\"ImageObject\",\"inLanguage\":\"en-US\",\"@id\":\"https:\\\/\\\/blogin.al\\\/?p=14935#primaryimage\",\"url\":\"https:\\\/\\\/blogin.al\\\/wp-content\\\/uploads\\\/2022\\\/09\\\/Shakira-Pique-mc-2x1-220921-02-copy-2-6f58d8.webp\",\"contentUrl\":\"https:\\\/\\\/blogin.al\\\/wp-content\\\/uploads\\\/2022\\\/09\\\/Shakira-Pique-mc-2x1-220921-02-copy-2-6f58d8.webp\",\"width\":760,\"height\":380},{\"@type\":\"BreadcrumbList\",\"@id\":\"https:\\\/\\\/blogin.al\\\/?p=14935#breadcrumb\",\"itemListElement\":[{\"@type\":\"ListItem\",\"position\":1,\"name\":\"Home\",\"item\":\"https:\\\/\\\/blogin.al\\\/\"},{\"@type\":\"ListItem\",\"position\":2,\"name\":\"Shakira foli p\u00ebr ndarjen, reagon Pique: Po luan rolin e viktim\u00ebs\"}]},{\"@type\":\"WebSite\",\"@id\":\"https:\\\/\\\/blogin.al\\\/#website\",\"url\":\"https:\\\/\\\/blogin.al\\\/\",\"name\":\"blogin.al\",\"description\":\"\",\"publisher\":{\"@id\":\"https:\\\/\\\/blogin.al\\\/#organization\"},\"potentialAction\":[{\"@type\":\"SearchAction\",\"target\":{\"@type\":\"EntryPoint\",\"urlTemplate\":\"https:\\\/\\\/blogin.al\\\/?s={search_term_string}\"},\"query-input\":{\"@type\":\"PropertyValueSpecification\",\"valueRequired\":true,\"valueName\":\"search_term_string\"}}],\"inLanguage\":\"en-US\"},{\"@type\":\"Organization\",\"@id\":\"https:\\\/\\\/blogin.al\\\/#organization\",\"name\":\"BLOGIN.al\",\"url\":\"https:\\\/\\\/blogin.al\\\/\",\"logo\":{\"@type\":\"ImageObject\",\"inLanguage\":\"en-US\",\"@id\":\"https:\\\/\\\/blogin.al\\\/#\\\/schema\\\/logo\\\/image\\\/\",\"url\":\"https:\\\/\\\/blogin.al\\\/wp-content\\\/uploads\\\/2022\\\/05\\\/Untitled-2-01-e1652084456514.png\",\"contentUrl\":\"https:\\\/\\\/blogin.al\\\/wp-content\\\/uploads\\\/2022\\\/05\\\/Untitled-2-01-e1652084456514.png\",\"width\":3723,\"height\":1698,\"caption\":\"BLOGIN.al\"},\"image\":{\"@id\":\"https:\\\/\\\/blogin.al\\\/#\\\/schema\\\/logo\\\/image\\\/\"},\"sameAs\":[\"https:\\\/\\\/instagram.com\\\/blogin.al\\\/\"]},{\"@type\":\"Person\",\"@id\":\"https:\\\/\\\/blogin.al\\\/#\\\/schema\\\/person\\\/abdd56bc912cd511db877b852b115399\",\"name\":\"Blogin al\",\"image\":{\"@type\":\"ImageObject\",\"inLanguage\":\"en-US\",\"@id\":\"https:\\\/\\\/secure.gravatar.com\\\/avatar\\\/60d5661aee6e835fb13dc75d2204cd0c1d61bef2efd137c0083e59ef831e235e?s=96&d=mm&r=g\",\"url\":\"https:\\\/\\\/secure.gravatar.com\\\/avatar\\\/60d5661aee6e835fb13dc75d2204cd0c1d61bef2efd137c0083e59ef831e235e?s=96&d=mm&r=g\",\"contentUrl\":\"https:\\\/\\\/secure.gravatar.com\\\/avatar\\\/60d5661aee6e835fb13dc75d2204cd0c1d61bef2efd137c0083e59ef831e235e?s=96&d=mm&r=g\",\"caption\":\"Blogin al\"},\"sameAs\":[\"https:\\\/\\\/blogin.al\"],\"url\":\"https:\\\/\\\/blogin.al\\\/?author=2\"}]}<\/script>\n<!-- \/ Yoast SEO plugin. -->","yoast_head_json":{"title":"Shakira foli p\u00ebr ndarjen, reagon Pique: Po luan rolin e viktim\u00ebs - blogin.al","robots":{"index":"index","follow":"follow","max-snippet":"max-snippet:-1","max-image-preview":"max-image-preview:large","max-video-preview":"max-video-preview:-1"},"canonical":"https:\/\/blogin.al\/?p=14935","og_locale":"en_US","og_type":"article","og_title":"Shakira foli p\u00ebr ndarjen, reagon Pique: Po luan rolin e viktim\u00ebs - blogin.al","og_description":"Deklaratat e fundit t\u00eb Shakira-s p\u00ebr divorcin e saj nga mbrojt\u00ebsi i Barcelon\u00ebs, Gerard Pique , e kan\u00eb shqet\u00ebsuar qart\u00eb futbollistin teksa ai ka folur n\u00eb lidhje me situat\u00ebn. N\u00eb \u201cmomentin m\u00eb t\u00eb err\u00ebt t\u00eb jet\u00ebs s\u00eb saj\u201d Shakira ka dh\u00ebn\u00eb nj\u00eb intervist\u00eb p\u00ebr revist\u00ebn ELLE, ku ka se si po e p\u00ebrballon ndarjen nga [&hellip;]","og_url":"https:\/\/blogin.al\/?p=14935","og_site_name":"blogin.al","article_published_time":"2022-09-24T09:49:56+00:00","article_modified_time":"2022-09-24T09:49:57+00:00","og_image":[{"width":760,"height":380,"url":"https:\/\/blogin.al\/wp-content\/uploads\/2022\/09\/Shakira-Pique-mc-2x1-220921-02-copy-2-6f58d8.webp","type":"image\/webp"}],"author":"Blogin al","twitter_card":"summary_large_image","twitter_misc":{"Written by":"Blogin al","Est. reading time":"2 minutes"},"schema":{"@context":"https:\/\/schema.org","@graph":[{"@type":"Article","@id":"https:\/\/blogin.al\/?p=14935#article","isPartOf":{"@id":"https:\/\/blogin.al\/?p=14935"},"author":{"name":"Blogin al","@id":"https:\/\/blogin.al\/#\/schema\/person\/abdd56bc912cd511db877b852b115399"},"headline":"Shakira foli p\u00ebr ndarjen, reagon Pique: Po luan rolin e viktim\u00ebs","datePublished":"2022-09-24T09:49:56+00:00","dateModified":"2022-09-24T09:49:57+00:00","mainEntityOfPage":{"@id":"https:\/\/blogin.al\/?p=14935"},"wordCount":332,"commentCount":0,"publisher":{"@id":"https:\/\/blogin.al\/#organization"},"image":{"@id":"https:\/\/blogin.al\/?p=14935#primaryimage"},"thumbnailUrl":"https:\/\/blogin.al\/wp-content\/uploads\/2022\/09\/Shakira-Pique-mc-2x1-220921-02-copy-2-6f58d8.webp","articleSection":["SHOWBIZ"],"inLanguage":"en-US","potentialAction":[{"@type":"CommentAction","name":"Comment","target":["https:\/\/blogin.al\/?p=14935#respond"]}]},{"@type":"WebPage","@id":"https:\/\/blogin.al\/?p=14935","url":"https:\/\/blogin.al\/?p=14935","name":"Shakira foli p\u00ebr ndarjen, reagon Pique: Po luan rolin e viktim\u00ebs - blogin.al","isPartOf":{"@id":"https:\/\/blogin.al\/#website"},"primaryImageOfPage":{"@id":"https:\/\/blogin.al\/?p=14935#primaryimage"},"image":{"@id":"https:\/\/blogin.al\/?p=14935#primaryimage"},"thumbnailUrl":"https:\/\/blogin.al\/wp-content\/uploads\/2022\/09\/Shakira-Pique-mc-2x1-220921-02-copy-2-6f58d8.webp","datePublished":"2022-09-24T09:49:56+00:00","dateModified":"2022-09-24T09:49:57+00:00","breadcrumb":{"@id":"https:\/\/blogin.al\/?p=14935#breadcrumb"},"inLanguage":"en-US","potentialAction":[{"@type":"ReadAction","target":["https:\/\/blogin.al\/?p=14935"]}]},{"@type":"ImageObject","inLanguage":"en-US","@id":"https:\/\/blogin.al\/?p=14935#primaryimage","url":"https:\/\/blogin.al\/wp-content\/uploads\/2022\/09\/Shakira-Pique-mc-2x1-220921-02-copy-2-6f58d8.webp","contentUrl":"https:\/\/blogin.al\/wp-content\/uploads\/2022\/09\/Shakira-Pique-mc-2x1-220921-02-copy-2-6f58d8.webp","width":760,"height":380},{"@type":"BreadcrumbList","@id":"https:\/\/blogin.al\/?p=14935#breadcrumb","itemListElement":[{"@type":"ListItem","position":1,"name":"Home","item":"https:\/\/blogin.al\/"},{"@type":"ListItem","position":2,"name":"Shakira foli p\u00ebr ndarjen, reagon Pique: Po luan rolin e viktim\u00ebs"}]},{"@type":"WebSite","@id":"https:\/\/blogin.al\/#website","url":"https:\/\/blogin.al\/","name":"blogin.al","description":"","publisher":{"@id":"https:\/\/blogin.al\/#organization"},"potentialAction":[{"@type":"SearchAction","target":{"@type":"EntryPoint","urlTemplate":"https:\/\/blogin.al\/?s={search_term_string}"},"query-input":{"@type":"PropertyValueSpecification","valueRequired":true,"valueName":"search_term_string"}}],"inLanguage":"en-US"},{"@type":"Organization","@id":"https:\/\/blogin.al\/#organization","name":"BLOGIN.al","url":"https:\/\/blogin.al\/","logo":{"@type":"ImageObject","inLanguage":"en-US","@id":"https:\/\/blogin.al\/#\/schema\/logo\/image\/","url":"https:\/\/blogin.al\/wp-content\/uploads\/2022\/05\/Untitled-2-01-e1652084456514.png","contentUrl":"https:\/\/blogin.al\/wp-content\/uploads\/2022\/05\/Untitled-2-01-e1652084456514.png","width":3723,"height":1698,"caption":"BLOGIN.al"},"image":{"@id":"https:\/\/blogin.al\/#\/schema\/logo\/image\/"},"sameAs":["https:\/\/instagram.com\/blogin.al\/"]},{"@type":"Person","@id":"https:\/\/blogin.al\/#\/schema\/person\/abdd56bc912cd511db877b852b115399","name":"Blogin al","image":{"@type":"ImageObject","inLanguage":"en-US","@id":"https:\/\/secure.gravatar.com\/avatar\/60d5661aee6e835fb13dc75d2204cd0c1d61bef2efd137c0083e59ef831e235e?s=96&d=mm&r=g","url":"https:\/\/secure.gravatar.com\/avatar\/60d5661aee6e835fb13dc75d2204cd0c1d61bef2efd137c0083e59ef831e235e?s=96&d=mm&r=g","contentUrl":"https:\/\/secure.gravatar.com\/avatar\/60d5661aee6e835fb13dc75d2204cd0c1d61bef2efd137c0083e59ef831e235e?s=96&d=mm&r=g","caption":"Blogin al"},"sameAs":["https:\/\/blogin.al"],"url":"https:\/\/blogin.al\/?author=2"}]}},"_links":{"self":[{"href":"https:\/\/blogin.al\/index.php?rest_route=\/wp\/v2\/posts\/14935","targetHints":{"allow":["GET"]}}],"collection":[{"href":"https:\/\/blogin.al\/index.php?rest_route=\/wp\/v2\/posts"}],"about":[{"href":"https:\/\/blogin.al\/index.php?rest_route=\/wp\/v2\/types\/post"}],"author":[{"embeddable":true,"href":"https:\/\/blogin.al\/index.php?rest_route=\/wp\/v2\/users\/2"}],"replies":[{"embeddable":true,"href":"https:\/\/blogin.al\/index.php?rest_route=%2Fwp%2Fv2%2Fcomments&post=14935"}],"version-history":[{"count":1,"href":"https:\/\/blogin.al\/index.php?rest_route=\/wp\/v2\/posts\/14935\/revisions"}],"predecessor-version":[{"id":14937,"href":"https:\/\/blogin.al\/index.php?rest_route=\/wp\/v2\/posts\/14935\/revisions\/14937"}],"wp:featuredmedia":[{"embeddable":true,"href":"https:\/\/blogin.al\/index.php?rest_route=\/wp\/v2\/media\/14936"}],"wp:attachment":[{"href":"https:\/\/blogin.al\/index.php?rest_route=%2Fwp%2Fv2%2Fmedia&parent=14935"}],"wp:term":[{"taxonomy":"category","embeddable":true,"href":"https:\/\/blogin.al\/index.php?rest_route=%2Fwp%2Fv2%2Fcategories&post=14935"},{"taxonomy":"post_tag","embeddable":true,"href":"https:\/\/blogin.al\/index.php?rest_route=%2Fwp%2Fv2%2Ftags&post=14935"}],"curies":[{"name":"wp","href":"https:\/\/api.w.org\/{rel}","templated":true}]}}