{"id":14938,"date":"2022-09-24T10:13:56","date_gmt":"2022-09-24T10:13:56","guid":{"rendered":"https:\/\/blogin.al\/?p=14938"},"modified":"2022-09-24T12:24:47","modified_gmt":"2022-09-24T12:24:47","slug":"moderatorja-tregon-momentin-e-sikletshem-me-te-ftuaren-ne-emision","status":"publish","type":"post","link":"https:\/\/blogin.al\/?p=14938","title":{"rendered":"Moderatorja tregon momentin e sikletsh\u00ebm me t\u00eb ftuar\u00ebn n\u00eb emision"},"content":{"rendered":"\n<p>N\u00eb rubrik\u00ebn \u201cpyetje hot\u201d, moderatorja i ka dh\u00ebn\u00eb mund\u00ebsin\u00eb t\u00eb ftuar\u00ebs t\u2019i drejtoj\u00eb nj\u00eb pytje, t\u00eb cil\u00ebs duhej t\u2019i p\u00ebrgjigjej me doemos. E pyetur se cila ka qen\u00eb k\u00ebrkesa m\u00eb e \u00e7uditshme q\u00eb nj\u00eb e ftuar i ka b\u00ebr\u00eb n\u00eb emision, Ester Bylyku nuk hezitoi t\u00eb tregonte rastin kur i kan\u00eb k\u00ebrkuar t\u00eb putheshin n\u00eb buz\u00eb p\u00ebr show.<\/p>\n\n\n\n<p><strong>\u201cKa nga ato raste q\u00eb ka t\u00eb ftuara q\u00eb nuk duan t\u00eb b\u00ebjn\u00eb show, ka dhe nga ata q\u00eb duan t\u00eb b\u00ebjn\u00eb shum\u00eb show. Ka qen\u00eb nj\u00eb rast me dik\u00eb q\u00eb ka qen\u00eb e ftuar n\u00eb emision (vajz\u00eb) dhe m\u00eb k\u00ebrkoi t\u00eb b\u00ebjm\u00eb show. I thash pa merak do t\u00eb b\u00ebj pyetje t\u00eb bukura. N\u00eb rregull tha, po un\u00eb kam nj\u00eb mendim m\u00eb t\u00eb mir\u00eb tha do t\u00eb t\u00eb puth n\u00eb buz\u00eb. I thash\u00eb jo dhe nuk e kam menduar,\u201d<\/strong>-u shpreh moderatorja.\u201d<\/p>\n\n\n\n<figure class=\"wp-block-video\"><video height=\"1280\" style=\"aspect-ratio: 720 \/ 1280;\" width=\"720\" controls src=\"https:\/\/blogin.al\/wp-content\/uploads\/2022\/09\/VID_45320323_091208_529.mp4\"><\/video><\/figure>\n","protected":false},"excerpt":{"rendered":"<p>N\u00eb rubrik\u00ebn \u201cpyetje hot\u201d, moderatorja i ka dh\u00ebn\u00eb mund\u00ebsin\u00eb t\u00eb ftuar\u00ebs t\u2019i drejtoj\u00eb nj\u00eb pytje, t\u00eb cil\u00ebs duhej t\u2019i p\u00ebrgjigjej me doemos. E pyetur se cila ka qen\u00eb k\u00ebrkesa m\u00eb e \u00e7uditshme q\u00eb nj\u00eb e ftuar i ka b\u00ebr\u00eb n\u00eb emision, Ester Bylyku nuk hezitoi t\u00eb tregonte rastin kur i kan\u00eb k\u00ebrkuar t\u00eb putheshin n\u00eb [&hellip;]<\/p>\n","protected":false},"author":2,"featured_media":14955,"comment_status":"open","ping_status":"open","sticky":false,"template":"","format":"standard","meta":{"footnotes":""},"categories":[33],"tags":[],"class_list":{"0":"post-14938","1":"post","2":"type-post","3":"status-publish","4":"format-standard","5":"has-post-thumbnail","7":"category-showbiz"},"yoast_head":"<!-- This site is optimized with the Yoast SEO plugin v27.5 - https:\/\/yoast.com\/product\/yoast-seo-wordpress\/ -->\n<title>Moderatorja tregon momentin e sikletsh\u00ebm me t\u00eb ftuar\u00ebn n\u00eb emision - blogin.al<\/title>\n<meta name=\"robots\" content=\"index, follow, max-snippet:-1, max-image-preview:large, max-video-preview:-1\" \/>\n<link rel=\"canonical\" href=\"https:\/\/blogin.al\/?p=14938\" \/>\n<meta property=\"og:locale\" content=\"en_US\" \/>\n<meta property=\"og:type\" content=\"article\" \/>\n<meta property=\"og:title\" content=\"Moderatorja tregon momentin e sikletsh\u00ebm me t\u00eb ftuar\u00ebn n\u00eb emision - blogin.al\" \/>\n<meta property=\"og:description\" content=\"N\u00eb rubrik\u00ebn \u201cpyetje hot\u201d, moderatorja i ka dh\u00ebn\u00eb mund\u00ebsin\u00eb t\u00eb ftuar\u00ebs t\u2019i drejtoj\u00eb nj\u00eb pytje, t\u00eb cil\u00ebs duhej t\u2019i p\u00ebrgjigjej me doemos. E pyetur se cila ka qen\u00eb k\u00ebrkesa m\u00eb e \u00e7uditshme q\u00eb nj\u00eb e ftuar i ka b\u00ebr\u00eb n\u00eb emision, Ester Bylyku nuk hezitoi t\u00eb tregonte rastin kur i kan\u00eb k\u00ebrkuar t\u00eb putheshin n\u00eb [&hellip;]\" \/>\n<meta property=\"og:url\" content=\"https:\/\/blogin.al\/?p=14938\" \/>\n<meta property=\"og:site_name\" content=\"blogin.al\" \/>\n<meta property=\"article:published_time\" content=\"2022-09-24T10:13:56+00:00\" \/>\n<meta property=\"article:modified_time\" content=\"2022-09-24T12:24:47+00:00\" \/>\n<meta property=\"og:image\" content=\"https:\/\/blogin.al\/wp-content\/uploads\/2022\/09\/ester.png\" \/>\n\t<meta property=\"og:image:width\" content=\"900\" \/>\n\t<meta property=\"og:image:height\" content=\"858\" \/>\n\t<meta property=\"og:image:type\" content=\"image\/png\" \/>\n<meta name=\"author\" content=\"Blogin al\" \/>\n<meta name=\"twitter:card\" content=\"summary_large_image\" \/>\n<meta name=\"twitter:label1\" content=\"Written by\" \/>\n\t<meta name=\"twitter:data1\" content=\"Blogin al\" \/>\n\t<meta name=\"twitter:label2\" content=\"Est. reading time\" \/>\n\t<meta name=\"twitter:data2\" content=\"1 minute\" \/>\n<script type=\"application\/ld+json\" class=\"yoast-schema-graph\">{\"@context\":\"https:\\\/\\\/schema.org\",\"@graph\":[{\"@type\":\"Article\",\"@id\":\"https:\\\/\\\/blogin.al\\\/?p=14938#article\",\"isPartOf\":{\"@id\":\"https:\\\/\\\/blogin.al\\\/?p=14938\"},\"author\":{\"name\":\"Blogin al\",\"@id\":\"https:\\\/\\\/blogin.al\\\/#\\\/schema\\\/person\\\/abdd56bc912cd511db877b852b115399\"},\"headline\":\"Moderatorja tregon momentin e sikletsh\u00ebm me t\u00eb ftuar\u00ebn n\u00eb emision\",\"datePublished\":\"2022-09-24T10:13:56+00:00\",\"dateModified\":\"2022-09-24T12:24:47+00:00\",\"mainEntityOfPage\":{\"@id\":\"https:\\\/\\\/blogin.al\\\/?p=14938\"},\"wordCount\":170,\"commentCount\":0,\"publisher\":{\"@id\":\"https:\\\/\\\/blogin.al\\\/#organization\"},\"image\":{\"@id\":\"https:\\\/\\\/blogin.al\\\/?p=14938#primaryimage\"},\"thumbnailUrl\":\"https:\\\/\\\/blogin.al\\\/wp-content\\\/uploads\\\/2022\\\/09\\\/ester.png\",\"articleSection\":[\"SHOWBIZ\"],\"inLanguage\":\"en-US\",\"potentialAction\":[{\"@type\":\"CommentAction\",\"name\":\"Comment\",\"target\":[\"https:\\\/\\\/blogin.al\\\/?p=14938#respond\"]}]},{\"@type\":\"WebPage\",\"@id\":\"https:\\\/\\\/blogin.al\\\/?p=14938\",\"url\":\"https:\\\/\\\/blogin.al\\\/?p=14938\",\"name\":\"Moderatorja tregon momentin e sikletsh\u00ebm me t\u00eb ftuar\u00ebn n\u00eb emision - blogin.al\",\"isPartOf\":{\"@id\":\"https:\\\/\\\/blogin.al\\\/#website\"},\"primaryImageOfPage\":{\"@id\":\"https:\\\/\\\/blogin.al\\\/?p=14938#primaryimage\"},\"image\":{\"@id\":\"https:\\\/\\\/blogin.al\\\/?p=14938#primaryimage\"},\"thumbnailUrl\":\"https:\\\/\\\/blogin.al\\\/wp-content\\\/uploads\\\/2022\\\/09\\\/ester.png\",\"datePublished\":\"2022-09-24T10:13:56+00:00\",\"dateModified\":\"2022-09-24T12:24:47+00:00\",\"breadcrumb\":{\"@id\":\"https:\\\/\\\/blogin.al\\\/?p=14938#breadcrumb\"},\"inLanguage\":\"en-US\",\"potentialAction\":[{\"@type\":\"ReadAction\",\"target\":[\"https:\\\/\\\/blogin.al\\\/?p=14938\"]}]},{\"@type\":\"ImageObject\",\"inLanguage\":\"en-US\",\"@id\":\"https:\\\/\\\/blogin.al\\\/?p=14938#primaryimage\",\"url\":\"https:\\\/\\\/blogin.al\\\/wp-content\\\/uploads\\\/2022\\\/09\\\/ester.png\",\"contentUrl\":\"https:\\\/\\\/blogin.al\\\/wp-content\\\/uploads\\\/2022\\\/09\\\/ester.png\",\"width\":900,\"height\":858},{\"@type\":\"BreadcrumbList\",\"@id\":\"https:\\\/\\\/blogin.al\\\/?p=14938#breadcrumb\",\"itemListElement\":[{\"@type\":\"ListItem\",\"position\":1,\"name\":\"Home\",\"item\":\"https:\\\/\\\/blogin.al\\\/\"},{\"@type\":\"ListItem\",\"position\":2,\"name\":\"Moderatorja tregon momentin e sikletsh\u00ebm me t\u00eb ftuar\u00ebn n\u00eb emision\"}]},{\"@type\":\"WebSite\",\"@id\":\"https:\\\/\\\/blogin.al\\\/#website\",\"url\":\"https:\\\/\\\/blogin.al\\\/\",\"name\":\"blogin.al\",\"description\":\"\",\"publisher\":{\"@id\":\"https:\\\/\\\/blogin.al\\\/#organization\"},\"potentialAction\":[{\"@type\":\"SearchAction\",\"target\":{\"@type\":\"EntryPoint\",\"urlTemplate\":\"https:\\\/\\\/blogin.al\\\/?s={search_term_string}\"},\"query-input\":{\"@type\":\"PropertyValueSpecification\",\"valueRequired\":true,\"valueName\":\"search_term_string\"}}],\"inLanguage\":\"en-US\"},{\"@type\":\"Organization\",\"@id\":\"https:\\\/\\\/blogin.al\\\/#organization\",\"name\":\"BLOGIN.al\",\"url\":\"https:\\\/\\\/blogin.al\\\/\",\"logo\":{\"@type\":\"ImageObject\",\"inLanguage\":\"en-US\",\"@id\":\"https:\\\/\\\/blogin.al\\\/#\\\/schema\\\/logo\\\/image\\\/\",\"url\":\"https:\\\/\\\/blogin.al\\\/wp-content\\\/uploads\\\/2022\\\/05\\\/Untitled-2-01-e1652084456514.png\",\"contentUrl\":\"https:\\\/\\\/blogin.al\\\/wp-content\\\/uploads\\\/2022\\\/05\\\/Untitled-2-01-e1652084456514.png\",\"width\":3723,\"height\":1698,\"caption\":\"BLOGIN.al\"},\"image\":{\"@id\":\"https:\\\/\\\/blogin.al\\\/#\\\/schema\\\/logo\\\/image\\\/\"},\"sameAs\":[\"https:\\\/\\\/instagram.com\\\/blogin.al\\\/\"]},{\"@type\":\"Person\",\"@id\":\"https:\\\/\\\/blogin.al\\\/#\\\/schema\\\/person\\\/abdd56bc912cd511db877b852b115399\",\"name\":\"Blogin al\",\"image\":{\"@type\":\"ImageObject\",\"inLanguage\":\"en-US\",\"@id\":\"https:\\\/\\\/secure.gravatar.com\\\/avatar\\\/60d5661aee6e835fb13dc75d2204cd0c1d61bef2efd137c0083e59ef831e235e?s=96&d=mm&r=g\",\"url\":\"https:\\\/\\\/secure.gravatar.com\\\/avatar\\\/60d5661aee6e835fb13dc75d2204cd0c1d61bef2efd137c0083e59ef831e235e?s=96&d=mm&r=g\",\"contentUrl\":\"https:\\\/\\\/secure.gravatar.com\\\/avatar\\\/60d5661aee6e835fb13dc75d2204cd0c1d61bef2efd137c0083e59ef831e235e?s=96&d=mm&r=g\",\"caption\":\"Blogin al\"},\"sameAs\":[\"https:\\\/\\\/blogin.al\"],\"url\":\"https:\\\/\\\/blogin.al\\\/?author=2\"}]}<\/script>\n<!-- \/ Yoast SEO plugin. -->","yoast_head_json":{"title":"Moderatorja tregon momentin e sikletsh\u00ebm me t\u00eb ftuar\u00ebn n\u00eb emision - blogin.al","robots":{"index":"index","follow":"follow","max-snippet":"max-snippet:-1","max-image-preview":"max-image-preview:large","max-video-preview":"max-video-preview:-1"},"canonical":"https:\/\/blogin.al\/?p=14938","og_locale":"en_US","og_type":"article","og_title":"Moderatorja tregon momentin e sikletsh\u00ebm me t\u00eb ftuar\u00ebn n\u00eb emision - blogin.al","og_description":"N\u00eb rubrik\u00ebn \u201cpyetje hot\u201d, moderatorja i ka dh\u00ebn\u00eb mund\u00ebsin\u00eb t\u00eb ftuar\u00ebs t\u2019i drejtoj\u00eb nj\u00eb pytje, t\u00eb cil\u00ebs duhej t\u2019i p\u00ebrgjigjej me doemos. E pyetur se cila ka qen\u00eb k\u00ebrkesa m\u00eb e \u00e7uditshme q\u00eb nj\u00eb e ftuar i ka b\u00ebr\u00eb n\u00eb emision, Ester Bylyku nuk hezitoi t\u00eb tregonte rastin kur i kan\u00eb k\u00ebrkuar t\u00eb putheshin n\u00eb [&hellip;]","og_url":"https:\/\/blogin.al\/?p=14938","og_site_name":"blogin.al","article_published_time":"2022-09-24T10:13:56+00:00","article_modified_time":"2022-09-24T12:24:47+00:00","og_image":[{"width":900,"height":858,"url":"https:\/\/blogin.al\/wp-content\/uploads\/2022\/09\/ester.png","type":"image\/png"}],"author":"Blogin al","twitter_card":"summary_large_image","twitter_misc":{"Written by":"Blogin al","Est. reading time":"1 minute"},"schema":{"@context":"https:\/\/schema.org","@graph":[{"@type":"Article","@id":"https:\/\/blogin.al\/?p=14938#article","isPartOf":{"@id":"https:\/\/blogin.al\/?p=14938"},"author":{"name":"Blogin al","@id":"https:\/\/blogin.al\/#\/schema\/person\/abdd56bc912cd511db877b852b115399"},"headline":"Moderatorja tregon momentin e sikletsh\u00ebm me t\u00eb ftuar\u00ebn n\u00eb emision","datePublished":"2022-09-24T10:13:56+00:00","dateModified":"2022-09-24T12:24:47+00:00","mainEntityOfPage":{"@id":"https:\/\/blogin.al\/?p=14938"},"wordCount":170,"commentCount":0,"publisher":{"@id":"https:\/\/blogin.al\/#organization"},"image":{"@id":"https:\/\/blogin.al\/?p=14938#primaryimage"},"thumbnailUrl":"https:\/\/blogin.al\/wp-content\/uploads\/2022\/09\/ester.png","articleSection":["SHOWBIZ"],"inLanguage":"en-US","potentialAction":[{"@type":"CommentAction","name":"Comment","target":["https:\/\/blogin.al\/?p=14938#respond"]}]},{"@type":"WebPage","@id":"https:\/\/blogin.al\/?p=14938","url":"https:\/\/blogin.al\/?p=14938","name":"Moderatorja tregon momentin e sikletsh\u00ebm me t\u00eb ftuar\u00ebn n\u00eb emision - blogin.al","isPartOf":{"@id":"https:\/\/blogin.al\/#website"},"primaryImageOfPage":{"@id":"https:\/\/blogin.al\/?p=14938#primaryimage"},"image":{"@id":"https:\/\/blogin.al\/?p=14938#primaryimage"},"thumbnailUrl":"https:\/\/blogin.al\/wp-content\/uploads\/2022\/09\/ester.png","datePublished":"2022-09-24T10:13:56+00:00","dateModified":"2022-09-24T12:24:47+00:00","breadcrumb":{"@id":"https:\/\/blogin.al\/?p=14938#breadcrumb"},"inLanguage":"en-US","potentialAction":[{"@type":"ReadAction","target":["https:\/\/blogin.al\/?p=14938"]}]},{"@type":"ImageObject","inLanguage":"en-US","@id":"https:\/\/blogin.al\/?p=14938#primaryimage","url":"https:\/\/blogin.al\/wp-content\/uploads\/2022\/09\/ester.png","contentUrl":"https:\/\/blogin.al\/wp-content\/uploads\/2022\/09\/ester.png","width":900,"height":858},{"@type":"BreadcrumbList","@id":"https:\/\/blogin.al\/?p=14938#breadcrumb","itemListElement":[{"@type":"ListItem","position":1,"name":"Home","item":"https:\/\/blogin.al\/"},{"@type":"ListItem","position":2,"name":"Moderatorja tregon momentin e sikletsh\u00ebm me t\u00eb ftuar\u00ebn n\u00eb emision"}]},{"@type":"WebSite","@id":"https:\/\/blogin.al\/#website","url":"https:\/\/blogin.al\/","name":"blogin.al","description":"","publisher":{"@id":"https:\/\/blogin.al\/#organization"},"potentialAction":[{"@type":"SearchAction","target":{"@type":"EntryPoint","urlTemplate":"https:\/\/blogin.al\/?s={search_term_string}"},"query-input":{"@type":"PropertyValueSpecification","valueRequired":true,"valueName":"search_term_string"}}],"inLanguage":"en-US"},{"@type":"Organization","@id":"https:\/\/blogin.al\/#organization","name":"BLOGIN.al","url":"https:\/\/blogin.al\/","logo":{"@type":"ImageObject","inLanguage":"en-US","@id":"https:\/\/blogin.al\/#\/schema\/logo\/image\/","url":"https:\/\/blogin.al\/wp-content\/uploads\/2022\/05\/Untitled-2-01-e1652084456514.png","contentUrl":"https:\/\/blogin.al\/wp-content\/uploads\/2022\/05\/Untitled-2-01-e1652084456514.png","width":3723,"height":1698,"caption":"BLOGIN.al"},"image":{"@id":"https:\/\/blogin.al\/#\/schema\/logo\/image\/"},"sameAs":["https:\/\/instagram.com\/blogin.al\/"]},{"@type":"Person","@id":"https:\/\/blogin.al\/#\/schema\/person\/abdd56bc912cd511db877b852b115399","name":"Blogin al","image":{"@type":"ImageObject","inLanguage":"en-US","@id":"https:\/\/secure.gravatar.com\/avatar\/60d5661aee6e835fb13dc75d2204cd0c1d61bef2efd137c0083e59ef831e235e?s=96&d=mm&r=g","url":"https:\/\/secure.gravatar.com\/avatar\/60d5661aee6e835fb13dc75d2204cd0c1d61bef2efd137c0083e59ef831e235e?s=96&d=mm&r=g","contentUrl":"https:\/\/secure.gravatar.com\/avatar\/60d5661aee6e835fb13dc75d2204cd0c1d61bef2efd137c0083e59ef831e235e?s=96&d=mm&r=g","caption":"Blogin al"},"sameAs":["https:\/\/blogin.al"],"url":"https:\/\/blogin.al\/?author=2"}]}},"_links":{"self":[{"href":"https:\/\/blogin.al\/index.php?rest_route=\/wp\/v2\/posts\/14938","targetHints":{"allow":["GET"]}}],"collection":[{"href":"https:\/\/blogin.al\/index.php?rest_route=\/wp\/v2\/posts"}],"about":[{"href":"https:\/\/blogin.al\/index.php?rest_route=\/wp\/v2\/types\/post"}],"author":[{"embeddable":true,"href":"https:\/\/blogin.al\/index.php?rest_route=\/wp\/v2\/users\/2"}],"replies":[{"embeddable":true,"href":"https:\/\/blogin.al\/index.php?rest_route=%2Fwp%2Fv2%2Fcomments&post=14938"}],"version-history":[{"count":2,"href":"https:\/\/blogin.al\/index.php?rest_route=\/wp\/v2\/posts\/14938\/revisions"}],"predecessor-version":[{"id":14942,"href":"https:\/\/blogin.al\/index.php?rest_route=\/wp\/v2\/posts\/14938\/revisions\/14942"}],"wp:featuredmedia":[{"embeddable":true,"href":"https:\/\/blogin.al\/index.php?rest_route=\/wp\/v2\/media\/14955"}],"wp:attachment":[{"href":"https:\/\/blogin.al\/index.php?rest_route=%2Fwp%2Fv2%2Fmedia&parent=14938"}],"wp:term":[{"taxonomy":"category","embeddable":true,"href":"https:\/\/blogin.al\/index.php?rest_route=%2Fwp%2Fv2%2Fcategories&post=14938"},{"taxonomy":"post_tag","embeddable":true,"href":"https:\/\/blogin.al\/index.php?rest_route=%2Fwp%2Fv2%2Ftags&post=14938"}],"curies":[{"name":"wp","href":"https:\/\/api.w.org\/{rel}","templated":true}]}}