{"id":14943,"date":"2022-09-24T10:49:53","date_gmt":"2022-09-24T10:49:53","guid":{"rendered":"https:\/\/blogin.al\/?p=14943"},"modified":"2022-09-24T10:49:55","modified_gmt":"2022-09-24T10:49:55","slug":"plas-keq-mes-dy-opinionisteve-te-perputhen-arjani-nedes-mos-fol-se-vetem-1-eksperience-ke-ne-jete","status":"publish","type":"post","link":"https:\/\/blogin.al\/?p=14943","title":{"rendered":"Plas keq mes dy opinionist\u00ebve t\u00eb &#8216;P\u00ebrputhen&#8217;, Arjani &#8211; Ned\u00ebs: Mos fol se vet\u00ebm 1 eksperienc\u00eb ke n\u00eb jet\u00eb"},"content":{"rendered":"\n<p>Nj\u00eb opinion i Ned\u00ebs p\u00ebr Mateon ka nxitur debat n\u00eb puntat\u00ebn e sotme t\u00eb \u201cP\u00ebrputhen\u201d. \u00a0Pasi u transmetua takimi i Mateos me Kamil\u00ebn, Neda i b\u00ebri nj\u00eb pyetje konkurrentit: \u201cSi ka mund\u00ebsi q\u00eb nj\u00eb djal\u00eb si ty mund t\u00eb shfaq interes p\u00ebr dy vajza, t\u00eb cilat jan\u00eb t\u00eb kund\u00ebrta, si Kamila dhe Eda. M\u00eb jep p\u00ebrshtypjen e atij djalit q\u00eb mendon \u2018Un\u00eb b\u00ebj eksperienca, por pastaj n\u00eb fund do zgjedh nj\u00eb vajz\u00eb t\u00eb mir\u00eb p\u00ebr sht\u00ebpi\u2019. K\u00ebt\u00eb ide m\u00eb jep\u201d.<\/p>\n\n\n\n<p>Pas k\u00ebsaj menj\u00ebher\u00eb nd\u00ebrhyri Eda, e cila iu drejtua Ned\u00ebs: \u201cKush ishte goca q\u00eb b\u00ebnte eksperienca dhe goca e mir\u00eb mes ne t\u00eb dyjave?\u201d<\/p>\n\n\n\n<p>\u201cMua m\u00eb pyet kush jan\u00eb eksperiencat e Mateos? Di un\u00eb! Pyete vet\u00eb!\u201d, ia ktheu opinionistja.<\/p>\n\n\n\n<p>Ed\u00ebs i doli n\u00eb krah Arjani, por n\u00eb t\u00eb nj\u00ebjt\u00ebn koh\u00eb duke i dal\u00eb kund\u00ebr Ned\u00ebs.<\/p>\n\n\n\n<figure class=\"wp-block-image size-full is-style-default\"><img fetchpriority=\"high\" decoding=\"async\" width=\"640\" height=\"350\" src=\"https:\/\/blogin.al\/wp-content\/uploads\/2022\/09\/arjan_-neda.jpg\" alt=\"\" class=\"wp-image-14945\" srcset=\"https:\/\/blogin.al\/wp-content\/uploads\/2022\/09\/arjan_-neda.jpg 640w, https:\/\/blogin.al\/wp-content\/uploads\/2022\/09\/arjan_-neda-300x164.jpg 300w, https:\/\/blogin.al\/wp-content\/uploads\/2022\/09\/arjan_-neda-150x82.jpg 150w\" sizes=\"(max-width: 640px) 100vw, 640px\" \/><\/figure>\n\n\n\n<p>Arjani: T\u00eb flas un\u00eb q\u00eb kam shum\u00eb eksperienca se ti duke mos pasur fare eksperienca, p\u00ebrve\u00e7 nj\u00ebr\u00ebs n\u00eb jet\u00ebn t\u00ebnde, t\u00eb siguroj q\u00eb njer\u00ebzit pa eksperienca jan\u00eb m\u00eb t\u00eb \u00e7uditshmit nga eksperienca jon\u00eb n\u00eb P\u00ebrputhen dhe nga eksperienca e jet\u00ebs. Ata mund t\u00eb shfaqin papritur at\u00eb q\u00eb kurr\u00eb nuk e ke besuar.<\/p>\n\n\n\n<p>Neda: Nuk \u00ebsht\u00eb e th\u00ebn\u00eb q\u00eb duhet t\u00eb marr\u00ebsh pjes\u00eb n\u00eb Luft\u00ebn e Dyt\u00eb Bot\u00ebrore p\u00ebr ta njohur dhe p\u00ebr ta kuptuar. Nuk ta b\u00ebn p\u00ebrvoja personale aft\u00ebsin\u00eb p\u00ebr t\u00eb gjykuar.<\/p>\n\n\n\n<p>Arjani: Po tani ti nuk mund t\u00eb ndash t\u00eb thuash nj\u00eb vajz\u00eb e mir\u00eb, nj\u00eb\u2026<\/p>\n\n\n\n<p>Neda: Un\u00eb ndava djalin me zgjedhjet q\u00eb b\u00ebra<\/p>\n\n\n\n<p>Arjani: Jo, ndave dy vajza dhe s\u2019jam dakort fare.<\/p>\n","protected":false},"excerpt":{"rendered":"<p>Nj\u00eb opinion i Ned\u00ebs p\u00ebr Mateon ka nxitur debat n\u00eb puntat\u00ebn e sotme t\u00eb \u201cP\u00ebrputhen\u201d. \u00a0Pasi u transmetua takimi i Mateos me Kamil\u00ebn, Neda i b\u00ebri nj\u00eb pyetje konkurrentit: \u201cSi ka mund\u00ebsi q\u00eb nj\u00eb djal\u00eb si ty mund t\u00eb shfaq interes p\u00ebr dy vajza, t\u00eb cilat jan\u00eb t\u00eb kund\u00ebrta, si Kamila dhe Eda. M\u00eb jep [&hellip;]<\/p>\n","protected":false},"author":2,"featured_media":14944,"comment_status":"open","ping_status":"open","sticky":false,"template":"","format":"standard","meta":{"footnotes":""},"categories":[33],"tags":[],"class_list":{"0":"post-14943","1":"post","2":"type-post","3":"status-publish","4":"format-standard","5":"has-post-thumbnail","7":"category-showbiz"},"yoast_head":"<!-- This site is optimized with the Yoast SEO plugin v27.5 - https:\/\/yoast.com\/product\/yoast-seo-wordpress\/ -->\n<title>Plas keq mes dy opinionist\u00ebve t\u00eb &#039;P\u00ebrputhen&#039;, Arjani - Ned\u00ebs: Mos fol se vet\u00ebm 1 eksperienc\u00eb ke n\u00eb jet\u00eb - blogin.al<\/title>\n<meta name=\"robots\" content=\"index, follow, max-snippet:-1, max-image-preview:large, max-video-preview:-1\" \/>\n<link rel=\"canonical\" href=\"https:\/\/blogin.al\/?p=14943\" \/>\n<meta property=\"og:locale\" content=\"en_US\" \/>\n<meta property=\"og:type\" content=\"article\" \/>\n<meta property=\"og:title\" content=\"Plas keq mes dy opinionist\u00ebve t\u00eb &#039;P\u00ebrputhen&#039;, Arjani - Ned\u00ebs: Mos fol se vet\u00ebm 1 eksperienc\u00eb ke n\u00eb jet\u00eb - blogin.al\" \/>\n<meta property=\"og:description\" content=\"Nj\u00eb opinion i Ned\u00ebs p\u00ebr Mateon ka nxitur debat n\u00eb puntat\u00ebn e sotme t\u00eb \u201cP\u00ebrputhen\u201d. \u00a0Pasi u transmetua takimi i Mateos me Kamil\u00ebn, Neda i b\u00ebri nj\u00eb pyetje konkurrentit: \u201cSi ka mund\u00ebsi q\u00eb nj\u00eb djal\u00eb si ty mund t\u00eb shfaq interes p\u00ebr dy vajza, t\u00eb cilat jan\u00eb t\u00eb kund\u00ebrta, si Kamila dhe Eda. M\u00eb jep [&hellip;]\" \/>\n<meta property=\"og:url\" content=\"https:\/\/blogin.al\/?p=14943\" \/>\n<meta property=\"og:site_name\" content=\"blogin.al\" \/>\n<meta property=\"article:published_time\" content=\"2022-09-24T10:49:53+00:00\" \/>\n<meta property=\"article:modified_time\" content=\"2022-09-24T10:49:55+00:00\" \/>\n<meta property=\"og:image\" content=\"https:\/\/blogin.al\/wp-content\/uploads\/2022\/09\/arjan-neda.jpg\" \/>\n\t<meta property=\"og:image:width\" content=\"640\" \/>\n\t<meta property=\"og:image:height\" content=\"337\" \/>\n\t<meta property=\"og:image:type\" content=\"image\/jpeg\" \/>\n<meta name=\"author\" content=\"Blogin al\" \/>\n<meta name=\"twitter:card\" content=\"summary_large_image\" \/>\n<meta name=\"twitter:label1\" content=\"Written by\" \/>\n\t<meta name=\"twitter:data1\" content=\"Blogin al\" \/>\n\t<meta name=\"twitter:label2\" content=\"Est. reading time\" \/>\n\t<meta name=\"twitter:data2\" content=\"2 minutes\" \/>\n<script type=\"application\/ld+json\" class=\"yoast-schema-graph\">{\"@context\":\"https:\\\/\\\/schema.org\",\"@graph\":[{\"@type\":\"Article\",\"@id\":\"https:\\\/\\\/blogin.al\\\/?p=14943#article\",\"isPartOf\":{\"@id\":\"https:\\\/\\\/blogin.al\\\/?p=14943\"},\"author\":{\"name\":\"Blogin al\",\"@id\":\"https:\\\/\\\/blogin.al\\\/#\\\/schema\\\/person\\\/abdd56bc912cd511db877b852b115399\"},\"headline\":\"Plas keq mes dy opinionist\u00ebve t\u00eb &#8216;P\u00ebrputhen&#8217;, Arjani &#8211; Ned\u00ebs: Mos fol se vet\u00ebm 1 eksperienc\u00eb ke n\u00eb jet\u00eb\",\"datePublished\":\"2022-09-24T10:49:53+00:00\",\"dateModified\":\"2022-09-24T10:49:55+00:00\",\"mainEntityOfPage\":{\"@id\":\"https:\\\/\\\/blogin.al\\\/?p=14943\"},\"wordCount\":316,\"commentCount\":0,\"publisher\":{\"@id\":\"https:\\\/\\\/blogin.al\\\/#organization\"},\"image\":{\"@id\":\"https:\\\/\\\/blogin.al\\\/?p=14943#primaryimage\"},\"thumbnailUrl\":\"https:\\\/\\\/blogin.al\\\/wp-content\\\/uploads\\\/2022\\\/09\\\/arjan-neda.jpg\",\"articleSection\":[\"SHOWBIZ\"],\"inLanguage\":\"en-US\",\"potentialAction\":[{\"@type\":\"CommentAction\",\"name\":\"Comment\",\"target\":[\"https:\\\/\\\/blogin.al\\\/?p=14943#respond\"]}]},{\"@type\":\"WebPage\",\"@id\":\"https:\\\/\\\/blogin.al\\\/?p=14943\",\"url\":\"https:\\\/\\\/blogin.al\\\/?p=14943\",\"name\":\"Plas keq mes dy opinionist\u00ebve t\u00eb 'P\u00ebrputhen', Arjani - Ned\u00ebs: Mos fol se vet\u00ebm 1 eksperienc\u00eb ke n\u00eb jet\u00eb - blogin.al\",\"isPartOf\":{\"@id\":\"https:\\\/\\\/blogin.al\\\/#website\"},\"primaryImageOfPage\":{\"@id\":\"https:\\\/\\\/blogin.al\\\/?p=14943#primaryimage\"},\"image\":{\"@id\":\"https:\\\/\\\/blogin.al\\\/?p=14943#primaryimage\"},\"thumbnailUrl\":\"https:\\\/\\\/blogin.al\\\/wp-content\\\/uploads\\\/2022\\\/09\\\/arjan-neda.jpg\",\"datePublished\":\"2022-09-24T10:49:53+00:00\",\"dateModified\":\"2022-09-24T10:49:55+00:00\",\"breadcrumb\":{\"@id\":\"https:\\\/\\\/blogin.al\\\/?p=14943#breadcrumb\"},\"inLanguage\":\"en-US\",\"potentialAction\":[{\"@type\":\"ReadAction\",\"target\":[\"https:\\\/\\\/blogin.al\\\/?p=14943\"]}]},{\"@type\":\"ImageObject\",\"inLanguage\":\"en-US\",\"@id\":\"https:\\\/\\\/blogin.al\\\/?p=14943#primaryimage\",\"url\":\"https:\\\/\\\/blogin.al\\\/wp-content\\\/uploads\\\/2022\\\/09\\\/arjan-neda.jpg\",\"contentUrl\":\"https:\\\/\\\/blogin.al\\\/wp-content\\\/uploads\\\/2022\\\/09\\\/arjan-neda.jpg\",\"width\":640,\"height\":337},{\"@type\":\"BreadcrumbList\",\"@id\":\"https:\\\/\\\/blogin.al\\\/?p=14943#breadcrumb\",\"itemListElement\":[{\"@type\":\"ListItem\",\"position\":1,\"name\":\"Home\",\"item\":\"https:\\\/\\\/blogin.al\\\/\"},{\"@type\":\"ListItem\",\"position\":2,\"name\":\"Plas keq mes dy opinionist\u00ebve t\u00eb &#8216;P\u00ebrputhen&#8217;, Arjani &#8211; Ned\u00ebs: Mos fol se vet\u00ebm 1 eksperienc\u00eb ke n\u00eb jet\u00eb\"}]},{\"@type\":\"WebSite\",\"@id\":\"https:\\\/\\\/blogin.al\\\/#website\",\"url\":\"https:\\\/\\\/blogin.al\\\/\",\"name\":\"blogin.al\",\"description\":\"\",\"publisher\":{\"@id\":\"https:\\\/\\\/blogin.al\\\/#organization\"},\"potentialAction\":[{\"@type\":\"SearchAction\",\"target\":{\"@type\":\"EntryPoint\",\"urlTemplate\":\"https:\\\/\\\/blogin.al\\\/?s={search_term_string}\"},\"query-input\":{\"@type\":\"PropertyValueSpecification\",\"valueRequired\":true,\"valueName\":\"search_term_string\"}}],\"inLanguage\":\"en-US\"},{\"@type\":\"Organization\",\"@id\":\"https:\\\/\\\/blogin.al\\\/#organization\",\"name\":\"BLOGIN.al\",\"url\":\"https:\\\/\\\/blogin.al\\\/\",\"logo\":{\"@type\":\"ImageObject\",\"inLanguage\":\"en-US\",\"@id\":\"https:\\\/\\\/blogin.al\\\/#\\\/schema\\\/logo\\\/image\\\/\",\"url\":\"https:\\\/\\\/blogin.al\\\/wp-content\\\/uploads\\\/2022\\\/05\\\/Untitled-2-01-e1652084456514.png\",\"contentUrl\":\"https:\\\/\\\/blogin.al\\\/wp-content\\\/uploads\\\/2022\\\/05\\\/Untitled-2-01-e1652084456514.png\",\"width\":3723,\"height\":1698,\"caption\":\"BLOGIN.al\"},\"image\":{\"@id\":\"https:\\\/\\\/blogin.al\\\/#\\\/schema\\\/logo\\\/image\\\/\"},\"sameAs\":[\"https:\\\/\\\/instagram.com\\\/blogin.al\\\/\"]},{\"@type\":\"Person\",\"@id\":\"https:\\\/\\\/blogin.al\\\/#\\\/schema\\\/person\\\/abdd56bc912cd511db877b852b115399\",\"name\":\"Blogin al\",\"image\":{\"@type\":\"ImageObject\",\"inLanguage\":\"en-US\",\"@id\":\"https:\\\/\\\/secure.gravatar.com\\\/avatar\\\/60d5661aee6e835fb13dc75d2204cd0c1d61bef2efd137c0083e59ef831e235e?s=96&d=mm&r=g\",\"url\":\"https:\\\/\\\/secure.gravatar.com\\\/avatar\\\/60d5661aee6e835fb13dc75d2204cd0c1d61bef2efd137c0083e59ef831e235e?s=96&d=mm&r=g\",\"contentUrl\":\"https:\\\/\\\/secure.gravatar.com\\\/avatar\\\/60d5661aee6e835fb13dc75d2204cd0c1d61bef2efd137c0083e59ef831e235e?s=96&d=mm&r=g\",\"caption\":\"Blogin al\"},\"sameAs\":[\"https:\\\/\\\/blogin.al\"],\"url\":\"https:\\\/\\\/blogin.al\\\/?author=2\"}]}<\/script>\n<!-- \/ Yoast SEO plugin. -->","yoast_head_json":{"title":"Plas keq mes dy opinionist\u00ebve t\u00eb 'P\u00ebrputhen', Arjani - Ned\u00ebs: Mos fol se vet\u00ebm 1 eksperienc\u00eb ke n\u00eb jet\u00eb - blogin.al","robots":{"index":"index","follow":"follow","max-snippet":"max-snippet:-1","max-image-preview":"max-image-preview:large","max-video-preview":"max-video-preview:-1"},"canonical":"https:\/\/blogin.al\/?p=14943","og_locale":"en_US","og_type":"article","og_title":"Plas keq mes dy opinionist\u00ebve t\u00eb 'P\u00ebrputhen', Arjani - Ned\u00ebs: Mos fol se vet\u00ebm 1 eksperienc\u00eb ke n\u00eb jet\u00eb - blogin.al","og_description":"Nj\u00eb opinion i Ned\u00ebs p\u00ebr Mateon ka nxitur debat n\u00eb puntat\u00ebn e sotme t\u00eb \u201cP\u00ebrputhen\u201d. \u00a0Pasi u transmetua takimi i Mateos me Kamil\u00ebn, Neda i b\u00ebri nj\u00eb pyetje konkurrentit: \u201cSi ka mund\u00ebsi q\u00eb nj\u00eb djal\u00eb si ty mund t\u00eb shfaq interes p\u00ebr dy vajza, t\u00eb cilat jan\u00eb t\u00eb kund\u00ebrta, si Kamila dhe Eda. M\u00eb jep [&hellip;]","og_url":"https:\/\/blogin.al\/?p=14943","og_site_name":"blogin.al","article_published_time":"2022-09-24T10:49:53+00:00","article_modified_time":"2022-09-24T10:49:55+00:00","og_image":[{"width":640,"height":337,"url":"https:\/\/blogin.al\/wp-content\/uploads\/2022\/09\/arjan-neda.jpg","type":"image\/jpeg"}],"author":"Blogin al","twitter_card":"summary_large_image","twitter_misc":{"Written by":"Blogin al","Est. reading time":"2 minutes"},"schema":{"@context":"https:\/\/schema.org","@graph":[{"@type":"Article","@id":"https:\/\/blogin.al\/?p=14943#article","isPartOf":{"@id":"https:\/\/blogin.al\/?p=14943"},"author":{"name":"Blogin al","@id":"https:\/\/blogin.al\/#\/schema\/person\/abdd56bc912cd511db877b852b115399"},"headline":"Plas keq mes dy opinionist\u00ebve t\u00eb &#8216;P\u00ebrputhen&#8217;, Arjani &#8211; Ned\u00ebs: Mos fol se vet\u00ebm 1 eksperienc\u00eb ke n\u00eb jet\u00eb","datePublished":"2022-09-24T10:49:53+00:00","dateModified":"2022-09-24T10:49:55+00:00","mainEntityOfPage":{"@id":"https:\/\/blogin.al\/?p=14943"},"wordCount":316,"commentCount":0,"publisher":{"@id":"https:\/\/blogin.al\/#organization"},"image":{"@id":"https:\/\/blogin.al\/?p=14943#primaryimage"},"thumbnailUrl":"https:\/\/blogin.al\/wp-content\/uploads\/2022\/09\/arjan-neda.jpg","articleSection":["SHOWBIZ"],"inLanguage":"en-US","potentialAction":[{"@type":"CommentAction","name":"Comment","target":["https:\/\/blogin.al\/?p=14943#respond"]}]},{"@type":"WebPage","@id":"https:\/\/blogin.al\/?p=14943","url":"https:\/\/blogin.al\/?p=14943","name":"Plas keq mes dy opinionist\u00ebve t\u00eb 'P\u00ebrputhen', Arjani - Ned\u00ebs: Mos fol se vet\u00ebm 1 eksperienc\u00eb ke n\u00eb jet\u00eb - blogin.al","isPartOf":{"@id":"https:\/\/blogin.al\/#website"},"primaryImageOfPage":{"@id":"https:\/\/blogin.al\/?p=14943#primaryimage"},"image":{"@id":"https:\/\/blogin.al\/?p=14943#primaryimage"},"thumbnailUrl":"https:\/\/blogin.al\/wp-content\/uploads\/2022\/09\/arjan-neda.jpg","datePublished":"2022-09-24T10:49:53+00:00","dateModified":"2022-09-24T10:49:55+00:00","breadcrumb":{"@id":"https:\/\/blogin.al\/?p=14943#breadcrumb"},"inLanguage":"en-US","potentialAction":[{"@type":"ReadAction","target":["https:\/\/blogin.al\/?p=14943"]}]},{"@type":"ImageObject","inLanguage":"en-US","@id":"https:\/\/blogin.al\/?p=14943#primaryimage","url":"https:\/\/blogin.al\/wp-content\/uploads\/2022\/09\/arjan-neda.jpg","contentUrl":"https:\/\/blogin.al\/wp-content\/uploads\/2022\/09\/arjan-neda.jpg","width":640,"height":337},{"@type":"BreadcrumbList","@id":"https:\/\/blogin.al\/?p=14943#breadcrumb","itemListElement":[{"@type":"ListItem","position":1,"name":"Home","item":"https:\/\/blogin.al\/"},{"@type":"ListItem","position":2,"name":"Plas keq mes dy opinionist\u00ebve t\u00eb &#8216;P\u00ebrputhen&#8217;, Arjani &#8211; Ned\u00ebs: Mos fol se vet\u00ebm 1 eksperienc\u00eb ke n\u00eb jet\u00eb"}]},{"@type":"WebSite","@id":"https:\/\/blogin.al\/#website","url":"https:\/\/blogin.al\/","name":"blogin.al","description":"","publisher":{"@id":"https:\/\/blogin.al\/#organization"},"potentialAction":[{"@type":"SearchAction","target":{"@type":"EntryPoint","urlTemplate":"https:\/\/blogin.al\/?s={search_term_string}"},"query-input":{"@type":"PropertyValueSpecification","valueRequired":true,"valueName":"search_term_string"}}],"inLanguage":"en-US"},{"@type":"Organization","@id":"https:\/\/blogin.al\/#organization","name":"BLOGIN.al","url":"https:\/\/blogin.al\/","logo":{"@type":"ImageObject","inLanguage":"en-US","@id":"https:\/\/blogin.al\/#\/schema\/logo\/image\/","url":"https:\/\/blogin.al\/wp-content\/uploads\/2022\/05\/Untitled-2-01-e1652084456514.png","contentUrl":"https:\/\/blogin.al\/wp-content\/uploads\/2022\/05\/Untitled-2-01-e1652084456514.png","width":3723,"height":1698,"caption":"BLOGIN.al"},"image":{"@id":"https:\/\/blogin.al\/#\/schema\/logo\/image\/"},"sameAs":["https:\/\/instagram.com\/blogin.al\/"]},{"@type":"Person","@id":"https:\/\/blogin.al\/#\/schema\/person\/abdd56bc912cd511db877b852b115399","name":"Blogin al","image":{"@type":"ImageObject","inLanguage":"en-US","@id":"https:\/\/secure.gravatar.com\/avatar\/60d5661aee6e835fb13dc75d2204cd0c1d61bef2efd137c0083e59ef831e235e?s=96&d=mm&r=g","url":"https:\/\/secure.gravatar.com\/avatar\/60d5661aee6e835fb13dc75d2204cd0c1d61bef2efd137c0083e59ef831e235e?s=96&d=mm&r=g","contentUrl":"https:\/\/secure.gravatar.com\/avatar\/60d5661aee6e835fb13dc75d2204cd0c1d61bef2efd137c0083e59ef831e235e?s=96&d=mm&r=g","caption":"Blogin al"},"sameAs":["https:\/\/blogin.al"],"url":"https:\/\/blogin.al\/?author=2"}]}},"_links":{"self":[{"href":"https:\/\/blogin.al\/index.php?rest_route=\/wp\/v2\/posts\/14943","targetHints":{"allow":["GET"]}}],"collection":[{"href":"https:\/\/blogin.al\/index.php?rest_route=\/wp\/v2\/posts"}],"about":[{"href":"https:\/\/blogin.al\/index.php?rest_route=\/wp\/v2\/types\/post"}],"author":[{"embeddable":true,"href":"https:\/\/blogin.al\/index.php?rest_route=\/wp\/v2\/users\/2"}],"replies":[{"embeddable":true,"href":"https:\/\/blogin.al\/index.php?rest_route=%2Fwp%2Fv2%2Fcomments&post=14943"}],"version-history":[{"count":1,"href":"https:\/\/blogin.al\/index.php?rest_route=\/wp\/v2\/posts\/14943\/revisions"}],"predecessor-version":[{"id":14946,"href":"https:\/\/blogin.al\/index.php?rest_route=\/wp\/v2\/posts\/14943\/revisions\/14946"}],"wp:featuredmedia":[{"embeddable":true,"href":"https:\/\/blogin.al\/index.php?rest_route=\/wp\/v2\/media\/14944"}],"wp:attachment":[{"href":"https:\/\/blogin.al\/index.php?rest_route=%2Fwp%2Fv2%2Fmedia&parent=14943"}],"wp:term":[{"taxonomy":"category","embeddable":true,"href":"https:\/\/blogin.al\/index.php?rest_route=%2Fwp%2Fv2%2Fcategories&post=14943"},{"taxonomy":"post_tag","embeddable":true,"href":"https:\/\/blogin.al\/index.php?rest_route=%2Fwp%2Fv2%2Ftags&post=14943"}],"curies":[{"name":"wp","href":"https:\/\/api.w.org\/{rel}","templated":true}]}}