{"id":14973,"date":"2022-09-25T06:55:02","date_gmt":"2022-09-25T06:55:02","guid":{"rendered":"https:\/\/blogin.al\/?p=14973"},"modified":"2022-09-25T06:56:16","modified_gmt":"2022-09-25T06:56:16","slug":"u-perfol-per-qe-nuk-kane-marredhenie-te-mira-me-njera-tjetren-keshtu-reagoi-einxhel-shkira-ne-ditelindjen-e-sarah-berishes","status":"publish","type":"post","link":"https:\/\/blogin.al\/?p=14973","title":{"rendered":"U p\u00ebrfol q\u00eb nuk kan\u00eb marr\u00ebdhenie t\u00eb mira me nj\u00ebra-tjetr\u00ebn, k\u00ebshtu reagoi Einxhel Shkira n\u00eb dit\u00eblindjen e Sarah Berish\u00ebs"},"content":{"rendered":"\n<p>Shum\u00eb \u00ebsht\u00eb diskutuar rreth marr\u00ebdh\u00ebnies s\u00eb Sarah Berish\u00ebs me Einxhel Shkir\u00ebn.<\/p>\n\n\n\n<p>Sikurse \u00ebsht\u00eb pasqyruar n\u00eb rrjetet sociale duket se nuk kan\u00eb nj\u00eb marr\u00ebdh\u00ebnie shum\u00eb t\u00eb af\u00ebrt. Korrekte por jo miq\u00ebsore.<\/p>\n\n\n\n<p>K\u00ebtij konstatimi i dha m\u00eb shum\u00eb z\u00eb blogerja, e cila po ashtu tregoi se me moderatorjen ruajn\u00eb nj\u00eb raport respekti t\u00eb nd\u00ebrsjell\u00ebt.<\/p>\n\n\n\n<p>Mir\u00ebpo s\u00eb fundmi Einxhel Shkira ka ndar\u00eb n\u00eb Instastoryn e saj nj\u00eb foto t\u00eb Sarah-s nga festa e saj e dit\u00eblindjes, ku nuk harroi edhe ta uronte. E nj\u00ebjta story \u00ebsht\u00eb ripostuar edhe nga vet\u00eb blogerja duke e shoq\u00ebruar me disa zemra.<\/p>\n\n\n\n<figure class=\"wp-block-image size-large is-style-default\"><img fetchpriority=\"high\" decoding=\"async\" width=\"498\" height=\"1024\" src=\"https:\/\/blogin.al\/wp-content\/uploads\/2022\/09\/ei-498x1024.jpg\" alt=\"\" class=\"wp-image-14974\" srcset=\"https:\/\/blogin.al\/wp-content\/uploads\/2022\/09\/ei-498x1024.jpg 498w, https:\/\/blogin.al\/wp-content\/uploads\/2022\/09\/ei-146x300.jpg 146w, https:\/\/blogin.al\/wp-content\/uploads\/2022\/09\/ei-768x1579.jpg 768w, https:\/\/blogin.al\/wp-content\/uploads\/2022\/09\/ei-747x1536.jpg 747w, https:\/\/blogin.al\/wp-content\/uploads\/2022\/09\/ei-150x308.jpg 150w, https:\/\/blogin.al\/wp-content\/uploads\/2022\/09\/ei-300x617.jpg 300w, https:\/\/blogin.al\/wp-content\/uploads\/2022\/09\/ei-696x1431.jpg 696w, https:\/\/blogin.al\/wp-content\/uploads\/2022\/09\/ei.jpg 778w\" sizes=\"(max-width: 498px) 100vw, 498px\" \/><\/figure>\n","protected":false},"excerpt":{"rendered":"<p>Shum\u00eb \u00ebsht\u00eb diskutuar rreth marr\u00ebdh\u00ebnies s\u00eb Sarah Berish\u00ebs me Einxhel Shkir\u00ebn. Sikurse \u00ebsht\u00eb pasqyruar n\u00eb rrjetet sociale duket se nuk kan\u00eb nj\u00eb marr\u00ebdh\u00ebnie shum\u00eb t\u00eb af\u00ebrt. Korrekte por jo miq\u00ebsore. K\u00ebtij konstatimi i dha m\u00eb shum\u00eb z\u00eb blogerja, e cila po ashtu tregoi se me moderatorjen ruajn\u00eb nj\u00eb raport respekti t\u00eb nd\u00ebrsjell\u00ebt. Mir\u00ebpo s\u00eb fundmi [&hellip;]<\/p>\n","protected":false},"author":2,"featured_media":7079,"comment_status":"open","ping_status":"open","sticky":false,"template":"","format":"standard","meta":{"footnotes":""},"categories":[33],"tags":[],"class_list":{"0":"post-14973","1":"post","2":"type-post","3":"status-publish","4":"format-standard","5":"has-post-thumbnail","7":"category-showbiz"},"yoast_head":"<!-- This site is optimized with the Yoast SEO plugin v27.5 - https:\/\/yoast.com\/product\/yoast-seo-wordpress\/ -->\n<title>U p\u00ebrfol q\u00eb nuk kan\u00eb marr\u00ebdhenie t\u00eb mira me nj\u00ebra-tjetr\u00ebn, k\u00ebshtu reagoi Einxhel Shkira n\u00eb dit\u00eblindjen e Sarah Berish\u00ebs - blogin.al<\/title>\n<meta name=\"robots\" content=\"index, follow, max-snippet:-1, max-image-preview:large, max-video-preview:-1\" \/>\n<link rel=\"canonical\" href=\"https:\/\/blogin.al\/?p=14973\" \/>\n<meta property=\"og:locale\" content=\"en_US\" \/>\n<meta property=\"og:type\" content=\"article\" \/>\n<meta property=\"og:title\" content=\"U p\u00ebrfol q\u00eb nuk kan\u00eb marr\u00ebdhenie t\u00eb mira me nj\u00ebra-tjetr\u00ebn, k\u00ebshtu reagoi Einxhel Shkira n\u00eb dit\u00eblindjen e Sarah Berish\u00ebs - blogin.al\" \/>\n<meta property=\"og:description\" content=\"Shum\u00eb \u00ebsht\u00eb diskutuar rreth marr\u00ebdh\u00ebnies s\u00eb Sarah Berish\u00ebs me Einxhel Shkir\u00ebn. Sikurse \u00ebsht\u00eb pasqyruar n\u00eb rrjetet sociale duket se nuk kan\u00eb nj\u00eb marr\u00ebdh\u00ebnie shum\u00eb t\u00eb af\u00ebrt. Korrekte por jo miq\u00ebsore. K\u00ebtij konstatimi i dha m\u00eb shum\u00eb z\u00eb blogerja, e cila po ashtu tregoi se me moderatorjen ruajn\u00eb nj\u00eb raport respekti t\u00eb nd\u00ebrsjell\u00ebt. Mir\u00ebpo s\u00eb fundmi [&hellip;]\" \/>\n<meta property=\"og:url\" content=\"https:\/\/blogin.al\/?p=14973\" \/>\n<meta property=\"og:site_name\" content=\"blogin.al\" \/>\n<meta property=\"article:published_time\" content=\"2022-09-25T06:55:02+00:00\" \/>\n<meta property=\"article:modified_time\" content=\"2022-09-25T06:56:16+00:00\" \/>\n<meta property=\"og:image\" content=\"https:\/\/blogin.al\/wp-content\/uploads\/2022\/06\/sarah-eixhell-scaled.jpg\" \/>\n\t<meta property=\"og:image:width\" content=\"2560\" \/>\n\t<meta property=\"og:image:height\" content=\"2238\" \/>\n\t<meta property=\"og:image:type\" content=\"image\/jpeg\" \/>\n<meta name=\"author\" content=\"Blogin al\" \/>\n<meta name=\"twitter:card\" content=\"summary_large_image\" \/>\n<meta name=\"twitter:label1\" content=\"Written by\" \/>\n\t<meta name=\"twitter:data1\" content=\"Blogin al\" \/>\n\t<meta name=\"twitter:label2\" content=\"Est. reading time\" \/>\n\t<meta name=\"twitter:data2\" content=\"1 minute\" \/>\n<script type=\"application\/ld+json\" class=\"yoast-schema-graph\">{\"@context\":\"https:\\\/\\\/schema.org\",\"@graph\":[{\"@type\":\"Article\",\"@id\":\"https:\\\/\\\/blogin.al\\\/?p=14973#article\",\"isPartOf\":{\"@id\":\"https:\\\/\\\/blogin.al\\\/?p=14973\"},\"author\":{\"name\":\"Blogin al\",\"@id\":\"https:\\\/\\\/blogin.al\\\/#\\\/schema\\\/person\\\/abdd56bc912cd511db877b852b115399\"},\"headline\":\"U p\u00ebrfol q\u00eb nuk kan\u00eb marr\u00ebdhenie t\u00eb mira me nj\u00ebra-tjetr\u00ebn, k\u00ebshtu reagoi Einxhel Shkira n\u00eb dit\u00eblindjen e Sarah Berish\u00ebs\",\"datePublished\":\"2022-09-25T06:55:02+00:00\",\"dateModified\":\"2022-09-25T06:56:16+00:00\",\"mainEntityOfPage\":{\"@id\":\"https:\\\/\\\/blogin.al\\\/?p=14973\"},\"wordCount\":135,\"commentCount\":0,\"publisher\":{\"@id\":\"https:\\\/\\\/blogin.al\\\/#organization\"},\"image\":{\"@id\":\"https:\\\/\\\/blogin.al\\\/?p=14973#primaryimage\"},\"thumbnailUrl\":\"https:\\\/\\\/blogin.al\\\/wp-content\\\/uploads\\\/2022\\\/06\\\/sarah-eixhell-scaled.jpg\",\"articleSection\":[\"SHOWBIZ\"],\"inLanguage\":\"en-US\",\"potentialAction\":[{\"@type\":\"CommentAction\",\"name\":\"Comment\",\"target\":[\"https:\\\/\\\/blogin.al\\\/?p=14973#respond\"]}]},{\"@type\":\"WebPage\",\"@id\":\"https:\\\/\\\/blogin.al\\\/?p=14973\",\"url\":\"https:\\\/\\\/blogin.al\\\/?p=14973\",\"name\":\"U p\u00ebrfol q\u00eb nuk kan\u00eb marr\u00ebdhenie t\u00eb mira me nj\u00ebra-tjetr\u00ebn, k\u00ebshtu reagoi Einxhel Shkira n\u00eb dit\u00eblindjen e Sarah Berish\u00ebs - blogin.al\",\"isPartOf\":{\"@id\":\"https:\\\/\\\/blogin.al\\\/#website\"},\"primaryImageOfPage\":{\"@id\":\"https:\\\/\\\/blogin.al\\\/?p=14973#primaryimage\"},\"image\":{\"@id\":\"https:\\\/\\\/blogin.al\\\/?p=14973#primaryimage\"},\"thumbnailUrl\":\"https:\\\/\\\/blogin.al\\\/wp-content\\\/uploads\\\/2022\\\/06\\\/sarah-eixhell-scaled.jpg\",\"datePublished\":\"2022-09-25T06:55:02+00:00\",\"dateModified\":\"2022-09-25T06:56:16+00:00\",\"breadcrumb\":{\"@id\":\"https:\\\/\\\/blogin.al\\\/?p=14973#breadcrumb\"},\"inLanguage\":\"en-US\",\"potentialAction\":[{\"@type\":\"ReadAction\",\"target\":[\"https:\\\/\\\/blogin.al\\\/?p=14973\"]}]},{\"@type\":\"ImageObject\",\"inLanguage\":\"en-US\",\"@id\":\"https:\\\/\\\/blogin.al\\\/?p=14973#primaryimage\",\"url\":\"https:\\\/\\\/blogin.al\\\/wp-content\\\/uploads\\\/2022\\\/06\\\/sarah-eixhell-scaled.jpg\",\"contentUrl\":\"https:\\\/\\\/blogin.al\\\/wp-content\\\/uploads\\\/2022\\\/06\\\/sarah-eixhell-scaled.jpg\",\"width\":2560,\"height\":2238},{\"@type\":\"BreadcrumbList\",\"@id\":\"https:\\\/\\\/blogin.al\\\/?p=14973#breadcrumb\",\"itemListElement\":[{\"@type\":\"ListItem\",\"position\":1,\"name\":\"Home\",\"item\":\"https:\\\/\\\/blogin.al\\\/\"},{\"@type\":\"ListItem\",\"position\":2,\"name\":\"U p\u00ebrfol q\u00eb nuk kan\u00eb marr\u00ebdhenie t\u00eb mira me nj\u00ebra-tjetr\u00ebn, k\u00ebshtu reagoi Einxhel Shkira n\u00eb dit\u00eblindjen e Sarah Berish\u00ebs\"}]},{\"@type\":\"WebSite\",\"@id\":\"https:\\\/\\\/blogin.al\\\/#website\",\"url\":\"https:\\\/\\\/blogin.al\\\/\",\"name\":\"blogin.al\",\"description\":\"\",\"publisher\":{\"@id\":\"https:\\\/\\\/blogin.al\\\/#organization\"},\"potentialAction\":[{\"@type\":\"SearchAction\",\"target\":{\"@type\":\"EntryPoint\",\"urlTemplate\":\"https:\\\/\\\/blogin.al\\\/?s={search_term_string}\"},\"query-input\":{\"@type\":\"PropertyValueSpecification\",\"valueRequired\":true,\"valueName\":\"search_term_string\"}}],\"inLanguage\":\"en-US\"},{\"@type\":\"Organization\",\"@id\":\"https:\\\/\\\/blogin.al\\\/#organization\",\"name\":\"BLOGIN.al\",\"url\":\"https:\\\/\\\/blogin.al\\\/\",\"logo\":{\"@type\":\"ImageObject\",\"inLanguage\":\"en-US\",\"@id\":\"https:\\\/\\\/blogin.al\\\/#\\\/schema\\\/logo\\\/image\\\/\",\"url\":\"https:\\\/\\\/blogin.al\\\/wp-content\\\/uploads\\\/2022\\\/05\\\/Untitled-2-01-e1652084456514.png\",\"contentUrl\":\"https:\\\/\\\/blogin.al\\\/wp-content\\\/uploads\\\/2022\\\/05\\\/Untitled-2-01-e1652084456514.png\",\"width\":3723,\"height\":1698,\"caption\":\"BLOGIN.al\"},\"image\":{\"@id\":\"https:\\\/\\\/blogin.al\\\/#\\\/schema\\\/logo\\\/image\\\/\"},\"sameAs\":[\"https:\\\/\\\/instagram.com\\\/blogin.al\\\/\"]},{\"@type\":\"Person\",\"@id\":\"https:\\\/\\\/blogin.al\\\/#\\\/schema\\\/person\\\/abdd56bc912cd511db877b852b115399\",\"name\":\"Blogin al\",\"image\":{\"@type\":\"ImageObject\",\"inLanguage\":\"en-US\",\"@id\":\"https:\\\/\\\/secure.gravatar.com\\\/avatar\\\/60d5661aee6e835fb13dc75d2204cd0c1d61bef2efd137c0083e59ef831e235e?s=96&d=mm&r=g\",\"url\":\"https:\\\/\\\/secure.gravatar.com\\\/avatar\\\/60d5661aee6e835fb13dc75d2204cd0c1d61bef2efd137c0083e59ef831e235e?s=96&d=mm&r=g\",\"contentUrl\":\"https:\\\/\\\/secure.gravatar.com\\\/avatar\\\/60d5661aee6e835fb13dc75d2204cd0c1d61bef2efd137c0083e59ef831e235e?s=96&d=mm&r=g\",\"caption\":\"Blogin al\"},\"sameAs\":[\"https:\\\/\\\/blogin.al\"],\"url\":\"https:\\\/\\\/blogin.al\\\/?author=2\"}]}<\/script>\n<!-- \/ Yoast SEO plugin. -->","yoast_head_json":{"title":"U p\u00ebrfol q\u00eb nuk kan\u00eb marr\u00ebdhenie t\u00eb mira me nj\u00ebra-tjetr\u00ebn, k\u00ebshtu reagoi Einxhel Shkira n\u00eb dit\u00eblindjen e Sarah Berish\u00ebs - blogin.al","robots":{"index":"index","follow":"follow","max-snippet":"max-snippet:-1","max-image-preview":"max-image-preview:large","max-video-preview":"max-video-preview:-1"},"canonical":"https:\/\/blogin.al\/?p=14973","og_locale":"en_US","og_type":"article","og_title":"U p\u00ebrfol q\u00eb nuk kan\u00eb marr\u00ebdhenie t\u00eb mira me nj\u00ebra-tjetr\u00ebn, k\u00ebshtu reagoi Einxhel Shkira n\u00eb dit\u00eblindjen e Sarah Berish\u00ebs - blogin.al","og_description":"Shum\u00eb \u00ebsht\u00eb diskutuar rreth marr\u00ebdh\u00ebnies s\u00eb Sarah Berish\u00ebs me Einxhel Shkir\u00ebn. Sikurse \u00ebsht\u00eb pasqyruar n\u00eb rrjetet sociale duket se nuk kan\u00eb nj\u00eb marr\u00ebdh\u00ebnie shum\u00eb t\u00eb af\u00ebrt. Korrekte por jo miq\u00ebsore. K\u00ebtij konstatimi i dha m\u00eb shum\u00eb z\u00eb blogerja, e cila po ashtu tregoi se me moderatorjen ruajn\u00eb nj\u00eb raport respekti t\u00eb nd\u00ebrsjell\u00ebt. Mir\u00ebpo s\u00eb fundmi [&hellip;]","og_url":"https:\/\/blogin.al\/?p=14973","og_site_name":"blogin.al","article_published_time":"2022-09-25T06:55:02+00:00","article_modified_time":"2022-09-25T06:56:16+00:00","og_image":[{"width":2560,"height":2238,"url":"https:\/\/blogin.al\/wp-content\/uploads\/2022\/06\/sarah-eixhell-scaled.jpg","type":"image\/jpeg"}],"author":"Blogin al","twitter_card":"summary_large_image","twitter_misc":{"Written by":"Blogin al","Est. reading time":"1 minute"},"schema":{"@context":"https:\/\/schema.org","@graph":[{"@type":"Article","@id":"https:\/\/blogin.al\/?p=14973#article","isPartOf":{"@id":"https:\/\/blogin.al\/?p=14973"},"author":{"name":"Blogin al","@id":"https:\/\/blogin.al\/#\/schema\/person\/abdd56bc912cd511db877b852b115399"},"headline":"U p\u00ebrfol q\u00eb nuk kan\u00eb marr\u00ebdhenie t\u00eb mira me nj\u00ebra-tjetr\u00ebn, k\u00ebshtu reagoi Einxhel Shkira n\u00eb dit\u00eblindjen e Sarah Berish\u00ebs","datePublished":"2022-09-25T06:55:02+00:00","dateModified":"2022-09-25T06:56:16+00:00","mainEntityOfPage":{"@id":"https:\/\/blogin.al\/?p=14973"},"wordCount":135,"commentCount":0,"publisher":{"@id":"https:\/\/blogin.al\/#organization"},"image":{"@id":"https:\/\/blogin.al\/?p=14973#primaryimage"},"thumbnailUrl":"https:\/\/blogin.al\/wp-content\/uploads\/2022\/06\/sarah-eixhell-scaled.jpg","articleSection":["SHOWBIZ"],"inLanguage":"en-US","potentialAction":[{"@type":"CommentAction","name":"Comment","target":["https:\/\/blogin.al\/?p=14973#respond"]}]},{"@type":"WebPage","@id":"https:\/\/blogin.al\/?p=14973","url":"https:\/\/blogin.al\/?p=14973","name":"U p\u00ebrfol q\u00eb nuk kan\u00eb marr\u00ebdhenie t\u00eb mira me nj\u00ebra-tjetr\u00ebn, k\u00ebshtu reagoi Einxhel Shkira n\u00eb dit\u00eblindjen e Sarah Berish\u00ebs - blogin.al","isPartOf":{"@id":"https:\/\/blogin.al\/#website"},"primaryImageOfPage":{"@id":"https:\/\/blogin.al\/?p=14973#primaryimage"},"image":{"@id":"https:\/\/blogin.al\/?p=14973#primaryimage"},"thumbnailUrl":"https:\/\/blogin.al\/wp-content\/uploads\/2022\/06\/sarah-eixhell-scaled.jpg","datePublished":"2022-09-25T06:55:02+00:00","dateModified":"2022-09-25T06:56:16+00:00","breadcrumb":{"@id":"https:\/\/blogin.al\/?p=14973#breadcrumb"},"inLanguage":"en-US","potentialAction":[{"@type":"ReadAction","target":["https:\/\/blogin.al\/?p=14973"]}]},{"@type":"ImageObject","inLanguage":"en-US","@id":"https:\/\/blogin.al\/?p=14973#primaryimage","url":"https:\/\/blogin.al\/wp-content\/uploads\/2022\/06\/sarah-eixhell-scaled.jpg","contentUrl":"https:\/\/blogin.al\/wp-content\/uploads\/2022\/06\/sarah-eixhell-scaled.jpg","width":2560,"height":2238},{"@type":"BreadcrumbList","@id":"https:\/\/blogin.al\/?p=14973#breadcrumb","itemListElement":[{"@type":"ListItem","position":1,"name":"Home","item":"https:\/\/blogin.al\/"},{"@type":"ListItem","position":2,"name":"U p\u00ebrfol q\u00eb nuk kan\u00eb marr\u00ebdhenie t\u00eb mira me nj\u00ebra-tjetr\u00ebn, k\u00ebshtu reagoi Einxhel Shkira n\u00eb dit\u00eblindjen e Sarah Berish\u00ebs"}]},{"@type":"WebSite","@id":"https:\/\/blogin.al\/#website","url":"https:\/\/blogin.al\/","name":"blogin.al","description":"","publisher":{"@id":"https:\/\/blogin.al\/#organization"},"potentialAction":[{"@type":"SearchAction","target":{"@type":"EntryPoint","urlTemplate":"https:\/\/blogin.al\/?s={search_term_string}"},"query-input":{"@type":"PropertyValueSpecification","valueRequired":true,"valueName":"search_term_string"}}],"inLanguage":"en-US"},{"@type":"Organization","@id":"https:\/\/blogin.al\/#organization","name":"BLOGIN.al","url":"https:\/\/blogin.al\/","logo":{"@type":"ImageObject","inLanguage":"en-US","@id":"https:\/\/blogin.al\/#\/schema\/logo\/image\/","url":"https:\/\/blogin.al\/wp-content\/uploads\/2022\/05\/Untitled-2-01-e1652084456514.png","contentUrl":"https:\/\/blogin.al\/wp-content\/uploads\/2022\/05\/Untitled-2-01-e1652084456514.png","width":3723,"height":1698,"caption":"BLOGIN.al"},"image":{"@id":"https:\/\/blogin.al\/#\/schema\/logo\/image\/"},"sameAs":["https:\/\/instagram.com\/blogin.al\/"]},{"@type":"Person","@id":"https:\/\/blogin.al\/#\/schema\/person\/abdd56bc912cd511db877b852b115399","name":"Blogin al","image":{"@type":"ImageObject","inLanguage":"en-US","@id":"https:\/\/secure.gravatar.com\/avatar\/60d5661aee6e835fb13dc75d2204cd0c1d61bef2efd137c0083e59ef831e235e?s=96&d=mm&r=g","url":"https:\/\/secure.gravatar.com\/avatar\/60d5661aee6e835fb13dc75d2204cd0c1d61bef2efd137c0083e59ef831e235e?s=96&d=mm&r=g","contentUrl":"https:\/\/secure.gravatar.com\/avatar\/60d5661aee6e835fb13dc75d2204cd0c1d61bef2efd137c0083e59ef831e235e?s=96&d=mm&r=g","caption":"Blogin al"},"sameAs":["https:\/\/blogin.al"],"url":"https:\/\/blogin.al\/?author=2"}]}},"_links":{"self":[{"href":"https:\/\/blogin.al\/index.php?rest_route=\/wp\/v2\/posts\/14973","targetHints":{"allow":["GET"]}}],"collection":[{"href":"https:\/\/blogin.al\/index.php?rest_route=\/wp\/v2\/posts"}],"about":[{"href":"https:\/\/blogin.al\/index.php?rest_route=\/wp\/v2\/types\/post"}],"author":[{"embeddable":true,"href":"https:\/\/blogin.al\/index.php?rest_route=\/wp\/v2\/users\/2"}],"replies":[{"embeddable":true,"href":"https:\/\/blogin.al\/index.php?rest_route=%2Fwp%2Fv2%2Fcomments&post=14973"}],"version-history":[{"count":2,"href":"https:\/\/blogin.al\/index.php?rest_route=\/wp\/v2\/posts\/14973\/revisions"}],"predecessor-version":[{"id":14976,"href":"https:\/\/blogin.al\/index.php?rest_route=\/wp\/v2\/posts\/14973\/revisions\/14976"}],"wp:featuredmedia":[{"embeddable":true,"href":"https:\/\/blogin.al\/index.php?rest_route=\/wp\/v2\/media\/7079"}],"wp:attachment":[{"href":"https:\/\/blogin.al\/index.php?rest_route=%2Fwp%2Fv2%2Fmedia&parent=14973"}],"wp:term":[{"taxonomy":"category","embeddable":true,"href":"https:\/\/blogin.al\/index.php?rest_route=%2Fwp%2Fv2%2Fcategories&post=14973"},{"taxonomy":"post_tag","embeddable":true,"href":"https:\/\/blogin.al\/index.php?rest_route=%2Fwp%2Fv2%2Ftags&post=14973"}],"curies":[{"name":"wp","href":"https:\/\/api.w.org\/{rel}","templated":true}]}}