{"id":15010,"date":"2022-09-26T07:46:12","date_gmt":"2022-09-26T07:46:12","guid":{"rendered":"https:\/\/blogin.al\/?p=15010"},"modified":"2022-09-26T07:48:06","modified_gmt":"2022-09-26T07:48:06","slug":"sali-berisha-shperndan-foton-nga-dasma-e-te-birit-dua-te-ndaj-me-ju-miq-kete-gezim-ne-familjen-tone","status":"publish","type":"post","link":"https:\/\/blogin.al\/?p=15010","title":{"rendered":"Sali Berisha shp\u00ebrndan foton nga dasma e t\u00eb birit: Dua t\u00eb ndaj me ju miq k\u00ebt\u00eb g\u00ebzim n\u00eb familjen ton\u00eb"},"content":{"rendered":"\n<p>Ish-kryeministri Sali Berisha ka ndar\u00eb me ndjek\u00ebsit n\u00eb rrjete sociale nj\u00eb foto nga dasma q\u00eb po mbahet mbr\u00ebmjen e k\u00ebsaj t\u00eb diele, mes djalit t\u00eb tij Shk\u00eblzen Berisha dhe blogeres Armina Mevlani.<\/p>\n\n\n\n<p>N\u00eb foto shihet \u00e7ifti i ri s\u00eb bashku me ish-kryeministrin dhe bashk\u00ebshorten Liri Berisha. N\u00eb mbishkrimin e fotos Berisha uron Shk\u00eblzenin dhe Armin\u00ebn p\u00ebr kuror\u00ebzimin e dashuris\u00eb dhe miq\u00ebsis\u00eb s\u00eb tyre.<\/p>\n\n\n\n<p>\u201cSonte das\u00ebm n\u00eb familjen ton\u00eb dhe un\u00eb dua t\u00eb ndaj me ju miq g\u00ebzimin e saj.<br \/>Shk\u00eblzeni dhe Armina kuror\u00ebzojn\u00eb dashurin\u00eb dhe miq\u00ebsin\u00eb e tyre! Zoti i bekoft\u00eb!\u201d,&nbsp;shkruan Sali Berisha.<\/p>\n\n\n\n<figure class=\"wp-block-image size-large\"><img fetchpriority=\"high\" decoding=\"async\" width=\"640\" height=\"1024\" src=\"https:\/\/blogin.al\/wp-content\/uploads\/2022\/09\/20220926_094611-640x1024.jpg\" alt=\"\" class=\"wp-image-15012\" srcset=\"https:\/\/blogin.al\/wp-content\/uploads\/2022\/09\/20220926_094611-640x1024.jpg 640w, https:\/\/blogin.al\/wp-content\/uploads\/2022\/09\/20220926_094611-188x300.jpg 188w, https:\/\/blogin.al\/wp-content\/uploads\/2022\/09\/20220926_094611-768x1228.jpg 768w, https:\/\/blogin.al\/wp-content\/uploads\/2022\/09\/20220926_094611-960x1536.jpg 960w, https:\/\/blogin.al\/wp-content\/uploads\/2022\/09\/20220926_094611-1281x2048.jpg 1281w, https:\/\/blogin.al\/wp-content\/uploads\/2022\/09\/20220926_094611-150x240.jpg 150w, https:\/\/blogin.al\/wp-content\/uploads\/2022\/09\/20220926_094611-300x480.jpg 300w, https:\/\/blogin.al\/wp-content\/uploads\/2022\/09\/20220926_094611-696x1113.jpg 696w, https:\/\/blogin.al\/wp-content\/uploads\/2022\/09\/20220926_094611-1068x1708.jpg 1068w, https:\/\/blogin.al\/wp-content\/uploads\/2022\/09\/20220926_094611.jpg 1440w\" sizes=\"(max-width: 640px) 100vw, 640px\" \/><\/figure>\n","protected":false},"excerpt":{"rendered":"<p>Ish-kryeministri Sali Berisha ka ndar\u00eb me ndjek\u00ebsit n\u00eb rrjete sociale nj\u00eb foto nga dasma q\u00eb po mbahet mbr\u00ebmjen e k\u00ebsaj t\u00eb diele, mes djalit t\u00eb tij Shk\u00eblzen Berisha dhe blogeres Armina Mevlani. N\u00eb foto shihet \u00e7ifti i ri s\u00eb bashku me ish-kryeministrin dhe bashk\u00ebshorten Liri Berisha. N\u00eb mbishkrimin e fotos Berisha uron Shk\u00eblzenin dhe Armin\u00ebn [&hellip;]<\/p>\n","protected":false},"author":2,"featured_media":15013,"comment_status":"open","ping_status":"open","sticky":false,"template":"","format":"standard","meta":{"footnotes":""},"categories":[33],"tags":[],"class_list":{"0":"post-15010","1":"post","2":"type-post","3":"status-publish","4":"format-standard","5":"has-post-thumbnail","7":"category-showbiz"},"yoast_head":"<!-- This site is optimized with the Yoast SEO plugin v27.5 - https:\/\/yoast.com\/product\/yoast-seo-wordpress\/ -->\n<title>Sali Berisha shp\u00ebrndan foton nga dasma e t\u00eb birit: Dua t\u00eb ndaj me ju miq k\u00ebt\u00eb g\u00ebzim n\u00eb familjen ton\u00eb - blogin.al<\/title>\n<meta name=\"robots\" content=\"index, follow, max-snippet:-1, max-image-preview:large, max-video-preview:-1\" \/>\n<link rel=\"canonical\" href=\"https:\/\/blogin.al\/?p=15010\" \/>\n<meta property=\"og:locale\" content=\"en_US\" \/>\n<meta property=\"og:type\" content=\"article\" \/>\n<meta property=\"og:title\" content=\"Sali Berisha shp\u00ebrndan foton nga dasma e t\u00eb birit: Dua t\u00eb ndaj me ju miq k\u00ebt\u00eb g\u00ebzim n\u00eb familjen ton\u00eb - blogin.al\" \/>\n<meta property=\"og:description\" content=\"Ish-kryeministri Sali Berisha ka ndar\u00eb me ndjek\u00ebsit n\u00eb rrjete sociale nj\u00eb foto nga dasma q\u00eb po mbahet mbr\u00ebmjen e k\u00ebsaj t\u00eb diele, mes djalit t\u00eb tij Shk\u00eblzen Berisha dhe blogeres Armina Mevlani. N\u00eb foto shihet \u00e7ifti i ri s\u00eb bashku me ish-kryeministrin dhe bashk\u00ebshorten Liri Berisha. N\u00eb mbishkrimin e fotos Berisha uron Shk\u00eblzenin dhe Armin\u00ebn [&hellip;]\" \/>\n<meta property=\"og:url\" content=\"https:\/\/blogin.al\/?p=15010\" \/>\n<meta property=\"og:site_name\" content=\"blogin.al\" \/>\n<meta property=\"article:published_time\" content=\"2022-09-26T07:46:12+00:00\" \/>\n<meta property=\"article:modified_time\" content=\"2022-09-26T07:48:06+00:00\" \/>\n<meta property=\"og:image\" content=\"https:\/\/blogin.al\/wp-content\/uploads\/2022\/09\/Sali-Berisha.jpg\" \/>\n\t<meta property=\"og:image:width\" content=\"504\" \/>\n\t<meta property=\"og:image:height\" content=\"555\" \/>\n\t<meta property=\"og:image:type\" content=\"image\/jpeg\" \/>\n<meta name=\"author\" content=\"Blogin al\" \/>\n<meta name=\"twitter:card\" content=\"summary_large_image\" \/>\n<meta name=\"twitter:label1\" content=\"Written by\" \/>\n\t<meta name=\"twitter:data1\" content=\"Blogin al\" \/>\n\t<meta name=\"twitter:label2\" content=\"Est. reading time\" \/>\n\t<meta name=\"twitter:data2\" content=\"1 minute\" \/>\n<script type=\"application\/ld+json\" class=\"yoast-schema-graph\">{\"@context\":\"https:\\\/\\\/schema.org\",\"@graph\":[{\"@type\":\"Article\",\"@id\":\"https:\\\/\\\/blogin.al\\\/?p=15010#article\",\"isPartOf\":{\"@id\":\"https:\\\/\\\/blogin.al\\\/?p=15010\"},\"author\":{\"name\":\"Blogin al\",\"@id\":\"https:\\\/\\\/blogin.al\\\/#\\\/schema\\\/person\\\/abdd56bc912cd511db877b852b115399\"},\"headline\":\"Sali Berisha shp\u00ebrndan foton nga dasma e t\u00eb birit: Dua t\u00eb ndaj me ju miq k\u00ebt\u00eb g\u00ebzim n\u00eb familjen ton\u00eb\",\"datePublished\":\"2022-09-26T07:46:12+00:00\",\"dateModified\":\"2022-09-26T07:48:06+00:00\",\"mainEntityOfPage\":{\"@id\":\"https:\\\/\\\/blogin.al\\\/?p=15010\"},\"wordCount\":133,\"commentCount\":0,\"publisher\":{\"@id\":\"https:\\\/\\\/blogin.al\\\/#organization\"},\"image\":{\"@id\":\"https:\\\/\\\/blogin.al\\\/?p=15010#primaryimage\"},\"thumbnailUrl\":\"https:\\\/\\\/blogin.al\\\/wp-content\\\/uploads\\\/2022\\\/09\\\/Sali-Berisha.jpg\",\"articleSection\":[\"SHOWBIZ\"],\"inLanguage\":\"en-US\",\"potentialAction\":[{\"@type\":\"CommentAction\",\"name\":\"Comment\",\"target\":[\"https:\\\/\\\/blogin.al\\\/?p=15010#respond\"]}]},{\"@type\":\"WebPage\",\"@id\":\"https:\\\/\\\/blogin.al\\\/?p=15010\",\"url\":\"https:\\\/\\\/blogin.al\\\/?p=15010\",\"name\":\"Sali Berisha shp\u00ebrndan foton nga dasma e t\u00eb birit: Dua t\u00eb ndaj me ju miq k\u00ebt\u00eb g\u00ebzim n\u00eb familjen ton\u00eb - blogin.al\",\"isPartOf\":{\"@id\":\"https:\\\/\\\/blogin.al\\\/#website\"},\"primaryImageOfPage\":{\"@id\":\"https:\\\/\\\/blogin.al\\\/?p=15010#primaryimage\"},\"image\":{\"@id\":\"https:\\\/\\\/blogin.al\\\/?p=15010#primaryimage\"},\"thumbnailUrl\":\"https:\\\/\\\/blogin.al\\\/wp-content\\\/uploads\\\/2022\\\/09\\\/Sali-Berisha.jpg\",\"datePublished\":\"2022-09-26T07:46:12+00:00\",\"dateModified\":\"2022-09-26T07:48:06+00:00\",\"breadcrumb\":{\"@id\":\"https:\\\/\\\/blogin.al\\\/?p=15010#breadcrumb\"},\"inLanguage\":\"en-US\",\"potentialAction\":[{\"@type\":\"ReadAction\",\"target\":[\"https:\\\/\\\/blogin.al\\\/?p=15010\"]}]},{\"@type\":\"ImageObject\",\"inLanguage\":\"en-US\",\"@id\":\"https:\\\/\\\/blogin.al\\\/?p=15010#primaryimage\",\"url\":\"https:\\\/\\\/blogin.al\\\/wp-content\\\/uploads\\\/2022\\\/09\\\/Sali-Berisha.jpg\",\"contentUrl\":\"https:\\\/\\\/blogin.al\\\/wp-content\\\/uploads\\\/2022\\\/09\\\/Sali-Berisha.jpg\",\"width\":504,\"height\":555},{\"@type\":\"BreadcrumbList\",\"@id\":\"https:\\\/\\\/blogin.al\\\/?p=15010#breadcrumb\",\"itemListElement\":[{\"@type\":\"ListItem\",\"position\":1,\"name\":\"Home\",\"item\":\"https:\\\/\\\/blogin.al\\\/\"},{\"@type\":\"ListItem\",\"position\":2,\"name\":\"Sali Berisha shp\u00ebrndan foton nga dasma e t\u00eb birit: Dua t\u00eb ndaj me ju miq k\u00ebt\u00eb g\u00ebzim n\u00eb familjen ton\u00eb\"}]},{\"@type\":\"WebSite\",\"@id\":\"https:\\\/\\\/blogin.al\\\/#website\",\"url\":\"https:\\\/\\\/blogin.al\\\/\",\"name\":\"blogin.al\",\"description\":\"\",\"publisher\":{\"@id\":\"https:\\\/\\\/blogin.al\\\/#organization\"},\"potentialAction\":[{\"@type\":\"SearchAction\",\"target\":{\"@type\":\"EntryPoint\",\"urlTemplate\":\"https:\\\/\\\/blogin.al\\\/?s={search_term_string}\"},\"query-input\":{\"@type\":\"PropertyValueSpecification\",\"valueRequired\":true,\"valueName\":\"search_term_string\"}}],\"inLanguage\":\"en-US\"},{\"@type\":\"Organization\",\"@id\":\"https:\\\/\\\/blogin.al\\\/#organization\",\"name\":\"BLOGIN.al\",\"url\":\"https:\\\/\\\/blogin.al\\\/\",\"logo\":{\"@type\":\"ImageObject\",\"inLanguage\":\"en-US\",\"@id\":\"https:\\\/\\\/blogin.al\\\/#\\\/schema\\\/logo\\\/image\\\/\",\"url\":\"https:\\\/\\\/blogin.al\\\/wp-content\\\/uploads\\\/2022\\\/05\\\/Untitled-2-01-e1652084456514.png\",\"contentUrl\":\"https:\\\/\\\/blogin.al\\\/wp-content\\\/uploads\\\/2022\\\/05\\\/Untitled-2-01-e1652084456514.png\",\"width\":3723,\"height\":1698,\"caption\":\"BLOGIN.al\"},\"image\":{\"@id\":\"https:\\\/\\\/blogin.al\\\/#\\\/schema\\\/logo\\\/image\\\/\"},\"sameAs\":[\"https:\\\/\\\/instagram.com\\\/blogin.al\\\/\"]},{\"@type\":\"Person\",\"@id\":\"https:\\\/\\\/blogin.al\\\/#\\\/schema\\\/person\\\/abdd56bc912cd511db877b852b115399\",\"name\":\"Blogin al\",\"image\":{\"@type\":\"ImageObject\",\"inLanguage\":\"en-US\",\"@id\":\"https:\\\/\\\/secure.gravatar.com\\\/avatar\\\/60d5661aee6e835fb13dc75d2204cd0c1d61bef2efd137c0083e59ef831e235e?s=96&d=mm&r=g\",\"url\":\"https:\\\/\\\/secure.gravatar.com\\\/avatar\\\/60d5661aee6e835fb13dc75d2204cd0c1d61bef2efd137c0083e59ef831e235e?s=96&d=mm&r=g\",\"contentUrl\":\"https:\\\/\\\/secure.gravatar.com\\\/avatar\\\/60d5661aee6e835fb13dc75d2204cd0c1d61bef2efd137c0083e59ef831e235e?s=96&d=mm&r=g\",\"caption\":\"Blogin al\"},\"sameAs\":[\"https:\\\/\\\/blogin.al\"],\"url\":\"https:\\\/\\\/blogin.al\\\/?author=2\"}]}<\/script>\n<!-- \/ Yoast SEO plugin. -->","yoast_head_json":{"title":"Sali Berisha shp\u00ebrndan foton nga dasma e t\u00eb birit: Dua t\u00eb ndaj me ju miq k\u00ebt\u00eb g\u00ebzim n\u00eb familjen ton\u00eb - blogin.al","robots":{"index":"index","follow":"follow","max-snippet":"max-snippet:-1","max-image-preview":"max-image-preview:large","max-video-preview":"max-video-preview:-1"},"canonical":"https:\/\/blogin.al\/?p=15010","og_locale":"en_US","og_type":"article","og_title":"Sali Berisha shp\u00ebrndan foton nga dasma e t\u00eb birit: Dua t\u00eb ndaj me ju miq k\u00ebt\u00eb g\u00ebzim n\u00eb familjen ton\u00eb - blogin.al","og_description":"Ish-kryeministri Sali Berisha ka ndar\u00eb me ndjek\u00ebsit n\u00eb rrjete sociale nj\u00eb foto nga dasma q\u00eb po mbahet mbr\u00ebmjen e k\u00ebsaj t\u00eb diele, mes djalit t\u00eb tij Shk\u00eblzen Berisha dhe blogeres Armina Mevlani. N\u00eb foto shihet \u00e7ifti i ri s\u00eb bashku me ish-kryeministrin dhe bashk\u00ebshorten Liri Berisha. N\u00eb mbishkrimin e fotos Berisha uron Shk\u00eblzenin dhe Armin\u00ebn [&hellip;]","og_url":"https:\/\/blogin.al\/?p=15010","og_site_name":"blogin.al","article_published_time":"2022-09-26T07:46:12+00:00","article_modified_time":"2022-09-26T07:48:06+00:00","og_image":[{"width":504,"height":555,"url":"https:\/\/blogin.al\/wp-content\/uploads\/2022\/09\/Sali-Berisha.jpg","type":"image\/jpeg"}],"author":"Blogin al","twitter_card":"summary_large_image","twitter_misc":{"Written by":"Blogin al","Est. reading time":"1 minute"},"schema":{"@context":"https:\/\/schema.org","@graph":[{"@type":"Article","@id":"https:\/\/blogin.al\/?p=15010#article","isPartOf":{"@id":"https:\/\/blogin.al\/?p=15010"},"author":{"name":"Blogin al","@id":"https:\/\/blogin.al\/#\/schema\/person\/abdd56bc912cd511db877b852b115399"},"headline":"Sali Berisha shp\u00ebrndan foton nga dasma e t\u00eb birit: Dua t\u00eb ndaj me ju miq k\u00ebt\u00eb g\u00ebzim n\u00eb familjen ton\u00eb","datePublished":"2022-09-26T07:46:12+00:00","dateModified":"2022-09-26T07:48:06+00:00","mainEntityOfPage":{"@id":"https:\/\/blogin.al\/?p=15010"},"wordCount":133,"commentCount":0,"publisher":{"@id":"https:\/\/blogin.al\/#organization"},"image":{"@id":"https:\/\/blogin.al\/?p=15010#primaryimage"},"thumbnailUrl":"https:\/\/blogin.al\/wp-content\/uploads\/2022\/09\/Sali-Berisha.jpg","articleSection":["SHOWBIZ"],"inLanguage":"en-US","potentialAction":[{"@type":"CommentAction","name":"Comment","target":["https:\/\/blogin.al\/?p=15010#respond"]}]},{"@type":"WebPage","@id":"https:\/\/blogin.al\/?p=15010","url":"https:\/\/blogin.al\/?p=15010","name":"Sali Berisha shp\u00ebrndan foton nga dasma e t\u00eb birit: Dua t\u00eb ndaj me ju miq k\u00ebt\u00eb g\u00ebzim n\u00eb familjen ton\u00eb - blogin.al","isPartOf":{"@id":"https:\/\/blogin.al\/#website"},"primaryImageOfPage":{"@id":"https:\/\/blogin.al\/?p=15010#primaryimage"},"image":{"@id":"https:\/\/blogin.al\/?p=15010#primaryimage"},"thumbnailUrl":"https:\/\/blogin.al\/wp-content\/uploads\/2022\/09\/Sali-Berisha.jpg","datePublished":"2022-09-26T07:46:12+00:00","dateModified":"2022-09-26T07:48:06+00:00","breadcrumb":{"@id":"https:\/\/blogin.al\/?p=15010#breadcrumb"},"inLanguage":"en-US","potentialAction":[{"@type":"ReadAction","target":["https:\/\/blogin.al\/?p=15010"]}]},{"@type":"ImageObject","inLanguage":"en-US","@id":"https:\/\/blogin.al\/?p=15010#primaryimage","url":"https:\/\/blogin.al\/wp-content\/uploads\/2022\/09\/Sali-Berisha.jpg","contentUrl":"https:\/\/blogin.al\/wp-content\/uploads\/2022\/09\/Sali-Berisha.jpg","width":504,"height":555},{"@type":"BreadcrumbList","@id":"https:\/\/blogin.al\/?p=15010#breadcrumb","itemListElement":[{"@type":"ListItem","position":1,"name":"Home","item":"https:\/\/blogin.al\/"},{"@type":"ListItem","position":2,"name":"Sali Berisha shp\u00ebrndan foton nga dasma e t\u00eb birit: Dua t\u00eb ndaj me ju miq k\u00ebt\u00eb g\u00ebzim n\u00eb familjen ton\u00eb"}]},{"@type":"WebSite","@id":"https:\/\/blogin.al\/#website","url":"https:\/\/blogin.al\/","name":"blogin.al","description":"","publisher":{"@id":"https:\/\/blogin.al\/#organization"},"potentialAction":[{"@type":"SearchAction","target":{"@type":"EntryPoint","urlTemplate":"https:\/\/blogin.al\/?s={search_term_string}"},"query-input":{"@type":"PropertyValueSpecification","valueRequired":true,"valueName":"search_term_string"}}],"inLanguage":"en-US"},{"@type":"Organization","@id":"https:\/\/blogin.al\/#organization","name":"BLOGIN.al","url":"https:\/\/blogin.al\/","logo":{"@type":"ImageObject","inLanguage":"en-US","@id":"https:\/\/blogin.al\/#\/schema\/logo\/image\/","url":"https:\/\/blogin.al\/wp-content\/uploads\/2022\/05\/Untitled-2-01-e1652084456514.png","contentUrl":"https:\/\/blogin.al\/wp-content\/uploads\/2022\/05\/Untitled-2-01-e1652084456514.png","width":3723,"height":1698,"caption":"BLOGIN.al"},"image":{"@id":"https:\/\/blogin.al\/#\/schema\/logo\/image\/"},"sameAs":["https:\/\/instagram.com\/blogin.al\/"]},{"@type":"Person","@id":"https:\/\/blogin.al\/#\/schema\/person\/abdd56bc912cd511db877b852b115399","name":"Blogin al","image":{"@type":"ImageObject","inLanguage":"en-US","@id":"https:\/\/secure.gravatar.com\/avatar\/60d5661aee6e835fb13dc75d2204cd0c1d61bef2efd137c0083e59ef831e235e?s=96&d=mm&r=g","url":"https:\/\/secure.gravatar.com\/avatar\/60d5661aee6e835fb13dc75d2204cd0c1d61bef2efd137c0083e59ef831e235e?s=96&d=mm&r=g","contentUrl":"https:\/\/secure.gravatar.com\/avatar\/60d5661aee6e835fb13dc75d2204cd0c1d61bef2efd137c0083e59ef831e235e?s=96&d=mm&r=g","caption":"Blogin al"},"sameAs":["https:\/\/blogin.al"],"url":"https:\/\/blogin.al\/?author=2"}]}},"_links":{"self":[{"href":"https:\/\/blogin.al\/index.php?rest_route=\/wp\/v2\/posts\/15010","targetHints":{"allow":["GET"]}}],"collection":[{"href":"https:\/\/blogin.al\/index.php?rest_route=\/wp\/v2\/posts"}],"about":[{"href":"https:\/\/blogin.al\/index.php?rest_route=\/wp\/v2\/types\/post"}],"author":[{"embeddable":true,"href":"https:\/\/blogin.al\/index.php?rest_route=\/wp\/v2\/users\/2"}],"replies":[{"embeddable":true,"href":"https:\/\/blogin.al\/index.php?rest_route=%2Fwp%2Fv2%2Fcomments&post=15010"}],"version-history":[{"count":2,"href":"https:\/\/blogin.al\/index.php?rest_route=\/wp\/v2\/posts\/15010\/revisions"}],"predecessor-version":[{"id":15014,"href":"https:\/\/blogin.al\/index.php?rest_route=\/wp\/v2\/posts\/15010\/revisions\/15014"}],"wp:featuredmedia":[{"embeddable":true,"href":"https:\/\/blogin.al\/index.php?rest_route=\/wp\/v2\/media\/15013"}],"wp:attachment":[{"href":"https:\/\/blogin.al\/index.php?rest_route=%2Fwp%2Fv2%2Fmedia&parent=15010"}],"wp:term":[{"taxonomy":"category","embeddable":true,"href":"https:\/\/blogin.al\/index.php?rest_route=%2Fwp%2Fv2%2Fcategories&post=15010"},{"taxonomy":"post_tag","embeddable":true,"href":"https:\/\/blogin.al\/index.php?rest_route=%2Fwp%2Fv2%2Ftags&post=15010"}],"curies":[{"name":"wp","href":"https:\/\/api.w.org\/{rel}","templated":true}]}}