{"id":15015,"date":"2022-09-26T08:19:15","date_gmt":"2022-09-26T08:19:15","guid":{"rendered":"https:\/\/blogin.al\/?p=15015"},"modified":"2022-09-26T09:19:55","modified_gmt":"2022-09-26T09:19:55","slug":"fjalimi-i-babait-te-armina-mevlanit-ne-dasmen-e-blogeres-se-do-me-bente-krushk-me-sali-berishen","status":"publish","type":"post","link":"https:\/\/blogin.al\/?p=15015","title":{"rendered":"Fjalimi i babait t\u00eb Armina Mevlanit n\u00eb dasm\u00ebn e blogeres: Se do m\u00eb b\u00ebnte krushk me Sali Berish\u00ebn\u2026"},"content":{"rendered":"\n<p>Gazetari i njohur Arben Mevlani, babi i Armin\u00ebs, ka emocionuar n\u00eb fjalimin e dasm\u00ebs s\u00eb vajz\u00ebs s\u00eb tij me djalin e ish-kryeministrit, Sali Berisha.<\/p>\n\n\n\n<p>Ai i uroi \u00e7iftit jet\u00eb t\u00eb lumtur, duke shtuar: \u201cQ\u00eb do b\u00ebja nj\u00eb krushk e dija, po se do m\u00eb b\u00ebnte Armina krushk me Sali Berish\u00ebn, k\u00ebt\u00eb s\u2019e dija.\u201d<\/p>\n\n\n\n<p>Nd\u00ebrkoh\u00eb m\u00eb her\u00ebt, n\u00eb hapje t\u00eb dasm\u00ebs nj\u00eb fjalim u mbajt dhe nga ish-kryeministri Sali Berisha, i cili me nj\u00eb got\u00eb ver\u00eb n\u00eb duar i uroi \u00e7iftit jet\u00eb t\u00eb lumtur duke th\u00ebn\u00eb mes t\u00eb tjerash se: \u201cMerita m\u00eb e madhe e Shk\u00eblzenit, \u00ebsht\u00eb se arriti t\u00eb pushtoj\u00eb zemr\u00ebn e Armin\u00ebs.\u201d<\/p>\n","protected":false},"excerpt":{"rendered":"<p>Gazetari i njohur Arben Mevlani, babi i Armin\u00ebs, ka emocionuar n\u00eb fjalimin e dasm\u00ebs s\u00eb vajz\u00ebs s\u00eb tij me djalin e ish-kryeministrit, Sali Berisha. Ai i uroi \u00e7iftit jet\u00eb t\u00eb lumtur, duke shtuar: \u201cQ\u00eb do b\u00ebja nj\u00eb krushk e dija, po se do m\u00eb b\u00ebnte Armina krushk me Sali Berish\u00ebn, k\u00ebt\u00eb s\u2019e dija.\u201d Nd\u00ebrkoh\u00eb m\u00eb [&hellip;]<\/p>\n","protected":false},"author":2,"featured_media":15019,"comment_status":"open","ping_status":"open","sticky":false,"template":"","format":"standard","meta":{"footnotes":""},"categories":[33],"tags":[],"class_list":{"0":"post-15015","1":"post","2":"type-post","3":"status-publish","4":"format-standard","5":"has-post-thumbnail","7":"category-showbiz"},"yoast_head":"<!-- This site is optimized with the Yoast SEO plugin v27.5 - https:\/\/yoast.com\/product\/yoast-seo-wordpress\/ -->\n<title>Fjalimi i babait t\u00eb Armina Mevlanit n\u00eb dasm\u00ebn e blogeres: Se do m\u00eb b\u00ebnte krushk me Sali Berish\u00ebn\u2026 - blogin.al<\/title>\n<meta name=\"robots\" content=\"index, follow, max-snippet:-1, max-image-preview:large, max-video-preview:-1\" \/>\n<link rel=\"canonical\" href=\"https:\/\/blogin.al\/?p=15015\" \/>\n<meta property=\"og:locale\" content=\"en_US\" \/>\n<meta property=\"og:type\" content=\"article\" \/>\n<meta property=\"og:title\" content=\"Fjalimi i babait t\u00eb Armina Mevlanit n\u00eb dasm\u00ebn e blogeres: Se do m\u00eb b\u00ebnte krushk me Sali Berish\u00ebn\u2026 - blogin.al\" \/>\n<meta property=\"og:description\" content=\"Gazetari i njohur Arben Mevlani, babi i Armin\u00ebs, ka emocionuar n\u00eb fjalimin e dasm\u00ebs s\u00eb vajz\u00ebs s\u00eb tij me djalin e ish-kryeministrit, Sali Berisha. Ai i uroi \u00e7iftit jet\u00eb t\u00eb lumtur, duke shtuar: \u201cQ\u00eb do b\u00ebja nj\u00eb krushk e dija, po se do m\u00eb b\u00ebnte Armina krushk me Sali Berish\u00ebn, k\u00ebt\u00eb s\u2019e dija.\u201d Nd\u00ebrkoh\u00eb m\u00eb [&hellip;]\" \/>\n<meta property=\"og:url\" content=\"https:\/\/blogin.al\/?p=15015\" \/>\n<meta property=\"og:site_name\" content=\"blogin.al\" \/>\n<meta property=\"article:published_time\" content=\"2022-09-26T08:19:15+00:00\" \/>\n<meta property=\"article:modified_time\" content=\"2022-09-26T09:19:55+00:00\" \/>\n<meta property=\"og:image\" content=\"https:\/\/blogin.al\/wp-content\/uploads\/2022\/09\/640-0-screenshot-7-1664141924.jpg\" \/>\n\t<meta property=\"og:image:width\" content=\"640\" \/>\n\t<meta property=\"og:image:height\" content=\"346\" \/>\n\t<meta property=\"og:image:type\" content=\"image\/jpeg\" \/>\n<meta name=\"author\" content=\"Blogin al\" \/>\n<meta name=\"twitter:card\" content=\"summary_large_image\" \/>\n<meta name=\"twitter:label1\" content=\"Written by\" \/>\n\t<meta name=\"twitter:data1\" content=\"Blogin al\" \/>\n\t<meta name=\"twitter:label2\" content=\"Est. reading time\" \/>\n\t<meta name=\"twitter:data2\" content=\"1 minute\" \/>\n<script type=\"application\/ld+json\" class=\"yoast-schema-graph\">{\"@context\":\"https:\\\/\\\/schema.org\",\"@graph\":[{\"@type\":\"Article\",\"@id\":\"https:\\\/\\\/blogin.al\\\/?p=15015#article\",\"isPartOf\":{\"@id\":\"https:\\\/\\\/blogin.al\\\/?p=15015\"},\"author\":{\"name\":\"Blogin al\",\"@id\":\"https:\\\/\\\/blogin.al\\\/#\\\/schema\\\/person\\\/abdd56bc912cd511db877b852b115399\"},\"headline\":\"Fjalimi i babait t\u00eb Armina Mevlanit n\u00eb dasm\u00ebn e blogeres: Se do m\u00eb b\u00ebnte krushk me Sali Berish\u00ebn\u2026\",\"datePublished\":\"2022-09-26T08:19:15+00:00\",\"dateModified\":\"2022-09-26T09:19:55+00:00\",\"mainEntityOfPage\":{\"@id\":\"https:\\\/\\\/blogin.al\\\/?p=15015\"},\"wordCount\":139,\"commentCount\":0,\"publisher\":{\"@id\":\"https:\\\/\\\/blogin.al\\\/#organization\"},\"image\":{\"@id\":\"https:\\\/\\\/blogin.al\\\/?p=15015#primaryimage\"},\"thumbnailUrl\":\"https:\\\/\\\/blogin.al\\\/wp-content\\\/uploads\\\/2022\\\/09\\\/640-0-screenshot-7-1664141924.jpg\",\"articleSection\":[\"SHOWBIZ\"],\"inLanguage\":\"en-US\",\"potentialAction\":[{\"@type\":\"CommentAction\",\"name\":\"Comment\",\"target\":[\"https:\\\/\\\/blogin.al\\\/?p=15015#respond\"]}]},{\"@type\":\"WebPage\",\"@id\":\"https:\\\/\\\/blogin.al\\\/?p=15015\",\"url\":\"https:\\\/\\\/blogin.al\\\/?p=15015\",\"name\":\"Fjalimi i babait t\u00eb Armina Mevlanit n\u00eb dasm\u00ebn e blogeres: Se do m\u00eb b\u00ebnte krushk me Sali Berish\u00ebn\u2026 - blogin.al\",\"isPartOf\":{\"@id\":\"https:\\\/\\\/blogin.al\\\/#website\"},\"primaryImageOfPage\":{\"@id\":\"https:\\\/\\\/blogin.al\\\/?p=15015#primaryimage\"},\"image\":{\"@id\":\"https:\\\/\\\/blogin.al\\\/?p=15015#primaryimage\"},\"thumbnailUrl\":\"https:\\\/\\\/blogin.al\\\/wp-content\\\/uploads\\\/2022\\\/09\\\/640-0-screenshot-7-1664141924.jpg\",\"datePublished\":\"2022-09-26T08:19:15+00:00\",\"dateModified\":\"2022-09-26T09:19:55+00:00\",\"breadcrumb\":{\"@id\":\"https:\\\/\\\/blogin.al\\\/?p=15015#breadcrumb\"},\"inLanguage\":\"en-US\",\"potentialAction\":[{\"@type\":\"ReadAction\",\"target\":[\"https:\\\/\\\/blogin.al\\\/?p=15015\"]}]},{\"@type\":\"ImageObject\",\"inLanguage\":\"en-US\",\"@id\":\"https:\\\/\\\/blogin.al\\\/?p=15015#primaryimage\",\"url\":\"https:\\\/\\\/blogin.al\\\/wp-content\\\/uploads\\\/2022\\\/09\\\/640-0-screenshot-7-1664141924.jpg\",\"contentUrl\":\"https:\\\/\\\/blogin.al\\\/wp-content\\\/uploads\\\/2022\\\/09\\\/640-0-screenshot-7-1664141924.jpg\",\"width\":640,\"height\":346},{\"@type\":\"BreadcrumbList\",\"@id\":\"https:\\\/\\\/blogin.al\\\/?p=15015#breadcrumb\",\"itemListElement\":[{\"@type\":\"ListItem\",\"position\":1,\"name\":\"Home\",\"item\":\"https:\\\/\\\/blogin.al\\\/\"},{\"@type\":\"ListItem\",\"position\":2,\"name\":\"Fjalimi i babait t\u00eb Armina Mevlanit n\u00eb dasm\u00ebn e blogeres: Se do m\u00eb b\u00ebnte krushk me Sali Berish\u00ebn\u2026\"}]},{\"@type\":\"WebSite\",\"@id\":\"https:\\\/\\\/blogin.al\\\/#website\",\"url\":\"https:\\\/\\\/blogin.al\\\/\",\"name\":\"blogin.al\",\"description\":\"\",\"publisher\":{\"@id\":\"https:\\\/\\\/blogin.al\\\/#organization\"},\"potentialAction\":[{\"@type\":\"SearchAction\",\"target\":{\"@type\":\"EntryPoint\",\"urlTemplate\":\"https:\\\/\\\/blogin.al\\\/?s={search_term_string}\"},\"query-input\":{\"@type\":\"PropertyValueSpecification\",\"valueRequired\":true,\"valueName\":\"search_term_string\"}}],\"inLanguage\":\"en-US\"},{\"@type\":\"Organization\",\"@id\":\"https:\\\/\\\/blogin.al\\\/#organization\",\"name\":\"BLOGIN.al\",\"url\":\"https:\\\/\\\/blogin.al\\\/\",\"logo\":{\"@type\":\"ImageObject\",\"inLanguage\":\"en-US\",\"@id\":\"https:\\\/\\\/blogin.al\\\/#\\\/schema\\\/logo\\\/image\\\/\",\"url\":\"https:\\\/\\\/blogin.al\\\/wp-content\\\/uploads\\\/2022\\\/05\\\/Untitled-2-01-e1652084456514.png\",\"contentUrl\":\"https:\\\/\\\/blogin.al\\\/wp-content\\\/uploads\\\/2022\\\/05\\\/Untitled-2-01-e1652084456514.png\",\"width\":3723,\"height\":1698,\"caption\":\"BLOGIN.al\"},\"image\":{\"@id\":\"https:\\\/\\\/blogin.al\\\/#\\\/schema\\\/logo\\\/image\\\/\"},\"sameAs\":[\"https:\\\/\\\/instagram.com\\\/blogin.al\\\/\"]},{\"@type\":\"Person\",\"@id\":\"https:\\\/\\\/blogin.al\\\/#\\\/schema\\\/person\\\/abdd56bc912cd511db877b852b115399\",\"name\":\"Blogin al\",\"image\":{\"@type\":\"ImageObject\",\"inLanguage\":\"en-US\",\"@id\":\"https:\\\/\\\/secure.gravatar.com\\\/avatar\\\/60d5661aee6e835fb13dc75d2204cd0c1d61bef2efd137c0083e59ef831e235e?s=96&d=mm&r=g\",\"url\":\"https:\\\/\\\/secure.gravatar.com\\\/avatar\\\/60d5661aee6e835fb13dc75d2204cd0c1d61bef2efd137c0083e59ef831e235e?s=96&d=mm&r=g\",\"contentUrl\":\"https:\\\/\\\/secure.gravatar.com\\\/avatar\\\/60d5661aee6e835fb13dc75d2204cd0c1d61bef2efd137c0083e59ef831e235e?s=96&d=mm&r=g\",\"caption\":\"Blogin al\"},\"sameAs\":[\"https:\\\/\\\/blogin.al\"],\"url\":\"https:\\\/\\\/blogin.al\\\/?author=2\"}]}<\/script>\n<!-- \/ Yoast SEO plugin. -->","yoast_head_json":{"title":"Fjalimi i babait t\u00eb Armina Mevlanit n\u00eb dasm\u00ebn e blogeres: Se do m\u00eb b\u00ebnte krushk me Sali Berish\u00ebn\u2026 - blogin.al","robots":{"index":"index","follow":"follow","max-snippet":"max-snippet:-1","max-image-preview":"max-image-preview:large","max-video-preview":"max-video-preview:-1"},"canonical":"https:\/\/blogin.al\/?p=15015","og_locale":"en_US","og_type":"article","og_title":"Fjalimi i babait t\u00eb Armina Mevlanit n\u00eb dasm\u00ebn e blogeres: Se do m\u00eb b\u00ebnte krushk me Sali Berish\u00ebn\u2026 - blogin.al","og_description":"Gazetari i njohur Arben Mevlani, babi i Armin\u00ebs, ka emocionuar n\u00eb fjalimin e dasm\u00ebs s\u00eb vajz\u00ebs s\u00eb tij me djalin e ish-kryeministrit, Sali Berisha. Ai i uroi \u00e7iftit jet\u00eb t\u00eb lumtur, duke shtuar: \u201cQ\u00eb do b\u00ebja nj\u00eb krushk e dija, po se do m\u00eb b\u00ebnte Armina krushk me Sali Berish\u00ebn, k\u00ebt\u00eb s\u2019e dija.\u201d Nd\u00ebrkoh\u00eb m\u00eb [&hellip;]","og_url":"https:\/\/blogin.al\/?p=15015","og_site_name":"blogin.al","article_published_time":"2022-09-26T08:19:15+00:00","article_modified_time":"2022-09-26T09:19:55+00:00","og_image":[{"width":640,"height":346,"url":"https:\/\/blogin.al\/wp-content\/uploads\/2022\/09\/640-0-screenshot-7-1664141924.jpg","type":"image\/jpeg"}],"author":"Blogin al","twitter_card":"summary_large_image","twitter_misc":{"Written by":"Blogin al","Est. reading time":"1 minute"},"schema":{"@context":"https:\/\/schema.org","@graph":[{"@type":"Article","@id":"https:\/\/blogin.al\/?p=15015#article","isPartOf":{"@id":"https:\/\/blogin.al\/?p=15015"},"author":{"name":"Blogin al","@id":"https:\/\/blogin.al\/#\/schema\/person\/abdd56bc912cd511db877b852b115399"},"headline":"Fjalimi i babait t\u00eb Armina Mevlanit n\u00eb dasm\u00ebn e blogeres: Se do m\u00eb b\u00ebnte krushk me Sali Berish\u00ebn\u2026","datePublished":"2022-09-26T08:19:15+00:00","dateModified":"2022-09-26T09:19:55+00:00","mainEntityOfPage":{"@id":"https:\/\/blogin.al\/?p=15015"},"wordCount":139,"commentCount":0,"publisher":{"@id":"https:\/\/blogin.al\/#organization"},"image":{"@id":"https:\/\/blogin.al\/?p=15015#primaryimage"},"thumbnailUrl":"https:\/\/blogin.al\/wp-content\/uploads\/2022\/09\/640-0-screenshot-7-1664141924.jpg","articleSection":["SHOWBIZ"],"inLanguage":"en-US","potentialAction":[{"@type":"CommentAction","name":"Comment","target":["https:\/\/blogin.al\/?p=15015#respond"]}]},{"@type":"WebPage","@id":"https:\/\/blogin.al\/?p=15015","url":"https:\/\/blogin.al\/?p=15015","name":"Fjalimi i babait t\u00eb Armina Mevlanit n\u00eb dasm\u00ebn e blogeres: Se do m\u00eb b\u00ebnte krushk me Sali Berish\u00ebn\u2026 - blogin.al","isPartOf":{"@id":"https:\/\/blogin.al\/#website"},"primaryImageOfPage":{"@id":"https:\/\/blogin.al\/?p=15015#primaryimage"},"image":{"@id":"https:\/\/blogin.al\/?p=15015#primaryimage"},"thumbnailUrl":"https:\/\/blogin.al\/wp-content\/uploads\/2022\/09\/640-0-screenshot-7-1664141924.jpg","datePublished":"2022-09-26T08:19:15+00:00","dateModified":"2022-09-26T09:19:55+00:00","breadcrumb":{"@id":"https:\/\/blogin.al\/?p=15015#breadcrumb"},"inLanguage":"en-US","potentialAction":[{"@type":"ReadAction","target":["https:\/\/blogin.al\/?p=15015"]}]},{"@type":"ImageObject","inLanguage":"en-US","@id":"https:\/\/blogin.al\/?p=15015#primaryimage","url":"https:\/\/blogin.al\/wp-content\/uploads\/2022\/09\/640-0-screenshot-7-1664141924.jpg","contentUrl":"https:\/\/blogin.al\/wp-content\/uploads\/2022\/09\/640-0-screenshot-7-1664141924.jpg","width":640,"height":346},{"@type":"BreadcrumbList","@id":"https:\/\/blogin.al\/?p=15015#breadcrumb","itemListElement":[{"@type":"ListItem","position":1,"name":"Home","item":"https:\/\/blogin.al\/"},{"@type":"ListItem","position":2,"name":"Fjalimi i babait t\u00eb Armina Mevlanit n\u00eb dasm\u00ebn e blogeres: Se do m\u00eb b\u00ebnte krushk me Sali Berish\u00ebn\u2026"}]},{"@type":"WebSite","@id":"https:\/\/blogin.al\/#website","url":"https:\/\/blogin.al\/","name":"blogin.al","description":"","publisher":{"@id":"https:\/\/blogin.al\/#organization"},"potentialAction":[{"@type":"SearchAction","target":{"@type":"EntryPoint","urlTemplate":"https:\/\/blogin.al\/?s={search_term_string}"},"query-input":{"@type":"PropertyValueSpecification","valueRequired":true,"valueName":"search_term_string"}}],"inLanguage":"en-US"},{"@type":"Organization","@id":"https:\/\/blogin.al\/#organization","name":"BLOGIN.al","url":"https:\/\/blogin.al\/","logo":{"@type":"ImageObject","inLanguage":"en-US","@id":"https:\/\/blogin.al\/#\/schema\/logo\/image\/","url":"https:\/\/blogin.al\/wp-content\/uploads\/2022\/05\/Untitled-2-01-e1652084456514.png","contentUrl":"https:\/\/blogin.al\/wp-content\/uploads\/2022\/05\/Untitled-2-01-e1652084456514.png","width":3723,"height":1698,"caption":"BLOGIN.al"},"image":{"@id":"https:\/\/blogin.al\/#\/schema\/logo\/image\/"},"sameAs":["https:\/\/instagram.com\/blogin.al\/"]},{"@type":"Person","@id":"https:\/\/blogin.al\/#\/schema\/person\/abdd56bc912cd511db877b852b115399","name":"Blogin al","image":{"@type":"ImageObject","inLanguage":"en-US","@id":"https:\/\/secure.gravatar.com\/avatar\/60d5661aee6e835fb13dc75d2204cd0c1d61bef2efd137c0083e59ef831e235e?s=96&d=mm&r=g","url":"https:\/\/secure.gravatar.com\/avatar\/60d5661aee6e835fb13dc75d2204cd0c1d61bef2efd137c0083e59ef831e235e?s=96&d=mm&r=g","contentUrl":"https:\/\/secure.gravatar.com\/avatar\/60d5661aee6e835fb13dc75d2204cd0c1d61bef2efd137c0083e59ef831e235e?s=96&d=mm&r=g","caption":"Blogin al"},"sameAs":["https:\/\/blogin.al"],"url":"https:\/\/blogin.al\/?author=2"}]}},"_links":{"self":[{"href":"https:\/\/blogin.al\/index.php?rest_route=\/wp\/v2\/posts\/15015","targetHints":{"allow":["GET"]}}],"collection":[{"href":"https:\/\/blogin.al\/index.php?rest_route=\/wp\/v2\/posts"}],"about":[{"href":"https:\/\/blogin.al\/index.php?rest_route=\/wp\/v2\/types\/post"}],"author":[{"embeddable":true,"href":"https:\/\/blogin.al\/index.php?rest_route=\/wp\/v2\/users\/2"}],"replies":[{"embeddable":true,"href":"https:\/\/blogin.al\/index.php?rest_route=%2Fwp%2Fv2%2Fcomments&post=15015"}],"version-history":[{"count":1,"href":"https:\/\/blogin.al\/index.php?rest_route=\/wp\/v2\/posts\/15015\/revisions"}],"predecessor-version":[{"id":15016,"href":"https:\/\/blogin.al\/index.php?rest_route=\/wp\/v2\/posts\/15015\/revisions\/15016"}],"wp:featuredmedia":[{"embeddable":true,"href":"https:\/\/blogin.al\/index.php?rest_route=\/wp\/v2\/media\/15019"}],"wp:attachment":[{"href":"https:\/\/blogin.al\/index.php?rest_route=%2Fwp%2Fv2%2Fmedia&parent=15015"}],"wp:term":[{"taxonomy":"category","embeddable":true,"href":"https:\/\/blogin.al\/index.php?rest_route=%2Fwp%2Fv2%2Fcategories&post=15015"},{"taxonomy":"post_tag","embeddable":true,"href":"https:\/\/blogin.al\/index.php?rest_route=%2Fwp%2Fv2%2Ftags&post=15015"}],"curies":[{"name":"wp","href":"https:\/\/api.w.org\/{rel}","templated":true}]}}