{"id":15102,"date":"2022-09-27T13:08:04","date_gmt":"2022-09-27T13:08:04","guid":{"rendered":"https:\/\/blogin.al\/?p=15102"},"modified":"2022-09-27T13:08:05","modified_gmt":"2022-09-27T13:08:05","slug":"dhunoi-gruan-ne-sy-te-femijeve-arrestohet-moderatori-shqiptar","status":"publish","type":"post","link":"https:\/\/blogin.al\/?p=15102","title":{"rendered":"Dhunoi gruan n\u00eb sy t\u00eb f\u00ebmij\u00ebve, arrestohet moderatori shqiptar"},"content":{"rendered":"\n<p>Gazetari dhe moderatori Arben Ahmeti \u00ebsht\u00eb arrestuar dje nga Policia e Kosov\u00ebs n\u00eb or\u00ebt e mbr\u00ebmjes. Ahmeti \u00ebsht\u00eb arrestuar pasi ka dhunuar gruan n\u00eb prezenc\u00eb t\u00eb f\u00ebmij\u00ebve. Gazeta Express raporton se gazetar\u00eb e ka shtyr\u00eb gruan pasi kjo e fundit kishte k\u00ebrkuar t\u00eb q\u00ebndronte n\u00eb sht\u00ebpi p\u00ebr f\u00ebmij\u00ebt.<\/p>\n\n\n\n<p>\u201cM\u00eb dat\u00eb 25.09.2022, n\u00eb ora 18:15, \u00ebsht\u00eb pranuar kall\u00ebzim p\u00ebr dhun\u00eb n\u00eb fshatin Laplla Sell\u00eb, rruga Dragovacka. N\u00eb vendngjarje ka dal\u00eb patrulla si dhe polici hetues n\u00eb detyr\u00eb p\u00ebr dhun\u00eb n\u00eb familje ku sipas V. A. ka pasur konflikt me bashk\u00ebshortin. Pra sot m\u00eb 25.09. 22 rreth or\u00ebs 18:00 i dyshuari Arben Ahmeti, i cili n\u00eb at\u00eb koh\u00eb i kishte sjellur dy f\u00ebmij\u00ebt (5 dhe 6 vje\u00e7) t\u00eb cil\u00ebt q\u00ebndronin tek ai nga data 23.09.22 p\u00ebr shkak se \u00e7ifti nuk jetojn\u00eb bashk\u00eb.<\/p>\n\n\n\n<p>N\u00eb at\u00eb moment ka pasur nj\u00eb konflikt kur viktima\/ gruaja e ka pyetur t\u00eb dyshuarin t\u00eb q\u00ebndroj\u00eb n\u00eb sht\u00ebpi me familjen e tij p\u00ebr shkak se ia kan\u00eb k\u00ebrkuar f\u00ebmij\u00ebt t\u00eb cil\u00ebt n\u00eb at\u00eb moment qanin p\u00ebr baban\u00eb e tyre, i dyshuari ka kund\u00ebrshtuar duke e ofenduar verbalisht viktim\u00ebn deri n\u00eb momentin kur ka pasur kontakt fizik, p\u00ebrkat\u00ebsisht duke e shtyer me duar nga ana e t\u00eb dyshuarit.<\/p>\n\n\n\n<p>P\u00ebr shkak t\u00eb ankthit, stresit, gjendjen e viktim\u00ebs, patrulla ka k\u00ebrkuar ndihm\u00eb mjek\u00ebsore p\u00ebr t\u00eb\u201d, thuhet n\u00eb raportin e policis\u00eb.<\/p>\n","protected":false},"excerpt":{"rendered":"<p>Gazetari dhe moderatori Arben Ahmeti \u00ebsht\u00eb arrestuar dje nga Policia e Kosov\u00ebs n\u00eb or\u00ebt e mbr\u00ebmjes. Ahmeti \u00ebsht\u00eb arrestuar pasi ka dhunuar gruan n\u00eb prezenc\u00eb t\u00eb f\u00ebmij\u00ebve. Gazeta Express raporton se gazetar\u00eb e ka shtyr\u00eb gruan pasi kjo e fundit kishte k\u00ebrkuar t\u00eb q\u00ebndronte n\u00eb sht\u00ebpi p\u00ebr f\u00ebmij\u00ebt. \u201cM\u00eb dat\u00eb 25.09.2022, n\u00eb ora 18:15, \u00ebsht\u00eb [&hellip;]<\/p>\n","protected":false},"author":2,"featured_media":15103,"comment_status":"open","ping_status":"open","sticky":false,"template":"","format":"standard","meta":{"footnotes":""},"categories":[33],"tags":[],"class_list":{"0":"post-15102","1":"post","2":"type-post","3":"status-publish","4":"format-standard","5":"has-post-thumbnail","7":"category-showbiz"},"yoast_head":"<!-- This site is optimized with the Yoast SEO plugin v27.5 - https:\/\/yoast.com\/product\/yoast-seo-wordpress\/ -->\n<title>Dhunoi gruan n\u00eb sy t\u00eb f\u00ebmij\u00ebve, arrestohet moderatori shqiptar - blogin.al<\/title>\n<meta name=\"robots\" content=\"index, follow, max-snippet:-1, max-image-preview:large, max-video-preview:-1\" \/>\n<link rel=\"canonical\" href=\"https:\/\/blogin.al\/?p=15102\" \/>\n<meta property=\"og:locale\" content=\"en_US\" \/>\n<meta property=\"og:type\" content=\"article\" \/>\n<meta property=\"og:title\" content=\"Dhunoi gruan n\u00eb sy t\u00eb f\u00ebmij\u00ebve, arrestohet moderatori shqiptar - blogin.al\" \/>\n<meta property=\"og:description\" content=\"Gazetari dhe moderatori Arben Ahmeti \u00ebsht\u00eb arrestuar dje nga Policia e Kosov\u00ebs n\u00eb or\u00ebt e mbr\u00ebmjes. Ahmeti \u00ebsht\u00eb arrestuar pasi ka dhunuar gruan n\u00eb prezenc\u00eb t\u00eb f\u00ebmij\u00ebve. Gazeta Express raporton se gazetar\u00eb e ka shtyr\u00eb gruan pasi kjo e fundit kishte k\u00ebrkuar t\u00eb q\u00ebndronte n\u00eb sht\u00ebpi p\u00ebr f\u00ebmij\u00ebt. \u201cM\u00eb dat\u00eb 25.09.2022, n\u00eb ora 18:15, \u00ebsht\u00eb [&hellip;]\" \/>\n<meta property=\"og:url\" content=\"https:\/\/blogin.al\/?p=15102\" \/>\n<meta property=\"og:site_name\" content=\"blogin.al\" \/>\n<meta property=\"article:published_time\" content=\"2022-09-27T13:08:04+00:00\" \/>\n<meta property=\"article:modified_time\" content=\"2022-09-27T13:08:05+00:00\" \/>\n<meta property=\"og:image\" content=\"https:\/\/blogin.al\/wp-content\/uploads\/2022\/09\/arben.webp\" \/>\n\t<meta property=\"og:image:width\" content=\"709\" \/>\n\t<meta property=\"og:image:height\" content=\"375\" \/>\n\t<meta property=\"og:image:type\" content=\"image\/webp\" \/>\n<meta name=\"author\" content=\"Blogin al\" \/>\n<meta name=\"twitter:card\" content=\"summary_large_image\" \/>\n<meta name=\"twitter:label1\" content=\"Written by\" \/>\n\t<meta name=\"twitter:data1\" content=\"Blogin al\" \/>\n\t<meta name=\"twitter:label2\" content=\"Est. reading time\" \/>\n\t<meta name=\"twitter:data2\" content=\"1 minute\" \/>\n<script type=\"application\/ld+json\" class=\"yoast-schema-graph\">{\"@context\":\"https:\\\/\\\/schema.org\",\"@graph\":[{\"@type\":\"Article\",\"@id\":\"https:\\\/\\\/blogin.al\\\/?p=15102#article\",\"isPartOf\":{\"@id\":\"https:\\\/\\\/blogin.al\\\/?p=15102\"},\"author\":{\"name\":\"Blogin al\",\"@id\":\"https:\\\/\\\/blogin.al\\\/#\\\/schema\\\/person\\\/abdd56bc912cd511db877b852b115399\"},\"headline\":\"Dhunoi gruan n\u00eb sy t\u00eb f\u00ebmij\u00ebve, arrestohet moderatori shqiptar\",\"datePublished\":\"2022-09-27T13:08:04+00:00\",\"dateModified\":\"2022-09-27T13:08:05+00:00\",\"mainEntityOfPage\":{\"@id\":\"https:\\\/\\\/blogin.al\\\/?p=15102\"},\"wordCount\":259,\"commentCount\":0,\"publisher\":{\"@id\":\"https:\\\/\\\/blogin.al\\\/#organization\"},\"image\":{\"@id\":\"https:\\\/\\\/blogin.al\\\/?p=15102#primaryimage\"},\"thumbnailUrl\":\"https:\\\/\\\/blogin.al\\\/wp-content\\\/uploads\\\/2022\\\/09\\\/arben.webp\",\"articleSection\":[\"SHOWBIZ\"],\"inLanguage\":\"en-US\",\"potentialAction\":[{\"@type\":\"CommentAction\",\"name\":\"Comment\",\"target\":[\"https:\\\/\\\/blogin.al\\\/?p=15102#respond\"]}]},{\"@type\":\"WebPage\",\"@id\":\"https:\\\/\\\/blogin.al\\\/?p=15102\",\"url\":\"https:\\\/\\\/blogin.al\\\/?p=15102\",\"name\":\"Dhunoi gruan n\u00eb sy t\u00eb f\u00ebmij\u00ebve, arrestohet moderatori shqiptar - blogin.al\",\"isPartOf\":{\"@id\":\"https:\\\/\\\/blogin.al\\\/#website\"},\"primaryImageOfPage\":{\"@id\":\"https:\\\/\\\/blogin.al\\\/?p=15102#primaryimage\"},\"image\":{\"@id\":\"https:\\\/\\\/blogin.al\\\/?p=15102#primaryimage\"},\"thumbnailUrl\":\"https:\\\/\\\/blogin.al\\\/wp-content\\\/uploads\\\/2022\\\/09\\\/arben.webp\",\"datePublished\":\"2022-09-27T13:08:04+00:00\",\"dateModified\":\"2022-09-27T13:08:05+00:00\",\"breadcrumb\":{\"@id\":\"https:\\\/\\\/blogin.al\\\/?p=15102#breadcrumb\"},\"inLanguage\":\"en-US\",\"potentialAction\":[{\"@type\":\"ReadAction\",\"target\":[\"https:\\\/\\\/blogin.al\\\/?p=15102\"]}]},{\"@type\":\"ImageObject\",\"inLanguage\":\"en-US\",\"@id\":\"https:\\\/\\\/blogin.al\\\/?p=15102#primaryimage\",\"url\":\"https:\\\/\\\/blogin.al\\\/wp-content\\\/uploads\\\/2022\\\/09\\\/arben.webp\",\"contentUrl\":\"https:\\\/\\\/blogin.al\\\/wp-content\\\/uploads\\\/2022\\\/09\\\/arben.webp\",\"width\":709,\"height\":375},{\"@type\":\"BreadcrumbList\",\"@id\":\"https:\\\/\\\/blogin.al\\\/?p=15102#breadcrumb\",\"itemListElement\":[{\"@type\":\"ListItem\",\"position\":1,\"name\":\"Home\",\"item\":\"https:\\\/\\\/blogin.al\\\/\"},{\"@type\":\"ListItem\",\"position\":2,\"name\":\"Dhunoi gruan n\u00eb sy t\u00eb f\u00ebmij\u00ebve, arrestohet moderatori shqiptar\"}]},{\"@type\":\"WebSite\",\"@id\":\"https:\\\/\\\/blogin.al\\\/#website\",\"url\":\"https:\\\/\\\/blogin.al\\\/\",\"name\":\"blogin.al\",\"description\":\"\",\"publisher\":{\"@id\":\"https:\\\/\\\/blogin.al\\\/#organization\"},\"potentialAction\":[{\"@type\":\"SearchAction\",\"target\":{\"@type\":\"EntryPoint\",\"urlTemplate\":\"https:\\\/\\\/blogin.al\\\/?s={search_term_string}\"},\"query-input\":{\"@type\":\"PropertyValueSpecification\",\"valueRequired\":true,\"valueName\":\"search_term_string\"}}],\"inLanguage\":\"en-US\"},{\"@type\":\"Organization\",\"@id\":\"https:\\\/\\\/blogin.al\\\/#organization\",\"name\":\"BLOGIN.al\",\"url\":\"https:\\\/\\\/blogin.al\\\/\",\"logo\":{\"@type\":\"ImageObject\",\"inLanguage\":\"en-US\",\"@id\":\"https:\\\/\\\/blogin.al\\\/#\\\/schema\\\/logo\\\/image\\\/\",\"url\":\"https:\\\/\\\/blogin.al\\\/wp-content\\\/uploads\\\/2022\\\/05\\\/Untitled-2-01-e1652084456514.png\",\"contentUrl\":\"https:\\\/\\\/blogin.al\\\/wp-content\\\/uploads\\\/2022\\\/05\\\/Untitled-2-01-e1652084456514.png\",\"width\":3723,\"height\":1698,\"caption\":\"BLOGIN.al\"},\"image\":{\"@id\":\"https:\\\/\\\/blogin.al\\\/#\\\/schema\\\/logo\\\/image\\\/\"},\"sameAs\":[\"https:\\\/\\\/instagram.com\\\/blogin.al\\\/\"]},{\"@type\":\"Person\",\"@id\":\"https:\\\/\\\/blogin.al\\\/#\\\/schema\\\/person\\\/abdd56bc912cd511db877b852b115399\",\"name\":\"Blogin al\",\"image\":{\"@type\":\"ImageObject\",\"inLanguage\":\"en-US\",\"@id\":\"https:\\\/\\\/secure.gravatar.com\\\/avatar\\\/60d5661aee6e835fb13dc75d2204cd0c1d61bef2efd137c0083e59ef831e235e?s=96&d=mm&r=g\",\"url\":\"https:\\\/\\\/secure.gravatar.com\\\/avatar\\\/60d5661aee6e835fb13dc75d2204cd0c1d61bef2efd137c0083e59ef831e235e?s=96&d=mm&r=g\",\"contentUrl\":\"https:\\\/\\\/secure.gravatar.com\\\/avatar\\\/60d5661aee6e835fb13dc75d2204cd0c1d61bef2efd137c0083e59ef831e235e?s=96&d=mm&r=g\",\"caption\":\"Blogin al\"},\"sameAs\":[\"https:\\\/\\\/blogin.al\"],\"url\":\"https:\\\/\\\/blogin.al\\\/?author=2\"}]}<\/script>\n<!-- \/ Yoast SEO plugin. -->","yoast_head_json":{"title":"Dhunoi gruan n\u00eb sy t\u00eb f\u00ebmij\u00ebve, arrestohet moderatori shqiptar - blogin.al","robots":{"index":"index","follow":"follow","max-snippet":"max-snippet:-1","max-image-preview":"max-image-preview:large","max-video-preview":"max-video-preview:-1"},"canonical":"https:\/\/blogin.al\/?p=15102","og_locale":"en_US","og_type":"article","og_title":"Dhunoi gruan n\u00eb sy t\u00eb f\u00ebmij\u00ebve, arrestohet moderatori shqiptar - blogin.al","og_description":"Gazetari dhe moderatori Arben Ahmeti \u00ebsht\u00eb arrestuar dje nga Policia e Kosov\u00ebs n\u00eb or\u00ebt e mbr\u00ebmjes. Ahmeti \u00ebsht\u00eb arrestuar pasi ka dhunuar gruan n\u00eb prezenc\u00eb t\u00eb f\u00ebmij\u00ebve. Gazeta Express raporton se gazetar\u00eb e ka shtyr\u00eb gruan pasi kjo e fundit kishte k\u00ebrkuar t\u00eb q\u00ebndronte n\u00eb sht\u00ebpi p\u00ebr f\u00ebmij\u00ebt. \u201cM\u00eb dat\u00eb 25.09.2022, n\u00eb ora 18:15, \u00ebsht\u00eb [&hellip;]","og_url":"https:\/\/blogin.al\/?p=15102","og_site_name":"blogin.al","article_published_time":"2022-09-27T13:08:04+00:00","article_modified_time":"2022-09-27T13:08:05+00:00","og_image":[{"width":709,"height":375,"url":"https:\/\/blogin.al\/wp-content\/uploads\/2022\/09\/arben.webp","type":"image\/webp"}],"author":"Blogin al","twitter_card":"summary_large_image","twitter_misc":{"Written by":"Blogin al","Est. reading time":"1 minute"},"schema":{"@context":"https:\/\/schema.org","@graph":[{"@type":"Article","@id":"https:\/\/blogin.al\/?p=15102#article","isPartOf":{"@id":"https:\/\/blogin.al\/?p=15102"},"author":{"name":"Blogin al","@id":"https:\/\/blogin.al\/#\/schema\/person\/abdd56bc912cd511db877b852b115399"},"headline":"Dhunoi gruan n\u00eb sy t\u00eb f\u00ebmij\u00ebve, arrestohet moderatori shqiptar","datePublished":"2022-09-27T13:08:04+00:00","dateModified":"2022-09-27T13:08:05+00:00","mainEntityOfPage":{"@id":"https:\/\/blogin.al\/?p=15102"},"wordCount":259,"commentCount":0,"publisher":{"@id":"https:\/\/blogin.al\/#organization"},"image":{"@id":"https:\/\/blogin.al\/?p=15102#primaryimage"},"thumbnailUrl":"https:\/\/blogin.al\/wp-content\/uploads\/2022\/09\/arben.webp","articleSection":["SHOWBIZ"],"inLanguage":"en-US","potentialAction":[{"@type":"CommentAction","name":"Comment","target":["https:\/\/blogin.al\/?p=15102#respond"]}]},{"@type":"WebPage","@id":"https:\/\/blogin.al\/?p=15102","url":"https:\/\/blogin.al\/?p=15102","name":"Dhunoi gruan n\u00eb sy t\u00eb f\u00ebmij\u00ebve, arrestohet moderatori shqiptar - blogin.al","isPartOf":{"@id":"https:\/\/blogin.al\/#website"},"primaryImageOfPage":{"@id":"https:\/\/blogin.al\/?p=15102#primaryimage"},"image":{"@id":"https:\/\/blogin.al\/?p=15102#primaryimage"},"thumbnailUrl":"https:\/\/blogin.al\/wp-content\/uploads\/2022\/09\/arben.webp","datePublished":"2022-09-27T13:08:04+00:00","dateModified":"2022-09-27T13:08:05+00:00","breadcrumb":{"@id":"https:\/\/blogin.al\/?p=15102#breadcrumb"},"inLanguage":"en-US","potentialAction":[{"@type":"ReadAction","target":["https:\/\/blogin.al\/?p=15102"]}]},{"@type":"ImageObject","inLanguage":"en-US","@id":"https:\/\/blogin.al\/?p=15102#primaryimage","url":"https:\/\/blogin.al\/wp-content\/uploads\/2022\/09\/arben.webp","contentUrl":"https:\/\/blogin.al\/wp-content\/uploads\/2022\/09\/arben.webp","width":709,"height":375},{"@type":"BreadcrumbList","@id":"https:\/\/blogin.al\/?p=15102#breadcrumb","itemListElement":[{"@type":"ListItem","position":1,"name":"Home","item":"https:\/\/blogin.al\/"},{"@type":"ListItem","position":2,"name":"Dhunoi gruan n\u00eb sy t\u00eb f\u00ebmij\u00ebve, arrestohet moderatori shqiptar"}]},{"@type":"WebSite","@id":"https:\/\/blogin.al\/#website","url":"https:\/\/blogin.al\/","name":"blogin.al","description":"","publisher":{"@id":"https:\/\/blogin.al\/#organization"},"potentialAction":[{"@type":"SearchAction","target":{"@type":"EntryPoint","urlTemplate":"https:\/\/blogin.al\/?s={search_term_string}"},"query-input":{"@type":"PropertyValueSpecification","valueRequired":true,"valueName":"search_term_string"}}],"inLanguage":"en-US"},{"@type":"Organization","@id":"https:\/\/blogin.al\/#organization","name":"BLOGIN.al","url":"https:\/\/blogin.al\/","logo":{"@type":"ImageObject","inLanguage":"en-US","@id":"https:\/\/blogin.al\/#\/schema\/logo\/image\/","url":"https:\/\/blogin.al\/wp-content\/uploads\/2022\/05\/Untitled-2-01-e1652084456514.png","contentUrl":"https:\/\/blogin.al\/wp-content\/uploads\/2022\/05\/Untitled-2-01-e1652084456514.png","width":3723,"height":1698,"caption":"BLOGIN.al"},"image":{"@id":"https:\/\/blogin.al\/#\/schema\/logo\/image\/"},"sameAs":["https:\/\/instagram.com\/blogin.al\/"]},{"@type":"Person","@id":"https:\/\/blogin.al\/#\/schema\/person\/abdd56bc912cd511db877b852b115399","name":"Blogin al","image":{"@type":"ImageObject","inLanguage":"en-US","@id":"https:\/\/secure.gravatar.com\/avatar\/60d5661aee6e835fb13dc75d2204cd0c1d61bef2efd137c0083e59ef831e235e?s=96&d=mm&r=g","url":"https:\/\/secure.gravatar.com\/avatar\/60d5661aee6e835fb13dc75d2204cd0c1d61bef2efd137c0083e59ef831e235e?s=96&d=mm&r=g","contentUrl":"https:\/\/secure.gravatar.com\/avatar\/60d5661aee6e835fb13dc75d2204cd0c1d61bef2efd137c0083e59ef831e235e?s=96&d=mm&r=g","caption":"Blogin al"},"sameAs":["https:\/\/blogin.al"],"url":"https:\/\/blogin.al\/?author=2"}]}},"_links":{"self":[{"href":"https:\/\/blogin.al\/index.php?rest_route=\/wp\/v2\/posts\/15102","targetHints":{"allow":["GET"]}}],"collection":[{"href":"https:\/\/blogin.al\/index.php?rest_route=\/wp\/v2\/posts"}],"about":[{"href":"https:\/\/blogin.al\/index.php?rest_route=\/wp\/v2\/types\/post"}],"author":[{"embeddable":true,"href":"https:\/\/blogin.al\/index.php?rest_route=\/wp\/v2\/users\/2"}],"replies":[{"embeddable":true,"href":"https:\/\/blogin.al\/index.php?rest_route=%2Fwp%2Fv2%2Fcomments&post=15102"}],"version-history":[{"count":1,"href":"https:\/\/blogin.al\/index.php?rest_route=\/wp\/v2\/posts\/15102\/revisions"}],"predecessor-version":[{"id":15104,"href":"https:\/\/blogin.al\/index.php?rest_route=\/wp\/v2\/posts\/15102\/revisions\/15104"}],"wp:featuredmedia":[{"embeddable":true,"href":"https:\/\/blogin.al\/index.php?rest_route=\/wp\/v2\/media\/15103"}],"wp:attachment":[{"href":"https:\/\/blogin.al\/index.php?rest_route=%2Fwp%2Fv2%2Fmedia&parent=15102"}],"wp:term":[{"taxonomy":"category","embeddable":true,"href":"https:\/\/blogin.al\/index.php?rest_route=%2Fwp%2Fv2%2Fcategories&post=15102"},{"taxonomy":"post_tag","embeddable":true,"href":"https:\/\/blogin.al\/index.php?rest_route=%2Fwp%2Fv2%2Ftags&post=15102"}],"curies":[{"name":"wp","href":"https:\/\/api.w.org\/{rel}","templated":true}]}}