{"id":15171,"date":"2022-09-28T13:53:23","date_gmt":"2022-09-28T13:53:23","guid":{"rendered":"https:\/\/blogin.al\/?p=15171"},"modified":"2022-09-28T13:53:25","modified_gmt":"2022-09-28T13:53:25","slug":"plas-sherri-mes-arjan-konomit-dhe-neda-ballukut-u-bere-ti-te-manipulosh-fjalet-e-mia","status":"publish","type":"post","link":"https:\/\/blogin.al\/?p=15171","title":{"rendered":"Plas sherri mes Arjan Konomit dhe Neda Ballukut: U b\u00ebre ti t\u00eb manipulosh fjal\u00ebt e mia"},"content":{"rendered":"\n<p>Nj\u00eb debat i fort\u00eb mes dy opinionist\u00ebve t\u00eb &#8220;P\u00ebrputhen&#8221; ka ndodhur n\u00eb puntat\u00ebn e re t\u00eb emisionit. Shkak u b\u00eb nj\u00eb shprehje q\u00eb Arjani p\u00ebrdori ndaj Anxhel\u00ebs, e cila k\u00ebrkon q\u00eb Arbri t\u00eb mos shoh\u00eb vajzat e tjera. Arjani u shpreh se Anxhela mund t\u00eb ket\u00eb probleme emocionale, por Neda nd\u00ebrhyri duke th\u00ebn\u00eb se p\u00ebrdorja e nj\u00eb termi t\u00eb till\u00eb \u00ebsht\u00eb e gabuar.<\/p>\n\n\n\n<p>Arjani: Ose Anxhel\u00ebs i ka ikur p\u00eblqimi p\u00ebr Arbrin, ose ka probleme emocionale me veten. Ka luhatje q\u00eb i shkaktojn\u00eb ndryshime humori q\u00eb reflekton dhe k\u00ebtu n\u00eb studio. Ose ti di gj\u00ebra q\u00eb ne s\u2019i dim\u00eb, ose t\u00eb ka kaluar p\u00eblqimi p\u00ebr Arbrin ose ke probleme q\u00eb ndoshta ti s\u2019i kupton, por i kuptojm\u00eb ne.<\/p>\n\n\n\n<p>Neda: Po ndodh nj\u00eb anomali shum\u00eb e madhe n\u00eb k\u00ebt\u00eb studio dhe m\u00eb vjen shum\u00eb keq. Po i sulemi Anxhel\u00ebs me k\u00ebt\u00eb gj\u00ebn\u00eb tipike shqiptare q\u00eb kur nj\u00eb vajz\u00eb ka guximin del hapur dhe thot\u00eb \u2018un\u00eb k\u00ebshtu ndihem, s\u2019b\u00ebn sens p\u00ebr ju, por b\u00ebn sens p\u00ebr mua\u2019, do ta akuzojm\u00eb sikur ka destabilitet mendor. Kjo \u00ebsht\u00eb turp i madh.<\/p>\n\n\n\n<p>Arjani: Ti mos deformo shprehje se s\u2019tha njeri destabilitet mendor. Luhatje emocionale thash\u00eb. Mos manipulo fjal\u00ebt e mia t\u00eb lutem shum\u00eb tani. S\u2019u b\u00ebre ti t\u00eb manipulosh fjal\u00ebt sy nd\u00ebr sy k\u00ebtu n\u00eb mes t\u00eb emisionit. Kush tha destabilitet mendor?<\/p>\n\n\n\n<p>Neda: Ti the ka probleme me veten emocionale, \u00e7far\u00eb dometh\u00ebn\u00eb?<\/p>\n\n\n\n<p>Arjani: S\u2019kam d\u00ebshir\u00eb t\u00eb ta sqaroj as ty dhe as \u00ebsht\u00eb vendi p\u00ebr t\u00eb sqaruar k\u00ebto gj\u00ebra.<\/p>\n\n\n\n<p>Neda: Arjan nuk e di \u00e7a problemi ke k\u00ebto koh\u00eb<\/p>\n\n\n\n<p>Arjani: Po jo mi s\u2019kam gj\u00eb, po ti po m\u00eb akuzon<\/p>\n\n\n\n<p>Neda: Un\u00eb them mendimin tim<\/p>\n\n\n\n<p>Arjani: Po ti do t\u00eb b\u00ebsh opinionisten e opinionistit? P\u00ebr \u00e7a je k\u00ebtu ti?<\/p>\n\n\n\n<p>Neda: Ky \u00ebsht\u00eb problemi jot Arjan? V\u00ebrtet k\u00ebt\u00eb hall ke?<\/p>\n\n\n\n<p>Arjani: Thua mendimin t\u00ebnd n\u00eb kund\u00ebrshtim dhe komplet t\u00eb mos jet\u00eb dakort t\u00eb jet\u00eb me mua\u2026<\/p>\n\n\n\n<p>Neda: Un\u00eb s\u2019kam shkruar kontrat\u00eb t\u2019i mendoj gj\u00ebrat si ty<\/p>\n\n\n\n<p>Arjani: Po ti mos jep opinione mbi at\u00eb q\u00eb po them un\u00eb<\/p>\n\n\n\n<p>Arjani: Sepse s\u2019t\u00eb takon dhe s\u2019ta lejoj! Dhe mos deformo fjal\u00ebt q\u00eb them un\u00eb.<\/p>\n\n\n\n<p>Neda i drejtohet Anxhel\u00ebs: T\u00eb kesh probleme me veten emocionale \u00ebsht\u00eb nj\u00eb gj\u00eb q\u00eb nuk mund t\u2019ja thuash dikujt. N\u00ebse p\u00ebr ty b\u00ebn sens ajo q\u00eb ndjen, pun\u00eb e madhe n\u00ebse nuk e kuptojn\u00eb t\u00eb tjer\u00ebt. Prandaj b\u00ebhet ky emision p\u00ebr t\u00eb zhvilluar t\u00eb gjith\u00eb detajet.<\/p>\n\n\n\n<p>Nd\u00ebrhyn Arjani: Filloi kjo nga teorit\u00eb, po prit mi se kemi 4 vjet k\u00ebtu q\u00eb po b\u00ebjm\u00eb emision. Po na tregon ti!<\/p>\n","protected":false},"excerpt":{"rendered":"<p>Nj\u00eb debat i fort\u00eb mes dy opinionist\u00ebve t\u00eb &#8220;P\u00ebrputhen&#8221; ka ndodhur n\u00eb puntat\u00ebn e re t\u00eb emisionit. Shkak u b\u00eb nj\u00eb shprehje q\u00eb Arjani p\u00ebrdori ndaj Anxhel\u00ebs, e cila k\u00ebrkon q\u00eb Arbri t\u00eb mos shoh\u00eb vajzat e tjera. Arjani u shpreh se Anxhela mund t\u00eb ket\u00eb probleme emocionale, por Neda nd\u00ebrhyri duke th\u00ebn\u00eb se p\u00ebrdorja [&hellip;]<\/p>\n","protected":false},"author":2,"featured_media":15172,"comment_status":"open","ping_status":"open","sticky":false,"template":"","format":"standard","meta":{"footnotes":""},"categories":[33],"tags":[],"class_list":{"0":"post-15171","1":"post","2":"type-post","3":"status-publish","4":"format-standard","5":"has-post-thumbnail","7":"category-showbiz"},"yoast_head":"<!-- This site is optimized with the Yoast SEO plugin v27.5 - https:\/\/yoast.com\/product\/yoast-seo-wordpress\/ -->\n<title>Plas sherri mes Arjan Konomit dhe Neda Ballukut: U b\u00ebre ti t\u00eb manipulosh fjal\u00ebt e mia - blogin.al<\/title>\n<meta name=\"robots\" content=\"index, follow, max-snippet:-1, max-image-preview:large, max-video-preview:-1\" \/>\n<link rel=\"canonical\" href=\"https:\/\/blogin.al\/?p=15171\" \/>\n<meta property=\"og:locale\" content=\"en_US\" \/>\n<meta property=\"og:type\" content=\"article\" \/>\n<meta property=\"og:title\" content=\"Plas sherri mes Arjan Konomit dhe Neda Ballukut: U b\u00ebre ti t\u00eb manipulosh fjal\u00ebt e mia - blogin.al\" \/>\n<meta property=\"og:description\" content=\"Nj\u00eb debat i fort\u00eb mes dy opinionist\u00ebve t\u00eb &#8220;P\u00ebrputhen&#8221; ka ndodhur n\u00eb puntat\u00ebn e re t\u00eb emisionit. Shkak u b\u00eb nj\u00eb shprehje q\u00eb Arjani p\u00ebrdori ndaj Anxhel\u00ebs, e cila k\u00ebrkon q\u00eb Arbri t\u00eb mos shoh\u00eb vajzat e tjera. Arjani u shpreh se Anxhela mund t\u00eb ket\u00eb probleme emocionale, por Neda nd\u00ebrhyri duke th\u00ebn\u00eb se p\u00ebrdorja [&hellip;]\" \/>\n<meta property=\"og:url\" content=\"https:\/\/blogin.al\/?p=15171\" \/>\n<meta property=\"og:site_name\" content=\"blogin.al\" \/>\n<meta property=\"article:published_time\" content=\"2022-09-28T13:53:23+00:00\" \/>\n<meta property=\"article:modified_time\" content=\"2022-09-28T13:53:25+00:00\" \/>\n<meta property=\"og:image\" content=\"https:\/\/blogin.al\/wp-content\/uploads\/2022\/09\/arjan-neda-1.jpg\" \/>\n\t<meta property=\"og:image:width\" content=\"800\" \/>\n\t<meta property=\"og:image:height\" content=\"420\" \/>\n\t<meta property=\"og:image:type\" content=\"image\/jpeg\" \/>\n<meta name=\"author\" content=\"Blogin al\" \/>\n<meta name=\"twitter:card\" content=\"summary_large_image\" \/>\n<meta name=\"twitter:label1\" content=\"Written by\" \/>\n\t<meta name=\"twitter:data1\" content=\"Blogin al\" \/>\n\t<meta name=\"twitter:label2\" content=\"Est. reading time\" \/>\n\t<meta name=\"twitter:data2\" content=\"2 minutes\" \/>\n<script type=\"application\/ld+json\" class=\"yoast-schema-graph\">{\"@context\":\"https:\\\/\\\/schema.org\",\"@graph\":[{\"@type\":\"Article\",\"@id\":\"https:\\\/\\\/blogin.al\\\/?p=15171#article\",\"isPartOf\":{\"@id\":\"https:\\\/\\\/blogin.al\\\/?p=15171\"},\"author\":{\"name\":\"Blogin al\",\"@id\":\"https:\\\/\\\/blogin.al\\\/#\\\/schema\\\/person\\\/abdd56bc912cd511db877b852b115399\"},\"headline\":\"Plas sherri mes Arjan Konomit dhe Neda Ballukut: U b\u00ebre ti t\u00eb manipulosh fjal\u00ebt e mia\",\"datePublished\":\"2022-09-28T13:53:23+00:00\",\"dateModified\":\"2022-09-28T13:53:25+00:00\",\"mainEntityOfPage\":{\"@id\":\"https:\\\/\\\/blogin.al\\\/?p=15171\"},\"wordCount\":499,\"commentCount\":0,\"publisher\":{\"@id\":\"https:\\\/\\\/blogin.al\\\/#organization\"},\"image\":{\"@id\":\"https:\\\/\\\/blogin.al\\\/?p=15171#primaryimage\"},\"thumbnailUrl\":\"https:\\\/\\\/blogin.al\\\/wp-content\\\/uploads\\\/2022\\\/09\\\/arjan-neda-1.jpg\",\"articleSection\":[\"SHOWBIZ\"],\"inLanguage\":\"en-US\",\"potentialAction\":[{\"@type\":\"CommentAction\",\"name\":\"Comment\",\"target\":[\"https:\\\/\\\/blogin.al\\\/?p=15171#respond\"]}]},{\"@type\":\"WebPage\",\"@id\":\"https:\\\/\\\/blogin.al\\\/?p=15171\",\"url\":\"https:\\\/\\\/blogin.al\\\/?p=15171\",\"name\":\"Plas sherri mes Arjan Konomit dhe Neda Ballukut: U b\u00ebre ti t\u00eb manipulosh fjal\u00ebt e mia - blogin.al\",\"isPartOf\":{\"@id\":\"https:\\\/\\\/blogin.al\\\/#website\"},\"primaryImageOfPage\":{\"@id\":\"https:\\\/\\\/blogin.al\\\/?p=15171#primaryimage\"},\"image\":{\"@id\":\"https:\\\/\\\/blogin.al\\\/?p=15171#primaryimage\"},\"thumbnailUrl\":\"https:\\\/\\\/blogin.al\\\/wp-content\\\/uploads\\\/2022\\\/09\\\/arjan-neda-1.jpg\",\"datePublished\":\"2022-09-28T13:53:23+00:00\",\"dateModified\":\"2022-09-28T13:53:25+00:00\",\"breadcrumb\":{\"@id\":\"https:\\\/\\\/blogin.al\\\/?p=15171#breadcrumb\"},\"inLanguage\":\"en-US\",\"potentialAction\":[{\"@type\":\"ReadAction\",\"target\":[\"https:\\\/\\\/blogin.al\\\/?p=15171\"]}]},{\"@type\":\"ImageObject\",\"inLanguage\":\"en-US\",\"@id\":\"https:\\\/\\\/blogin.al\\\/?p=15171#primaryimage\",\"url\":\"https:\\\/\\\/blogin.al\\\/wp-content\\\/uploads\\\/2022\\\/09\\\/arjan-neda-1.jpg\",\"contentUrl\":\"https:\\\/\\\/blogin.al\\\/wp-content\\\/uploads\\\/2022\\\/09\\\/arjan-neda-1.jpg\",\"width\":800,\"height\":420},{\"@type\":\"BreadcrumbList\",\"@id\":\"https:\\\/\\\/blogin.al\\\/?p=15171#breadcrumb\",\"itemListElement\":[{\"@type\":\"ListItem\",\"position\":1,\"name\":\"Home\",\"item\":\"https:\\\/\\\/blogin.al\\\/\"},{\"@type\":\"ListItem\",\"position\":2,\"name\":\"Plas sherri mes Arjan Konomit dhe Neda Ballukut: U b\u00ebre ti t\u00eb manipulosh fjal\u00ebt e mia\"}]},{\"@type\":\"WebSite\",\"@id\":\"https:\\\/\\\/blogin.al\\\/#website\",\"url\":\"https:\\\/\\\/blogin.al\\\/\",\"name\":\"blogin.al\",\"description\":\"\",\"publisher\":{\"@id\":\"https:\\\/\\\/blogin.al\\\/#organization\"},\"potentialAction\":[{\"@type\":\"SearchAction\",\"target\":{\"@type\":\"EntryPoint\",\"urlTemplate\":\"https:\\\/\\\/blogin.al\\\/?s={search_term_string}\"},\"query-input\":{\"@type\":\"PropertyValueSpecification\",\"valueRequired\":true,\"valueName\":\"search_term_string\"}}],\"inLanguage\":\"en-US\"},{\"@type\":\"Organization\",\"@id\":\"https:\\\/\\\/blogin.al\\\/#organization\",\"name\":\"BLOGIN.al\",\"url\":\"https:\\\/\\\/blogin.al\\\/\",\"logo\":{\"@type\":\"ImageObject\",\"inLanguage\":\"en-US\",\"@id\":\"https:\\\/\\\/blogin.al\\\/#\\\/schema\\\/logo\\\/image\\\/\",\"url\":\"https:\\\/\\\/blogin.al\\\/wp-content\\\/uploads\\\/2022\\\/05\\\/Untitled-2-01-e1652084456514.png\",\"contentUrl\":\"https:\\\/\\\/blogin.al\\\/wp-content\\\/uploads\\\/2022\\\/05\\\/Untitled-2-01-e1652084456514.png\",\"width\":3723,\"height\":1698,\"caption\":\"BLOGIN.al\"},\"image\":{\"@id\":\"https:\\\/\\\/blogin.al\\\/#\\\/schema\\\/logo\\\/image\\\/\"},\"sameAs\":[\"https:\\\/\\\/instagram.com\\\/blogin.al\\\/\"]},{\"@type\":\"Person\",\"@id\":\"https:\\\/\\\/blogin.al\\\/#\\\/schema\\\/person\\\/abdd56bc912cd511db877b852b115399\",\"name\":\"Blogin al\",\"image\":{\"@type\":\"ImageObject\",\"inLanguage\":\"en-US\",\"@id\":\"https:\\\/\\\/secure.gravatar.com\\\/avatar\\\/60d5661aee6e835fb13dc75d2204cd0c1d61bef2efd137c0083e59ef831e235e?s=96&d=mm&r=g\",\"url\":\"https:\\\/\\\/secure.gravatar.com\\\/avatar\\\/60d5661aee6e835fb13dc75d2204cd0c1d61bef2efd137c0083e59ef831e235e?s=96&d=mm&r=g\",\"contentUrl\":\"https:\\\/\\\/secure.gravatar.com\\\/avatar\\\/60d5661aee6e835fb13dc75d2204cd0c1d61bef2efd137c0083e59ef831e235e?s=96&d=mm&r=g\",\"caption\":\"Blogin al\"},\"sameAs\":[\"https:\\\/\\\/blogin.al\"],\"url\":\"https:\\\/\\\/blogin.al\\\/?author=2\"}]}<\/script>\n<!-- \/ Yoast SEO plugin. -->","yoast_head_json":{"title":"Plas sherri mes Arjan Konomit dhe Neda Ballukut: U b\u00ebre ti t\u00eb manipulosh fjal\u00ebt e mia - blogin.al","robots":{"index":"index","follow":"follow","max-snippet":"max-snippet:-1","max-image-preview":"max-image-preview:large","max-video-preview":"max-video-preview:-1"},"canonical":"https:\/\/blogin.al\/?p=15171","og_locale":"en_US","og_type":"article","og_title":"Plas sherri mes Arjan Konomit dhe Neda Ballukut: U b\u00ebre ti t\u00eb manipulosh fjal\u00ebt e mia - blogin.al","og_description":"Nj\u00eb debat i fort\u00eb mes dy opinionist\u00ebve t\u00eb &#8220;P\u00ebrputhen&#8221; ka ndodhur n\u00eb puntat\u00ebn e re t\u00eb emisionit. Shkak u b\u00eb nj\u00eb shprehje q\u00eb Arjani p\u00ebrdori ndaj Anxhel\u00ebs, e cila k\u00ebrkon q\u00eb Arbri t\u00eb mos shoh\u00eb vajzat e tjera. Arjani u shpreh se Anxhela mund t\u00eb ket\u00eb probleme emocionale, por Neda nd\u00ebrhyri duke th\u00ebn\u00eb se p\u00ebrdorja [&hellip;]","og_url":"https:\/\/blogin.al\/?p=15171","og_site_name":"blogin.al","article_published_time":"2022-09-28T13:53:23+00:00","article_modified_time":"2022-09-28T13:53:25+00:00","og_image":[{"width":800,"height":420,"url":"https:\/\/blogin.al\/wp-content\/uploads\/2022\/09\/arjan-neda-1.jpg","type":"image\/jpeg"}],"author":"Blogin al","twitter_card":"summary_large_image","twitter_misc":{"Written by":"Blogin al","Est. reading time":"2 minutes"},"schema":{"@context":"https:\/\/schema.org","@graph":[{"@type":"Article","@id":"https:\/\/blogin.al\/?p=15171#article","isPartOf":{"@id":"https:\/\/blogin.al\/?p=15171"},"author":{"name":"Blogin al","@id":"https:\/\/blogin.al\/#\/schema\/person\/abdd56bc912cd511db877b852b115399"},"headline":"Plas sherri mes Arjan Konomit dhe Neda Ballukut: U b\u00ebre ti t\u00eb manipulosh fjal\u00ebt e mia","datePublished":"2022-09-28T13:53:23+00:00","dateModified":"2022-09-28T13:53:25+00:00","mainEntityOfPage":{"@id":"https:\/\/blogin.al\/?p=15171"},"wordCount":499,"commentCount":0,"publisher":{"@id":"https:\/\/blogin.al\/#organization"},"image":{"@id":"https:\/\/blogin.al\/?p=15171#primaryimage"},"thumbnailUrl":"https:\/\/blogin.al\/wp-content\/uploads\/2022\/09\/arjan-neda-1.jpg","articleSection":["SHOWBIZ"],"inLanguage":"en-US","potentialAction":[{"@type":"CommentAction","name":"Comment","target":["https:\/\/blogin.al\/?p=15171#respond"]}]},{"@type":"WebPage","@id":"https:\/\/blogin.al\/?p=15171","url":"https:\/\/blogin.al\/?p=15171","name":"Plas sherri mes Arjan Konomit dhe Neda Ballukut: U b\u00ebre ti t\u00eb manipulosh fjal\u00ebt e mia - blogin.al","isPartOf":{"@id":"https:\/\/blogin.al\/#website"},"primaryImageOfPage":{"@id":"https:\/\/blogin.al\/?p=15171#primaryimage"},"image":{"@id":"https:\/\/blogin.al\/?p=15171#primaryimage"},"thumbnailUrl":"https:\/\/blogin.al\/wp-content\/uploads\/2022\/09\/arjan-neda-1.jpg","datePublished":"2022-09-28T13:53:23+00:00","dateModified":"2022-09-28T13:53:25+00:00","breadcrumb":{"@id":"https:\/\/blogin.al\/?p=15171#breadcrumb"},"inLanguage":"en-US","potentialAction":[{"@type":"ReadAction","target":["https:\/\/blogin.al\/?p=15171"]}]},{"@type":"ImageObject","inLanguage":"en-US","@id":"https:\/\/blogin.al\/?p=15171#primaryimage","url":"https:\/\/blogin.al\/wp-content\/uploads\/2022\/09\/arjan-neda-1.jpg","contentUrl":"https:\/\/blogin.al\/wp-content\/uploads\/2022\/09\/arjan-neda-1.jpg","width":800,"height":420},{"@type":"BreadcrumbList","@id":"https:\/\/blogin.al\/?p=15171#breadcrumb","itemListElement":[{"@type":"ListItem","position":1,"name":"Home","item":"https:\/\/blogin.al\/"},{"@type":"ListItem","position":2,"name":"Plas sherri mes Arjan Konomit dhe Neda Ballukut: U b\u00ebre ti t\u00eb manipulosh fjal\u00ebt e mia"}]},{"@type":"WebSite","@id":"https:\/\/blogin.al\/#website","url":"https:\/\/blogin.al\/","name":"blogin.al","description":"","publisher":{"@id":"https:\/\/blogin.al\/#organization"},"potentialAction":[{"@type":"SearchAction","target":{"@type":"EntryPoint","urlTemplate":"https:\/\/blogin.al\/?s={search_term_string}"},"query-input":{"@type":"PropertyValueSpecification","valueRequired":true,"valueName":"search_term_string"}}],"inLanguage":"en-US"},{"@type":"Organization","@id":"https:\/\/blogin.al\/#organization","name":"BLOGIN.al","url":"https:\/\/blogin.al\/","logo":{"@type":"ImageObject","inLanguage":"en-US","@id":"https:\/\/blogin.al\/#\/schema\/logo\/image\/","url":"https:\/\/blogin.al\/wp-content\/uploads\/2022\/05\/Untitled-2-01-e1652084456514.png","contentUrl":"https:\/\/blogin.al\/wp-content\/uploads\/2022\/05\/Untitled-2-01-e1652084456514.png","width":3723,"height":1698,"caption":"BLOGIN.al"},"image":{"@id":"https:\/\/blogin.al\/#\/schema\/logo\/image\/"},"sameAs":["https:\/\/instagram.com\/blogin.al\/"]},{"@type":"Person","@id":"https:\/\/blogin.al\/#\/schema\/person\/abdd56bc912cd511db877b852b115399","name":"Blogin al","image":{"@type":"ImageObject","inLanguage":"en-US","@id":"https:\/\/secure.gravatar.com\/avatar\/60d5661aee6e835fb13dc75d2204cd0c1d61bef2efd137c0083e59ef831e235e?s=96&d=mm&r=g","url":"https:\/\/secure.gravatar.com\/avatar\/60d5661aee6e835fb13dc75d2204cd0c1d61bef2efd137c0083e59ef831e235e?s=96&d=mm&r=g","contentUrl":"https:\/\/secure.gravatar.com\/avatar\/60d5661aee6e835fb13dc75d2204cd0c1d61bef2efd137c0083e59ef831e235e?s=96&d=mm&r=g","caption":"Blogin al"},"sameAs":["https:\/\/blogin.al"],"url":"https:\/\/blogin.al\/?author=2"}]}},"_links":{"self":[{"href":"https:\/\/blogin.al\/index.php?rest_route=\/wp\/v2\/posts\/15171","targetHints":{"allow":["GET"]}}],"collection":[{"href":"https:\/\/blogin.al\/index.php?rest_route=\/wp\/v2\/posts"}],"about":[{"href":"https:\/\/blogin.al\/index.php?rest_route=\/wp\/v2\/types\/post"}],"author":[{"embeddable":true,"href":"https:\/\/blogin.al\/index.php?rest_route=\/wp\/v2\/users\/2"}],"replies":[{"embeddable":true,"href":"https:\/\/blogin.al\/index.php?rest_route=%2Fwp%2Fv2%2Fcomments&post=15171"}],"version-history":[{"count":1,"href":"https:\/\/blogin.al\/index.php?rest_route=\/wp\/v2\/posts\/15171\/revisions"}],"predecessor-version":[{"id":15173,"href":"https:\/\/blogin.al\/index.php?rest_route=\/wp\/v2\/posts\/15171\/revisions\/15173"}],"wp:featuredmedia":[{"embeddable":true,"href":"https:\/\/blogin.al\/index.php?rest_route=\/wp\/v2\/media\/15172"}],"wp:attachment":[{"href":"https:\/\/blogin.al\/index.php?rest_route=%2Fwp%2Fv2%2Fmedia&parent=15171"}],"wp:term":[{"taxonomy":"category","embeddable":true,"href":"https:\/\/blogin.al\/index.php?rest_route=%2Fwp%2Fv2%2Fcategories&post=15171"},{"taxonomy":"post_tag","embeddable":true,"href":"https:\/\/blogin.al\/index.php?rest_route=%2Fwp%2Fv2%2Ftags&post=15171"}],"curies":[{"name":"wp","href":"https:\/\/api.w.org\/{rel}","templated":true}]}}