{"id":15192,"date":"2022-09-28T15:51:25","date_gmt":"2022-09-28T15:51:25","guid":{"rendered":"https:\/\/blogin.al\/?p=15192"},"modified":"2022-09-28T15:52:47","modified_gmt":"2022-09-28T15:52:47","slug":"e-dua-se-eshte-bandit-i-gjithe-rrjeti-po-zien-pas-deklarates-se-era-istrefit-per-reperin-e-njohur-shqiptar","status":"publish","type":"post","link":"https:\/\/blogin.al\/?p=15192","title":{"rendered":"&#8220;E dua se \u00ebsht\u00eb bandit&#8221;, i gjith\u00eb rrjeti po &#8220;zien&#8221; pas deklarat\u00ebs s\u00eb Era Istrefit p\u00ebr reperin e njohur shqiptar"},"content":{"rendered":"\n<p>K\u00ebng\u00ebtarja Era Istrefi \u00ebsht\u00eb p\u00ebrfolur gjithmon\u00eb n\u00eb mediat roz\u00eb p\u00ebr jet\u00ebn e saj private.<\/p>\n\n\n\n<p>Pak koh\u00eb m\u00eb par\u00eb e ftuar n\u00eb emisionin \u201cM\u00eb l\u00ebr t\u00eb flas\u201d, Era rr\u00ebfeu se \u00ebsht\u00eb beqare dhe p\u00ebr momentin nuk \u00ebsht\u00eb e dashuruar.<\/p>\n\n\n\n<p>Nd\u00ebrsa s\u00eb fundi ka b\u00ebr\u00eb l\u00ebmsh rrjetin me nj\u00eb deklarat\u00eb p\u00ebr reperin, Don Xhoni.<\/p>\n\n\n\n<p>Teksa ka publikuar nj\u00eb foto krahas reperit, k\u00ebng\u00ebtarja shkruan: E dua se \u00ebsht\u00eb bandit.<\/p>\n\n\n\n<p>Kaq ka mjaftuar q\u00eb kjo fjali e Er\u00ebs, t\u00eb b\u00ebj\u00eb xhiron n\u00eb mediat roz\u00eb.<\/p>\n\n\n\n<figure class=\"wp-block-image size-large is-style-default\"><img fetchpriority=\"high\" decoding=\"async\" width=\"571\" height=\"1024\" src=\"https:\/\/blogin.al\/wp-content\/uploads\/2022\/09\/era-571x1024.jpg\" alt=\"\" class=\"wp-image-15193\" srcset=\"https:\/\/blogin.al\/wp-content\/uploads\/2022\/09\/era-571x1024.jpg 571w, https:\/\/blogin.al\/wp-content\/uploads\/2022\/09\/era-167x300.jpg 167w, https:\/\/blogin.al\/wp-content\/uploads\/2022\/09\/era-150x269.jpg 150w, https:\/\/blogin.al\/wp-content\/uploads\/2022\/09\/era-300x538.jpg 300w, https:\/\/blogin.al\/wp-content\/uploads\/2022\/09\/era.jpg 640w\" sizes=\"(max-width: 571px) 100vw, 571px\" \/><\/figure>\n\n\n\n<p>T\u00eb jet\u00eb pjes\u00eb e k\u00ebng\u00ebs s\u00eb tyre kjo fraz\u00eb? Gjithsesi duhet ta pranojm\u00eb q\u00eb fizikisht dyshja shkojn\u00eb shum\u00eb me nj\u00ebri-tjetrin.<\/p>\n\n\n\n<p>Bashk\u00ebpunimin e par\u00eb Era Istrefi dhe Xhonatan Isufi (Don Xhoni) do ta publikojn\u00eb m\u00eb 29 shtator.<\/p>\n","protected":false},"excerpt":{"rendered":"<p>K\u00ebng\u00ebtarja Era Istrefi \u00ebsht\u00eb p\u00ebrfolur gjithmon\u00eb n\u00eb mediat roz\u00eb p\u00ebr jet\u00ebn e saj private. Pak koh\u00eb m\u00eb par\u00eb e ftuar n\u00eb emisionin \u201cM\u00eb l\u00ebr t\u00eb flas\u201d, Era rr\u00ebfeu se \u00ebsht\u00eb beqare dhe p\u00ebr momentin nuk \u00ebsht\u00eb e dashuruar. Nd\u00ebrsa s\u00eb fundi ka b\u00ebr\u00eb l\u00ebmsh rrjetin me nj\u00eb deklarat\u00eb p\u00ebr reperin, Don Xhoni. Teksa ka publikuar [&hellip;]<\/p>\n","protected":false},"author":2,"featured_media":15195,"comment_status":"open","ping_status":"open","sticky":false,"template":"","format":"standard","meta":{"footnotes":""},"categories":[33],"tags":[],"class_list":{"0":"post-15192","1":"post","2":"type-post","3":"status-publish","4":"format-standard","5":"has-post-thumbnail","7":"category-showbiz"},"yoast_head":"<!-- This site is optimized with the Yoast SEO plugin v27.5 - https:\/\/yoast.com\/product\/yoast-seo-wordpress\/ -->\n<title>&quot;E dua se \u00ebsht\u00eb bandit&quot;, i gjith\u00eb rrjeti po &quot;zien&quot; pas deklarat\u00ebs s\u00eb Era Istrefit p\u00ebr reperin e njohur shqiptar - blogin.al<\/title>\n<meta name=\"robots\" content=\"index, follow, max-snippet:-1, max-image-preview:large, max-video-preview:-1\" \/>\n<link rel=\"canonical\" href=\"https:\/\/blogin.al\/?p=15192\" \/>\n<meta property=\"og:locale\" content=\"en_US\" \/>\n<meta property=\"og:type\" content=\"article\" \/>\n<meta property=\"og:title\" content=\"&quot;E dua se \u00ebsht\u00eb bandit&quot;, i gjith\u00eb rrjeti po &quot;zien&quot; pas deklarat\u00ebs s\u00eb Era Istrefit p\u00ebr reperin e njohur shqiptar - blogin.al\" \/>\n<meta property=\"og:description\" content=\"K\u00ebng\u00ebtarja Era Istrefi \u00ebsht\u00eb p\u00ebrfolur gjithmon\u00eb n\u00eb mediat roz\u00eb p\u00ebr jet\u00ebn e saj private. Pak koh\u00eb m\u00eb par\u00eb e ftuar n\u00eb emisionin \u201cM\u00eb l\u00ebr t\u00eb flas\u201d, Era rr\u00ebfeu se \u00ebsht\u00eb beqare dhe p\u00ebr momentin nuk \u00ebsht\u00eb e dashuruar. Nd\u00ebrsa s\u00eb fundi ka b\u00ebr\u00eb l\u00ebmsh rrjetin me nj\u00eb deklarat\u00eb p\u00ebr reperin, Don Xhoni. Teksa ka publikuar [&hellip;]\" \/>\n<meta property=\"og:url\" content=\"https:\/\/blogin.al\/?p=15192\" \/>\n<meta property=\"og:site_name\" content=\"blogin.al\" \/>\n<meta property=\"article:published_time\" content=\"2022-09-28T15:51:25+00:00\" \/>\n<meta property=\"article:modified_time\" content=\"2022-09-28T15:52:47+00:00\" \/>\n<meta property=\"og:image\" content=\"https:\/\/blogin.al\/wp-content\/uploads\/2022\/09\/20220928_175150.jpg\" \/>\n\t<meta property=\"og:image:width\" content=\"1440\" \/>\n\t<meta property=\"og:image:height\" content=\"1625\" \/>\n\t<meta property=\"og:image:type\" content=\"image\/jpeg\" \/>\n<meta name=\"author\" content=\"Blogin al\" \/>\n<meta name=\"twitter:card\" content=\"summary_large_image\" \/>\n<meta name=\"twitter:label1\" content=\"Written by\" \/>\n\t<meta name=\"twitter:data1\" content=\"Blogin al\" \/>\n\t<meta name=\"twitter:label2\" content=\"Est. reading time\" \/>\n\t<meta name=\"twitter:data2\" content=\"1 minute\" \/>\n<script type=\"application\/ld+json\" class=\"yoast-schema-graph\">{\"@context\":\"https:\\\/\\\/schema.org\",\"@graph\":[{\"@type\":\"Article\",\"@id\":\"https:\\\/\\\/blogin.al\\\/?p=15192#article\",\"isPartOf\":{\"@id\":\"https:\\\/\\\/blogin.al\\\/?p=15192\"},\"author\":{\"name\":\"Blogin al\",\"@id\":\"https:\\\/\\\/blogin.al\\\/#\\\/schema\\\/person\\\/abdd56bc912cd511db877b852b115399\"},\"headline\":\"&#8220;E dua se \u00ebsht\u00eb bandit&#8221;, i gjith\u00eb rrjeti po &#8220;zien&#8221; pas deklarat\u00ebs s\u00eb Era Istrefit p\u00ebr reperin e njohur shqiptar\",\"datePublished\":\"2022-09-28T15:51:25+00:00\",\"dateModified\":\"2022-09-28T15:52:47+00:00\",\"mainEntityOfPage\":{\"@id\":\"https:\\\/\\\/blogin.al\\\/?p=15192\"},\"wordCount\":157,\"commentCount\":0,\"publisher\":{\"@id\":\"https:\\\/\\\/blogin.al\\\/#organization\"},\"image\":{\"@id\":\"https:\\\/\\\/blogin.al\\\/?p=15192#primaryimage\"},\"thumbnailUrl\":\"https:\\\/\\\/blogin.al\\\/wp-content\\\/uploads\\\/2022\\\/09\\\/20220928_175150.jpg\",\"articleSection\":[\"SHOWBIZ\"],\"inLanguage\":\"en-US\",\"potentialAction\":[{\"@type\":\"CommentAction\",\"name\":\"Comment\",\"target\":[\"https:\\\/\\\/blogin.al\\\/?p=15192#respond\"]}]},{\"@type\":\"WebPage\",\"@id\":\"https:\\\/\\\/blogin.al\\\/?p=15192\",\"url\":\"https:\\\/\\\/blogin.al\\\/?p=15192\",\"name\":\"\\\"E dua se \u00ebsht\u00eb bandit\\\", i gjith\u00eb rrjeti po \\\"zien\\\" pas deklarat\u00ebs s\u00eb Era Istrefit p\u00ebr reperin e njohur shqiptar - blogin.al\",\"isPartOf\":{\"@id\":\"https:\\\/\\\/blogin.al\\\/#website\"},\"primaryImageOfPage\":{\"@id\":\"https:\\\/\\\/blogin.al\\\/?p=15192#primaryimage\"},\"image\":{\"@id\":\"https:\\\/\\\/blogin.al\\\/?p=15192#primaryimage\"},\"thumbnailUrl\":\"https:\\\/\\\/blogin.al\\\/wp-content\\\/uploads\\\/2022\\\/09\\\/20220928_175150.jpg\",\"datePublished\":\"2022-09-28T15:51:25+00:00\",\"dateModified\":\"2022-09-28T15:52:47+00:00\",\"breadcrumb\":{\"@id\":\"https:\\\/\\\/blogin.al\\\/?p=15192#breadcrumb\"},\"inLanguage\":\"en-US\",\"potentialAction\":[{\"@type\":\"ReadAction\",\"target\":[\"https:\\\/\\\/blogin.al\\\/?p=15192\"]}]},{\"@type\":\"ImageObject\",\"inLanguage\":\"en-US\",\"@id\":\"https:\\\/\\\/blogin.al\\\/?p=15192#primaryimage\",\"url\":\"https:\\\/\\\/blogin.al\\\/wp-content\\\/uploads\\\/2022\\\/09\\\/20220928_175150.jpg\",\"contentUrl\":\"https:\\\/\\\/blogin.al\\\/wp-content\\\/uploads\\\/2022\\\/09\\\/20220928_175150.jpg\",\"width\":1440,\"height\":1625},{\"@type\":\"BreadcrumbList\",\"@id\":\"https:\\\/\\\/blogin.al\\\/?p=15192#breadcrumb\",\"itemListElement\":[{\"@type\":\"ListItem\",\"position\":1,\"name\":\"Home\",\"item\":\"https:\\\/\\\/blogin.al\\\/\"},{\"@type\":\"ListItem\",\"position\":2,\"name\":\"&#8220;E dua se \u00ebsht\u00eb bandit&#8221;, i gjith\u00eb rrjeti po &#8220;zien&#8221; pas deklarat\u00ebs s\u00eb Era Istrefit p\u00ebr reperin e njohur shqiptar\"}]},{\"@type\":\"WebSite\",\"@id\":\"https:\\\/\\\/blogin.al\\\/#website\",\"url\":\"https:\\\/\\\/blogin.al\\\/\",\"name\":\"blogin.al\",\"description\":\"\",\"publisher\":{\"@id\":\"https:\\\/\\\/blogin.al\\\/#organization\"},\"potentialAction\":[{\"@type\":\"SearchAction\",\"target\":{\"@type\":\"EntryPoint\",\"urlTemplate\":\"https:\\\/\\\/blogin.al\\\/?s={search_term_string}\"},\"query-input\":{\"@type\":\"PropertyValueSpecification\",\"valueRequired\":true,\"valueName\":\"search_term_string\"}}],\"inLanguage\":\"en-US\"},{\"@type\":\"Organization\",\"@id\":\"https:\\\/\\\/blogin.al\\\/#organization\",\"name\":\"BLOGIN.al\",\"url\":\"https:\\\/\\\/blogin.al\\\/\",\"logo\":{\"@type\":\"ImageObject\",\"inLanguage\":\"en-US\",\"@id\":\"https:\\\/\\\/blogin.al\\\/#\\\/schema\\\/logo\\\/image\\\/\",\"url\":\"https:\\\/\\\/blogin.al\\\/wp-content\\\/uploads\\\/2022\\\/05\\\/Untitled-2-01-e1652084456514.png\",\"contentUrl\":\"https:\\\/\\\/blogin.al\\\/wp-content\\\/uploads\\\/2022\\\/05\\\/Untitled-2-01-e1652084456514.png\",\"width\":3723,\"height\":1698,\"caption\":\"BLOGIN.al\"},\"image\":{\"@id\":\"https:\\\/\\\/blogin.al\\\/#\\\/schema\\\/logo\\\/image\\\/\"},\"sameAs\":[\"https:\\\/\\\/instagram.com\\\/blogin.al\\\/\"]},{\"@type\":\"Person\",\"@id\":\"https:\\\/\\\/blogin.al\\\/#\\\/schema\\\/person\\\/abdd56bc912cd511db877b852b115399\",\"name\":\"Blogin al\",\"image\":{\"@type\":\"ImageObject\",\"inLanguage\":\"en-US\",\"@id\":\"https:\\\/\\\/secure.gravatar.com\\\/avatar\\\/60d5661aee6e835fb13dc75d2204cd0c1d61bef2efd137c0083e59ef831e235e?s=96&d=mm&r=g\",\"url\":\"https:\\\/\\\/secure.gravatar.com\\\/avatar\\\/60d5661aee6e835fb13dc75d2204cd0c1d61bef2efd137c0083e59ef831e235e?s=96&d=mm&r=g\",\"contentUrl\":\"https:\\\/\\\/secure.gravatar.com\\\/avatar\\\/60d5661aee6e835fb13dc75d2204cd0c1d61bef2efd137c0083e59ef831e235e?s=96&d=mm&r=g\",\"caption\":\"Blogin al\"},\"sameAs\":[\"https:\\\/\\\/blogin.al\"],\"url\":\"https:\\\/\\\/blogin.al\\\/?author=2\"}]}<\/script>\n<!-- \/ Yoast SEO plugin. -->","yoast_head_json":{"title":"\"E dua se \u00ebsht\u00eb bandit\", i gjith\u00eb rrjeti po \"zien\" pas deklarat\u00ebs s\u00eb Era Istrefit p\u00ebr reperin e njohur shqiptar - blogin.al","robots":{"index":"index","follow":"follow","max-snippet":"max-snippet:-1","max-image-preview":"max-image-preview:large","max-video-preview":"max-video-preview:-1"},"canonical":"https:\/\/blogin.al\/?p=15192","og_locale":"en_US","og_type":"article","og_title":"\"E dua se \u00ebsht\u00eb bandit\", i gjith\u00eb rrjeti po \"zien\" pas deklarat\u00ebs s\u00eb Era Istrefit p\u00ebr reperin e njohur shqiptar - blogin.al","og_description":"K\u00ebng\u00ebtarja Era Istrefi \u00ebsht\u00eb p\u00ebrfolur gjithmon\u00eb n\u00eb mediat roz\u00eb p\u00ebr jet\u00ebn e saj private. Pak koh\u00eb m\u00eb par\u00eb e ftuar n\u00eb emisionin \u201cM\u00eb l\u00ebr t\u00eb flas\u201d, Era rr\u00ebfeu se \u00ebsht\u00eb beqare dhe p\u00ebr momentin nuk \u00ebsht\u00eb e dashuruar. Nd\u00ebrsa s\u00eb fundi ka b\u00ebr\u00eb l\u00ebmsh rrjetin me nj\u00eb deklarat\u00eb p\u00ebr reperin, Don Xhoni. Teksa ka publikuar [&hellip;]","og_url":"https:\/\/blogin.al\/?p=15192","og_site_name":"blogin.al","article_published_time":"2022-09-28T15:51:25+00:00","article_modified_time":"2022-09-28T15:52:47+00:00","og_image":[{"width":1440,"height":1625,"url":"https:\/\/blogin.al\/wp-content\/uploads\/2022\/09\/20220928_175150.jpg","type":"image\/jpeg"}],"author":"Blogin al","twitter_card":"summary_large_image","twitter_misc":{"Written by":"Blogin al","Est. reading time":"1 minute"},"schema":{"@context":"https:\/\/schema.org","@graph":[{"@type":"Article","@id":"https:\/\/blogin.al\/?p=15192#article","isPartOf":{"@id":"https:\/\/blogin.al\/?p=15192"},"author":{"name":"Blogin al","@id":"https:\/\/blogin.al\/#\/schema\/person\/abdd56bc912cd511db877b852b115399"},"headline":"&#8220;E dua se \u00ebsht\u00eb bandit&#8221;, i gjith\u00eb rrjeti po &#8220;zien&#8221; pas deklarat\u00ebs s\u00eb Era Istrefit p\u00ebr reperin e njohur shqiptar","datePublished":"2022-09-28T15:51:25+00:00","dateModified":"2022-09-28T15:52:47+00:00","mainEntityOfPage":{"@id":"https:\/\/blogin.al\/?p=15192"},"wordCount":157,"commentCount":0,"publisher":{"@id":"https:\/\/blogin.al\/#organization"},"image":{"@id":"https:\/\/blogin.al\/?p=15192#primaryimage"},"thumbnailUrl":"https:\/\/blogin.al\/wp-content\/uploads\/2022\/09\/20220928_175150.jpg","articleSection":["SHOWBIZ"],"inLanguage":"en-US","potentialAction":[{"@type":"CommentAction","name":"Comment","target":["https:\/\/blogin.al\/?p=15192#respond"]}]},{"@type":"WebPage","@id":"https:\/\/blogin.al\/?p=15192","url":"https:\/\/blogin.al\/?p=15192","name":"\"E dua se \u00ebsht\u00eb bandit\", i gjith\u00eb rrjeti po \"zien\" pas deklarat\u00ebs s\u00eb Era Istrefit p\u00ebr reperin e njohur shqiptar - blogin.al","isPartOf":{"@id":"https:\/\/blogin.al\/#website"},"primaryImageOfPage":{"@id":"https:\/\/blogin.al\/?p=15192#primaryimage"},"image":{"@id":"https:\/\/blogin.al\/?p=15192#primaryimage"},"thumbnailUrl":"https:\/\/blogin.al\/wp-content\/uploads\/2022\/09\/20220928_175150.jpg","datePublished":"2022-09-28T15:51:25+00:00","dateModified":"2022-09-28T15:52:47+00:00","breadcrumb":{"@id":"https:\/\/blogin.al\/?p=15192#breadcrumb"},"inLanguage":"en-US","potentialAction":[{"@type":"ReadAction","target":["https:\/\/blogin.al\/?p=15192"]}]},{"@type":"ImageObject","inLanguage":"en-US","@id":"https:\/\/blogin.al\/?p=15192#primaryimage","url":"https:\/\/blogin.al\/wp-content\/uploads\/2022\/09\/20220928_175150.jpg","contentUrl":"https:\/\/blogin.al\/wp-content\/uploads\/2022\/09\/20220928_175150.jpg","width":1440,"height":1625},{"@type":"BreadcrumbList","@id":"https:\/\/blogin.al\/?p=15192#breadcrumb","itemListElement":[{"@type":"ListItem","position":1,"name":"Home","item":"https:\/\/blogin.al\/"},{"@type":"ListItem","position":2,"name":"&#8220;E dua se \u00ebsht\u00eb bandit&#8221;, i gjith\u00eb rrjeti po &#8220;zien&#8221; pas deklarat\u00ebs s\u00eb Era Istrefit p\u00ebr reperin e njohur shqiptar"}]},{"@type":"WebSite","@id":"https:\/\/blogin.al\/#website","url":"https:\/\/blogin.al\/","name":"blogin.al","description":"","publisher":{"@id":"https:\/\/blogin.al\/#organization"},"potentialAction":[{"@type":"SearchAction","target":{"@type":"EntryPoint","urlTemplate":"https:\/\/blogin.al\/?s={search_term_string}"},"query-input":{"@type":"PropertyValueSpecification","valueRequired":true,"valueName":"search_term_string"}}],"inLanguage":"en-US"},{"@type":"Organization","@id":"https:\/\/blogin.al\/#organization","name":"BLOGIN.al","url":"https:\/\/blogin.al\/","logo":{"@type":"ImageObject","inLanguage":"en-US","@id":"https:\/\/blogin.al\/#\/schema\/logo\/image\/","url":"https:\/\/blogin.al\/wp-content\/uploads\/2022\/05\/Untitled-2-01-e1652084456514.png","contentUrl":"https:\/\/blogin.al\/wp-content\/uploads\/2022\/05\/Untitled-2-01-e1652084456514.png","width":3723,"height":1698,"caption":"BLOGIN.al"},"image":{"@id":"https:\/\/blogin.al\/#\/schema\/logo\/image\/"},"sameAs":["https:\/\/instagram.com\/blogin.al\/"]},{"@type":"Person","@id":"https:\/\/blogin.al\/#\/schema\/person\/abdd56bc912cd511db877b852b115399","name":"Blogin al","image":{"@type":"ImageObject","inLanguage":"en-US","@id":"https:\/\/secure.gravatar.com\/avatar\/60d5661aee6e835fb13dc75d2204cd0c1d61bef2efd137c0083e59ef831e235e?s=96&d=mm&r=g","url":"https:\/\/secure.gravatar.com\/avatar\/60d5661aee6e835fb13dc75d2204cd0c1d61bef2efd137c0083e59ef831e235e?s=96&d=mm&r=g","contentUrl":"https:\/\/secure.gravatar.com\/avatar\/60d5661aee6e835fb13dc75d2204cd0c1d61bef2efd137c0083e59ef831e235e?s=96&d=mm&r=g","caption":"Blogin al"},"sameAs":["https:\/\/blogin.al"],"url":"https:\/\/blogin.al\/?author=2"}]}},"_links":{"self":[{"href":"https:\/\/blogin.al\/index.php?rest_route=\/wp\/v2\/posts\/15192","targetHints":{"allow":["GET"]}}],"collection":[{"href":"https:\/\/blogin.al\/index.php?rest_route=\/wp\/v2\/posts"}],"about":[{"href":"https:\/\/blogin.al\/index.php?rest_route=\/wp\/v2\/types\/post"}],"author":[{"embeddable":true,"href":"https:\/\/blogin.al\/index.php?rest_route=\/wp\/v2\/users\/2"}],"replies":[{"embeddable":true,"href":"https:\/\/blogin.al\/index.php?rest_route=%2Fwp%2Fv2%2Fcomments&post=15192"}],"version-history":[{"count":1,"href":"https:\/\/blogin.al\/index.php?rest_route=\/wp\/v2\/posts\/15192\/revisions"}],"predecessor-version":[{"id":15194,"href":"https:\/\/blogin.al\/index.php?rest_route=\/wp\/v2\/posts\/15192\/revisions\/15194"}],"wp:featuredmedia":[{"embeddable":true,"href":"https:\/\/blogin.al\/index.php?rest_route=\/wp\/v2\/media\/15195"}],"wp:attachment":[{"href":"https:\/\/blogin.al\/index.php?rest_route=%2Fwp%2Fv2%2Fmedia&parent=15192"}],"wp:term":[{"taxonomy":"category","embeddable":true,"href":"https:\/\/blogin.al\/index.php?rest_route=%2Fwp%2Fv2%2Fcategories&post=15192"},{"taxonomy":"post_tag","embeddable":true,"href":"https:\/\/blogin.al\/index.php?rest_route=%2Fwp%2Fv2%2Ftags&post=15192"}],"curies":[{"name":"wp","href":"https:\/\/api.w.org\/{rel}","templated":true}]}}