{"id":15201,"date":"2022-09-28T18:17:09","date_gmt":"2022-09-28T18:17:09","guid":{"rendered":"https:\/\/blogin.al\/?p=15201"},"modified":"2022-09-28T18:17:10","modified_gmt":"2022-09-28T18:17:10","slug":"prej-kohesh-i-fshihet-paparaceve-kengetarja-shqiptare-ne-pritje-te-femijes-se-pare","status":"publish","type":"post","link":"https:\/\/blogin.al\/?p=15201","title":{"rendered":"Prej koh\u00ebsh i fshihet paparac\u00ebve, k\u00ebng\u00ebtarja shqiptare n\u00eb pritje t\u00eb f\u00ebmij\u00ebs s\u00eb par\u00eb"},"content":{"rendered":"\n<p>Eleni Foureira do t\u00eb b\u00ebhet n\u00ebn\u00eb p\u00ebr her\u00eb t\u00eb par\u00eb.<\/p>\n\n\n\n<p>Lajmet p\u00ebr nj\u00eb shtatzani t\u00eb mund\u00ebshme t\u00eb k\u00ebng\u00ebtares jan\u00eb ngritur nga mediat greke.<\/p>\n\n\n\n<p>Sipas raportimevet\u00eb tyre artistja gjat\u00eb dy muajve t\u00eb fundit \u00ebsht\u00eb kujdesur t\u00eb mos shfaqet n\u00eb vende publike duke shmangur pozat e pad\u00ebshiruara.<\/p>\n\n\n\n<p>Nd\u00ebrkoh\u00eb, ajo \u00ebsht\u00eb kapur nga fotograf\u00ebt teka po dilte nga nj\u00eb restorant n\u00eb qend\u00ebr t\u00eb Athin\u00ebs, ku nuk i kurseu ankesat p\u00ebr prezenc\u00ebn e fotograf\u00ebve.<\/p>\n\n\n\n<p>Fotot e fundit t\u00eb Foureira jan\u00eb gjithashtu me barkun e mbuluar \u00e7ka ka shtuar edhe m\u00eb shum\u00eb dyshimet.<\/p>\n\n\n\n<p>Thashethemet se Eleni Foureira \u00ebsht\u00eb shtatz\u00ebn\u00eb me f\u00ebmij\u00ebn e saj t\u00eb par\u00eb me partnerin Alberto Botian u ngrit\u00ebn pasi ajo shtyu disa koncerte k\u00ebt\u00eb vere, por vet\u00eb artisja s\u2019ka reaguar ndaj k\u00ebtyre pretendimeve.<\/p>\n\n\n\n<figure class=\"wp-block-image is-style-default\"><a href=\"http:\/\/news.arkiva.de\/2022\/09\/28\/prej-kohesh-i-fshihet-paparaceve-kengetarja-shqiptare-ne-pritje-te-femijes-se-pare\/xczx\/\"><img decoding=\"async\" src=\"http:\/\/news.arkiva.de\/wp-content\/uploads\/2022\/09\/xczx.jpg\" alt=\"xczx\"\/><\/a><\/figure>\n","protected":false},"excerpt":{"rendered":"<p>Eleni Foureira do t\u00eb b\u00ebhet n\u00ebn\u00eb p\u00ebr her\u00eb t\u00eb par\u00eb. Lajmet p\u00ebr nj\u00eb shtatzani t\u00eb mund\u00ebshme t\u00eb k\u00ebng\u00ebtares jan\u00eb ngritur nga mediat greke. Sipas raportimevet\u00eb tyre artistja gjat\u00eb dy muajve t\u00eb fundit \u00ebsht\u00eb kujdesur t\u00eb mos shfaqet n\u00eb vende publike duke shmangur pozat e pad\u00ebshiruara. Nd\u00ebrkoh\u00eb, ajo \u00ebsht\u00eb kapur nga fotograf\u00ebt teka po dilte nga [&hellip;]<\/p>\n","protected":false},"author":2,"featured_media":15202,"comment_status":"open","ping_status":"open","sticky":false,"template":"","format":"standard","meta":{"footnotes":""},"categories":[33],"tags":[],"class_list":{"0":"post-15201","1":"post","2":"type-post","3":"status-publish","4":"format-standard","5":"has-post-thumbnail","7":"category-showbiz"},"yoast_head":"<!-- This site is optimized with the Yoast SEO plugin v27.5 - https:\/\/yoast.com\/product\/yoast-seo-wordpress\/ -->\n<title>Prej koh\u00ebsh i fshihet paparac\u00ebve, k\u00ebng\u00ebtarja shqiptare n\u00eb pritje t\u00eb f\u00ebmij\u00ebs s\u00eb par\u00eb - blogin.al<\/title>\n<meta name=\"robots\" content=\"index, follow, max-snippet:-1, max-image-preview:large, max-video-preview:-1\" \/>\n<link rel=\"canonical\" href=\"https:\/\/blogin.al\/?p=15201\" \/>\n<meta property=\"og:locale\" content=\"en_US\" \/>\n<meta property=\"og:type\" content=\"article\" \/>\n<meta property=\"og:title\" content=\"Prej koh\u00ebsh i fshihet paparac\u00ebve, k\u00ebng\u00ebtarja shqiptare n\u00eb pritje t\u00eb f\u00ebmij\u00ebs s\u00eb par\u00eb - blogin.al\" \/>\n<meta property=\"og:description\" content=\"Eleni Foureira do t\u00eb b\u00ebhet n\u00ebn\u00eb p\u00ebr her\u00eb t\u00eb par\u00eb. Lajmet p\u00ebr nj\u00eb shtatzani t\u00eb mund\u00ebshme t\u00eb k\u00ebng\u00ebtares jan\u00eb ngritur nga mediat greke. Sipas raportimevet\u00eb tyre artistja gjat\u00eb dy muajve t\u00eb fundit \u00ebsht\u00eb kujdesur t\u00eb mos shfaqet n\u00eb vende publike duke shmangur pozat e pad\u00ebshiruara. Nd\u00ebrkoh\u00eb, ajo \u00ebsht\u00eb kapur nga fotograf\u00ebt teka po dilte nga [&hellip;]\" \/>\n<meta property=\"og:url\" content=\"https:\/\/blogin.al\/?p=15201\" \/>\n<meta property=\"og:site_name\" content=\"blogin.al\" \/>\n<meta property=\"article:published_time\" content=\"2022-09-28T18:17:09+00:00\" \/>\n<meta property=\"article:modified_time\" content=\"2022-09-28T18:17:10+00:00\" \/>\n<meta property=\"og:image\" content=\"https:\/\/blogin.al\/wp-content\/uploads\/2022\/09\/eleni.jpg\" \/>\n\t<meta property=\"og:image:width\" content=\"900\" \/>\n\t<meta property=\"og:image:height\" content=\"1124\" \/>\n\t<meta property=\"og:image:type\" content=\"image\/jpeg\" \/>\n<meta name=\"author\" content=\"Blogin al\" \/>\n<meta name=\"twitter:card\" content=\"summary_large_image\" \/>\n<meta name=\"twitter:label1\" content=\"Written by\" \/>\n\t<meta name=\"twitter:data1\" content=\"Blogin al\" \/>\n\t<meta name=\"twitter:label2\" content=\"Est. reading time\" \/>\n\t<meta name=\"twitter:data2\" content=\"1 minute\" \/>\n<script type=\"application\/ld+json\" class=\"yoast-schema-graph\">{\"@context\":\"https:\\\/\\\/schema.org\",\"@graph\":[{\"@type\":\"Article\",\"@id\":\"https:\\\/\\\/blogin.al\\\/?p=15201#article\",\"isPartOf\":{\"@id\":\"https:\\\/\\\/blogin.al\\\/?p=15201\"},\"author\":{\"name\":\"Blogin al\",\"@id\":\"https:\\\/\\\/blogin.al\\\/#\\\/schema\\\/person\\\/abdd56bc912cd511db877b852b115399\"},\"headline\":\"Prej koh\u00ebsh i fshihet paparac\u00ebve, k\u00ebng\u00ebtarja shqiptare n\u00eb pritje t\u00eb f\u00ebmij\u00ebs s\u00eb par\u00eb\",\"datePublished\":\"2022-09-28T18:17:09+00:00\",\"dateModified\":\"2022-09-28T18:17:10+00:00\",\"mainEntityOfPage\":{\"@id\":\"https:\\\/\\\/blogin.al\\\/?p=15201\"},\"wordCount\":162,\"commentCount\":0,\"publisher\":{\"@id\":\"https:\\\/\\\/blogin.al\\\/#organization\"},\"image\":{\"@id\":\"https:\\\/\\\/blogin.al\\\/?p=15201#primaryimage\"},\"thumbnailUrl\":\"https:\\\/\\\/blogin.al\\\/wp-content\\\/uploads\\\/2022\\\/09\\\/eleni.jpg\",\"articleSection\":[\"SHOWBIZ\"],\"inLanguage\":\"en-US\",\"potentialAction\":[{\"@type\":\"CommentAction\",\"name\":\"Comment\",\"target\":[\"https:\\\/\\\/blogin.al\\\/?p=15201#respond\"]}]},{\"@type\":\"WebPage\",\"@id\":\"https:\\\/\\\/blogin.al\\\/?p=15201\",\"url\":\"https:\\\/\\\/blogin.al\\\/?p=15201\",\"name\":\"Prej koh\u00ebsh i fshihet paparac\u00ebve, k\u00ebng\u00ebtarja shqiptare n\u00eb pritje t\u00eb f\u00ebmij\u00ebs s\u00eb par\u00eb - blogin.al\",\"isPartOf\":{\"@id\":\"https:\\\/\\\/blogin.al\\\/#website\"},\"primaryImageOfPage\":{\"@id\":\"https:\\\/\\\/blogin.al\\\/?p=15201#primaryimage\"},\"image\":{\"@id\":\"https:\\\/\\\/blogin.al\\\/?p=15201#primaryimage\"},\"thumbnailUrl\":\"https:\\\/\\\/blogin.al\\\/wp-content\\\/uploads\\\/2022\\\/09\\\/eleni.jpg\",\"datePublished\":\"2022-09-28T18:17:09+00:00\",\"dateModified\":\"2022-09-28T18:17:10+00:00\",\"breadcrumb\":{\"@id\":\"https:\\\/\\\/blogin.al\\\/?p=15201#breadcrumb\"},\"inLanguage\":\"en-US\",\"potentialAction\":[{\"@type\":\"ReadAction\",\"target\":[\"https:\\\/\\\/blogin.al\\\/?p=15201\"]}]},{\"@type\":\"ImageObject\",\"inLanguage\":\"en-US\",\"@id\":\"https:\\\/\\\/blogin.al\\\/?p=15201#primaryimage\",\"url\":\"https:\\\/\\\/blogin.al\\\/wp-content\\\/uploads\\\/2022\\\/09\\\/eleni.jpg\",\"contentUrl\":\"https:\\\/\\\/blogin.al\\\/wp-content\\\/uploads\\\/2022\\\/09\\\/eleni.jpg\",\"width\":900,\"height\":1124},{\"@type\":\"BreadcrumbList\",\"@id\":\"https:\\\/\\\/blogin.al\\\/?p=15201#breadcrumb\",\"itemListElement\":[{\"@type\":\"ListItem\",\"position\":1,\"name\":\"Home\",\"item\":\"https:\\\/\\\/blogin.al\\\/\"},{\"@type\":\"ListItem\",\"position\":2,\"name\":\"Prej koh\u00ebsh i fshihet paparac\u00ebve, k\u00ebng\u00ebtarja shqiptare n\u00eb pritje t\u00eb f\u00ebmij\u00ebs s\u00eb par\u00eb\"}]},{\"@type\":\"WebSite\",\"@id\":\"https:\\\/\\\/blogin.al\\\/#website\",\"url\":\"https:\\\/\\\/blogin.al\\\/\",\"name\":\"blogin.al\",\"description\":\"\",\"publisher\":{\"@id\":\"https:\\\/\\\/blogin.al\\\/#organization\"},\"potentialAction\":[{\"@type\":\"SearchAction\",\"target\":{\"@type\":\"EntryPoint\",\"urlTemplate\":\"https:\\\/\\\/blogin.al\\\/?s={search_term_string}\"},\"query-input\":{\"@type\":\"PropertyValueSpecification\",\"valueRequired\":true,\"valueName\":\"search_term_string\"}}],\"inLanguage\":\"en-US\"},{\"@type\":\"Organization\",\"@id\":\"https:\\\/\\\/blogin.al\\\/#organization\",\"name\":\"BLOGIN.al\",\"url\":\"https:\\\/\\\/blogin.al\\\/\",\"logo\":{\"@type\":\"ImageObject\",\"inLanguage\":\"en-US\",\"@id\":\"https:\\\/\\\/blogin.al\\\/#\\\/schema\\\/logo\\\/image\\\/\",\"url\":\"https:\\\/\\\/blogin.al\\\/wp-content\\\/uploads\\\/2022\\\/05\\\/Untitled-2-01-e1652084456514.png\",\"contentUrl\":\"https:\\\/\\\/blogin.al\\\/wp-content\\\/uploads\\\/2022\\\/05\\\/Untitled-2-01-e1652084456514.png\",\"width\":3723,\"height\":1698,\"caption\":\"BLOGIN.al\"},\"image\":{\"@id\":\"https:\\\/\\\/blogin.al\\\/#\\\/schema\\\/logo\\\/image\\\/\"},\"sameAs\":[\"https:\\\/\\\/instagram.com\\\/blogin.al\\\/\"]},{\"@type\":\"Person\",\"@id\":\"https:\\\/\\\/blogin.al\\\/#\\\/schema\\\/person\\\/abdd56bc912cd511db877b852b115399\",\"name\":\"Blogin al\",\"image\":{\"@type\":\"ImageObject\",\"inLanguage\":\"en-US\",\"@id\":\"https:\\\/\\\/secure.gravatar.com\\\/avatar\\\/60d5661aee6e835fb13dc75d2204cd0c1d61bef2efd137c0083e59ef831e235e?s=96&d=mm&r=g\",\"url\":\"https:\\\/\\\/secure.gravatar.com\\\/avatar\\\/60d5661aee6e835fb13dc75d2204cd0c1d61bef2efd137c0083e59ef831e235e?s=96&d=mm&r=g\",\"contentUrl\":\"https:\\\/\\\/secure.gravatar.com\\\/avatar\\\/60d5661aee6e835fb13dc75d2204cd0c1d61bef2efd137c0083e59ef831e235e?s=96&d=mm&r=g\",\"caption\":\"Blogin al\"},\"sameAs\":[\"https:\\\/\\\/blogin.al\"],\"url\":\"https:\\\/\\\/blogin.al\\\/?author=2\"}]}<\/script>\n<!-- \/ Yoast SEO plugin. -->","yoast_head_json":{"title":"Prej koh\u00ebsh i fshihet paparac\u00ebve, k\u00ebng\u00ebtarja shqiptare n\u00eb pritje t\u00eb f\u00ebmij\u00ebs s\u00eb par\u00eb - blogin.al","robots":{"index":"index","follow":"follow","max-snippet":"max-snippet:-1","max-image-preview":"max-image-preview:large","max-video-preview":"max-video-preview:-1"},"canonical":"https:\/\/blogin.al\/?p=15201","og_locale":"en_US","og_type":"article","og_title":"Prej koh\u00ebsh i fshihet paparac\u00ebve, k\u00ebng\u00ebtarja shqiptare n\u00eb pritje t\u00eb f\u00ebmij\u00ebs s\u00eb par\u00eb - blogin.al","og_description":"Eleni Foureira do t\u00eb b\u00ebhet n\u00ebn\u00eb p\u00ebr her\u00eb t\u00eb par\u00eb. Lajmet p\u00ebr nj\u00eb shtatzani t\u00eb mund\u00ebshme t\u00eb k\u00ebng\u00ebtares jan\u00eb ngritur nga mediat greke. Sipas raportimevet\u00eb tyre artistja gjat\u00eb dy muajve t\u00eb fundit \u00ebsht\u00eb kujdesur t\u00eb mos shfaqet n\u00eb vende publike duke shmangur pozat e pad\u00ebshiruara. Nd\u00ebrkoh\u00eb, ajo \u00ebsht\u00eb kapur nga fotograf\u00ebt teka po dilte nga [&hellip;]","og_url":"https:\/\/blogin.al\/?p=15201","og_site_name":"blogin.al","article_published_time":"2022-09-28T18:17:09+00:00","article_modified_time":"2022-09-28T18:17:10+00:00","og_image":[{"width":900,"height":1124,"url":"https:\/\/blogin.al\/wp-content\/uploads\/2022\/09\/eleni.jpg","type":"image\/jpeg"}],"author":"Blogin al","twitter_card":"summary_large_image","twitter_misc":{"Written by":"Blogin al","Est. reading time":"1 minute"},"schema":{"@context":"https:\/\/schema.org","@graph":[{"@type":"Article","@id":"https:\/\/blogin.al\/?p=15201#article","isPartOf":{"@id":"https:\/\/blogin.al\/?p=15201"},"author":{"name":"Blogin al","@id":"https:\/\/blogin.al\/#\/schema\/person\/abdd56bc912cd511db877b852b115399"},"headline":"Prej koh\u00ebsh i fshihet paparac\u00ebve, k\u00ebng\u00ebtarja shqiptare n\u00eb pritje t\u00eb f\u00ebmij\u00ebs s\u00eb par\u00eb","datePublished":"2022-09-28T18:17:09+00:00","dateModified":"2022-09-28T18:17:10+00:00","mainEntityOfPage":{"@id":"https:\/\/blogin.al\/?p=15201"},"wordCount":162,"commentCount":0,"publisher":{"@id":"https:\/\/blogin.al\/#organization"},"image":{"@id":"https:\/\/blogin.al\/?p=15201#primaryimage"},"thumbnailUrl":"https:\/\/blogin.al\/wp-content\/uploads\/2022\/09\/eleni.jpg","articleSection":["SHOWBIZ"],"inLanguage":"en-US","potentialAction":[{"@type":"CommentAction","name":"Comment","target":["https:\/\/blogin.al\/?p=15201#respond"]}]},{"@type":"WebPage","@id":"https:\/\/blogin.al\/?p=15201","url":"https:\/\/blogin.al\/?p=15201","name":"Prej koh\u00ebsh i fshihet paparac\u00ebve, k\u00ebng\u00ebtarja shqiptare n\u00eb pritje t\u00eb f\u00ebmij\u00ebs s\u00eb par\u00eb - blogin.al","isPartOf":{"@id":"https:\/\/blogin.al\/#website"},"primaryImageOfPage":{"@id":"https:\/\/blogin.al\/?p=15201#primaryimage"},"image":{"@id":"https:\/\/blogin.al\/?p=15201#primaryimage"},"thumbnailUrl":"https:\/\/blogin.al\/wp-content\/uploads\/2022\/09\/eleni.jpg","datePublished":"2022-09-28T18:17:09+00:00","dateModified":"2022-09-28T18:17:10+00:00","breadcrumb":{"@id":"https:\/\/blogin.al\/?p=15201#breadcrumb"},"inLanguage":"en-US","potentialAction":[{"@type":"ReadAction","target":["https:\/\/blogin.al\/?p=15201"]}]},{"@type":"ImageObject","inLanguage":"en-US","@id":"https:\/\/blogin.al\/?p=15201#primaryimage","url":"https:\/\/blogin.al\/wp-content\/uploads\/2022\/09\/eleni.jpg","contentUrl":"https:\/\/blogin.al\/wp-content\/uploads\/2022\/09\/eleni.jpg","width":900,"height":1124},{"@type":"BreadcrumbList","@id":"https:\/\/blogin.al\/?p=15201#breadcrumb","itemListElement":[{"@type":"ListItem","position":1,"name":"Home","item":"https:\/\/blogin.al\/"},{"@type":"ListItem","position":2,"name":"Prej koh\u00ebsh i fshihet paparac\u00ebve, k\u00ebng\u00ebtarja shqiptare n\u00eb pritje t\u00eb f\u00ebmij\u00ebs s\u00eb par\u00eb"}]},{"@type":"WebSite","@id":"https:\/\/blogin.al\/#website","url":"https:\/\/blogin.al\/","name":"blogin.al","description":"","publisher":{"@id":"https:\/\/blogin.al\/#organization"},"potentialAction":[{"@type":"SearchAction","target":{"@type":"EntryPoint","urlTemplate":"https:\/\/blogin.al\/?s={search_term_string}"},"query-input":{"@type":"PropertyValueSpecification","valueRequired":true,"valueName":"search_term_string"}}],"inLanguage":"en-US"},{"@type":"Organization","@id":"https:\/\/blogin.al\/#organization","name":"BLOGIN.al","url":"https:\/\/blogin.al\/","logo":{"@type":"ImageObject","inLanguage":"en-US","@id":"https:\/\/blogin.al\/#\/schema\/logo\/image\/","url":"https:\/\/blogin.al\/wp-content\/uploads\/2022\/05\/Untitled-2-01-e1652084456514.png","contentUrl":"https:\/\/blogin.al\/wp-content\/uploads\/2022\/05\/Untitled-2-01-e1652084456514.png","width":3723,"height":1698,"caption":"BLOGIN.al"},"image":{"@id":"https:\/\/blogin.al\/#\/schema\/logo\/image\/"},"sameAs":["https:\/\/instagram.com\/blogin.al\/"]},{"@type":"Person","@id":"https:\/\/blogin.al\/#\/schema\/person\/abdd56bc912cd511db877b852b115399","name":"Blogin al","image":{"@type":"ImageObject","inLanguage":"en-US","@id":"https:\/\/secure.gravatar.com\/avatar\/60d5661aee6e835fb13dc75d2204cd0c1d61bef2efd137c0083e59ef831e235e?s=96&d=mm&r=g","url":"https:\/\/secure.gravatar.com\/avatar\/60d5661aee6e835fb13dc75d2204cd0c1d61bef2efd137c0083e59ef831e235e?s=96&d=mm&r=g","contentUrl":"https:\/\/secure.gravatar.com\/avatar\/60d5661aee6e835fb13dc75d2204cd0c1d61bef2efd137c0083e59ef831e235e?s=96&d=mm&r=g","caption":"Blogin al"},"sameAs":["https:\/\/blogin.al"],"url":"https:\/\/blogin.al\/?author=2"}]}},"_links":{"self":[{"href":"https:\/\/blogin.al\/index.php?rest_route=\/wp\/v2\/posts\/15201","targetHints":{"allow":["GET"]}}],"collection":[{"href":"https:\/\/blogin.al\/index.php?rest_route=\/wp\/v2\/posts"}],"about":[{"href":"https:\/\/blogin.al\/index.php?rest_route=\/wp\/v2\/types\/post"}],"author":[{"embeddable":true,"href":"https:\/\/blogin.al\/index.php?rest_route=\/wp\/v2\/users\/2"}],"replies":[{"embeddable":true,"href":"https:\/\/blogin.al\/index.php?rest_route=%2Fwp%2Fv2%2Fcomments&post=15201"}],"version-history":[{"count":1,"href":"https:\/\/blogin.al\/index.php?rest_route=\/wp\/v2\/posts\/15201\/revisions"}],"predecessor-version":[{"id":15203,"href":"https:\/\/blogin.al\/index.php?rest_route=\/wp\/v2\/posts\/15201\/revisions\/15203"}],"wp:featuredmedia":[{"embeddable":true,"href":"https:\/\/blogin.al\/index.php?rest_route=\/wp\/v2\/media\/15202"}],"wp:attachment":[{"href":"https:\/\/blogin.al\/index.php?rest_route=%2Fwp%2Fv2%2Fmedia&parent=15201"}],"wp:term":[{"taxonomy":"category","embeddable":true,"href":"https:\/\/blogin.al\/index.php?rest_route=%2Fwp%2Fv2%2Fcategories&post=15201"},{"taxonomy":"post_tag","embeddable":true,"href":"https:\/\/blogin.al\/index.php?rest_route=%2Fwp%2Fv2%2Ftags&post=15201"}],"curies":[{"name":"wp","href":"https:\/\/api.w.org\/{rel}","templated":true}]}}