{"id":15236,"date":"2022-09-29T14:50:05","date_gmt":"2022-09-29T14:50:05","guid":{"rendered":"https:\/\/blogin.al\/?p=15236"},"modified":"2022-09-29T14:59:12","modified_gmt":"2022-09-29T14:59:12","slug":"po-ngiste-makinen-ne-kundervajtje-alketa-vejsiu-reagon-pas-videos-virale","status":"publish","type":"post","link":"https:\/\/blogin.al\/?p=15236","title":{"rendered":"Po ngiste makin\u00ebn n\u00eb kund\u00ebrvajtje? Alketa Vejsiu reagon pas videos virale"},"content":{"rendered":"\n<p>Alketa Vejsiu ka reaguar p\u00ebr her\u00eb t\u00eb par\u00eb pasi nj\u00eb video ku shihej duke ngar\u00eb makin\u00ebn n\u00eb kund\u00ebrvajtje qarkulloi n\u00eb rrjet. Nj\u00ebri prej ndjek\u00ebsve e ka pyetur lidhur me k\u00ebt\u00eb ngjarje, s\u00eb cil\u00ebs moderatorja i \u00ebsht\u00eb p\u00ebrgjigjur duke th\u00ebn\u00eb se ndodhej n\u00eb parkim dhe po priste t\u00eb lirohej nj\u00eb vend.<\/p>\n\n\n\n<figure class=\"wp-block-image size-full is-style-default\"><img fetchpriority=\"high\" decoding=\"async\" width=\"640\" height=\"294\" src=\"https:\/\/blogin.al\/wp-content\/uploads\/2022\/09\/alketa.png\" alt=\"\" class=\"wp-image-15237\" srcset=\"https:\/\/blogin.al\/wp-content\/uploads\/2022\/09\/alketa.png 640w, https:\/\/blogin.al\/wp-content\/uploads\/2022\/09\/alketa-300x138.png 300w, https:\/\/blogin.al\/wp-content\/uploads\/2022\/09\/alketa-150x69.png 150w\" sizes=\"(max-width: 640px) 100vw, 640px\" \/><\/figure>\n\n\n\n<p>\u201c<em>Nuk ka histori aty. \u00cbsht\u00eb thjesht nj\u00eb titull abuziv p\u00ebr t\u00eb shkaktuar polemika dhe p\u00ebr t\u00eb gjeneruar klikime dhe p\u00ebr ta politizuar Alket\u00ebn. Nuk kam lidhje me politik\u00ebn dhe nuk do t\u00eb ket\u00eb asnj\u00ebher\u00eb. Alketa \u00ebsht\u00eb artiste n\u00eb shpirt dhe n\u00eb profesionin e saj, \u00ebsht\u00eb dhe sip\u00ebrmarr\u00ebse e thjesht\u00eb.<\/em><\/p>\n\n\n\n<p><em>Ka t\u00eb tjer\u00eb q\u00eb b\u00ebjn\u00eb gj\u00ebra m\u00eb t\u00eb m\u00ebdha se un\u00eb. Si sip\u00ebrmarr\u00ebse paguaj taksa dhe gjeneroj vende t\u00eb reja pune mundohem t\u00eb furnizoj me pun\u00eb industrin\u00eb. Ky \u00ebsht\u00eb kontributi im modest q\u00eb jap p\u00ebr industrin\u00eb ku un\u00eb operoj k\u00ebshtu q\u00eb mos e ngat\u00ebrroni politik\u00ebn me parkimin e makin\u00ebs sime qoft\u00eb i drejt\u00eb apo i gabuar.<\/em><\/p>\n\n\n\n<p><em>Jo m\u00eb larg se dje, kisha dal\u00eb nga vendi i parkingut dhe po prisja q\u00eb t\u00eb lirohej nj\u00eb vend aty. Nuk isha n\u00eb l\u00ebvizje, n\u00eb kund\u00ebrvajtje. Isha parkuar n\u00eb an\u00eb t\u00eb rrug\u00ebs. Nuk kishte trafik, nuk po l\u00ebvizja dhe kisha t\u00eb drejt\u00eb t\u00eb p\u00ebrdorja telefonin se isha ndaluar. Gjithmon\u00eb kur gaboj k\u00ebrkoj falje por n\u00eb k\u00ebt\u00eb rast nuk kam<\/em>.\u201d, tha ajo.<\/p>\n\n\n\n<figure class=\"wp-block-video\"><video height=\"1280\" style=\"aspect-ratio: 720 \/ 1280;\" width=\"720\" controls src=\"https:\/\/blogin.al\/wp-content\/uploads\/2022\/09\/VID_94160304_065152_705.mp4\"><\/video><\/figure>\n","protected":false},"excerpt":{"rendered":"<p>Alketa Vejsiu ka reaguar p\u00ebr her\u00eb t\u00eb par\u00eb pasi nj\u00eb video ku shihej duke ngar\u00eb makin\u00ebn n\u00eb kund\u00ebrvajtje qarkulloi n\u00eb rrjet. Nj\u00ebri prej ndjek\u00ebsve e ka pyetur lidhur me k\u00ebt\u00eb ngjarje, s\u00eb cil\u00ebs moderatorja i \u00ebsht\u00eb p\u00ebrgjigjur duke th\u00ebn\u00eb se ndodhej n\u00eb parkim dhe po priste t\u00eb lirohej nj\u00eb vend. \u201cNuk ka histori aty. \u00cbsht\u00eb [&hellip;]<\/p>\n","protected":false},"author":2,"featured_media":7580,"comment_status":"open","ping_status":"open","sticky":false,"template":"","format":"standard","meta":{"footnotes":""},"categories":[33],"tags":[],"class_list":{"0":"post-15236","1":"post","2":"type-post","3":"status-publish","4":"format-standard","5":"has-post-thumbnail","7":"category-showbiz"},"yoast_head":"<!-- This site is optimized with the Yoast SEO plugin v27.5 - https:\/\/yoast.com\/product\/yoast-seo-wordpress\/ -->\n<title>Po ngiste makin\u00ebn n\u00eb kund\u00ebrvajtje? Alketa Vejsiu reagon pas videos virale - blogin.al<\/title>\n<meta name=\"robots\" content=\"index, follow, max-snippet:-1, max-image-preview:large, max-video-preview:-1\" \/>\n<link rel=\"canonical\" href=\"https:\/\/blogin.al\/?p=15236\" \/>\n<meta property=\"og:locale\" content=\"en_US\" \/>\n<meta property=\"og:type\" content=\"article\" \/>\n<meta property=\"og:title\" content=\"Po ngiste makin\u00ebn n\u00eb kund\u00ebrvajtje? Alketa Vejsiu reagon pas videos virale - blogin.al\" \/>\n<meta property=\"og:description\" content=\"Alketa Vejsiu ka reaguar p\u00ebr her\u00eb t\u00eb par\u00eb pasi nj\u00eb video ku shihej duke ngar\u00eb makin\u00ebn n\u00eb kund\u00ebrvajtje qarkulloi n\u00eb rrjet. Nj\u00ebri prej ndjek\u00ebsve e ka pyetur lidhur me k\u00ebt\u00eb ngjarje, s\u00eb cil\u00ebs moderatorja i \u00ebsht\u00eb p\u00ebrgjigjur duke th\u00ebn\u00eb se ndodhej n\u00eb parkim dhe po priste t\u00eb lirohej nj\u00eb vend. \u201cNuk ka histori aty. \u00cbsht\u00eb [&hellip;]\" \/>\n<meta property=\"og:url\" content=\"https:\/\/blogin.al\/?p=15236\" \/>\n<meta property=\"og:site_name\" content=\"blogin.al\" \/>\n<meta property=\"article:published_time\" content=\"2022-09-29T14:50:05+00:00\" \/>\n<meta property=\"article:modified_time\" content=\"2022-09-29T14:59:12+00:00\" \/>\n<meta property=\"og:image\" content=\"https:\/\/blogin.al\/wp-content\/uploads\/2022\/06\/ALKETA.jpg\" \/>\n\t<meta property=\"og:image:width\" content=\"640\" \/>\n\t<meta property=\"og:image:height\" content=\"553\" \/>\n\t<meta property=\"og:image:type\" content=\"image\/jpeg\" \/>\n<meta name=\"author\" content=\"Blogin al\" \/>\n<meta name=\"twitter:card\" content=\"summary_large_image\" \/>\n<meta name=\"twitter:label1\" content=\"Written by\" \/>\n\t<meta name=\"twitter:data1\" content=\"Blogin al\" \/>\n\t<meta name=\"twitter:label2\" content=\"Est. reading time\" \/>\n\t<meta name=\"twitter:data2\" content=\"2 minutes\" \/>\n<script type=\"application\/ld+json\" class=\"yoast-schema-graph\">{\"@context\":\"https:\\\/\\\/schema.org\",\"@graph\":[{\"@type\":\"Article\",\"@id\":\"https:\\\/\\\/blogin.al\\\/?p=15236#article\",\"isPartOf\":{\"@id\":\"https:\\\/\\\/blogin.al\\\/?p=15236\"},\"author\":{\"name\":\"Blogin al\",\"@id\":\"https:\\\/\\\/blogin.al\\\/#\\\/schema\\\/person\\\/abdd56bc912cd511db877b852b115399\"},\"headline\":\"Po ngiste makin\u00ebn n\u00eb kund\u00ebrvajtje? Alketa Vejsiu reagon pas videos virale\",\"datePublished\":\"2022-09-29T14:50:05+00:00\",\"dateModified\":\"2022-09-29T14:59:12+00:00\",\"mainEntityOfPage\":{\"@id\":\"https:\\\/\\\/blogin.al\\\/?p=15236\"},\"wordCount\":263,\"commentCount\":0,\"publisher\":{\"@id\":\"https:\\\/\\\/blogin.al\\\/#organization\"},\"image\":{\"@id\":\"https:\\\/\\\/blogin.al\\\/?p=15236#primaryimage\"},\"thumbnailUrl\":\"https:\\\/\\\/blogin.al\\\/wp-content\\\/uploads\\\/2022\\\/06\\\/ALKETA.jpg\",\"articleSection\":[\"SHOWBIZ\"],\"inLanguage\":\"en-US\",\"potentialAction\":[{\"@type\":\"CommentAction\",\"name\":\"Comment\",\"target\":[\"https:\\\/\\\/blogin.al\\\/?p=15236#respond\"]}]},{\"@type\":\"WebPage\",\"@id\":\"https:\\\/\\\/blogin.al\\\/?p=15236\",\"url\":\"https:\\\/\\\/blogin.al\\\/?p=15236\",\"name\":\"Po ngiste makin\u00ebn n\u00eb kund\u00ebrvajtje? Alketa Vejsiu reagon pas videos virale - blogin.al\",\"isPartOf\":{\"@id\":\"https:\\\/\\\/blogin.al\\\/#website\"},\"primaryImageOfPage\":{\"@id\":\"https:\\\/\\\/blogin.al\\\/?p=15236#primaryimage\"},\"image\":{\"@id\":\"https:\\\/\\\/blogin.al\\\/?p=15236#primaryimage\"},\"thumbnailUrl\":\"https:\\\/\\\/blogin.al\\\/wp-content\\\/uploads\\\/2022\\\/06\\\/ALKETA.jpg\",\"datePublished\":\"2022-09-29T14:50:05+00:00\",\"dateModified\":\"2022-09-29T14:59:12+00:00\",\"breadcrumb\":{\"@id\":\"https:\\\/\\\/blogin.al\\\/?p=15236#breadcrumb\"},\"inLanguage\":\"en-US\",\"potentialAction\":[{\"@type\":\"ReadAction\",\"target\":[\"https:\\\/\\\/blogin.al\\\/?p=15236\"]}]},{\"@type\":\"ImageObject\",\"inLanguage\":\"en-US\",\"@id\":\"https:\\\/\\\/blogin.al\\\/?p=15236#primaryimage\",\"url\":\"https:\\\/\\\/blogin.al\\\/wp-content\\\/uploads\\\/2022\\\/06\\\/ALKETA.jpg\",\"contentUrl\":\"https:\\\/\\\/blogin.al\\\/wp-content\\\/uploads\\\/2022\\\/06\\\/ALKETA.jpg\",\"width\":640,\"height\":553},{\"@type\":\"BreadcrumbList\",\"@id\":\"https:\\\/\\\/blogin.al\\\/?p=15236#breadcrumb\",\"itemListElement\":[{\"@type\":\"ListItem\",\"position\":1,\"name\":\"Home\",\"item\":\"https:\\\/\\\/blogin.al\\\/\"},{\"@type\":\"ListItem\",\"position\":2,\"name\":\"Po ngiste makin\u00ebn n\u00eb kund\u00ebrvajtje? Alketa Vejsiu reagon pas videos virale\"}]},{\"@type\":\"WebSite\",\"@id\":\"https:\\\/\\\/blogin.al\\\/#website\",\"url\":\"https:\\\/\\\/blogin.al\\\/\",\"name\":\"blogin.al\",\"description\":\"\",\"publisher\":{\"@id\":\"https:\\\/\\\/blogin.al\\\/#organization\"},\"potentialAction\":[{\"@type\":\"SearchAction\",\"target\":{\"@type\":\"EntryPoint\",\"urlTemplate\":\"https:\\\/\\\/blogin.al\\\/?s={search_term_string}\"},\"query-input\":{\"@type\":\"PropertyValueSpecification\",\"valueRequired\":true,\"valueName\":\"search_term_string\"}}],\"inLanguage\":\"en-US\"},{\"@type\":\"Organization\",\"@id\":\"https:\\\/\\\/blogin.al\\\/#organization\",\"name\":\"BLOGIN.al\",\"url\":\"https:\\\/\\\/blogin.al\\\/\",\"logo\":{\"@type\":\"ImageObject\",\"inLanguage\":\"en-US\",\"@id\":\"https:\\\/\\\/blogin.al\\\/#\\\/schema\\\/logo\\\/image\\\/\",\"url\":\"https:\\\/\\\/blogin.al\\\/wp-content\\\/uploads\\\/2022\\\/05\\\/Untitled-2-01-e1652084456514.png\",\"contentUrl\":\"https:\\\/\\\/blogin.al\\\/wp-content\\\/uploads\\\/2022\\\/05\\\/Untitled-2-01-e1652084456514.png\",\"width\":3723,\"height\":1698,\"caption\":\"BLOGIN.al\"},\"image\":{\"@id\":\"https:\\\/\\\/blogin.al\\\/#\\\/schema\\\/logo\\\/image\\\/\"},\"sameAs\":[\"https:\\\/\\\/instagram.com\\\/blogin.al\\\/\"]},{\"@type\":\"Person\",\"@id\":\"https:\\\/\\\/blogin.al\\\/#\\\/schema\\\/person\\\/abdd56bc912cd511db877b852b115399\",\"name\":\"Blogin al\",\"image\":{\"@type\":\"ImageObject\",\"inLanguage\":\"en-US\",\"@id\":\"https:\\\/\\\/secure.gravatar.com\\\/avatar\\\/60d5661aee6e835fb13dc75d2204cd0c1d61bef2efd137c0083e59ef831e235e?s=96&d=mm&r=g\",\"url\":\"https:\\\/\\\/secure.gravatar.com\\\/avatar\\\/60d5661aee6e835fb13dc75d2204cd0c1d61bef2efd137c0083e59ef831e235e?s=96&d=mm&r=g\",\"contentUrl\":\"https:\\\/\\\/secure.gravatar.com\\\/avatar\\\/60d5661aee6e835fb13dc75d2204cd0c1d61bef2efd137c0083e59ef831e235e?s=96&d=mm&r=g\",\"caption\":\"Blogin al\"},\"sameAs\":[\"https:\\\/\\\/blogin.al\"],\"url\":\"https:\\\/\\\/blogin.al\\\/?author=2\"}]}<\/script>\n<!-- \/ Yoast SEO plugin. -->","yoast_head_json":{"title":"Po ngiste makin\u00ebn n\u00eb kund\u00ebrvajtje? Alketa Vejsiu reagon pas videos virale - blogin.al","robots":{"index":"index","follow":"follow","max-snippet":"max-snippet:-1","max-image-preview":"max-image-preview:large","max-video-preview":"max-video-preview:-1"},"canonical":"https:\/\/blogin.al\/?p=15236","og_locale":"en_US","og_type":"article","og_title":"Po ngiste makin\u00ebn n\u00eb kund\u00ebrvajtje? Alketa Vejsiu reagon pas videos virale - blogin.al","og_description":"Alketa Vejsiu ka reaguar p\u00ebr her\u00eb t\u00eb par\u00eb pasi nj\u00eb video ku shihej duke ngar\u00eb makin\u00ebn n\u00eb kund\u00ebrvajtje qarkulloi n\u00eb rrjet. Nj\u00ebri prej ndjek\u00ebsve e ka pyetur lidhur me k\u00ebt\u00eb ngjarje, s\u00eb cil\u00ebs moderatorja i \u00ebsht\u00eb p\u00ebrgjigjur duke th\u00ebn\u00eb se ndodhej n\u00eb parkim dhe po priste t\u00eb lirohej nj\u00eb vend. \u201cNuk ka histori aty. \u00cbsht\u00eb [&hellip;]","og_url":"https:\/\/blogin.al\/?p=15236","og_site_name":"blogin.al","article_published_time":"2022-09-29T14:50:05+00:00","article_modified_time":"2022-09-29T14:59:12+00:00","og_image":[{"width":640,"height":553,"url":"https:\/\/blogin.al\/wp-content\/uploads\/2022\/06\/ALKETA.jpg","type":"image\/jpeg"}],"author":"Blogin al","twitter_card":"summary_large_image","twitter_misc":{"Written by":"Blogin al","Est. reading time":"2 minutes"},"schema":{"@context":"https:\/\/schema.org","@graph":[{"@type":"Article","@id":"https:\/\/blogin.al\/?p=15236#article","isPartOf":{"@id":"https:\/\/blogin.al\/?p=15236"},"author":{"name":"Blogin al","@id":"https:\/\/blogin.al\/#\/schema\/person\/abdd56bc912cd511db877b852b115399"},"headline":"Po ngiste makin\u00ebn n\u00eb kund\u00ebrvajtje? Alketa Vejsiu reagon pas videos virale","datePublished":"2022-09-29T14:50:05+00:00","dateModified":"2022-09-29T14:59:12+00:00","mainEntityOfPage":{"@id":"https:\/\/blogin.al\/?p=15236"},"wordCount":263,"commentCount":0,"publisher":{"@id":"https:\/\/blogin.al\/#organization"},"image":{"@id":"https:\/\/blogin.al\/?p=15236#primaryimage"},"thumbnailUrl":"https:\/\/blogin.al\/wp-content\/uploads\/2022\/06\/ALKETA.jpg","articleSection":["SHOWBIZ"],"inLanguage":"en-US","potentialAction":[{"@type":"CommentAction","name":"Comment","target":["https:\/\/blogin.al\/?p=15236#respond"]}]},{"@type":"WebPage","@id":"https:\/\/blogin.al\/?p=15236","url":"https:\/\/blogin.al\/?p=15236","name":"Po ngiste makin\u00ebn n\u00eb kund\u00ebrvajtje? Alketa Vejsiu reagon pas videos virale - blogin.al","isPartOf":{"@id":"https:\/\/blogin.al\/#website"},"primaryImageOfPage":{"@id":"https:\/\/blogin.al\/?p=15236#primaryimage"},"image":{"@id":"https:\/\/blogin.al\/?p=15236#primaryimage"},"thumbnailUrl":"https:\/\/blogin.al\/wp-content\/uploads\/2022\/06\/ALKETA.jpg","datePublished":"2022-09-29T14:50:05+00:00","dateModified":"2022-09-29T14:59:12+00:00","breadcrumb":{"@id":"https:\/\/blogin.al\/?p=15236#breadcrumb"},"inLanguage":"en-US","potentialAction":[{"@type":"ReadAction","target":["https:\/\/blogin.al\/?p=15236"]}]},{"@type":"ImageObject","inLanguage":"en-US","@id":"https:\/\/blogin.al\/?p=15236#primaryimage","url":"https:\/\/blogin.al\/wp-content\/uploads\/2022\/06\/ALKETA.jpg","contentUrl":"https:\/\/blogin.al\/wp-content\/uploads\/2022\/06\/ALKETA.jpg","width":640,"height":553},{"@type":"BreadcrumbList","@id":"https:\/\/blogin.al\/?p=15236#breadcrumb","itemListElement":[{"@type":"ListItem","position":1,"name":"Home","item":"https:\/\/blogin.al\/"},{"@type":"ListItem","position":2,"name":"Po ngiste makin\u00ebn n\u00eb kund\u00ebrvajtje? Alketa Vejsiu reagon pas videos virale"}]},{"@type":"WebSite","@id":"https:\/\/blogin.al\/#website","url":"https:\/\/blogin.al\/","name":"blogin.al","description":"","publisher":{"@id":"https:\/\/blogin.al\/#organization"},"potentialAction":[{"@type":"SearchAction","target":{"@type":"EntryPoint","urlTemplate":"https:\/\/blogin.al\/?s={search_term_string}"},"query-input":{"@type":"PropertyValueSpecification","valueRequired":true,"valueName":"search_term_string"}}],"inLanguage":"en-US"},{"@type":"Organization","@id":"https:\/\/blogin.al\/#organization","name":"BLOGIN.al","url":"https:\/\/blogin.al\/","logo":{"@type":"ImageObject","inLanguage":"en-US","@id":"https:\/\/blogin.al\/#\/schema\/logo\/image\/","url":"https:\/\/blogin.al\/wp-content\/uploads\/2022\/05\/Untitled-2-01-e1652084456514.png","contentUrl":"https:\/\/blogin.al\/wp-content\/uploads\/2022\/05\/Untitled-2-01-e1652084456514.png","width":3723,"height":1698,"caption":"BLOGIN.al"},"image":{"@id":"https:\/\/blogin.al\/#\/schema\/logo\/image\/"},"sameAs":["https:\/\/instagram.com\/blogin.al\/"]},{"@type":"Person","@id":"https:\/\/blogin.al\/#\/schema\/person\/abdd56bc912cd511db877b852b115399","name":"Blogin al","image":{"@type":"ImageObject","inLanguage":"en-US","@id":"https:\/\/secure.gravatar.com\/avatar\/60d5661aee6e835fb13dc75d2204cd0c1d61bef2efd137c0083e59ef831e235e?s=96&d=mm&r=g","url":"https:\/\/secure.gravatar.com\/avatar\/60d5661aee6e835fb13dc75d2204cd0c1d61bef2efd137c0083e59ef831e235e?s=96&d=mm&r=g","contentUrl":"https:\/\/secure.gravatar.com\/avatar\/60d5661aee6e835fb13dc75d2204cd0c1d61bef2efd137c0083e59ef831e235e?s=96&d=mm&r=g","caption":"Blogin al"},"sameAs":["https:\/\/blogin.al"],"url":"https:\/\/blogin.al\/?author=2"}]}},"_links":{"self":[{"href":"https:\/\/blogin.al\/index.php?rest_route=\/wp\/v2\/posts\/15236","targetHints":{"allow":["GET"]}}],"collection":[{"href":"https:\/\/blogin.al\/index.php?rest_route=\/wp\/v2\/posts"}],"about":[{"href":"https:\/\/blogin.al\/index.php?rest_route=\/wp\/v2\/types\/post"}],"author":[{"embeddable":true,"href":"https:\/\/blogin.al\/index.php?rest_route=\/wp\/v2\/users\/2"}],"replies":[{"embeddable":true,"href":"https:\/\/blogin.al\/index.php?rest_route=%2Fwp%2Fv2%2Fcomments&post=15236"}],"version-history":[{"count":2,"href":"https:\/\/blogin.al\/index.php?rest_route=\/wp\/v2\/posts\/15236\/revisions"}],"predecessor-version":[{"id":15244,"href":"https:\/\/blogin.al\/index.php?rest_route=\/wp\/v2\/posts\/15236\/revisions\/15244"}],"wp:featuredmedia":[{"embeddable":true,"href":"https:\/\/blogin.al\/index.php?rest_route=\/wp\/v2\/media\/7580"}],"wp:attachment":[{"href":"https:\/\/blogin.al\/index.php?rest_route=%2Fwp%2Fv2%2Fmedia&parent=15236"}],"wp:term":[{"taxonomy":"category","embeddable":true,"href":"https:\/\/blogin.al\/index.php?rest_route=%2Fwp%2Fv2%2Fcategories&post=15236"},{"taxonomy":"post_tag","embeddable":true,"href":"https:\/\/blogin.al\/index.php?rest_route=%2Fwp%2Fv2%2Ftags&post=15236"}],"curies":[{"name":"wp","href":"https:\/\/api.w.org\/{rel}","templated":true}]}}