{"id":15256,"date":"2022-09-29T16:43:35","date_gmt":"2022-09-29T16:43:35","guid":{"rendered":"https:\/\/blogin.al\/?p=15256"},"modified":"2022-09-29T16:48:15","modified_gmt":"2022-09-29T16:48:15","slug":"me-arbana-osmanin-nuk-kam-miqesi-alketa-vejsiu-zbulon-publikisht-si-qendron-e-verteta-mes-dy-moderatoreve","status":"publish","type":"post","link":"https:\/\/blogin.al\/?p=15256","title":{"rendered":"\u201cMe Arbana Osmanin nuk kam miq\u00ebsi\u201d, Alketa Vejsiu zbulon publikisht si q\u00ebndron e v\u00ebrteta mes dy moderatoreve"},"content":{"rendered":"\n<p>Alketa Vejsiu dhe Arbana Osmani jan\u00eb dy nga moderatoret q\u00eb kan\u00eb b\u00ebr\u00eb historin\u00eb n\u00eb ekranin shqiptar. Ato kan\u00eb vite n\u00eb sken\u00eb dhe emisionet q\u00eb prezantojn\u00eb jan\u00eb gjithmon\u00eb m\u00eb t\u00eb suksesshmit.<\/p>\n\n\n\n<p>Nisur nga fakti q\u00eb vajzat jan\u00eb n\u00eb televizione rivale, kjo ka b\u00ebr\u00eb kurioz ndjek\u00ebsit, t\u00eb cil\u00ebt jan\u00eb shum\u00eb t\u00eb interesuar p\u00ebr marr\u00ebdh\u00ebnien e tyre.<\/p>\n\n\n\n<p>P\u00ebrmes nj\u00eb postimi n\u00eb Instastory, Alketa ka treguar se me Arban\u00ebn nuk ka miq\u00ebsi, por e respekton pun\u00ebn e saj, ve\u00e7an\u00ebrisht p\u00ebr faktin se \u00ebsht\u00eb vajz\u00eb n\u00eb nj\u00eb ambient t\u00eb v\u00ebshtir\u00eb si industria e medias.<\/p>\n\n\n\n<p>\u201cMiq\u00ebsi nuk kam, por kam nj\u00eb histori t\u00eb vjet\u00ebr kolegesh. Kemi punuar n\u00eb t\u00eb nj\u00ebjt\u00ebn radio, p\u00ebrfaq\u00ebsojm\u00eb t\u00eb nj\u00ebjt\u00ebn gjenerat\u00eb. Edhe n\u00eb distanc\u00eb un\u00eb respektohem me t\u00eb gjith\u00eb koleg\u00ebt, sidomos kur jan\u00eb vajza dhe n\u00eb k\u00ebt\u00eb mjedis t\u00eb v\u00ebshtir\u00eb si\u00e7 \u00ebsht\u00eb industria e mediave ja dalin q\u00eb t\u00eb mbijetojn\u00eb dhe t\u00eb b\u00ebjn\u00eb sukses\u201d, u shpreh Vejsiu.<\/p>\n\n\n\n<figure class=\"wp-block-video\"><video height=\"1280\" style=\"aspect-ratio: 720 \/ 1280;\" width=\"720\" controls src=\"https:\/\/blogin.al\/wp-content\/uploads\/2022\/09\/VID_95931123_205959_940.mp4\"><\/video><\/figure>\n","protected":false},"excerpt":{"rendered":"<p>Alketa Vejsiu dhe Arbana Osmani jan\u00eb dy nga moderatoret q\u00eb kan\u00eb b\u00ebr\u00eb historin\u00eb n\u00eb ekranin shqiptar. Ato kan\u00eb vite n\u00eb sken\u00eb dhe emisionet q\u00eb prezantojn\u00eb jan\u00eb gjithmon\u00eb m\u00eb t\u00eb suksesshmit. Nisur nga fakti q\u00eb vajzat jan\u00eb n\u00eb televizione rivale, kjo ka b\u00ebr\u00eb kurioz ndjek\u00ebsit, t\u00eb cil\u00ebt jan\u00eb shum\u00eb t\u00eb interesuar p\u00ebr marr\u00ebdh\u00ebnien e tyre. P\u00ebrmes [&hellip;]<\/p>\n","protected":false},"author":2,"featured_media":15258,"comment_status":"open","ping_status":"open","sticky":false,"template":"","format":"standard","meta":{"footnotes":""},"categories":[33],"tags":[],"class_list":{"0":"post-15256","1":"post","2":"type-post","3":"status-publish","4":"format-standard","5":"has-post-thumbnail","7":"category-showbiz"},"yoast_head":"<!-- This site is optimized with the Yoast SEO plugin v27.5 - https:\/\/yoast.com\/product\/yoast-seo-wordpress\/ -->\n<title>\u201cMe Arbana Osmanin nuk kam miq\u00ebsi\u201d, Alketa Vejsiu zbulon publikisht si q\u00ebndron e v\u00ebrteta mes dy moderatoreve - blogin.al<\/title>\n<meta name=\"robots\" content=\"index, follow, max-snippet:-1, max-image-preview:large, max-video-preview:-1\" \/>\n<link rel=\"canonical\" href=\"https:\/\/blogin.al\/?p=15256\" \/>\n<meta property=\"og:locale\" content=\"en_US\" \/>\n<meta property=\"og:type\" content=\"article\" \/>\n<meta property=\"og:title\" content=\"\u201cMe Arbana Osmanin nuk kam miq\u00ebsi\u201d, Alketa Vejsiu zbulon publikisht si q\u00ebndron e v\u00ebrteta mes dy moderatoreve - blogin.al\" \/>\n<meta property=\"og:description\" content=\"Alketa Vejsiu dhe Arbana Osmani jan\u00eb dy nga moderatoret q\u00eb kan\u00eb b\u00ebr\u00eb historin\u00eb n\u00eb ekranin shqiptar. Ato kan\u00eb vite n\u00eb sken\u00eb dhe emisionet q\u00eb prezantojn\u00eb jan\u00eb gjithmon\u00eb m\u00eb t\u00eb suksesshmit. Nisur nga fakti q\u00eb vajzat jan\u00eb n\u00eb televizione rivale, kjo ka b\u00ebr\u00eb kurioz ndjek\u00ebsit, t\u00eb cil\u00ebt jan\u00eb shum\u00eb t\u00eb interesuar p\u00ebr marr\u00ebdh\u00ebnien e tyre. P\u00ebrmes [&hellip;]\" \/>\n<meta property=\"og:url\" content=\"https:\/\/blogin.al\/?p=15256\" \/>\n<meta property=\"og:site_name\" content=\"blogin.al\" \/>\n<meta property=\"article:published_time\" content=\"2022-09-29T16:43:35+00:00\" \/>\n<meta property=\"article:modified_time\" content=\"2022-09-29T16:48:15+00:00\" \/>\n<meta property=\"og:image\" content=\"https:\/\/blogin.al\/wp-content\/uploads\/2022\/09\/20220929_184404-scaled.jpg\" \/>\n\t<meta property=\"og:image:width\" content=\"2560\" \/>\n\t<meta property=\"og:image:height\" content=\"2560\" \/>\n\t<meta property=\"og:image:type\" content=\"image\/jpeg\" \/>\n<meta name=\"author\" content=\"Blogin al\" \/>\n<meta name=\"twitter:card\" content=\"summary_large_image\" \/>\n<meta name=\"twitter:label1\" content=\"Written by\" \/>\n\t<meta name=\"twitter:data1\" content=\"Blogin al\" \/>\n\t<meta name=\"twitter:label2\" content=\"Est. reading time\" \/>\n\t<meta name=\"twitter:data2\" content=\"1 minute\" \/>\n<script type=\"application\/ld+json\" class=\"yoast-schema-graph\">{\"@context\":\"https:\\\/\\\/schema.org\",\"@graph\":[{\"@type\":\"Article\",\"@id\":\"https:\\\/\\\/blogin.al\\\/?p=15256#article\",\"isPartOf\":{\"@id\":\"https:\\\/\\\/blogin.al\\\/?p=15256\"},\"author\":{\"name\":\"Blogin al\",\"@id\":\"https:\\\/\\\/blogin.al\\\/#\\\/schema\\\/person\\\/abdd56bc912cd511db877b852b115399\"},\"headline\":\"\u201cMe Arbana Osmanin nuk kam miq\u00ebsi\u201d, Alketa Vejsiu zbulon publikisht si q\u00ebndron e v\u00ebrteta mes dy moderatoreve\",\"datePublished\":\"2022-09-29T16:43:35+00:00\",\"dateModified\":\"2022-09-29T16:48:15+00:00\",\"mainEntityOfPage\":{\"@id\":\"https:\\\/\\\/blogin.al\\\/?p=15256\"},\"wordCount\":192,\"commentCount\":0,\"publisher\":{\"@id\":\"https:\\\/\\\/blogin.al\\\/#organization\"},\"image\":{\"@id\":\"https:\\\/\\\/blogin.al\\\/?p=15256#primaryimage\"},\"thumbnailUrl\":\"https:\\\/\\\/blogin.al\\\/wp-content\\\/uploads\\\/2022\\\/09\\\/20220929_184404-scaled.jpg\",\"articleSection\":[\"SHOWBIZ\"],\"inLanguage\":\"en-US\",\"potentialAction\":[{\"@type\":\"CommentAction\",\"name\":\"Comment\",\"target\":[\"https:\\\/\\\/blogin.al\\\/?p=15256#respond\"]}]},{\"@type\":\"WebPage\",\"@id\":\"https:\\\/\\\/blogin.al\\\/?p=15256\",\"url\":\"https:\\\/\\\/blogin.al\\\/?p=15256\",\"name\":\"\u201cMe Arbana Osmanin nuk kam miq\u00ebsi\u201d, Alketa Vejsiu zbulon publikisht si q\u00ebndron e v\u00ebrteta mes dy moderatoreve - blogin.al\",\"isPartOf\":{\"@id\":\"https:\\\/\\\/blogin.al\\\/#website\"},\"primaryImageOfPage\":{\"@id\":\"https:\\\/\\\/blogin.al\\\/?p=15256#primaryimage\"},\"image\":{\"@id\":\"https:\\\/\\\/blogin.al\\\/?p=15256#primaryimage\"},\"thumbnailUrl\":\"https:\\\/\\\/blogin.al\\\/wp-content\\\/uploads\\\/2022\\\/09\\\/20220929_184404-scaled.jpg\",\"datePublished\":\"2022-09-29T16:43:35+00:00\",\"dateModified\":\"2022-09-29T16:48:15+00:00\",\"breadcrumb\":{\"@id\":\"https:\\\/\\\/blogin.al\\\/?p=15256#breadcrumb\"},\"inLanguage\":\"en-US\",\"potentialAction\":[{\"@type\":\"ReadAction\",\"target\":[\"https:\\\/\\\/blogin.al\\\/?p=15256\"]}]},{\"@type\":\"ImageObject\",\"inLanguage\":\"en-US\",\"@id\":\"https:\\\/\\\/blogin.al\\\/?p=15256#primaryimage\",\"url\":\"https:\\\/\\\/blogin.al\\\/wp-content\\\/uploads\\\/2022\\\/09\\\/20220929_184404-scaled.jpg\",\"contentUrl\":\"https:\\\/\\\/blogin.al\\\/wp-content\\\/uploads\\\/2022\\\/09\\\/20220929_184404-scaled.jpg\",\"width\":2560,\"height\":2560},{\"@type\":\"BreadcrumbList\",\"@id\":\"https:\\\/\\\/blogin.al\\\/?p=15256#breadcrumb\",\"itemListElement\":[{\"@type\":\"ListItem\",\"position\":1,\"name\":\"Home\",\"item\":\"https:\\\/\\\/blogin.al\\\/\"},{\"@type\":\"ListItem\",\"position\":2,\"name\":\"\u201cMe Arbana Osmanin nuk kam miq\u00ebsi\u201d, Alketa Vejsiu zbulon publikisht si q\u00ebndron e v\u00ebrteta mes dy moderatoreve\"}]},{\"@type\":\"WebSite\",\"@id\":\"https:\\\/\\\/blogin.al\\\/#website\",\"url\":\"https:\\\/\\\/blogin.al\\\/\",\"name\":\"blogin.al\",\"description\":\"\",\"publisher\":{\"@id\":\"https:\\\/\\\/blogin.al\\\/#organization\"},\"potentialAction\":[{\"@type\":\"SearchAction\",\"target\":{\"@type\":\"EntryPoint\",\"urlTemplate\":\"https:\\\/\\\/blogin.al\\\/?s={search_term_string}\"},\"query-input\":{\"@type\":\"PropertyValueSpecification\",\"valueRequired\":true,\"valueName\":\"search_term_string\"}}],\"inLanguage\":\"en-US\"},{\"@type\":\"Organization\",\"@id\":\"https:\\\/\\\/blogin.al\\\/#organization\",\"name\":\"BLOGIN.al\",\"url\":\"https:\\\/\\\/blogin.al\\\/\",\"logo\":{\"@type\":\"ImageObject\",\"inLanguage\":\"en-US\",\"@id\":\"https:\\\/\\\/blogin.al\\\/#\\\/schema\\\/logo\\\/image\\\/\",\"url\":\"https:\\\/\\\/blogin.al\\\/wp-content\\\/uploads\\\/2022\\\/05\\\/Untitled-2-01-e1652084456514.png\",\"contentUrl\":\"https:\\\/\\\/blogin.al\\\/wp-content\\\/uploads\\\/2022\\\/05\\\/Untitled-2-01-e1652084456514.png\",\"width\":3723,\"height\":1698,\"caption\":\"BLOGIN.al\"},\"image\":{\"@id\":\"https:\\\/\\\/blogin.al\\\/#\\\/schema\\\/logo\\\/image\\\/\"},\"sameAs\":[\"https:\\\/\\\/instagram.com\\\/blogin.al\\\/\"]},{\"@type\":\"Person\",\"@id\":\"https:\\\/\\\/blogin.al\\\/#\\\/schema\\\/person\\\/abdd56bc912cd511db877b852b115399\",\"name\":\"Blogin al\",\"image\":{\"@type\":\"ImageObject\",\"inLanguage\":\"en-US\",\"@id\":\"https:\\\/\\\/secure.gravatar.com\\\/avatar\\\/60d5661aee6e835fb13dc75d2204cd0c1d61bef2efd137c0083e59ef831e235e?s=96&d=mm&r=g\",\"url\":\"https:\\\/\\\/secure.gravatar.com\\\/avatar\\\/60d5661aee6e835fb13dc75d2204cd0c1d61bef2efd137c0083e59ef831e235e?s=96&d=mm&r=g\",\"contentUrl\":\"https:\\\/\\\/secure.gravatar.com\\\/avatar\\\/60d5661aee6e835fb13dc75d2204cd0c1d61bef2efd137c0083e59ef831e235e?s=96&d=mm&r=g\",\"caption\":\"Blogin al\"},\"sameAs\":[\"https:\\\/\\\/blogin.al\"],\"url\":\"https:\\\/\\\/blogin.al\\\/?author=2\"}]}<\/script>\n<!-- \/ Yoast SEO plugin. -->","yoast_head_json":{"title":"\u201cMe Arbana Osmanin nuk kam miq\u00ebsi\u201d, Alketa Vejsiu zbulon publikisht si q\u00ebndron e v\u00ebrteta mes dy moderatoreve - blogin.al","robots":{"index":"index","follow":"follow","max-snippet":"max-snippet:-1","max-image-preview":"max-image-preview:large","max-video-preview":"max-video-preview:-1"},"canonical":"https:\/\/blogin.al\/?p=15256","og_locale":"en_US","og_type":"article","og_title":"\u201cMe Arbana Osmanin nuk kam miq\u00ebsi\u201d, Alketa Vejsiu zbulon publikisht si q\u00ebndron e v\u00ebrteta mes dy moderatoreve - blogin.al","og_description":"Alketa Vejsiu dhe Arbana Osmani jan\u00eb dy nga moderatoret q\u00eb kan\u00eb b\u00ebr\u00eb historin\u00eb n\u00eb ekranin shqiptar. Ato kan\u00eb vite n\u00eb sken\u00eb dhe emisionet q\u00eb prezantojn\u00eb jan\u00eb gjithmon\u00eb m\u00eb t\u00eb suksesshmit. Nisur nga fakti q\u00eb vajzat jan\u00eb n\u00eb televizione rivale, kjo ka b\u00ebr\u00eb kurioz ndjek\u00ebsit, t\u00eb cil\u00ebt jan\u00eb shum\u00eb t\u00eb interesuar p\u00ebr marr\u00ebdh\u00ebnien e tyre. P\u00ebrmes [&hellip;]","og_url":"https:\/\/blogin.al\/?p=15256","og_site_name":"blogin.al","article_published_time":"2022-09-29T16:43:35+00:00","article_modified_time":"2022-09-29T16:48:15+00:00","og_image":[{"width":2560,"height":2560,"url":"https:\/\/blogin.al\/wp-content\/uploads\/2022\/09\/20220929_184404-scaled.jpg","type":"image\/jpeg"}],"author":"Blogin al","twitter_card":"summary_large_image","twitter_misc":{"Written by":"Blogin al","Est. reading time":"1 minute"},"schema":{"@context":"https:\/\/schema.org","@graph":[{"@type":"Article","@id":"https:\/\/blogin.al\/?p=15256#article","isPartOf":{"@id":"https:\/\/blogin.al\/?p=15256"},"author":{"name":"Blogin al","@id":"https:\/\/blogin.al\/#\/schema\/person\/abdd56bc912cd511db877b852b115399"},"headline":"\u201cMe Arbana Osmanin nuk kam miq\u00ebsi\u201d, Alketa Vejsiu zbulon publikisht si q\u00ebndron e v\u00ebrteta mes dy moderatoreve","datePublished":"2022-09-29T16:43:35+00:00","dateModified":"2022-09-29T16:48:15+00:00","mainEntityOfPage":{"@id":"https:\/\/blogin.al\/?p=15256"},"wordCount":192,"commentCount":0,"publisher":{"@id":"https:\/\/blogin.al\/#organization"},"image":{"@id":"https:\/\/blogin.al\/?p=15256#primaryimage"},"thumbnailUrl":"https:\/\/blogin.al\/wp-content\/uploads\/2022\/09\/20220929_184404-scaled.jpg","articleSection":["SHOWBIZ"],"inLanguage":"en-US","potentialAction":[{"@type":"CommentAction","name":"Comment","target":["https:\/\/blogin.al\/?p=15256#respond"]}]},{"@type":"WebPage","@id":"https:\/\/blogin.al\/?p=15256","url":"https:\/\/blogin.al\/?p=15256","name":"\u201cMe Arbana Osmanin nuk kam miq\u00ebsi\u201d, Alketa Vejsiu zbulon publikisht si q\u00ebndron e v\u00ebrteta mes dy moderatoreve - blogin.al","isPartOf":{"@id":"https:\/\/blogin.al\/#website"},"primaryImageOfPage":{"@id":"https:\/\/blogin.al\/?p=15256#primaryimage"},"image":{"@id":"https:\/\/blogin.al\/?p=15256#primaryimage"},"thumbnailUrl":"https:\/\/blogin.al\/wp-content\/uploads\/2022\/09\/20220929_184404-scaled.jpg","datePublished":"2022-09-29T16:43:35+00:00","dateModified":"2022-09-29T16:48:15+00:00","breadcrumb":{"@id":"https:\/\/blogin.al\/?p=15256#breadcrumb"},"inLanguage":"en-US","potentialAction":[{"@type":"ReadAction","target":["https:\/\/blogin.al\/?p=15256"]}]},{"@type":"ImageObject","inLanguage":"en-US","@id":"https:\/\/blogin.al\/?p=15256#primaryimage","url":"https:\/\/blogin.al\/wp-content\/uploads\/2022\/09\/20220929_184404-scaled.jpg","contentUrl":"https:\/\/blogin.al\/wp-content\/uploads\/2022\/09\/20220929_184404-scaled.jpg","width":2560,"height":2560},{"@type":"BreadcrumbList","@id":"https:\/\/blogin.al\/?p=15256#breadcrumb","itemListElement":[{"@type":"ListItem","position":1,"name":"Home","item":"https:\/\/blogin.al\/"},{"@type":"ListItem","position":2,"name":"\u201cMe Arbana Osmanin nuk kam miq\u00ebsi\u201d, Alketa Vejsiu zbulon publikisht si q\u00ebndron e v\u00ebrteta mes dy moderatoreve"}]},{"@type":"WebSite","@id":"https:\/\/blogin.al\/#website","url":"https:\/\/blogin.al\/","name":"blogin.al","description":"","publisher":{"@id":"https:\/\/blogin.al\/#organization"},"potentialAction":[{"@type":"SearchAction","target":{"@type":"EntryPoint","urlTemplate":"https:\/\/blogin.al\/?s={search_term_string}"},"query-input":{"@type":"PropertyValueSpecification","valueRequired":true,"valueName":"search_term_string"}}],"inLanguage":"en-US"},{"@type":"Organization","@id":"https:\/\/blogin.al\/#organization","name":"BLOGIN.al","url":"https:\/\/blogin.al\/","logo":{"@type":"ImageObject","inLanguage":"en-US","@id":"https:\/\/blogin.al\/#\/schema\/logo\/image\/","url":"https:\/\/blogin.al\/wp-content\/uploads\/2022\/05\/Untitled-2-01-e1652084456514.png","contentUrl":"https:\/\/blogin.al\/wp-content\/uploads\/2022\/05\/Untitled-2-01-e1652084456514.png","width":3723,"height":1698,"caption":"BLOGIN.al"},"image":{"@id":"https:\/\/blogin.al\/#\/schema\/logo\/image\/"},"sameAs":["https:\/\/instagram.com\/blogin.al\/"]},{"@type":"Person","@id":"https:\/\/blogin.al\/#\/schema\/person\/abdd56bc912cd511db877b852b115399","name":"Blogin al","image":{"@type":"ImageObject","inLanguage":"en-US","@id":"https:\/\/secure.gravatar.com\/avatar\/60d5661aee6e835fb13dc75d2204cd0c1d61bef2efd137c0083e59ef831e235e?s=96&d=mm&r=g","url":"https:\/\/secure.gravatar.com\/avatar\/60d5661aee6e835fb13dc75d2204cd0c1d61bef2efd137c0083e59ef831e235e?s=96&d=mm&r=g","contentUrl":"https:\/\/secure.gravatar.com\/avatar\/60d5661aee6e835fb13dc75d2204cd0c1d61bef2efd137c0083e59ef831e235e?s=96&d=mm&r=g","caption":"Blogin al"},"sameAs":["https:\/\/blogin.al"],"url":"https:\/\/blogin.al\/?author=2"}]}},"_links":{"self":[{"href":"https:\/\/blogin.al\/index.php?rest_route=\/wp\/v2\/posts\/15256","targetHints":{"allow":["GET"]}}],"collection":[{"href":"https:\/\/blogin.al\/index.php?rest_route=\/wp\/v2\/posts"}],"about":[{"href":"https:\/\/blogin.al\/index.php?rest_route=\/wp\/v2\/types\/post"}],"author":[{"embeddable":true,"href":"https:\/\/blogin.al\/index.php?rest_route=\/wp\/v2\/users\/2"}],"replies":[{"embeddable":true,"href":"https:\/\/blogin.al\/index.php?rest_route=%2Fwp%2Fv2%2Fcomments&post=15256"}],"version-history":[{"count":2,"href":"https:\/\/blogin.al\/index.php?rest_route=\/wp\/v2\/posts\/15256\/revisions"}],"predecessor-version":[{"id":15260,"href":"https:\/\/blogin.al\/index.php?rest_route=\/wp\/v2\/posts\/15256\/revisions\/15260"}],"wp:featuredmedia":[{"embeddable":true,"href":"https:\/\/blogin.al\/index.php?rest_route=\/wp\/v2\/media\/15258"}],"wp:attachment":[{"href":"https:\/\/blogin.al\/index.php?rest_route=%2Fwp%2Fv2%2Fmedia&parent=15256"}],"wp:term":[{"taxonomy":"category","embeddable":true,"href":"https:\/\/blogin.al\/index.php?rest_route=%2Fwp%2Fv2%2Fcategories&post=15256"},{"taxonomy":"post_tag","embeddable":true,"href":"https:\/\/blogin.al\/index.php?rest_route=%2Fwp%2Fv2%2Ftags&post=15256"}],"curies":[{"name":"wp","href":"https:\/\/api.w.org\/{rel}","templated":true}]}}