{"id":15261,"date":"2022-09-29T17:15:50","date_gmt":"2022-09-29T17:15:50","guid":{"rendered":"https:\/\/blogin.al\/?p=15261"},"modified":"2022-09-29T17:15:51","modified_gmt":"2022-09-29T17:15:51","slug":"a-eshte-dikush-ne-jeten-e-elhaida-danit-kengetarja-flet-si-rralle-here","status":"publish","type":"post","link":"https:\/\/blogin.al\/?p=15261","title":{"rendered":"A \u00ebsht\u00eb dikush n\u00eb jet\u00ebn e Elhaida Danit? K\u00ebng\u00ebtarja flet si rrall\u00eb her\u00eb"},"content":{"rendered":"\n<p><strong>Elhaida Dani \u00ebsht\u00eb padyshim nj\u00eb nd\u00ebr k\u00ebng\u00ebtaret m\u00eb t\u00eb talentuara n\u00eb Shqip\u00ebri e cila arriti t\u00eb njihet edhe jasht\u00eb kufijve t\u00eb vendit ton\u00eb. Ndon\u00ebse mund t\u00eb dijm\u00eb gj\u00ebra p\u00ebr jet\u00ebn e saj profesionale kur vjen puna tek ajo personale, Elhaida ka qen\u00eb gjithmon\u00eb shum\u00eb hermetike.<\/strong><\/p>\n\n\n\n<p>E ftuar s\u00eb fundmi tek \u201cGoca dhe gra\u201d, artistja zbuloi se po realizon \u00ebndrr\u00ebn e saj m\u00eb t\u00eb madhe, nj\u00eb projekt shum\u00eb t\u00eb shtrenjt\u00eb p\u00ebr t\u00eb por nuk do ta zbuloj\u00eb ende. Mir\u00ebpo ajo u ngacmua pak dhe nga vajzat n\u00eb lidhje me jet\u00ebn e saj sentimentale.<\/p>\n\n\n\n<p>E pyetur n\u00ebse ka dik\u00eb n\u00eb krah\u00eb, Elhaida as nuk e mohoi por edhe as nuk e pohoi. K\u00ebng\u00ebtarja u shpreh se momentalisht nuk d\u00ebshiron t\u00eb flas\u00eb p\u00ebr kt\u00eb gj\u00eb pasi d\u00ebshiron q\u00eb ta mbaj p\u00ebr vete. Ajo theksoi se \u00ebsht\u00eb shum\u00eb supersticioze dhe shtoi se n\u00eb momentin kur ajo t\u00eb jet\u00eb e sigurt p\u00ebr gj\u00ebn\u00eb e saj at\u00ebher\u00eb do e ndaj me t\u00eb gjith\u00eb.<\/p>\n\n\n\n<figure class=\"wp-block-image size-large is-style-default\"><img fetchpriority=\"high\" decoding=\"async\" width=\"1024\" height=\"576\" src=\"https:\/\/blogin.al\/wp-content\/uploads\/2022\/09\/elhaida1-1024x576.jpg\" alt=\"\" class=\"wp-image-15263\" srcset=\"https:\/\/blogin.al\/wp-content\/uploads\/2022\/09\/elhaida1-1024x576.jpg 1024w, https:\/\/blogin.al\/wp-content\/uploads\/2022\/09\/elhaida1-300x169.jpg 300w, https:\/\/blogin.al\/wp-content\/uploads\/2022\/09\/elhaida1-768x432.jpg 768w, https:\/\/blogin.al\/wp-content\/uploads\/2022\/09\/elhaida1-150x84.jpg 150w, https:\/\/blogin.al\/wp-content\/uploads\/2022\/09\/elhaida1-696x392.jpg 696w, https:\/\/blogin.al\/wp-content\/uploads\/2022\/09\/elhaida1-1068x601.jpg 1068w, https:\/\/blogin.al\/wp-content\/uploads\/2022\/09\/elhaida1.jpg 1280w\" sizes=\"(max-width: 1024px) 100vw, 1024px\" \/><\/figure>\n\n\n\n<p><strong>Pjes\u00eb nga biseda:<\/strong><\/p>\n\n\n\n<p><em><strong>Elhaida:<\/strong>&nbsp;Kam nje projekt mjaft t\u00eb madh q\u00eb nuk dua ta b\u00ebj akoma publik por \u00ebsht\u00eb di\u00e7ka shum\u00eb e shenjt\u00eb p\u00ebr mua e kam pasur \u00ebnd\u00ebr q\u00eb kur isha e vog\u00ebl\u2026<\/em><\/p>\n\n\n\n<p><em><strong>Dalina:<\/strong>&nbsp;Dasm\u00eb?<\/em><\/p>\n\n\n\n<p><em><strong>Elhaida:<\/strong>&nbsp;Jojo nuk \u00ebsht\u00eb dasm\u00eb akoma jo p\u00ebr momentin\u2026 nejse\u2026<\/em><\/p>\n\n\n\n<p><em><strong>Fatma:<\/strong>&nbsp;Aty tek dasma the tre pika sepseka ngelur deri tek tre pikat apo nuj e ka akoma pik\u00ebn e par\u00eb<\/em><\/p>\n\n\n\n<p><em><strong>Elhaida:<\/strong>&nbsp;Nuk e di n\u00ebse dua ta them k\u00ebt\u00eb gj\u00eb, jam shum\u00eb hermetike tek kjo gj\u00eb. Jam shum\u00eb supersticioze dua ta mbaj\u2026<\/em><\/p>\n\n\n\n<p><em><strong>Fatma:<\/strong>&nbsp;A ka ndodhur q\u00eb di\u00e7ka e bukur, e mir\u00eb t\u00eb jet\u00eb prishur nga energjia e keqe ose \u2018syri\u2019?<\/em><\/p>\n\n\n\n<p><em><strong>Elhaida:<\/strong>\u00a0Nuk di t\u00eb them n\u00ebse \u00ebsht\u00eb prishur nga energjia e keqe apo syri por di q\u00eb gj\u00ebtat t\u00eb cilat nuk ekzistojn\u00eb skoma\u2026 m\u00eb sakt\u00eb p\u00ebrse t\u00eb ndaj di\u00e7ka timen kur nuk jam e bindur 1000% di\u00e7ka q\u00eb do ndodhi. Thjeshtdua ta mbaj dicka private timem dhe ta ruaj derisa t\u00eb jem e sigurt q\u00eb dua ta ndaj me k\u00ebdo sepse n\u00eb k\u00ebt\u00eb rast jam dhe nj\u00eb personazh publik dhe m\u00eb duhet t\u00eb jem e kujdesshme.<\/em><\/p>\n\n\n\n<p><\/p>\n","protected":false},"excerpt":{"rendered":"<p>Elhaida Dani \u00ebsht\u00eb padyshim nj\u00eb nd\u00ebr k\u00ebng\u00ebtaret m\u00eb t\u00eb talentuara n\u00eb Shqip\u00ebri e cila arriti t\u00eb njihet edhe jasht\u00eb kufijve t\u00eb vendit ton\u00eb. Ndon\u00ebse mund t\u00eb dijm\u00eb gj\u00ebra p\u00ebr jet\u00ebn e saj profesionale kur vjen puna tek ajo personale, Elhaida ka qen\u00eb gjithmon\u00eb shum\u00eb hermetike. E ftuar s\u00eb fundmi tek \u201cGoca dhe gra\u201d, artistja zbuloi [&hellip;]<\/p>\n","protected":false},"author":2,"featured_media":15262,"comment_status":"open","ping_status":"open","sticky":false,"template":"","format":"standard","meta":{"footnotes":""},"categories":[33],"tags":[],"class_list":{"0":"post-15261","1":"post","2":"type-post","3":"status-publish","4":"format-standard","5":"has-post-thumbnail","7":"category-showbiz"},"yoast_head":"<!-- This site is optimized with the Yoast SEO plugin v27.5 - https:\/\/yoast.com\/product\/yoast-seo-wordpress\/ -->\n<title>A \u00ebsht\u00eb dikush n\u00eb jet\u00ebn e Elhaida Danit? K\u00ebng\u00ebtarja flet si rrall\u00eb her\u00eb - blogin.al<\/title>\n<meta name=\"robots\" content=\"index, follow, max-snippet:-1, max-image-preview:large, max-video-preview:-1\" \/>\n<link rel=\"canonical\" href=\"https:\/\/blogin.al\/?p=15261\" \/>\n<meta property=\"og:locale\" content=\"en_US\" \/>\n<meta property=\"og:type\" content=\"article\" \/>\n<meta property=\"og:title\" content=\"A \u00ebsht\u00eb dikush n\u00eb jet\u00ebn e Elhaida Danit? K\u00ebng\u00ebtarja flet si rrall\u00eb her\u00eb - blogin.al\" \/>\n<meta property=\"og:description\" content=\"Elhaida Dani \u00ebsht\u00eb padyshim nj\u00eb nd\u00ebr k\u00ebng\u00ebtaret m\u00eb t\u00eb talentuara n\u00eb Shqip\u00ebri e cila arriti t\u00eb njihet edhe jasht\u00eb kufijve t\u00eb vendit ton\u00eb. Ndon\u00ebse mund t\u00eb dijm\u00eb gj\u00ebra p\u00ebr jet\u00ebn e saj profesionale kur vjen puna tek ajo personale, Elhaida ka qen\u00eb gjithmon\u00eb shum\u00eb hermetike. E ftuar s\u00eb fundmi tek \u201cGoca dhe gra\u201d, artistja zbuloi [&hellip;]\" \/>\n<meta property=\"og:url\" content=\"https:\/\/blogin.al\/?p=15261\" \/>\n<meta property=\"og:site_name\" content=\"blogin.al\" \/>\n<meta property=\"article:published_time\" content=\"2022-09-29T17:15:50+00:00\" \/>\n<meta property=\"article:modified_time\" content=\"2022-09-29T17:15:51+00:00\" \/>\n<meta property=\"og:image\" content=\"https:\/\/blogin.al\/wp-content\/uploads\/2022\/09\/elhaida.webp\" \/>\n\t<meta property=\"og:image:width\" content=\"640\" \/>\n\t<meta property=\"og:image:height\" content=\"960\" \/>\n\t<meta property=\"og:image:type\" content=\"image\/webp\" \/>\n<meta name=\"author\" content=\"Blogin al\" \/>\n<meta name=\"twitter:card\" content=\"summary_large_image\" \/>\n<meta name=\"twitter:label1\" content=\"Written by\" \/>\n\t<meta name=\"twitter:data1\" content=\"Blogin al\" \/>\n\t<meta name=\"twitter:label2\" content=\"Est. reading time\" \/>\n\t<meta name=\"twitter:data2\" content=\"2 minutes\" \/>\n<script type=\"application\/ld+json\" class=\"yoast-schema-graph\">{\"@context\":\"https:\\\/\\\/schema.org\",\"@graph\":[{\"@type\":\"Article\",\"@id\":\"https:\\\/\\\/blogin.al\\\/?p=15261#article\",\"isPartOf\":{\"@id\":\"https:\\\/\\\/blogin.al\\\/?p=15261\"},\"author\":{\"name\":\"Blogin al\",\"@id\":\"https:\\\/\\\/blogin.al\\\/#\\\/schema\\\/person\\\/abdd56bc912cd511db877b852b115399\"},\"headline\":\"A \u00ebsht\u00eb dikush n\u00eb jet\u00ebn e Elhaida Danit? K\u00ebng\u00ebtarja flet si rrall\u00eb her\u00eb\",\"datePublished\":\"2022-09-29T17:15:50+00:00\",\"dateModified\":\"2022-09-29T17:15:51+00:00\",\"mainEntityOfPage\":{\"@id\":\"https:\\\/\\\/blogin.al\\\/?p=15261\"},\"wordCount\":401,\"commentCount\":0,\"publisher\":{\"@id\":\"https:\\\/\\\/blogin.al\\\/#organization\"},\"image\":{\"@id\":\"https:\\\/\\\/blogin.al\\\/?p=15261#primaryimage\"},\"thumbnailUrl\":\"https:\\\/\\\/blogin.al\\\/wp-content\\\/uploads\\\/2022\\\/09\\\/elhaida.webp\",\"articleSection\":[\"SHOWBIZ\"],\"inLanguage\":\"en-US\",\"potentialAction\":[{\"@type\":\"CommentAction\",\"name\":\"Comment\",\"target\":[\"https:\\\/\\\/blogin.al\\\/?p=15261#respond\"]}]},{\"@type\":\"WebPage\",\"@id\":\"https:\\\/\\\/blogin.al\\\/?p=15261\",\"url\":\"https:\\\/\\\/blogin.al\\\/?p=15261\",\"name\":\"A \u00ebsht\u00eb dikush n\u00eb jet\u00ebn e Elhaida Danit? K\u00ebng\u00ebtarja flet si rrall\u00eb her\u00eb - blogin.al\",\"isPartOf\":{\"@id\":\"https:\\\/\\\/blogin.al\\\/#website\"},\"primaryImageOfPage\":{\"@id\":\"https:\\\/\\\/blogin.al\\\/?p=15261#primaryimage\"},\"image\":{\"@id\":\"https:\\\/\\\/blogin.al\\\/?p=15261#primaryimage\"},\"thumbnailUrl\":\"https:\\\/\\\/blogin.al\\\/wp-content\\\/uploads\\\/2022\\\/09\\\/elhaida.webp\",\"datePublished\":\"2022-09-29T17:15:50+00:00\",\"dateModified\":\"2022-09-29T17:15:51+00:00\",\"breadcrumb\":{\"@id\":\"https:\\\/\\\/blogin.al\\\/?p=15261#breadcrumb\"},\"inLanguage\":\"en-US\",\"potentialAction\":[{\"@type\":\"ReadAction\",\"target\":[\"https:\\\/\\\/blogin.al\\\/?p=15261\"]}]},{\"@type\":\"ImageObject\",\"inLanguage\":\"en-US\",\"@id\":\"https:\\\/\\\/blogin.al\\\/?p=15261#primaryimage\",\"url\":\"https:\\\/\\\/blogin.al\\\/wp-content\\\/uploads\\\/2022\\\/09\\\/elhaida.webp\",\"contentUrl\":\"https:\\\/\\\/blogin.al\\\/wp-content\\\/uploads\\\/2022\\\/09\\\/elhaida.webp\",\"width\":640,\"height\":960},{\"@type\":\"BreadcrumbList\",\"@id\":\"https:\\\/\\\/blogin.al\\\/?p=15261#breadcrumb\",\"itemListElement\":[{\"@type\":\"ListItem\",\"position\":1,\"name\":\"Home\",\"item\":\"https:\\\/\\\/blogin.al\\\/\"},{\"@type\":\"ListItem\",\"position\":2,\"name\":\"A \u00ebsht\u00eb dikush n\u00eb jet\u00ebn e Elhaida Danit? K\u00ebng\u00ebtarja flet si rrall\u00eb her\u00eb\"}]},{\"@type\":\"WebSite\",\"@id\":\"https:\\\/\\\/blogin.al\\\/#website\",\"url\":\"https:\\\/\\\/blogin.al\\\/\",\"name\":\"blogin.al\",\"description\":\"\",\"publisher\":{\"@id\":\"https:\\\/\\\/blogin.al\\\/#organization\"},\"potentialAction\":[{\"@type\":\"SearchAction\",\"target\":{\"@type\":\"EntryPoint\",\"urlTemplate\":\"https:\\\/\\\/blogin.al\\\/?s={search_term_string}\"},\"query-input\":{\"@type\":\"PropertyValueSpecification\",\"valueRequired\":true,\"valueName\":\"search_term_string\"}}],\"inLanguage\":\"en-US\"},{\"@type\":\"Organization\",\"@id\":\"https:\\\/\\\/blogin.al\\\/#organization\",\"name\":\"BLOGIN.al\",\"url\":\"https:\\\/\\\/blogin.al\\\/\",\"logo\":{\"@type\":\"ImageObject\",\"inLanguage\":\"en-US\",\"@id\":\"https:\\\/\\\/blogin.al\\\/#\\\/schema\\\/logo\\\/image\\\/\",\"url\":\"https:\\\/\\\/blogin.al\\\/wp-content\\\/uploads\\\/2022\\\/05\\\/Untitled-2-01-e1652084456514.png\",\"contentUrl\":\"https:\\\/\\\/blogin.al\\\/wp-content\\\/uploads\\\/2022\\\/05\\\/Untitled-2-01-e1652084456514.png\",\"width\":3723,\"height\":1698,\"caption\":\"BLOGIN.al\"},\"image\":{\"@id\":\"https:\\\/\\\/blogin.al\\\/#\\\/schema\\\/logo\\\/image\\\/\"},\"sameAs\":[\"https:\\\/\\\/instagram.com\\\/blogin.al\\\/\"]},{\"@type\":\"Person\",\"@id\":\"https:\\\/\\\/blogin.al\\\/#\\\/schema\\\/person\\\/abdd56bc912cd511db877b852b115399\",\"name\":\"Blogin al\",\"image\":{\"@type\":\"ImageObject\",\"inLanguage\":\"en-US\",\"@id\":\"https:\\\/\\\/secure.gravatar.com\\\/avatar\\\/60d5661aee6e835fb13dc75d2204cd0c1d61bef2efd137c0083e59ef831e235e?s=96&d=mm&r=g\",\"url\":\"https:\\\/\\\/secure.gravatar.com\\\/avatar\\\/60d5661aee6e835fb13dc75d2204cd0c1d61bef2efd137c0083e59ef831e235e?s=96&d=mm&r=g\",\"contentUrl\":\"https:\\\/\\\/secure.gravatar.com\\\/avatar\\\/60d5661aee6e835fb13dc75d2204cd0c1d61bef2efd137c0083e59ef831e235e?s=96&d=mm&r=g\",\"caption\":\"Blogin al\"},\"sameAs\":[\"https:\\\/\\\/blogin.al\"],\"url\":\"https:\\\/\\\/blogin.al\\\/?author=2\"}]}<\/script>\n<!-- \/ Yoast SEO plugin. -->","yoast_head_json":{"title":"A \u00ebsht\u00eb dikush n\u00eb jet\u00ebn e Elhaida Danit? K\u00ebng\u00ebtarja flet si rrall\u00eb her\u00eb - blogin.al","robots":{"index":"index","follow":"follow","max-snippet":"max-snippet:-1","max-image-preview":"max-image-preview:large","max-video-preview":"max-video-preview:-1"},"canonical":"https:\/\/blogin.al\/?p=15261","og_locale":"en_US","og_type":"article","og_title":"A \u00ebsht\u00eb dikush n\u00eb jet\u00ebn e Elhaida Danit? K\u00ebng\u00ebtarja flet si rrall\u00eb her\u00eb - blogin.al","og_description":"Elhaida Dani \u00ebsht\u00eb padyshim nj\u00eb nd\u00ebr k\u00ebng\u00ebtaret m\u00eb t\u00eb talentuara n\u00eb Shqip\u00ebri e cila arriti t\u00eb njihet edhe jasht\u00eb kufijve t\u00eb vendit ton\u00eb. Ndon\u00ebse mund t\u00eb dijm\u00eb gj\u00ebra p\u00ebr jet\u00ebn e saj profesionale kur vjen puna tek ajo personale, Elhaida ka qen\u00eb gjithmon\u00eb shum\u00eb hermetike. E ftuar s\u00eb fundmi tek \u201cGoca dhe gra\u201d, artistja zbuloi [&hellip;]","og_url":"https:\/\/blogin.al\/?p=15261","og_site_name":"blogin.al","article_published_time":"2022-09-29T17:15:50+00:00","article_modified_time":"2022-09-29T17:15:51+00:00","og_image":[{"width":640,"height":960,"url":"https:\/\/blogin.al\/wp-content\/uploads\/2022\/09\/elhaida.webp","type":"image\/webp"}],"author":"Blogin al","twitter_card":"summary_large_image","twitter_misc":{"Written by":"Blogin al","Est. reading time":"2 minutes"},"schema":{"@context":"https:\/\/schema.org","@graph":[{"@type":"Article","@id":"https:\/\/blogin.al\/?p=15261#article","isPartOf":{"@id":"https:\/\/blogin.al\/?p=15261"},"author":{"name":"Blogin al","@id":"https:\/\/blogin.al\/#\/schema\/person\/abdd56bc912cd511db877b852b115399"},"headline":"A \u00ebsht\u00eb dikush n\u00eb jet\u00ebn e Elhaida Danit? K\u00ebng\u00ebtarja flet si rrall\u00eb her\u00eb","datePublished":"2022-09-29T17:15:50+00:00","dateModified":"2022-09-29T17:15:51+00:00","mainEntityOfPage":{"@id":"https:\/\/blogin.al\/?p=15261"},"wordCount":401,"commentCount":0,"publisher":{"@id":"https:\/\/blogin.al\/#organization"},"image":{"@id":"https:\/\/blogin.al\/?p=15261#primaryimage"},"thumbnailUrl":"https:\/\/blogin.al\/wp-content\/uploads\/2022\/09\/elhaida.webp","articleSection":["SHOWBIZ"],"inLanguage":"en-US","potentialAction":[{"@type":"CommentAction","name":"Comment","target":["https:\/\/blogin.al\/?p=15261#respond"]}]},{"@type":"WebPage","@id":"https:\/\/blogin.al\/?p=15261","url":"https:\/\/blogin.al\/?p=15261","name":"A \u00ebsht\u00eb dikush n\u00eb jet\u00ebn e Elhaida Danit? K\u00ebng\u00ebtarja flet si rrall\u00eb her\u00eb - blogin.al","isPartOf":{"@id":"https:\/\/blogin.al\/#website"},"primaryImageOfPage":{"@id":"https:\/\/blogin.al\/?p=15261#primaryimage"},"image":{"@id":"https:\/\/blogin.al\/?p=15261#primaryimage"},"thumbnailUrl":"https:\/\/blogin.al\/wp-content\/uploads\/2022\/09\/elhaida.webp","datePublished":"2022-09-29T17:15:50+00:00","dateModified":"2022-09-29T17:15:51+00:00","breadcrumb":{"@id":"https:\/\/blogin.al\/?p=15261#breadcrumb"},"inLanguage":"en-US","potentialAction":[{"@type":"ReadAction","target":["https:\/\/blogin.al\/?p=15261"]}]},{"@type":"ImageObject","inLanguage":"en-US","@id":"https:\/\/blogin.al\/?p=15261#primaryimage","url":"https:\/\/blogin.al\/wp-content\/uploads\/2022\/09\/elhaida.webp","contentUrl":"https:\/\/blogin.al\/wp-content\/uploads\/2022\/09\/elhaida.webp","width":640,"height":960},{"@type":"BreadcrumbList","@id":"https:\/\/blogin.al\/?p=15261#breadcrumb","itemListElement":[{"@type":"ListItem","position":1,"name":"Home","item":"https:\/\/blogin.al\/"},{"@type":"ListItem","position":2,"name":"A \u00ebsht\u00eb dikush n\u00eb jet\u00ebn e Elhaida Danit? K\u00ebng\u00ebtarja flet si rrall\u00eb her\u00eb"}]},{"@type":"WebSite","@id":"https:\/\/blogin.al\/#website","url":"https:\/\/blogin.al\/","name":"blogin.al","description":"","publisher":{"@id":"https:\/\/blogin.al\/#organization"},"potentialAction":[{"@type":"SearchAction","target":{"@type":"EntryPoint","urlTemplate":"https:\/\/blogin.al\/?s={search_term_string}"},"query-input":{"@type":"PropertyValueSpecification","valueRequired":true,"valueName":"search_term_string"}}],"inLanguage":"en-US"},{"@type":"Organization","@id":"https:\/\/blogin.al\/#organization","name":"BLOGIN.al","url":"https:\/\/blogin.al\/","logo":{"@type":"ImageObject","inLanguage":"en-US","@id":"https:\/\/blogin.al\/#\/schema\/logo\/image\/","url":"https:\/\/blogin.al\/wp-content\/uploads\/2022\/05\/Untitled-2-01-e1652084456514.png","contentUrl":"https:\/\/blogin.al\/wp-content\/uploads\/2022\/05\/Untitled-2-01-e1652084456514.png","width":3723,"height":1698,"caption":"BLOGIN.al"},"image":{"@id":"https:\/\/blogin.al\/#\/schema\/logo\/image\/"},"sameAs":["https:\/\/instagram.com\/blogin.al\/"]},{"@type":"Person","@id":"https:\/\/blogin.al\/#\/schema\/person\/abdd56bc912cd511db877b852b115399","name":"Blogin al","image":{"@type":"ImageObject","inLanguage":"en-US","@id":"https:\/\/secure.gravatar.com\/avatar\/60d5661aee6e835fb13dc75d2204cd0c1d61bef2efd137c0083e59ef831e235e?s=96&d=mm&r=g","url":"https:\/\/secure.gravatar.com\/avatar\/60d5661aee6e835fb13dc75d2204cd0c1d61bef2efd137c0083e59ef831e235e?s=96&d=mm&r=g","contentUrl":"https:\/\/secure.gravatar.com\/avatar\/60d5661aee6e835fb13dc75d2204cd0c1d61bef2efd137c0083e59ef831e235e?s=96&d=mm&r=g","caption":"Blogin al"},"sameAs":["https:\/\/blogin.al"],"url":"https:\/\/blogin.al\/?author=2"}]}},"_links":{"self":[{"href":"https:\/\/blogin.al\/index.php?rest_route=\/wp\/v2\/posts\/15261","targetHints":{"allow":["GET"]}}],"collection":[{"href":"https:\/\/blogin.al\/index.php?rest_route=\/wp\/v2\/posts"}],"about":[{"href":"https:\/\/blogin.al\/index.php?rest_route=\/wp\/v2\/types\/post"}],"author":[{"embeddable":true,"href":"https:\/\/blogin.al\/index.php?rest_route=\/wp\/v2\/users\/2"}],"replies":[{"embeddable":true,"href":"https:\/\/blogin.al\/index.php?rest_route=%2Fwp%2Fv2%2Fcomments&post=15261"}],"version-history":[{"count":1,"href":"https:\/\/blogin.al\/index.php?rest_route=\/wp\/v2\/posts\/15261\/revisions"}],"predecessor-version":[{"id":15264,"href":"https:\/\/blogin.al\/index.php?rest_route=\/wp\/v2\/posts\/15261\/revisions\/15264"}],"wp:featuredmedia":[{"embeddable":true,"href":"https:\/\/blogin.al\/index.php?rest_route=\/wp\/v2\/media\/15262"}],"wp:attachment":[{"href":"https:\/\/blogin.al\/index.php?rest_route=%2Fwp%2Fv2%2Fmedia&parent=15261"}],"wp:term":[{"taxonomy":"category","embeddable":true,"href":"https:\/\/blogin.al\/index.php?rest_route=%2Fwp%2Fv2%2Fcategories&post=15261"},{"taxonomy":"post_tag","embeddable":true,"href":"https:\/\/blogin.al\/index.php?rest_route=%2Fwp%2Fv2%2Ftags&post=15261"}],"curies":[{"name":"wp","href":"https:\/\/api.w.org\/{rel}","templated":true}]}}