{"id":15282,"date":"2022-09-30T06:22:32","date_gmt":"2022-09-30T06:22:32","guid":{"rendered":"https:\/\/blogin.al\/?p=15282"},"modified":"2022-09-30T06:26:10","modified_gmt":"2022-09-30T06:26:10","slug":"pse-jonida-maliqi-nuk-shkoi-ne-dasmen-e-armina-mevlanit","status":"publish","type":"post","link":"https:\/\/blogin.al\/?p=15282","title":{"rendered":"Pse Jonida Maliqi nuk shkoi n\u00eb dasm\u00ebn e Armina Mevlanit"},"content":{"rendered":"\n<p>Armina Mevlani dhe Shk\u00eblzen Berisha kuror\u00ebzuan dashurin\u00eb e tyre n\u00eb martes\u00eb t\u00eb diel\u00ebn. \u00c7ifti mbajt\u00ebn nj\u00eb dasm\u00eb p\u00ebrrallore me mbi 300 t\u00eb ftuar, mes tyre personazhe t\u00eb njohur nga politika, ekrani dhe muzika, mir\u00ebpo u vu re mungesa e k\u00ebng\u00ebtares Jonida Maliqi.<\/p>\n\n\n\n<figure class=\"wp-block-image size-large\"><img fetchpriority=\"high\" decoding=\"async\" width=\"688\" height=\"1024\" src=\"https:\/\/blogin.al\/wp-content\/uploads\/2022\/09\/20220930_082356-688x1024.jpg\" alt=\"\" class=\"wp-image-15284\" srcset=\"https:\/\/blogin.al\/wp-content\/uploads\/2022\/09\/20220930_082356-688x1024.jpg 688w, https:\/\/blogin.al\/wp-content\/uploads\/2022\/09\/20220930_082356-202x300.jpg 202w, https:\/\/blogin.al\/wp-content\/uploads\/2022\/09\/20220930_082356-768x1142.jpg 768w, https:\/\/blogin.al\/wp-content\/uploads\/2022\/09\/20220930_082356-1033x1536.jpg 1033w, https:\/\/blogin.al\/wp-content\/uploads\/2022\/09\/20220930_082356-1377x2048.jpg 1377w, https:\/\/blogin.al\/wp-content\/uploads\/2022\/09\/20220930_082356-150x223.jpg 150w, https:\/\/blogin.al\/wp-content\/uploads\/2022\/09\/20220930_082356-300x446.jpg 300w, https:\/\/blogin.al\/wp-content\/uploads\/2022\/09\/20220930_082356-696x1035.jpg 696w, https:\/\/blogin.al\/wp-content\/uploads\/2022\/09\/20220930_082356-1068x1589.jpg 1068w, https:\/\/blogin.al\/wp-content\/uploads\/2022\/09\/20220930_082356.jpg 1440w\" sizes=\"(max-width: 688px) 100vw, 688px\" \/><\/figure>\n\n\n\n<p>Vajzat jan\u00eb mikesha shum\u00eb t\u00eb mira, madje dikur dhe bashk\u00ebpun\u00ebtore n\u00eb biznes. P\u00ebr k\u00ebt\u00eb arsye mungesa e Jonid\u00ebs\u00a0\u00ebsht\u00eb komentuar gjat\u00eb n\u00eb rrjet dhe\u00a0\u00ebsht\u00eb p\u00ebrfolur se mes tyre ka pasur ndonj\u00eb z\u00ebnk\u00eb.<\/p>\n\n\n\n<figure class=\"wp-block-image size-large\"><img decoding=\"async\" width=\"705\" height=\"1024\" src=\"https:\/\/blogin.al\/wp-content\/uploads\/2022\/09\/20220930_082345-705x1024.jpg\" alt=\"\" class=\"wp-image-15285\" srcset=\"https:\/\/blogin.al\/wp-content\/uploads\/2022\/09\/20220930_082345-705x1024.jpg 705w, https:\/\/blogin.al\/wp-content\/uploads\/2022\/09\/20220930_082345-206x300.jpg 206w, https:\/\/blogin.al\/wp-content\/uploads\/2022\/09\/20220930_082345-768x1116.jpg 768w, https:\/\/blogin.al\/wp-content\/uploads\/2022\/09\/20220930_082345-1057x1536.jpg 1057w, https:\/\/blogin.al\/wp-content\/uploads\/2022\/09\/20220930_082345-1409x2048.jpg 1409w, https:\/\/blogin.al\/wp-content\/uploads\/2022\/09\/20220930_082345-150x218.jpg 150w, https:\/\/blogin.al\/wp-content\/uploads\/2022\/09\/20220930_082345-300x436.jpg 300w, https:\/\/blogin.al\/wp-content\/uploads\/2022\/09\/20220930_082345-696x1012.jpg 696w, https:\/\/blogin.al\/wp-content\/uploads\/2022\/09\/20220930_082345-1068x1552.jpg 1068w, https:\/\/blogin.al\/wp-content\/uploads\/2022\/09\/20220930_082345.jpg 1440w\" sizes=\"(max-width: 705px) 100vw, 705px\" \/><\/figure>\n\n\n\n<p>Megjithat\u00eb, e v\u00ebrteta\u00a0\u00ebsht\u00eb ndryshe. Revista &#8220;Who&#8221; b\u00ebn t\u00eb ditur se ka qen\u00eb nj\u00eb surpriz\u00eb e fundit q\u00eb e ka l\u00ebn\u00eb Jonid\u00ebn pa shkuar n\u00eb dasm\u00eb, edhe pse ishte kujdesur p\u00ebr \u00e7do detaj, nga veshja tek grimi. B\u00ebhet fjal\u00eb p\u00ebr nj\u00eb arsye t\u00ebr\u00ebsisht personale t\u00eb cil\u00ebn Jonida ka vendosur t\u00eb mos e komentoj\u00eb.<\/p>\n","protected":false},"excerpt":{"rendered":"<p>Armina Mevlani dhe Shk\u00eblzen Berisha kuror\u00ebzuan dashurin\u00eb e tyre n\u00eb martes\u00eb t\u00eb diel\u00ebn. \u00c7ifti mbajt\u00ebn nj\u00eb dasm\u00eb p\u00ebrrallore me mbi 300 t\u00eb ftuar, mes tyre personazhe t\u00eb njohur nga politika, ekrani dhe muzika, mir\u00ebpo u vu re mungesa e k\u00ebng\u00ebtares Jonida Maliqi. Vajzat jan\u00eb mikesha shum\u00eb t\u00eb mira, madje dikur dhe bashk\u00ebpun\u00ebtore n\u00eb biznes. P\u00ebr [&hellip;]<\/p>\n","protected":false},"author":2,"featured_media":15286,"comment_status":"open","ping_status":"open","sticky":false,"template":"","format":"standard","meta":{"footnotes":""},"categories":[33],"tags":[],"class_list":{"0":"post-15282","1":"post","2":"type-post","3":"status-publish","4":"format-standard","5":"has-post-thumbnail","7":"category-showbiz"},"yoast_head":"<!-- This site is optimized with the Yoast SEO plugin v27.5 - https:\/\/yoast.com\/product\/yoast-seo-wordpress\/ -->\n<title>Pse Jonida Maliqi nuk shkoi n\u00eb dasm\u00ebn e Armina Mevlanit - blogin.al<\/title>\n<meta name=\"robots\" content=\"index, follow, max-snippet:-1, max-image-preview:large, max-video-preview:-1\" \/>\n<link rel=\"canonical\" href=\"https:\/\/blogin.al\/?p=15282\" \/>\n<meta property=\"og:locale\" content=\"en_US\" \/>\n<meta property=\"og:type\" content=\"article\" \/>\n<meta property=\"og:title\" content=\"Pse Jonida Maliqi nuk shkoi n\u00eb dasm\u00ebn e Armina Mevlanit - blogin.al\" \/>\n<meta property=\"og:description\" content=\"Armina Mevlani dhe Shk\u00eblzen Berisha kuror\u00ebzuan dashurin\u00eb e tyre n\u00eb martes\u00eb t\u00eb diel\u00ebn. \u00c7ifti mbajt\u00ebn nj\u00eb dasm\u00eb p\u00ebrrallore me mbi 300 t\u00eb ftuar, mes tyre personazhe t\u00eb njohur nga politika, ekrani dhe muzika, mir\u00ebpo u vu re mungesa e k\u00ebng\u00ebtares Jonida Maliqi. Vajzat jan\u00eb mikesha shum\u00eb t\u00eb mira, madje dikur dhe bashk\u00ebpun\u00ebtore n\u00eb biznes. P\u00ebr [&hellip;]\" \/>\n<meta property=\"og:url\" content=\"https:\/\/blogin.al\/?p=15282\" \/>\n<meta property=\"og:site_name\" content=\"blogin.al\" \/>\n<meta property=\"article:published_time\" content=\"2022-09-30T06:22:32+00:00\" \/>\n<meta property=\"article:modified_time\" content=\"2022-09-30T06:26:10+00:00\" \/>\n<meta property=\"og:image\" content=\"https:\/\/blogin.al\/wp-content\/uploads\/2022\/09\/20220930_082434-scaled.jpg\" \/>\n\t<meta property=\"og:image:width\" content=\"2560\" \/>\n\t<meta property=\"og:image:height\" content=\"2560\" \/>\n\t<meta property=\"og:image:type\" content=\"image\/jpeg\" \/>\n<meta name=\"author\" content=\"Blogin al\" \/>\n<meta name=\"twitter:card\" content=\"summary_large_image\" \/>\n<meta name=\"twitter:label1\" content=\"Written by\" \/>\n\t<meta name=\"twitter:data1\" content=\"Blogin al\" \/>\n\t<meta name=\"twitter:label2\" content=\"Est. reading time\" \/>\n\t<meta name=\"twitter:data2\" content=\"1 minute\" \/>\n<script type=\"application\/ld+json\" class=\"yoast-schema-graph\">{\"@context\":\"https:\\\/\\\/schema.org\",\"@graph\":[{\"@type\":\"Article\",\"@id\":\"https:\\\/\\\/blogin.al\\\/?p=15282#article\",\"isPartOf\":{\"@id\":\"https:\\\/\\\/blogin.al\\\/?p=15282\"},\"author\":{\"name\":\"Blogin al\",\"@id\":\"https:\\\/\\\/blogin.al\\\/#\\\/schema\\\/person\\\/abdd56bc912cd511db877b852b115399\"},\"headline\":\"Pse Jonida Maliqi nuk shkoi n\u00eb dasm\u00ebn e Armina Mevlanit\",\"datePublished\":\"2022-09-30T06:22:32+00:00\",\"dateModified\":\"2022-09-30T06:26:10+00:00\",\"mainEntityOfPage\":{\"@id\":\"https:\\\/\\\/blogin.al\\\/?p=15282\"},\"wordCount\":163,\"commentCount\":0,\"publisher\":{\"@id\":\"https:\\\/\\\/blogin.al\\\/#organization\"},\"image\":{\"@id\":\"https:\\\/\\\/blogin.al\\\/?p=15282#primaryimage\"},\"thumbnailUrl\":\"https:\\\/\\\/blogin.al\\\/wp-content\\\/uploads\\\/2022\\\/09\\\/20220930_082434-scaled.jpg\",\"articleSection\":[\"SHOWBIZ\"],\"inLanguage\":\"en-US\",\"potentialAction\":[{\"@type\":\"CommentAction\",\"name\":\"Comment\",\"target\":[\"https:\\\/\\\/blogin.al\\\/?p=15282#respond\"]}]},{\"@type\":\"WebPage\",\"@id\":\"https:\\\/\\\/blogin.al\\\/?p=15282\",\"url\":\"https:\\\/\\\/blogin.al\\\/?p=15282\",\"name\":\"Pse Jonida Maliqi nuk shkoi n\u00eb dasm\u00ebn e Armina Mevlanit - blogin.al\",\"isPartOf\":{\"@id\":\"https:\\\/\\\/blogin.al\\\/#website\"},\"primaryImageOfPage\":{\"@id\":\"https:\\\/\\\/blogin.al\\\/?p=15282#primaryimage\"},\"image\":{\"@id\":\"https:\\\/\\\/blogin.al\\\/?p=15282#primaryimage\"},\"thumbnailUrl\":\"https:\\\/\\\/blogin.al\\\/wp-content\\\/uploads\\\/2022\\\/09\\\/20220930_082434-scaled.jpg\",\"datePublished\":\"2022-09-30T06:22:32+00:00\",\"dateModified\":\"2022-09-30T06:26:10+00:00\",\"breadcrumb\":{\"@id\":\"https:\\\/\\\/blogin.al\\\/?p=15282#breadcrumb\"},\"inLanguage\":\"en-US\",\"potentialAction\":[{\"@type\":\"ReadAction\",\"target\":[\"https:\\\/\\\/blogin.al\\\/?p=15282\"]}]},{\"@type\":\"ImageObject\",\"inLanguage\":\"en-US\",\"@id\":\"https:\\\/\\\/blogin.al\\\/?p=15282#primaryimage\",\"url\":\"https:\\\/\\\/blogin.al\\\/wp-content\\\/uploads\\\/2022\\\/09\\\/20220930_082434-scaled.jpg\",\"contentUrl\":\"https:\\\/\\\/blogin.al\\\/wp-content\\\/uploads\\\/2022\\\/09\\\/20220930_082434-scaled.jpg\",\"width\":2560,\"height\":2560},{\"@type\":\"BreadcrumbList\",\"@id\":\"https:\\\/\\\/blogin.al\\\/?p=15282#breadcrumb\",\"itemListElement\":[{\"@type\":\"ListItem\",\"position\":1,\"name\":\"Home\",\"item\":\"https:\\\/\\\/blogin.al\\\/\"},{\"@type\":\"ListItem\",\"position\":2,\"name\":\"Pse Jonida Maliqi nuk shkoi n\u00eb dasm\u00ebn e Armina Mevlanit\"}]},{\"@type\":\"WebSite\",\"@id\":\"https:\\\/\\\/blogin.al\\\/#website\",\"url\":\"https:\\\/\\\/blogin.al\\\/\",\"name\":\"blogin.al\",\"description\":\"\",\"publisher\":{\"@id\":\"https:\\\/\\\/blogin.al\\\/#organization\"},\"potentialAction\":[{\"@type\":\"SearchAction\",\"target\":{\"@type\":\"EntryPoint\",\"urlTemplate\":\"https:\\\/\\\/blogin.al\\\/?s={search_term_string}\"},\"query-input\":{\"@type\":\"PropertyValueSpecification\",\"valueRequired\":true,\"valueName\":\"search_term_string\"}}],\"inLanguage\":\"en-US\"},{\"@type\":\"Organization\",\"@id\":\"https:\\\/\\\/blogin.al\\\/#organization\",\"name\":\"BLOGIN.al\",\"url\":\"https:\\\/\\\/blogin.al\\\/\",\"logo\":{\"@type\":\"ImageObject\",\"inLanguage\":\"en-US\",\"@id\":\"https:\\\/\\\/blogin.al\\\/#\\\/schema\\\/logo\\\/image\\\/\",\"url\":\"https:\\\/\\\/blogin.al\\\/wp-content\\\/uploads\\\/2022\\\/05\\\/Untitled-2-01-e1652084456514.png\",\"contentUrl\":\"https:\\\/\\\/blogin.al\\\/wp-content\\\/uploads\\\/2022\\\/05\\\/Untitled-2-01-e1652084456514.png\",\"width\":3723,\"height\":1698,\"caption\":\"BLOGIN.al\"},\"image\":{\"@id\":\"https:\\\/\\\/blogin.al\\\/#\\\/schema\\\/logo\\\/image\\\/\"},\"sameAs\":[\"https:\\\/\\\/instagram.com\\\/blogin.al\\\/\"]},{\"@type\":\"Person\",\"@id\":\"https:\\\/\\\/blogin.al\\\/#\\\/schema\\\/person\\\/abdd56bc912cd511db877b852b115399\",\"name\":\"Blogin al\",\"image\":{\"@type\":\"ImageObject\",\"inLanguage\":\"en-US\",\"@id\":\"https:\\\/\\\/secure.gravatar.com\\\/avatar\\\/60d5661aee6e835fb13dc75d2204cd0c1d61bef2efd137c0083e59ef831e235e?s=96&d=mm&r=g\",\"url\":\"https:\\\/\\\/secure.gravatar.com\\\/avatar\\\/60d5661aee6e835fb13dc75d2204cd0c1d61bef2efd137c0083e59ef831e235e?s=96&d=mm&r=g\",\"contentUrl\":\"https:\\\/\\\/secure.gravatar.com\\\/avatar\\\/60d5661aee6e835fb13dc75d2204cd0c1d61bef2efd137c0083e59ef831e235e?s=96&d=mm&r=g\",\"caption\":\"Blogin al\"},\"sameAs\":[\"https:\\\/\\\/blogin.al\"],\"url\":\"https:\\\/\\\/blogin.al\\\/?author=2\"}]}<\/script>\n<!-- \/ Yoast SEO plugin. -->","yoast_head_json":{"title":"Pse Jonida Maliqi nuk shkoi n\u00eb dasm\u00ebn e Armina Mevlanit - blogin.al","robots":{"index":"index","follow":"follow","max-snippet":"max-snippet:-1","max-image-preview":"max-image-preview:large","max-video-preview":"max-video-preview:-1"},"canonical":"https:\/\/blogin.al\/?p=15282","og_locale":"en_US","og_type":"article","og_title":"Pse Jonida Maliqi nuk shkoi n\u00eb dasm\u00ebn e Armina Mevlanit - blogin.al","og_description":"Armina Mevlani dhe Shk\u00eblzen Berisha kuror\u00ebzuan dashurin\u00eb e tyre n\u00eb martes\u00eb t\u00eb diel\u00ebn. \u00c7ifti mbajt\u00ebn nj\u00eb dasm\u00eb p\u00ebrrallore me mbi 300 t\u00eb ftuar, mes tyre personazhe t\u00eb njohur nga politika, ekrani dhe muzika, mir\u00ebpo u vu re mungesa e k\u00ebng\u00ebtares Jonida Maliqi. Vajzat jan\u00eb mikesha shum\u00eb t\u00eb mira, madje dikur dhe bashk\u00ebpun\u00ebtore n\u00eb biznes. P\u00ebr [&hellip;]","og_url":"https:\/\/blogin.al\/?p=15282","og_site_name":"blogin.al","article_published_time":"2022-09-30T06:22:32+00:00","article_modified_time":"2022-09-30T06:26:10+00:00","og_image":[{"width":2560,"height":2560,"url":"https:\/\/blogin.al\/wp-content\/uploads\/2022\/09\/20220930_082434-scaled.jpg","type":"image\/jpeg"}],"author":"Blogin al","twitter_card":"summary_large_image","twitter_misc":{"Written by":"Blogin al","Est. reading time":"1 minute"},"schema":{"@context":"https:\/\/schema.org","@graph":[{"@type":"Article","@id":"https:\/\/blogin.al\/?p=15282#article","isPartOf":{"@id":"https:\/\/blogin.al\/?p=15282"},"author":{"name":"Blogin al","@id":"https:\/\/blogin.al\/#\/schema\/person\/abdd56bc912cd511db877b852b115399"},"headline":"Pse Jonida Maliqi nuk shkoi n\u00eb dasm\u00ebn e Armina Mevlanit","datePublished":"2022-09-30T06:22:32+00:00","dateModified":"2022-09-30T06:26:10+00:00","mainEntityOfPage":{"@id":"https:\/\/blogin.al\/?p=15282"},"wordCount":163,"commentCount":0,"publisher":{"@id":"https:\/\/blogin.al\/#organization"},"image":{"@id":"https:\/\/blogin.al\/?p=15282#primaryimage"},"thumbnailUrl":"https:\/\/blogin.al\/wp-content\/uploads\/2022\/09\/20220930_082434-scaled.jpg","articleSection":["SHOWBIZ"],"inLanguage":"en-US","potentialAction":[{"@type":"CommentAction","name":"Comment","target":["https:\/\/blogin.al\/?p=15282#respond"]}]},{"@type":"WebPage","@id":"https:\/\/blogin.al\/?p=15282","url":"https:\/\/blogin.al\/?p=15282","name":"Pse Jonida Maliqi nuk shkoi n\u00eb dasm\u00ebn e Armina Mevlanit - blogin.al","isPartOf":{"@id":"https:\/\/blogin.al\/#website"},"primaryImageOfPage":{"@id":"https:\/\/blogin.al\/?p=15282#primaryimage"},"image":{"@id":"https:\/\/blogin.al\/?p=15282#primaryimage"},"thumbnailUrl":"https:\/\/blogin.al\/wp-content\/uploads\/2022\/09\/20220930_082434-scaled.jpg","datePublished":"2022-09-30T06:22:32+00:00","dateModified":"2022-09-30T06:26:10+00:00","breadcrumb":{"@id":"https:\/\/blogin.al\/?p=15282#breadcrumb"},"inLanguage":"en-US","potentialAction":[{"@type":"ReadAction","target":["https:\/\/blogin.al\/?p=15282"]}]},{"@type":"ImageObject","inLanguage":"en-US","@id":"https:\/\/blogin.al\/?p=15282#primaryimage","url":"https:\/\/blogin.al\/wp-content\/uploads\/2022\/09\/20220930_082434-scaled.jpg","contentUrl":"https:\/\/blogin.al\/wp-content\/uploads\/2022\/09\/20220930_082434-scaled.jpg","width":2560,"height":2560},{"@type":"BreadcrumbList","@id":"https:\/\/blogin.al\/?p=15282#breadcrumb","itemListElement":[{"@type":"ListItem","position":1,"name":"Home","item":"https:\/\/blogin.al\/"},{"@type":"ListItem","position":2,"name":"Pse Jonida Maliqi nuk shkoi n\u00eb dasm\u00ebn e Armina Mevlanit"}]},{"@type":"WebSite","@id":"https:\/\/blogin.al\/#website","url":"https:\/\/blogin.al\/","name":"blogin.al","description":"","publisher":{"@id":"https:\/\/blogin.al\/#organization"},"potentialAction":[{"@type":"SearchAction","target":{"@type":"EntryPoint","urlTemplate":"https:\/\/blogin.al\/?s={search_term_string}"},"query-input":{"@type":"PropertyValueSpecification","valueRequired":true,"valueName":"search_term_string"}}],"inLanguage":"en-US"},{"@type":"Organization","@id":"https:\/\/blogin.al\/#organization","name":"BLOGIN.al","url":"https:\/\/blogin.al\/","logo":{"@type":"ImageObject","inLanguage":"en-US","@id":"https:\/\/blogin.al\/#\/schema\/logo\/image\/","url":"https:\/\/blogin.al\/wp-content\/uploads\/2022\/05\/Untitled-2-01-e1652084456514.png","contentUrl":"https:\/\/blogin.al\/wp-content\/uploads\/2022\/05\/Untitled-2-01-e1652084456514.png","width":3723,"height":1698,"caption":"BLOGIN.al"},"image":{"@id":"https:\/\/blogin.al\/#\/schema\/logo\/image\/"},"sameAs":["https:\/\/instagram.com\/blogin.al\/"]},{"@type":"Person","@id":"https:\/\/blogin.al\/#\/schema\/person\/abdd56bc912cd511db877b852b115399","name":"Blogin al","image":{"@type":"ImageObject","inLanguage":"en-US","@id":"https:\/\/secure.gravatar.com\/avatar\/60d5661aee6e835fb13dc75d2204cd0c1d61bef2efd137c0083e59ef831e235e?s=96&d=mm&r=g","url":"https:\/\/secure.gravatar.com\/avatar\/60d5661aee6e835fb13dc75d2204cd0c1d61bef2efd137c0083e59ef831e235e?s=96&d=mm&r=g","contentUrl":"https:\/\/secure.gravatar.com\/avatar\/60d5661aee6e835fb13dc75d2204cd0c1d61bef2efd137c0083e59ef831e235e?s=96&d=mm&r=g","caption":"Blogin al"},"sameAs":["https:\/\/blogin.al"],"url":"https:\/\/blogin.al\/?author=2"}]}},"_links":{"self":[{"href":"https:\/\/blogin.al\/index.php?rest_route=\/wp\/v2\/posts\/15282","targetHints":{"allow":["GET"]}}],"collection":[{"href":"https:\/\/blogin.al\/index.php?rest_route=\/wp\/v2\/posts"}],"about":[{"href":"https:\/\/blogin.al\/index.php?rest_route=\/wp\/v2\/types\/post"}],"author":[{"embeddable":true,"href":"https:\/\/blogin.al\/index.php?rest_route=\/wp\/v2\/users\/2"}],"replies":[{"embeddable":true,"href":"https:\/\/blogin.al\/index.php?rest_route=%2Fwp%2Fv2%2Fcomments&post=15282"}],"version-history":[{"count":2,"href":"https:\/\/blogin.al\/index.php?rest_route=\/wp\/v2\/posts\/15282\/revisions"}],"predecessor-version":[{"id":15287,"href":"https:\/\/blogin.al\/index.php?rest_route=\/wp\/v2\/posts\/15282\/revisions\/15287"}],"wp:featuredmedia":[{"embeddable":true,"href":"https:\/\/blogin.al\/index.php?rest_route=\/wp\/v2\/media\/15286"}],"wp:attachment":[{"href":"https:\/\/blogin.al\/index.php?rest_route=%2Fwp%2Fv2%2Fmedia&parent=15282"}],"wp:term":[{"taxonomy":"category","embeddable":true,"href":"https:\/\/blogin.al\/index.php?rest_route=%2Fwp%2Fv2%2Fcategories&post=15282"},{"taxonomy":"post_tag","embeddable":true,"href":"https:\/\/blogin.al\/index.php?rest_route=%2Fwp%2Fv2%2Ftags&post=15282"}],"curies":[{"name":"wp","href":"https:\/\/api.w.org\/{rel}","templated":true}]}}