{"id":15331,"date":"2022-09-30T17:31:57","date_gmt":"2022-09-30T17:31:57","guid":{"rendered":"https:\/\/blogin.al\/?p=15331"},"modified":"2022-09-30T17:31:57","modified_gmt":"2022-09-30T17:31:57","slug":"dua-lipa-ne-nje-lidhje-me-komedianin-e-njohur-fotot-i-kapin-mat","status":"publish","type":"post","link":"https:\/\/blogin.al\/?p=15331","title":{"rendered":"Dua Lipa n\u00eb nj\u00eb lidhje me komedianin e njohur? Fotot i &#8220;kapin mat&#8221;"},"content":{"rendered":"\n<p>Dua Lipa mund t\u00eb jet\u00eb n\u00eb nj\u00eb lidhje t\u00eb re, teksa s\u00eb fundmi&nbsp;\u00ebsht\u00eb par\u00eb n\u00eb nj\u00eb dark\u00eb tep\u00ebr &#8220;romantike&#8221; n\u00eb New York me komedianin dhe aktorin Trevor Noah. Tashethemet p\u00ebr nj\u00eb histori mes tyre nis\u00ebn pas fotove t\u00eb publikuara n\u00eb media, gjat\u00eb takimit t\u00eb tyre, por edhe pas tij, ku u duk\u00ebn shum\u00eb t\u00eb af\u00ebrt.&nbsp;<\/p>\n\n\n\n<p>K\u00ebng\u00ebtarja 27-vje\u00e7are dhe komediani, 38-vje\u00e7ar, u pan\u00eb n\u00eb nj\u00eb restorant xhamajkan n\u00eb East Village. Nd\u00ebrkoh\u00eb burime p\u00ebr &#8220;Daily Mail&#8221;, t\u00eb cil\u00ebt po ashtu kan\u00eb postuar edhe fotot e saj, than\u00eb se ata ishin ulur larg nga t\u00eb gjith\u00eb t\u00eb tjer\u00ebt n\u00eb restorant dhe ishte e qart\u00eb se ishin t\u00eb lidhur me nj\u00ebri-tjetrin.<\/p>\n\n\n\n<figure class=\"wp-block-image size-full is-style-default\"><img fetchpriority=\"high\" decoding=\"async\" width=\"640\" height=\"550\" src=\"https:\/\/blogin.al\/wp-content\/uploads\/2022\/09\/dua-1.jpg\" alt=\"\" class=\"wp-image-15332\" srcset=\"https:\/\/blogin.al\/wp-content\/uploads\/2022\/09\/dua-1.jpg 640w, https:\/\/blogin.al\/wp-content\/uploads\/2022\/09\/dua-1-300x258.jpg 300w, https:\/\/blogin.al\/wp-content\/uploads\/2022\/09\/dua-1-150x129.jpg 150w\" sizes=\"(max-width: 640px) 100vw, 640px\" \/><\/figure>\n\n\n\n<p>Sic duket edhe nga fotot, ata u larguan bashk\u00eb pas dark\u00ebs, duke u ndalur disa her\u00eb p\u00ebr p\u00ebrqafime t\u00eb gjata dhe madje edhe u puth\u00ebn.<\/p>\n\n\n\n<figure class=\"wp-block-image size-full is-style-default\"><img decoding=\"async\" width=\"640\" height=\"422\" src=\"https:\/\/blogin.al\/wp-content\/uploads\/2022\/09\/dua-1-1.jpg\" alt=\"\" class=\"wp-image-15333\" srcset=\"https:\/\/blogin.al\/wp-content\/uploads\/2022\/09\/dua-1-1.jpg 640w, https:\/\/blogin.al\/wp-content\/uploads\/2022\/09\/dua-1-1-300x198.jpg 300w, https:\/\/blogin.al\/wp-content\/uploads\/2022\/09\/dua-1-1-150x99.jpg 150w\" sizes=\"(max-width: 640px) 100vw, 640px\" \/><\/figure>\n","protected":false},"excerpt":{"rendered":"<p>Dua Lipa mund t\u00eb jet\u00eb n\u00eb nj\u00eb lidhje t\u00eb re, teksa s\u00eb fundmi&nbsp;\u00ebsht\u00eb par\u00eb n\u00eb nj\u00eb dark\u00eb tep\u00ebr &#8220;romantike&#8221; n\u00eb New York me komedianin dhe aktorin Trevor Noah. Tashethemet p\u00ebr nj\u00eb histori mes tyre nis\u00ebn pas fotove t\u00eb publikuara n\u00eb media, gjat\u00eb takimit t\u00eb tyre, por edhe pas tij, ku u duk\u00ebn shum\u00eb t\u00eb af\u00ebrt.&nbsp; [&hellip;]<\/p>\n","protected":false},"author":2,"featured_media":3081,"comment_status":"open","ping_status":"open","sticky":false,"template":"","format":"standard","meta":{"footnotes":""},"categories":[33],"tags":[],"class_list":{"0":"post-15331","1":"post","2":"type-post","3":"status-publish","4":"format-standard","5":"has-post-thumbnail","7":"category-showbiz"},"yoast_head":"<!-- This site is optimized with the Yoast SEO plugin v27.5 - https:\/\/yoast.com\/product\/yoast-seo-wordpress\/ -->\n<title>Dua Lipa n\u00eb nj\u00eb lidhje me komedianin e njohur? Fotot i &quot;kapin mat&quot; - blogin.al<\/title>\n<meta name=\"robots\" content=\"index, follow, max-snippet:-1, max-image-preview:large, max-video-preview:-1\" \/>\n<link rel=\"canonical\" href=\"https:\/\/blogin.al\/?p=15331\" \/>\n<meta property=\"og:locale\" content=\"en_US\" \/>\n<meta property=\"og:type\" content=\"article\" \/>\n<meta property=\"og:title\" content=\"Dua Lipa n\u00eb nj\u00eb lidhje me komedianin e njohur? Fotot i &quot;kapin mat&quot; - blogin.al\" \/>\n<meta property=\"og:description\" content=\"Dua Lipa mund t\u00eb jet\u00eb n\u00eb nj\u00eb lidhje t\u00eb re, teksa s\u00eb fundmi&nbsp;\u00ebsht\u00eb par\u00eb n\u00eb nj\u00eb dark\u00eb tep\u00ebr &#8220;romantike&#8221; n\u00eb New York me komedianin dhe aktorin Trevor Noah. Tashethemet p\u00ebr nj\u00eb histori mes tyre nis\u00ebn pas fotove t\u00eb publikuara n\u00eb media, gjat\u00eb takimit t\u00eb tyre, por edhe pas tij, ku u duk\u00ebn shum\u00eb t\u00eb af\u00ebrt.&nbsp; [&hellip;]\" \/>\n<meta property=\"og:url\" content=\"https:\/\/blogin.al\/?p=15331\" \/>\n<meta property=\"og:site_name\" content=\"blogin.al\" \/>\n<meta property=\"article:published_time\" content=\"2022-09-30T17:31:57+00:00\" \/>\n<meta property=\"og:image\" content=\"https:\/\/blogin.al\/wp-content\/uploads\/2022\/05\/dua.png\" \/>\n\t<meta property=\"og:image:width\" content=\"574\" \/>\n\t<meta property=\"og:image:height\" content=\"604\" \/>\n\t<meta property=\"og:image:type\" content=\"image\/png\" \/>\n<meta name=\"author\" content=\"Blogin al\" \/>\n<meta name=\"twitter:card\" content=\"summary_large_image\" \/>\n<meta name=\"twitter:label1\" content=\"Written by\" \/>\n\t<meta name=\"twitter:data1\" content=\"Blogin al\" \/>\n\t<meta name=\"twitter:label2\" content=\"Est. reading time\" \/>\n\t<meta name=\"twitter:data2\" content=\"1 minute\" \/>\n<script type=\"application\/ld+json\" class=\"yoast-schema-graph\">{\"@context\":\"https:\\\/\\\/schema.org\",\"@graph\":[{\"@type\":\"Article\",\"@id\":\"https:\\\/\\\/blogin.al\\\/?p=15331#article\",\"isPartOf\":{\"@id\":\"https:\\\/\\\/blogin.al\\\/?p=15331\"},\"author\":{\"name\":\"Blogin al\",\"@id\":\"https:\\\/\\\/blogin.al\\\/#\\\/schema\\\/person\\\/abdd56bc912cd511db877b852b115399\"},\"headline\":\"Dua Lipa n\u00eb nj\u00eb lidhje me komedianin e njohur? Fotot i &#8220;kapin mat&#8221;\",\"datePublished\":\"2022-09-30T17:31:57+00:00\",\"mainEntityOfPage\":{\"@id\":\"https:\\\/\\\/blogin.al\\\/?p=15331\"},\"wordCount\":166,\"commentCount\":0,\"publisher\":{\"@id\":\"https:\\\/\\\/blogin.al\\\/#organization\"},\"image\":{\"@id\":\"https:\\\/\\\/blogin.al\\\/?p=15331#primaryimage\"},\"thumbnailUrl\":\"https:\\\/\\\/blogin.al\\\/wp-content\\\/uploads\\\/2022\\\/05\\\/dua.png\",\"articleSection\":[\"SHOWBIZ\"],\"inLanguage\":\"en-US\",\"potentialAction\":[{\"@type\":\"CommentAction\",\"name\":\"Comment\",\"target\":[\"https:\\\/\\\/blogin.al\\\/?p=15331#respond\"]}]},{\"@type\":\"WebPage\",\"@id\":\"https:\\\/\\\/blogin.al\\\/?p=15331\",\"url\":\"https:\\\/\\\/blogin.al\\\/?p=15331\",\"name\":\"Dua Lipa n\u00eb nj\u00eb lidhje me komedianin e njohur? Fotot i \\\"kapin mat\\\" - blogin.al\",\"isPartOf\":{\"@id\":\"https:\\\/\\\/blogin.al\\\/#website\"},\"primaryImageOfPage\":{\"@id\":\"https:\\\/\\\/blogin.al\\\/?p=15331#primaryimage\"},\"image\":{\"@id\":\"https:\\\/\\\/blogin.al\\\/?p=15331#primaryimage\"},\"thumbnailUrl\":\"https:\\\/\\\/blogin.al\\\/wp-content\\\/uploads\\\/2022\\\/05\\\/dua.png\",\"datePublished\":\"2022-09-30T17:31:57+00:00\",\"breadcrumb\":{\"@id\":\"https:\\\/\\\/blogin.al\\\/?p=15331#breadcrumb\"},\"inLanguage\":\"en-US\",\"potentialAction\":[{\"@type\":\"ReadAction\",\"target\":[\"https:\\\/\\\/blogin.al\\\/?p=15331\"]}]},{\"@type\":\"ImageObject\",\"inLanguage\":\"en-US\",\"@id\":\"https:\\\/\\\/blogin.al\\\/?p=15331#primaryimage\",\"url\":\"https:\\\/\\\/blogin.al\\\/wp-content\\\/uploads\\\/2022\\\/05\\\/dua.png\",\"contentUrl\":\"https:\\\/\\\/blogin.al\\\/wp-content\\\/uploads\\\/2022\\\/05\\\/dua.png\",\"width\":574,\"height\":604},{\"@type\":\"BreadcrumbList\",\"@id\":\"https:\\\/\\\/blogin.al\\\/?p=15331#breadcrumb\",\"itemListElement\":[{\"@type\":\"ListItem\",\"position\":1,\"name\":\"Home\",\"item\":\"https:\\\/\\\/blogin.al\\\/\"},{\"@type\":\"ListItem\",\"position\":2,\"name\":\"Dua Lipa n\u00eb nj\u00eb lidhje me komedianin e njohur? Fotot i &#8220;kapin mat&#8221;\"}]},{\"@type\":\"WebSite\",\"@id\":\"https:\\\/\\\/blogin.al\\\/#website\",\"url\":\"https:\\\/\\\/blogin.al\\\/\",\"name\":\"blogin.al\",\"description\":\"\",\"publisher\":{\"@id\":\"https:\\\/\\\/blogin.al\\\/#organization\"},\"potentialAction\":[{\"@type\":\"SearchAction\",\"target\":{\"@type\":\"EntryPoint\",\"urlTemplate\":\"https:\\\/\\\/blogin.al\\\/?s={search_term_string}\"},\"query-input\":{\"@type\":\"PropertyValueSpecification\",\"valueRequired\":true,\"valueName\":\"search_term_string\"}}],\"inLanguage\":\"en-US\"},{\"@type\":\"Organization\",\"@id\":\"https:\\\/\\\/blogin.al\\\/#organization\",\"name\":\"BLOGIN.al\",\"url\":\"https:\\\/\\\/blogin.al\\\/\",\"logo\":{\"@type\":\"ImageObject\",\"inLanguage\":\"en-US\",\"@id\":\"https:\\\/\\\/blogin.al\\\/#\\\/schema\\\/logo\\\/image\\\/\",\"url\":\"https:\\\/\\\/blogin.al\\\/wp-content\\\/uploads\\\/2022\\\/05\\\/Untitled-2-01-e1652084456514.png\",\"contentUrl\":\"https:\\\/\\\/blogin.al\\\/wp-content\\\/uploads\\\/2022\\\/05\\\/Untitled-2-01-e1652084456514.png\",\"width\":3723,\"height\":1698,\"caption\":\"BLOGIN.al\"},\"image\":{\"@id\":\"https:\\\/\\\/blogin.al\\\/#\\\/schema\\\/logo\\\/image\\\/\"},\"sameAs\":[\"https:\\\/\\\/instagram.com\\\/blogin.al\\\/\"]},{\"@type\":\"Person\",\"@id\":\"https:\\\/\\\/blogin.al\\\/#\\\/schema\\\/person\\\/abdd56bc912cd511db877b852b115399\",\"name\":\"Blogin al\",\"image\":{\"@type\":\"ImageObject\",\"inLanguage\":\"en-US\",\"@id\":\"https:\\\/\\\/secure.gravatar.com\\\/avatar\\\/60d5661aee6e835fb13dc75d2204cd0c1d61bef2efd137c0083e59ef831e235e?s=96&d=mm&r=g\",\"url\":\"https:\\\/\\\/secure.gravatar.com\\\/avatar\\\/60d5661aee6e835fb13dc75d2204cd0c1d61bef2efd137c0083e59ef831e235e?s=96&d=mm&r=g\",\"contentUrl\":\"https:\\\/\\\/secure.gravatar.com\\\/avatar\\\/60d5661aee6e835fb13dc75d2204cd0c1d61bef2efd137c0083e59ef831e235e?s=96&d=mm&r=g\",\"caption\":\"Blogin al\"},\"sameAs\":[\"https:\\\/\\\/blogin.al\"],\"url\":\"https:\\\/\\\/blogin.al\\\/?author=2\"}]}<\/script>\n<!-- \/ Yoast SEO plugin. -->","yoast_head_json":{"title":"Dua Lipa n\u00eb nj\u00eb lidhje me komedianin e njohur? Fotot i \"kapin mat\" - blogin.al","robots":{"index":"index","follow":"follow","max-snippet":"max-snippet:-1","max-image-preview":"max-image-preview:large","max-video-preview":"max-video-preview:-1"},"canonical":"https:\/\/blogin.al\/?p=15331","og_locale":"en_US","og_type":"article","og_title":"Dua Lipa n\u00eb nj\u00eb lidhje me komedianin e njohur? Fotot i \"kapin mat\" - blogin.al","og_description":"Dua Lipa mund t\u00eb jet\u00eb n\u00eb nj\u00eb lidhje t\u00eb re, teksa s\u00eb fundmi&nbsp;\u00ebsht\u00eb par\u00eb n\u00eb nj\u00eb dark\u00eb tep\u00ebr &#8220;romantike&#8221; n\u00eb New York me komedianin dhe aktorin Trevor Noah. Tashethemet p\u00ebr nj\u00eb histori mes tyre nis\u00ebn pas fotove t\u00eb publikuara n\u00eb media, gjat\u00eb takimit t\u00eb tyre, por edhe pas tij, ku u duk\u00ebn shum\u00eb t\u00eb af\u00ebrt.&nbsp; [&hellip;]","og_url":"https:\/\/blogin.al\/?p=15331","og_site_name":"blogin.al","article_published_time":"2022-09-30T17:31:57+00:00","og_image":[{"width":574,"height":604,"url":"https:\/\/blogin.al\/wp-content\/uploads\/2022\/05\/dua.png","type":"image\/png"}],"author":"Blogin al","twitter_card":"summary_large_image","twitter_misc":{"Written by":"Blogin al","Est. reading time":"1 minute"},"schema":{"@context":"https:\/\/schema.org","@graph":[{"@type":"Article","@id":"https:\/\/blogin.al\/?p=15331#article","isPartOf":{"@id":"https:\/\/blogin.al\/?p=15331"},"author":{"name":"Blogin al","@id":"https:\/\/blogin.al\/#\/schema\/person\/abdd56bc912cd511db877b852b115399"},"headline":"Dua Lipa n\u00eb nj\u00eb lidhje me komedianin e njohur? Fotot i &#8220;kapin mat&#8221;","datePublished":"2022-09-30T17:31:57+00:00","mainEntityOfPage":{"@id":"https:\/\/blogin.al\/?p=15331"},"wordCount":166,"commentCount":0,"publisher":{"@id":"https:\/\/blogin.al\/#organization"},"image":{"@id":"https:\/\/blogin.al\/?p=15331#primaryimage"},"thumbnailUrl":"https:\/\/blogin.al\/wp-content\/uploads\/2022\/05\/dua.png","articleSection":["SHOWBIZ"],"inLanguage":"en-US","potentialAction":[{"@type":"CommentAction","name":"Comment","target":["https:\/\/blogin.al\/?p=15331#respond"]}]},{"@type":"WebPage","@id":"https:\/\/blogin.al\/?p=15331","url":"https:\/\/blogin.al\/?p=15331","name":"Dua Lipa n\u00eb nj\u00eb lidhje me komedianin e njohur? Fotot i \"kapin mat\" - blogin.al","isPartOf":{"@id":"https:\/\/blogin.al\/#website"},"primaryImageOfPage":{"@id":"https:\/\/blogin.al\/?p=15331#primaryimage"},"image":{"@id":"https:\/\/blogin.al\/?p=15331#primaryimage"},"thumbnailUrl":"https:\/\/blogin.al\/wp-content\/uploads\/2022\/05\/dua.png","datePublished":"2022-09-30T17:31:57+00:00","breadcrumb":{"@id":"https:\/\/blogin.al\/?p=15331#breadcrumb"},"inLanguage":"en-US","potentialAction":[{"@type":"ReadAction","target":["https:\/\/blogin.al\/?p=15331"]}]},{"@type":"ImageObject","inLanguage":"en-US","@id":"https:\/\/blogin.al\/?p=15331#primaryimage","url":"https:\/\/blogin.al\/wp-content\/uploads\/2022\/05\/dua.png","contentUrl":"https:\/\/blogin.al\/wp-content\/uploads\/2022\/05\/dua.png","width":574,"height":604},{"@type":"BreadcrumbList","@id":"https:\/\/blogin.al\/?p=15331#breadcrumb","itemListElement":[{"@type":"ListItem","position":1,"name":"Home","item":"https:\/\/blogin.al\/"},{"@type":"ListItem","position":2,"name":"Dua Lipa n\u00eb nj\u00eb lidhje me komedianin e njohur? Fotot i &#8220;kapin mat&#8221;"}]},{"@type":"WebSite","@id":"https:\/\/blogin.al\/#website","url":"https:\/\/blogin.al\/","name":"blogin.al","description":"","publisher":{"@id":"https:\/\/blogin.al\/#organization"},"potentialAction":[{"@type":"SearchAction","target":{"@type":"EntryPoint","urlTemplate":"https:\/\/blogin.al\/?s={search_term_string}"},"query-input":{"@type":"PropertyValueSpecification","valueRequired":true,"valueName":"search_term_string"}}],"inLanguage":"en-US"},{"@type":"Organization","@id":"https:\/\/blogin.al\/#organization","name":"BLOGIN.al","url":"https:\/\/blogin.al\/","logo":{"@type":"ImageObject","inLanguage":"en-US","@id":"https:\/\/blogin.al\/#\/schema\/logo\/image\/","url":"https:\/\/blogin.al\/wp-content\/uploads\/2022\/05\/Untitled-2-01-e1652084456514.png","contentUrl":"https:\/\/blogin.al\/wp-content\/uploads\/2022\/05\/Untitled-2-01-e1652084456514.png","width":3723,"height":1698,"caption":"BLOGIN.al"},"image":{"@id":"https:\/\/blogin.al\/#\/schema\/logo\/image\/"},"sameAs":["https:\/\/instagram.com\/blogin.al\/"]},{"@type":"Person","@id":"https:\/\/blogin.al\/#\/schema\/person\/abdd56bc912cd511db877b852b115399","name":"Blogin al","image":{"@type":"ImageObject","inLanguage":"en-US","@id":"https:\/\/secure.gravatar.com\/avatar\/60d5661aee6e835fb13dc75d2204cd0c1d61bef2efd137c0083e59ef831e235e?s=96&d=mm&r=g","url":"https:\/\/secure.gravatar.com\/avatar\/60d5661aee6e835fb13dc75d2204cd0c1d61bef2efd137c0083e59ef831e235e?s=96&d=mm&r=g","contentUrl":"https:\/\/secure.gravatar.com\/avatar\/60d5661aee6e835fb13dc75d2204cd0c1d61bef2efd137c0083e59ef831e235e?s=96&d=mm&r=g","caption":"Blogin al"},"sameAs":["https:\/\/blogin.al"],"url":"https:\/\/blogin.al\/?author=2"}]}},"_links":{"self":[{"href":"https:\/\/blogin.al\/index.php?rest_route=\/wp\/v2\/posts\/15331","targetHints":{"allow":["GET"]}}],"collection":[{"href":"https:\/\/blogin.al\/index.php?rest_route=\/wp\/v2\/posts"}],"about":[{"href":"https:\/\/blogin.al\/index.php?rest_route=\/wp\/v2\/types\/post"}],"author":[{"embeddable":true,"href":"https:\/\/blogin.al\/index.php?rest_route=\/wp\/v2\/users\/2"}],"replies":[{"embeddable":true,"href":"https:\/\/blogin.al\/index.php?rest_route=%2Fwp%2Fv2%2Fcomments&post=15331"}],"version-history":[{"count":1,"href":"https:\/\/blogin.al\/index.php?rest_route=\/wp\/v2\/posts\/15331\/revisions"}],"predecessor-version":[{"id":15334,"href":"https:\/\/blogin.al\/index.php?rest_route=\/wp\/v2\/posts\/15331\/revisions\/15334"}],"wp:featuredmedia":[{"embeddable":true,"href":"https:\/\/blogin.al\/index.php?rest_route=\/wp\/v2\/media\/3081"}],"wp:attachment":[{"href":"https:\/\/blogin.al\/index.php?rest_route=%2Fwp%2Fv2%2Fmedia&parent=15331"}],"wp:term":[{"taxonomy":"category","embeddable":true,"href":"https:\/\/blogin.al\/index.php?rest_route=%2Fwp%2Fv2%2Fcategories&post=15331"},{"taxonomy":"post_tag","embeddable":true,"href":"https:\/\/blogin.al\/index.php?rest_route=%2Fwp%2Fv2%2Ftags&post=15331"}],"curies":[{"name":"wp","href":"https:\/\/api.w.org\/{rel}","templated":true}]}}