{"id":15377,"date":"2022-10-01T17:09:46","date_gmt":"2022-10-01T17:09:46","guid":{"rendered":"https:\/\/blogin.al\/?p=15377"},"modified":"2022-10-01T17:13:21","modified_gmt":"2022-10-01T17:13:21","slug":"iva-tico-rrefehet-si-asnjehere-me-pare-rreth-jetes-dhe-karrieres","status":"publish","type":"post","link":"https:\/\/blogin.al\/?p=15377","title":{"rendered":"Iva Ti\u00e7o rr\u00ebfehet si asnj\u00ebher\u00eb m\u00eb par\u00eb rreth jet\u00ebs dhe karrier\u00ebs"},"content":{"rendered":"\n<p>Gazetarja e njohur Iva Ti\u00e7o edhe pse \u00ebsht\u00eb nj\u00eb nga figurat m\u00eb t\u00eb njohura t\u00eb ekranit shqiptar, jet\u00ebn e saj pritave ka arritur ta mbaj gjithmon larg v\u00ebmendjes s\u00eb mediave.<\/p>\n\n\n\n<p>S\u00eb fundmi ajo ka qen\u00eb e ftuar n\u00eb programin \u201cRudina\u201d, ku s\u00eb bashku me Rudina Magjistarin ka folur p\u00ebr jet\u00ebn e saj personale, duke iu referuar konkretisht t\u00eb 20-ave t\u00eb saj dhe jetes\u00ebs tani.<\/p>\n\n\n\n<p>Ajo pranoi se n\u00eb t\u00eb 20-at e saj ka patur krizat m\u00eb t\u00eb m\u00ebdha dhe sfida t\u00eb v\u00ebshtira, duke iu referuar jet\u00ebs apo profesionit t\u00eb saj.<\/p>\n\n\n\n<p><em>\u201cN\u00eb t\u00eb 20-at un\u00eb personalisht kam pasur krizat m\u00eb t\u00eb m\u00ebdha, sepse ishin krizat \u00e7far\u00eb do b\u00ebhet me mua, \u00e7far\u00eb do b\u00ebhem kur t\u00eb rritem. Nd\u00ebrkoh\u00eb q\u00eb je rritur dhe duhet t\u00eb zgjedh\u00ebsh nj\u00eb drejtim, t\u00eb gjesh nj\u00eb pun\u00eb, si t\u00eb mbash pun\u00ebn dhe gjith\u00eb t\u00eb tjerat. Jo m\u00eb larg se dy tre dit\u00eb isha me nj\u00eb mikesh\u00ebn time dhe na doli kjo bised\u00eb, \u00e7far\u00eb do i b\u00ebje vetes po ta takoje 20-vje\u00e7e, t\u00eb dyja tham\u00eb me nj\u00eb goj\u00eb, do e kapja me shpulla. Un\u00eb nuk e mbaj mend shijimin e atyre viteve. Sigurisht kam fotografi, kam gj\u00ebra q\u00eb m\u00eb tregojn\u00eb se kam jetuar, por kan\u00eb qen\u00eb vite t\u00eb mbushura plot me ankthe, plot me sakrifica, me pun\u00eb nga m\u00ebngjesi deri kur mbaronte gazeta q\u00eb shkonte n\u00eb shtypshkronj\u00eb deri n\u00eb 12 nat\u00ebs. Tani po t\u00eb kthehesha prap\u00eb, sigurisht q\u00eb mund ta b\u00ebj, por them jo faleminderit. Ishte nj\u00eb lloj \u2018gavete\u2019 q\u00eb duhet ta b\u00ebja q\u00eb at\u00eb arrija komoditetin q\u00eb kam tani. N\u00eb t\u00eb 40-at le t\u00eb jemi edhe pak egoist\u00eb, gjith\u00eb k\u00ebto q\u00eb ke mbjell\u00eb n\u00eb 20 vitet e shkuar tani ke mund\u00ebsi t\u2019i shijosh, t\u2019i p\u00ebrkushtohesh dhe pasioneve t\u00eb tua\u201d,-&nbsp;<\/em>rr\u00ebfeu Iva<em>.<\/em><\/p>\n","protected":false},"excerpt":{"rendered":"<p>Gazetarja e njohur Iva Ti\u00e7o edhe pse \u00ebsht\u00eb nj\u00eb nga figurat m\u00eb t\u00eb njohura t\u00eb ekranit shqiptar, jet\u00ebn e saj pritave ka arritur ta mbaj gjithmon larg v\u00ebmendjes s\u00eb mediave. S\u00eb fundmi ajo ka qen\u00eb e ftuar n\u00eb programin \u201cRudina\u201d, ku s\u00eb bashku me Rudina Magjistarin ka folur p\u00ebr jet\u00ebn e saj personale, duke iu [&hellip;]<\/p>\n","protected":false},"author":2,"featured_media":15379,"comment_status":"open","ping_status":"open","sticky":false,"template":"","format":"standard","meta":{"footnotes":""},"categories":[33],"tags":[],"class_list":{"0":"post-15377","1":"post","2":"type-post","3":"status-publish","4":"format-standard","5":"has-post-thumbnail","7":"category-showbiz"},"yoast_head":"<!-- This site is optimized with the Yoast SEO plugin v27.5 - https:\/\/yoast.com\/product\/yoast-seo-wordpress\/ -->\n<title>Iva Ti\u00e7o rr\u00ebfehet si asnj\u00ebher\u00eb m\u00eb par\u00eb rreth jet\u00ebs dhe karrier\u00ebs - blogin.al<\/title>\n<meta name=\"robots\" content=\"index, follow, max-snippet:-1, max-image-preview:large, max-video-preview:-1\" \/>\n<link rel=\"canonical\" href=\"https:\/\/blogin.al\/?p=15377\" \/>\n<meta property=\"og:locale\" content=\"en_US\" \/>\n<meta property=\"og:type\" content=\"article\" \/>\n<meta property=\"og:title\" content=\"Iva Ti\u00e7o rr\u00ebfehet si asnj\u00ebher\u00eb m\u00eb par\u00eb rreth jet\u00ebs dhe karrier\u00ebs - blogin.al\" \/>\n<meta property=\"og:description\" content=\"Gazetarja e njohur Iva Ti\u00e7o edhe pse \u00ebsht\u00eb nj\u00eb nga figurat m\u00eb t\u00eb njohura t\u00eb ekranit shqiptar, jet\u00ebn e saj pritave ka arritur ta mbaj gjithmon larg v\u00ebmendjes s\u00eb mediave. S\u00eb fundmi ajo ka qen\u00eb e ftuar n\u00eb programin \u201cRudina\u201d, ku s\u00eb bashku me Rudina Magjistarin ka folur p\u00ebr jet\u00ebn e saj personale, duke iu [&hellip;]\" \/>\n<meta property=\"og:url\" content=\"https:\/\/blogin.al\/?p=15377\" \/>\n<meta property=\"og:site_name\" content=\"blogin.al\" \/>\n<meta property=\"article:published_time\" content=\"2022-10-01T17:09:46+00:00\" \/>\n<meta property=\"article:modified_time\" content=\"2022-10-01T17:13:21+00:00\" \/>\n<meta property=\"og:image\" content=\"https:\/\/blogin.al\/wp-content\/uploads\/2022\/10\/20221001_191021.jpg\" \/>\n\t<meta property=\"og:image:width\" content=\"1440\" \/>\n\t<meta property=\"og:image:height\" content=\"1646\" \/>\n\t<meta property=\"og:image:type\" content=\"image\/jpeg\" \/>\n<meta name=\"author\" content=\"Blogin al\" \/>\n<meta name=\"twitter:card\" content=\"summary_large_image\" \/>\n<meta name=\"twitter:label1\" content=\"Written by\" \/>\n\t<meta name=\"twitter:data1\" content=\"Blogin al\" \/>\n\t<meta name=\"twitter:label2\" content=\"Est. reading time\" \/>\n\t<meta name=\"twitter:data2\" content=\"2 minutes\" \/>\n<script type=\"application\/ld+json\" class=\"yoast-schema-graph\">{\"@context\":\"https:\\\/\\\/schema.org\",\"@graph\":[{\"@type\":\"Article\",\"@id\":\"https:\\\/\\\/blogin.al\\\/?p=15377#article\",\"isPartOf\":{\"@id\":\"https:\\\/\\\/blogin.al\\\/?p=15377\"},\"author\":{\"name\":\"Blogin al\",\"@id\":\"https:\\\/\\\/blogin.al\\\/#\\\/schema\\\/person\\\/abdd56bc912cd511db877b852b115399\"},\"headline\":\"Iva Ti\u00e7o rr\u00ebfehet si asnj\u00ebher\u00eb m\u00eb par\u00eb rreth jet\u00ebs dhe karrier\u00ebs\",\"datePublished\":\"2022-10-01T17:09:46+00:00\",\"dateModified\":\"2022-10-01T17:13:21+00:00\",\"mainEntityOfPage\":{\"@id\":\"https:\\\/\\\/blogin.al\\\/?p=15377\"},\"wordCount\":328,\"commentCount\":0,\"publisher\":{\"@id\":\"https:\\\/\\\/blogin.al\\\/#organization\"},\"image\":{\"@id\":\"https:\\\/\\\/blogin.al\\\/?p=15377#primaryimage\"},\"thumbnailUrl\":\"https:\\\/\\\/blogin.al\\\/wp-content\\\/uploads\\\/2022\\\/10\\\/20221001_191021.jpg\",\"articleSection\":[\"SHOWBIZ\"],\"inLanguage\":\"en-US\",\"potentialAction\":[{\"@type\":\"CommentAction\",\"name\":\"Comment\",\"target\":[\"https:\\\/\\\/blogin.al\\\/?p=15377#respond\"]}]},{\"@type\":\"WebPage\",\"@id\":\"https:\\\/\\\/blogin.al\\\/?p=15377\",\"url\":\"https:\\\/\\\/blogin.al\\\/?p=15377\",\"name\":\"Iva Ti\u00e7o rr\u00ebfehet si asnj\u00ebher\u00eb m\u00eb par\u00eb rreth jet\u00ebs dhe karrier\u00ebs - blogin.al\",\"isPartOf\":{\"@id\":\"https:\\\/\\\/blogin.al\\\/#website\"},\"primaryImageOfPage\":{\"@id\":\"https:\\\/\\\/blogin.al\\\/?p=15377#primaryimage\"},\"image\":{\"@id\":\"https:\\\/\\\/blogin.al\\\/?p=15377#primaryimage\"},\"thumbnailUrl\":\"https:\\\/\\\/blogin.al\\\/wp-content\\\/uploads\\\/2022\\\/10\\\/20221001_191021.jpg\",\"datePublished\":\"2022-10-01T17:09:46+00:00\",\"dateModified\":\"2022-10-01T17:13:21+00:00\",\"breadcrumb\":{\"@id\":\"https:\\\/\\\/blogin.al\\\/?p=15377#breadcrumb\"},\"inLanguage\":\"en-US\",\"potentialAction\":[{\"@type\":\"ReadAction\",\"target\":[\"https:\\\/\\\/blogin.al\\\/?p=15377\"]}]},{\"@type\":\"ImageObject\",\"inLanguage\":\"en-US\",\"@id\":\"https:\\\/\\\/blogin.al\\\/?p=15377#primaryimage\",\"url\":\"https:\\\/\\\/blogin.al\\\/wp-content\\\/uploads\\\/2022\\\/10\\\/20221001_191021.jpg\",\"contentUrl\":\"https:\\\/\\\/blogin.al\\\/wp-content\\\/uploads\\\/2022\\\/10\\\/20221001_191021.jpg\",\"width\":1440,\"height\":1646},{\"@type\":\"BreadcrumbList\",\"@id\":\"https:\\\/\\\/blogin.al\\\/?p=15377#breadcrumb\",\"itemListElement\":[{\"@type\":\"ListItem\",\"position\":1,\"name\":\"Home\",\"item\":\"https:\\\/\\\/blogin.al\\\/\"},{\"@type\":\"ListItem\",\"position\":2,\"name\":\"Iva Ti\u00e7o rr\u00ebfehet si asnj\u00ebher\u00eb m\u00eb par\u00eb rreth jet\u00ebs dhe karrier\u00ebs\"}]},{\"@type\":\"WebSite\",\"@id\":\"https:\\\/\\\/blogin.al\\\/#website\",\"url\":\"https:\\\/\\\/blogin.al\\\/\",\"name\":\"blogin.al\",\"description\":\"\",\"publisher\":{\"@id\":\"https:\\\/\\\/blogin.al\\\/#organization\"},\"potentialAction\":[{\"@type\":\"SearchAction\",\"target\":{\"@type\":\"EntryPoint\",\"urlTemplate\":\"https:\\\/\\\/blogin.al\\\/?s={search_term_string}\"},\"query-input\":{\"@type\":\"PropertyValueSpecification\",\"valueRequired\":true,\"valueName\":\"search_term_string\"}}],\"inLanguage\":\"en-US\"},{\"@type\":\"Organization\",\"@id\":\"https:\\\/\\\/blogin.al\\\/#organization\",\"name\":\"BLOGIN.al\",\"url\":\"https:\\\/\\\/blogin.al\\\/\",\"logo\":{\"@type\":\"ImageObject\",\"inLanguage\":\"en-US\",\"@id\":\"https:\\\/\\\/blogin.al\\\/#\\\/schema\\\/logo\\\/image\\\/\",\"url\":\"https:\\\/\\\/blogin.al\\\/wp-content\\\/uploads\\\/2022\\\/05\\\/Untitled-2-01-e1652084456514.png\",\"contentUrl\":\"https:\\\/\\\/blogin.al\\\/wp-content\\\/uploads\\\/2022\\\/05\\\/Untitled-2-01-e1652084456514.png\",\"width\":3723,\"height\":1698,\"caption\":\"BLOGIN.al\"},\"image\":{\"@id\":\"https:\\\/\\\/blogin.al\\\/#\\\/schema\\\/logo\\\/image\\\/\"},\"sameAs\":[\"https:\\\/\\\/instagram.com\\\/blogin.al\\\/\"]},{\"@type\":\"Person\",\"@id\":\"https:\\\/\\\/blogin.al\\\/#\\\/schema\\\/person\\\/abdd56bc912cd511db877b852b115399\",\"name\":\"Blogin al\",\"image\":{\"@type\":\"ImageObject\",\"inLanguage\":\"en-US\",\"@id\":\"https:\\\/\\\/secure.gravatar.com\\\/avatar\\\/60d5661aee6e835fb13dc75d2204cd0c1d61bef2efd137c0083e59ef831e235e?s=96&d=mm&r=g\",\"url\":\"https:\\\/\\\/secure.gravatar.com\\\/avatar\\\/60d5661aee6e835fb13dc75d2204cd0c1d61bef2efd137c0083e59ef831e235e?s=96&d=mm&r=g\",\"contentUrl\":\"https:\\\/\\\/secure.gravatar.com\\\/avatar\\\/60d5661aee6e835fb13dc75d2204cd0c1d61bef2efd137c0083e59ef831e235e?s=96&d=mm&r=g\",\"caption\":\"Blogin al\"},\"sameAs\":[\"https:\\\/\\\/blogin.al\"],\"url\":\"https:\\\/\\\/blogin.al\\\/?author=2\"}]}<\/script>\n<!-- \/ Yoast SEO plugin. -->","yoast_head_json":{"title":"Iva Ti\u00e7o rr\u00ebfehet si asnj\u00ebher\u00eb m\u00eb par\u00eb rreth jet\u00ebs dhe karrier\u00ebs - blogin.al","robots":{"index":"index","follow":"follow","max-snippet":"max-snippet:-1","max-image-preview":"max-image-preview:large","max-video-preview":"max-video-preview:-1"},"canonical":"https:\/\/blogin.al\/?p=15377","og_locale":"en_US","og_type":"article","og_title":"Iva Ti\u00e7o rr\u00ebfehet si asnj\u00ebher\u00eb m\u00eb par\u00eb rreth jet\u00ebs dhe karrier\u00ebs - blogin.al","og_description":"Gazetarja e njohur Iva Ti\u00e7o edhe pse \u00ebsht\u00eb nj\u00eb nga figurat m\u00eb t\u00eb njohura t\u00eb ekranit shqiptar, jet\u00ebn e saj pritave ka arritur ta mbaj gjithmon larg v\u00ebmendjes s\u00eb mediave. S\u00eb fundmi ajo ka qen\u00eb e ftuar n\u00eb programin \u201cRudina\u201d, ku s\u00eb bashku me Rudina Magjistarin ka folur p\u00ebr jet\u00ebn e saj personale, duke iu [&hellip;]","og_url":"https:\/\/blogin.al\/?p=15377","og_site_name":"blogin.al","article_published_time":"2022-10-01T17:09:46+00:00","article_modified_time":"2022-10-01T17:13:21+00:00","og_image":[{"width":1440,"height":1646,"url":"https:\/\/blogin.al\/wp-content\/uploads\/2022\/10\/20221001_191021.jpg","type":"image\/jpeg"}],"author":"Blogin al","twitter_card":"summary_large_image","twitter_misc":{"Written by":"Blogin al","Est. reading time":"2 minutes"},"schema":{"@context":"https:\/\/schema.org","@graph":[{"@type":"Article","@id":"https:\/\/blogin.al\/?p=15377#article","isPartOf":{"@id":"https:\/\/blogin.al\/?p=15377"},"author":{"name":"Blogin al","@id":"https:\/\/blogin.al\/#\/schema\/person\/abdd56bc912cd511db877b852b115399"},"headline":"Iva Ti\u00e7o rr\u00ebfehet si asnj\u00ebher\u00eb m\u00eb par\u00eb rreth jet\u00ebs dhe karrier\u00ebs","datePublished":"2022-10-01T17:09:46+00:00","dateModified":"2022-10-01T17:13:21+00:00","mainEntityOfPage":{"@id":"https:\/\/blogin.al\/?p=15377"},"wordCount":328,"commentCount":0,"publisher":{"@id":"https:\/\/blogin.al\/#organization"},"image":{"@id":"https:\/\/blogin.al\/?p=15377#primaryimage"},"thumbnailUrl":"https:\/\/blogin.al\/wp-content\/uploads\/2022\/10\/20221001_191021.jpg","articleSection":["SHOWBIZ"],"inLanguage":"en-US","potentialAction":[{"@type":"CommentAction","name":"Comment","target":["https:\/\/blogin.al\/?p=15377#respond"]}]},{"@type":"WebPage","@id":"https:\/\/blogin.al\/?p=15377","url":"https:\/\/blogin.al\/?p=15377","name":"Iva Ti\u00e7o rr\u00ebfehet si asnj\u00ebher\u00eb m\u00eb par\u00eb rreth jet\u00ebs dhe karrier\u00ebs - blogin.al","isPartOf":{"@id":"https:\/\/blogin.al\/#website"},"primaryImageOfPage":{"@id":"https:\/\/blogin.al\/?p=15377#primaryimage"},"image":{"@id":"https:\/\/blogin.al\/?p=15377#primaryimage"},"thumbnailUrl":"https:\/\/blogin.al\/wp-content\/uploads\/2022\/10\/20221001_191021.jpg","datePublished":"2022-10-01T17:09:46+00:00","dateModified":"2022-10-01T17:13:21+00:00","breadcrumb":{"@id":"https:\/\/blogin.al\/?p=15377#breadcrumb"},"inLanguage":"en-US","potentialAction":[{"@type":"ReadAction","target":["https:\/\/blogin.al\/?p=15377"]}]},{"@type":"ImageObject","inLanguage":"en-US","@id":"https:\/\/blogin.al\/?p=15377#primaryimage","url":"https:\/\/blogin.al\/wp-content\/uploads\/2022\/10\/20221001_191021.jpg","contentUrl":"https:\/\/blogin.al\/wp-content\/uploads\/2022\/10\/20221001_191021.jpg","width":1440,"height":1646},{"@type":"BreadcrumbList","@id":"https:\/\/blogin.al\/?p=15377#breadcrumb","itemListElement":[{"@type":"ListItem","position":1,"name":"Home","item":"https:\/\/blogin.al\/"},{"@type":"ListItem","position":2,"name":"Iva Ti\u00e7o rr\u00ebfehet si asnj\u00ebher\u00eb m\u00eb par\u00eb rreth jet\u00ebs dhe karrier\u00ebs"}]},{"@type":"WebSite","@id":"https:\/\/blogin.al\/#website","url":"https:\/\/blogin.al\/","name":"blogin.al","description":"","publisher":{"@id":"https:\/\/blogin.al\/#organization"},"potentialAction":[{"@type":"SearchAction","target":{"@type":"EntryPoint","urlTemplate":"https:\/\/blogin.al\/?s={search_term_string}"},"query-input":{"@type":"PropertyValueSpecification","valueRequired":true,"valueName":"search_term_string"}}],"inLanguage":"en-US"},{"@type":"Organization","@id":"https:\/\/blogin.al\/#organization","name":"BLOGIN.al","url":"https:\/\/blogin.al\/","logo":{"@type":"ImageObject","inLanguage":"en-US","@id":"https:\/\/blogin.al\/#\/schema\/logo\/image\/","url":"https:\/\/blogin.al\/wp-content\/uploads\/2022\/05\/Untitled-2-01-e1652084456514.png","contentUrl":"https:\/\/blogin.al\/wp-content\/uploads\/2022\/05\/Untitled-2-01-e1652084456514.png","width":3723,"height":1698,"caption":"BLOGIN.al"},"image":{"@id":"https:\/\/blogin.al\/#\/schema\/logo\/image\/"},"sameAs":["https:\/\/instagram.com\/blogin.al\/"]},{"@type":"Person","@id":"https:\/\/blogin.al\/#\/schema\/person\/abdd56bc912cd511db877b852b115399","name":"Blogin al","image":{"@type":"ImageObject","inLanguage":"en-US","@id":"https:\/\/secure.gravatar.com\/avatar\/60d5661aee6e835fb13dc75d2204cd0c1d61bef2efd137c0083e59ef831e235e?s=96&d=mm&r=g","url":"https:\/\/secure.gravatar.com\/avatar\/60d5661aee6e835fb13dc75d2204cd0c1d61bef2efd137c0083e59ef831e235e?s=96&d=mm&r=g","contentUrl":"https:\/\/secure.gravatar.com\/avatar\/60d5661aee6e835fb13dc75d2204cd0c1d61bef2efd137c0083e59ef831e235e?s=96&d=mm&r=g","caption":"Blogin al"},"sameAs":["https:\/\/blogin.al"],"url":"https:\/\/blogin.al\/?author=2"}]}},"_links":{"self":[{"href":"https:\/\/blogin.al\/index.php?rest_route=\/wp\/v2\/posts\/15377","targetHints":{"allow":["GET"]}}],"collection":[{"href":"https:\/\/blogin.al\/index.php?rest_route=\/wp\/v2\/posts"}],"about":[{"href":"https:\/\/blogin.al\/index.php?rest_route=\/wp\/v2\/types\/post"}],"author":[{"embeddable":true,"href":"https:\/\/blogin.al\/index.php?rest_route=\/wp\/v2\/users\/2"}],"replies":[{"embeddable":true,"href":"https:\/\/blogin.al\/index.php?rest_route=%2Fwp%2Fv2%2Fcomments&post=15377"}],"version-history":[{"count":2,"href":"https:\/\/blogin.al\/index.php?rest_route=\/wp\/v2\/posts\/15377\/revisions"}],"predecessor-version":[{"id":15380,"href":"https:\/\/blogin.al\/index.php?rest_route=\/wp\/v2\/posts\/15377\/revisions\/15380"}],"wp:featuredmedia":[{"embeddable":true,"href":"https:\/\/blogin.al\/index.php?rest_route=\/wp\/v2\/media\/15379"}],"wp:attachment":[{"href":"https:\/\/blogin.al\/index.php?rest_route=%2Fwp%2Fv2%2Fmedia&parent=15377"}],"wp:term":[{"taxonomy":"category","embeddable":true,"href":"https:\/\/blogin.al\/index.php?rest_route=%2Fwp%2Fv2%2Fcategories&post=15377"},{"taxonomy":"post_tag","embeddable":true,"href":"https:\/\/blogin.al\/index.php?rest_route=%2Fwp%2Fv2%2Ftags&post=15377"}],"curies":[{"name":"wp","href":"https:\/\/api.w.org\/{rel}","templated":true}]}}