{"id":15381,"date":"2022-10-01T17:25:08","date_gmt":"2022-10-01T17:25:08","guid":{"rendered":"https:\/\/blogin.al\/?p=15381"},"modified":"2022-10-01T17:25:09","modified_gmt":"2022-10-01T17:25:09","slug":"nga-bashkejetesa-tek-biznesi-i-perbashket-bora-e-donaldi-gati-per-hapin-e-radhes","status":"publish","type":"post","link":"https:\/\/blogin.al\/?p=15381","title":{"rendered":"Nga bashk\u00ebjetesa tek biznesi i p\u00ebrbashk\u00ebt, Bora e Donaldi gati p\u00ebr hapin e radh\u00ebs\u00a0"},"content":{"rendered":"\n<p>Prej muajsh \u00e7ifti eshte ribashkuar, por duket se kishin vendosur ta jetonin n\u00eb fsheht\u00ebsi t\u00eb madhe k\u00ebt\u00eb lidhje, duke preferuar mos t\u00eb dalin publikisht. Por axhenda e tyre mediatike i ka b\u00ebr\u00eb q\u00eb ta pranojn\u00eb k\u00ebt\u00eb raport, duke shtuar k\u00ebshtu fansat e tyre q\u00eb prej muajsh i prisnin.<\/p>\n\n\n\n<p>Por duket se ribashkimi nuk do t\u00eb mjaftohet vet\u00ebm me foto dhe fjal\u00eb t\u00eb \u00ebmbla n\u00eb emision. Bora dhe Donaldi e kan\u00eb marr\u00eb shum\u00eb seriozisht k\u00ebt\u00eb her\u00eb marr\u00ebdh\u00ebnien e tyre, duke e shtrir\u00eb edhe n\u00eb biznes.<\/p>\n\n\n\n<figure class=\"wp-block-image size-full is-style-default\"><img fetchpriority=\"high\" decoding=\"async\" width=\"607\" height=\"607\" src=\"https:\/\/blogin.al\/wp-content\/uploads\/2022\/10\/boradonaldi__277318185_113783994604308_8952400894411189215_n.jpg\" alt=\"\" class=\"wp-image-15382\" srcset=\"https:\/\/blogin.al\/wp-content\/uploads\/2022\/10\/boradonaldi__277318185_113783994604308_8952400894411189215_n.jpg 607w, https:\/\/blogin.al\/wp-content\/uploads\/2022\/10\/boradonaldi__277318185_113783994604308_8952400894411189215_n-300x300.jpg 300w, https:\/\/blogin.al\/wp-content\/uploads\/2022\/10\/boradonaldi__277318185_113783994604308_8952400894411189215_n-150x150.jpg 150w\" sizes=\"(max-width: 607px) 100vw, 607px\" \/><\/figure>\n\n\n\n<p>B\u00ebhet me dije se dyshja ka bashkuar forcat p\u00ebr t\u00eb sjell\u00eb nj\u00eb linj\u00eb t\u00eb re biznesi. Aktualisht Bora e ka linj\u00ebn e saj t\u00eb veshjeve sportive, nd\u00ebrkoh\u00eb q\u00eb bashk\u00eb me Donaldin do t\u00eb lan\u00e7ojn\u00eb nj\u00eb tjet\u00ebr linj\u00eb.<\/p>\n\n\n\n<p>Aktualisht t\u00eb dy po merren ende me skicimin e gjith\u00e7kaje dhe pritet q\u00eb \u00e7ifti t\u00eb ket\u00eb t\u00eb reja nga biznesi n\u00eb nisje t\u00eb vitit t\u00eb ardhsh\u00ebm. T\u00eb ndikuar nga popullariteti i madh q\u00eb dyshja ka, ata po p\u00ebrpiqen ta p\u00ebrdorin fam\u00ebn e tyre edhe p\u00ebr biznes, duke e shnd\u00ebrruar edhe nj\u00eb histori fitimprur\u00ebse, ve\u00e7se t\u00eb bukur p\u00ebr syt\u00eb e publikut.<\/p>\n\n\n\n<p>Bora dhe Donaldin jane s\u00ebrish gati p\u00ebr t\u00eb bashk\u00ebjetuar. Por duket se k\u00ebt\u00eb her\u00eb \u00e7ifti do t\u00eb shikoj\u00eb edhe p\u00ebr nj\u00eb sht\u00ebpi tjet\u00ebr. N\u00eb k\u00ebt\u00eb m\u00ebnyr\u00eb, ata l\u00ebn\u00eb pas gjith\u00e7ka ka ndodhur me lidhjen e tyre t\u00eb m\u00ebparshme 3-vje\u00e7are, duke nisur komplet nj\u00eb jet\u00eb t\u00eb re n\u00eb krah t\u00eb nj\u00ebri-tjetrit.<\/p>\n","protected":false},"excerpt":{"rendered":"<p>Prej muajsh \u00e7ifti eshte ribashkuar, por duket se kishin vendosur ta jetonin n\u00eb fsheht\u00ebsi t\u00eb madhe k\u00ebt\u00eb lidhje, duke preferuar mos t\u00eb dalin publikisht. Por axhenda e tyre mediatike i ka b\u00ebr\u00eb q\u00eb ta pranojn\u00eb k\u00ebt\u00eb raport, duke shtuar k\u00ebshtu fansat e tyre q\u00eb prej muajsh i prisnin. Por duket se ribashkimi nuk do t\u00eb [&hellip;]<\/p>\n","protected":false},"author":2,"featured_media":8240,"comment_status":"open","ping_status":"open","sticky":false,"template":"","format":"standard","meta":{"footnotes":""},"categories":[33],"tags":[],"class_list":{"0":"post-15381","1":"post","2":"type-post","3":"status-publish","4":"format-standard","5":"has-post-thumbnail","7":"category-showbiz"},"yoast_head":"<!-- This site is optimized with the Yoast SEO plugin v27.5 - https:\/\/yoast.com\/product\/yoast-seo-wordpress\/ -->\n<title>Nga bashk\u00ebjetesa tek biznesi i p\u00ebrbashk\u00ebt, Bora e Donaldi gati p\u00ebr hapin e radh\u00ebs\u00a0 - blogin.al<\/title>\n<meta name=\"robots\" content=\"index, follow, max-snippet:-1, max-image-preview:large, max-video-preview:-1\" \/>\n<link rel=\"canonical\" href=\"https:\/\/blogin.al\/?p=15381\" \/>\n<meta property=\"og:locale\" content=\"en_US\" \/>\n<meta property=\"og:type\" content=\"article\" \/>\n<meta property=\"og:title\" content=\"Nga bashk\u00ebjetesa tek biznesi i p\u00ebrbashk\u00ebt, Bora e Donaldi gati p\u00ebr hapin e radh\u00ebs\u00a0 - blogin.al\" \/>\n<meta property=\"og:description\" content=\"Prej muajsh \u00e7ifti eshte ribashkuar, por duket se kishin vendosur ta jetonin n\u00eb fsheht\u00ebsi t\u00eb madhe k\u00ebt\u00eb lidhje, duke preferuar mos t\u00eb dalin publikisht. Por axhenda e tyre mediatike i ka b\u00ebr\u00eb q\u00eb ta pranojn\u00eb k\u00ebt\u00eb raport, duke shtuar k\u00ebshtu fansat e tyre q\u00eb prej muajsh i prisnin. Por duket se ribashkimi nuk do t\u00eb [&hellip;]\" \/>\n<meta property=\"og:url\" content=\"https:\/\/blogin.al\/?p=15381\" \/>\n<meta property=\"og:site_name\" content=\"blogin.al\" \/>\n<meta property=\"article:published_time\" content=\"2022-10-01T17:25:08+00:00\" \/>\n<meta property=\"article:modified_time\" content=\"2022-10-01T17:25:09+00:00\" \/>\n<meta property=\"og:image\" content=\"https:\/\/blogin.al\/wp-content\/uploads\/2022\/06\/Bora-Zemani-Donald-Veshaj-.png\" \/>\n\t<meta property=\"og:image:width\" content=\"600\" \/>\n\t<meta property=\"og:image:height\" content=\"400\" \/>\n\t<meta property=\"og:image:type\" content=\"image\/png\" \/>\n<meta name=\"author\" content=\"Blogin al\" \/>\n<meta name=\"twitter:card\" content=\"summary_large_image\" \/>\n<meta name=\"twitter:label1\" content=\"Written by\" \/>\n\t<meta name=\"twitter:data1\" content=\"Blogin al\" \/>\n\t<meta name=\"twitter:label2\" content=\"Est. reading time\" \/>\n\t<meta name=\"twitter:data2\" content=\"2 minutes\" \/>\n<script type=\"application\/ld+json\" class=\"yoast-schema-graph\">{\"@context\":\"https:\\\/\\\/schema.org\",\"@graph\":[{\"@type\":\"Article\",\"@id\":\"https:\\\/\\\/blogin.al\\\/?p=15381#article\",\"isPartOf\":{\"@id\":\"https:\\\/\\\/blogin.al\\\/?p=15381\"},\"author\":{\"name\":\"Blogin al\",\"@id\":\"https:\\\/\\\/blogin.al\\\/#\\\/schema\\\/person\\\/abdd56bc912cd511db877b852b115399\"},\"headline\":\"Nga bashk\u00ebjetesa tek biznesi i p\u00ebrbashk\u00ebt, Bora e Donaldi gati p\u00ebr hapin e radh\u00ebs\u00a0\",\"datePublished\":\"2022-10-01T17:25:08+00:00\",\"dateModified\":\"2022-10-01T17:25:09+00:00\",\"mainEntityOfPage\":{\"@id\":\"https:\\\/\\\/blogin.al\\\/?p=15381\"},\"wordCount\":289,\"commentCount\":0,\"publisher\":{\"@id\":\"https:\\\/\\\/blogin.al\\\/#organization\"},\"image\":{\"@id\":\"https:\\\/\\\/blogin.al\\\/?p=15381#primaryimage\"},\"thumbnailUrl\":\"https:\\\/\\\/blogin.al\\\/wp-content\\\/uploads\\\/2022\\\/06\\\/Bora-Zemani-Donald-Veshaj-.png\",\"articleSection\":[\"SHOWBIZ\"],\"inLanguage\":\"en-US\",\"potentialAction\":[{\"@type\":\"CommentAction\",\"name\":\"Comment\",\"target\":[\"https:\\\/\\\/blogin.al\\\/?p=15381#respond\"]}]},{\"@type\":\"WebPage\",\"@id\":\"https:\\\/\\\/blogin.al\\\/?p=15381\",\"url\":\"https:\\\/\\\/blogin.al\\\/?p=15381\",\"name\":\"Nga bashk\u00ebjetesa tek biznesi i p\u00ebrbashk\u00ebt, Bora e Donaldi gati p\u00ebr hapin e radh\u00ebs\u00a0 - blogin.al\",\"isPartOf\":{\"@id\":\"https:\\\/\\\/blogin.al\\\/#website\"},\"primaryImageOfPage\":{\"@id\":\"https:\\\/\\\/blogin.al\\\/?p=15381#primaryimage\"},\"image\":{\"@id\":\"https:\\\/\\\/blogin.al\\\/?p=15381#primaryimage\"},\"thumbnailUrl\":\"https:\\\/\\\/blogin.al\\\/wp-content\\\/uploads\\\/2022\\\/06\\\/Bora-Zemani-Donald-Veshaj-.png\",\"datePublished\":\"2022-10-01T17:25:08+00:00\",\"dateModified\":\"2022-10-01T17:25:09+00:00\",\"breadcrumb\":{\"@id\":\"https:\\\/\\\/blogin.al\\\/?p=15381#breadcrumb\"},\"inLanguage\":\"en-US\",\"potentialAction\":[{\"@type\":\"ReadAction\",\"target\":[\"https:\\\/\\\/blogin.al\\\/?p=15381\"]}]},{\"@type\":\"ImageObject\",\"inLanguage\":\"en-US\",\"@id\":\"https:\\\/\\\/blogin.al\\\/?p=15381#primaryimage\",\"url\":\"https:\\\/\\\/blogin.al\\\/wp-content\\\/uploads\\\/2022\\\/06\\\/Bora-Zemani-Donald-Veshaj-.png\",\"contentUrl\":\"https:\\\/\\\/blogin.al\\\/wp-content\\\/uploads\\\/2022\\\/06\\\/Bora-Zemani-Donald-Veshaj-.png\",\"width\":600,\"height\":400},{\"@type\":\"BreadcrumbList\",\"@id\":\"https:\\\/\\\/blogin.al\\\/?p=15381#breadcrumb\",\"itemListElement\":[{\"@type\":\"ListItem\",\"position\":1,\"name\":\"Home\",\"item\":\"https:\\\/\\\/blogin.al\\\/\"},{\"@type\":\"ListItem\",\"position\":2,\"name\":\"Nga bashk\u00ebjetesa tek biznesi i p\u00ebrbashk\u00ebt, Bora e Donaldi gati p\u00ebr hapin e radh\u00ebs\u00a0\"}]},{\"@type\":\"WebSite\",\"@id\":\"https:\\\/\\\/blogin.al\\\/#website\",\"url\":\"https:\\\/\\\/blogin.al\\\/\",\"name\":\"blogin.al\",\"description\":\"\",\"publisher\":{\"@id\":\"https:\\\/\\\/blogin.al\\\/#organization\"},\"potentialAction\":[{\"@type\":\"SearchAction\",\"target\":{\"@type\":\"EntryPoint\",\"urlTemplate\":\"https:\\\/\\\/blogin.al\\\/?s={search_term_string}\"},\"query-input\":{\"@type\":\"PropertyValueSpecification\",\"valueRequired\":true,\"valueName\":\"search_term_string\"}}],\"inLanguage\":\"en-US\"},{\"@type\":\"Organization\",\"@id\":\"https:\\\/\\\/blogin.al\\\/#organization\",\"name\":\"BLOGIN.al\",\"url\":\"https:\\\/\\\/blogin.al\\\/\",\"logo\":{\"@type\":\"ImageObject\",\"inLanguage\":\"en-US\",\"@id\":\"https:\\\/\\\/blogin.al\\\/#\\\/schema\\\/logo\\\/image\\\/\",\"url\":\"https:\\\/\\\/blogin.al\\\/wp-content\\\/uploads\\\/2022\\\/05\\\/Untitled-2-01-e1652084456514.png\",\"contentUrl\":\"https:\\\/\\\/blogin.al\\\/wp-content\\\/uploads\\\/2022\\\/05\\\/Untitled-2-01-e1652084456514.png\",\"width\":3723,\"height\":1698,\"caption\":\"BLOGIN.al\"},\"image\":{\"@id\":\"https:\\\/\\\/blogin.al\\\/#\\\/schema\\\/logo\\\/image\\\/\"},\"sameAs\":[\"https:\\\/\\\/instagram.com\\\/blogin.al\\\/\"]},{\"@type\":\"Person\",\"@id\":\"https:\\\/\\\/blogin.al\\\/#\\\/schema\\\/person\\\/abdd56bc912cd511db877b852b115399\",\"name\":\"Blogin al\",\"image\":{\"@type\":\"ImageObject\",\"inLanguage\":\"en-US\",\"@id\":\"https:\\\/\\\/secure.gravatar.com\\\/avatar\\\/60d5661aee6e835fb13dc75d2204cd0c1d61bef2efd137c0083e59ef831e235e?s=96&d=mm&r=g\",\"url\":\"https:\\\/\\\/secure.gravatar.com\\\/avatar\\\/60d5661aee6e835fb13dc75d2204cd0c1d61bef2efd137c0083e59ef831e235e?s=96&d=mm&r=g\",\"contentUrl\":\"https:\\\/\\\/secure.gravatar.com\\\/avatar\\\/60d5661aee6e835fb13dc75d2204cd0c1d61bef2efd137c0083e59ef831e235e?s=96&d=mm&r=g\",\"caption\":\"Blogin al\"},\"sameAs\":[\"https:\\\/\\\/blogin.al\"],\"url\":\"https:\\\/\\\/blogin.al\\\/?author=2\"}]}<\/script>\n<!-- \/ Yoast SEO plugin. -->","yoast_head_json":{"title":"Nga bashk\u00ebjetesa tek biznesi i p\u00ebrbashk\u00ebt, Bora e Donaldi gati p\u00ebr hapin e radh\u00ebs\u00a0 - blogin.al","robots":{"index":"index","follow":"follow","max-snippet":"max-snippet:-1","max-image-preview":"max-image-preview:large","max-video-preview":"max-video-preview:-1"},"canonical":"https:\/\/blogin.al\/?p=15381","og_locale":"en_US","og_type":"article","og_title":"Nga bashk\u00ebjetesa tek biznesi i p\u00ebrbashk\u00ebt, Bora e Donaldi gati p\u00ebr hapin e radh\u00ebs\u00a0 - blogin.al","og_description":"Prej muajsh \u00e7ifti eshte ribashkuar, por duket se kishin vendosur ta jetonin n\u00eb fsheht\u00ebsi t\u00eb madhe k\u00ebt\u00eb lidhje, duke preferuar mos t\u00eb dalin publikisht. Por axhenda e tyre mediatike i ka b\u00ebr\u00eb q\u00eb ta pranojn\u00eb k\u00ebt\u00eb raport, duke shtuar k\u00ebshtu fansat e tyre q\u00eb prej muajsh i prisnin. Por duket se ribashkimi nuk do t\u00eb [&hellip;]","og_url":"https:\/\/blogin.al\/?p=15381","og_site_name":"blogin.al","article_published_time":"2022-10-01T17:25:08+00:00","article_modified_time":"2022-10-01T17:25:09+00:00","og_image":[{"width":600,"height":400,"url":"https:\/\/blogin.al\/wp-content\/uploads\/2022\/06\/Bora-Zemani-Donald-Veshaj-.png","type":"image\/png"}],"author":"Blogin al","twitter_card":"summary_large_image","twitter_misc":{"Written by":"Blogin al","Est. reading time":"2 minutes"},"schema":{"@context":"https:\/\/schema.org","@graph":[{"@type":"Article","@id":"https:\/\/blogin.al\/?p=15381#article","isPartOf":{"@id":"https:\/\/blogin.al\/?p=15381"},"author":{"name":"Blogin al","@id":"https:\/\/blogin.al\/#\/schema\/person\/abdd56bc912cd511db877b852b115399"},"headline":"Nga bashk\u00ebjetesa tek biznesi i p\u00ebrbashk\u00ebt, Bora e Donaldi gati p\u00ebr hapin e radh\u00ebs\u00a0","datePublished":"2022-10-01T17:25:08+00:00","dateModified":"2022-10-01T17:25:09+00:00","mainEntityOfPage":{"@id":"https:\/\/blogin.al\/?p=15381"},"wordCount":289,"commentCount":0,"publisher":{"@id":"https:\/\/blogin.al\/#organization"},"image":{"@id":"https:\/\/blogin.al\/?p=15381#primaryimage"},"thumbnailUrl":"https:\/\/blogin.al\/wp-content\/uploads\/2022\/06\/Bora-Zemani-Donald-Veshaj-.png","articleSection":["SHOWBIZ"],"inLanguage":"en-US","potentialAction":[{"@type":"CommentAction","name":"Comment","target":["https:\/\/blogin.al\/?p=15381#respond"]}]},{"@type":"WebPage","@id":"https:\/\/blogin.al\/?p=15381","url":"https:\/\/blogin.al\/?p=15381","name":"Nga bashk\u00ebjetesa tek biznesi i p\u00ebrbashk\u00ebt, Bora e Donaldi gati p\u00ebr hapin e radh\u00ebs\u00a0 - blogin.al","isPartOf":{"@id":"https:\/\/blogin.al\/#website"},"primaryImageOfPage":{"@id":"https:\/\/blogin.al\/?p=15381#primaryimage"},"image":{"@id":"https:\/\/blogin.al\/?p=15381#primaryimage"},"thumbnailUrl":"https:\/\/blogin.al\/wp-content\/uploads\/2022\/06\/Bora-Zemani-Donald-Veshaj-.png","datePublished":"2022-10-01T17:25:08+00:00","dateModified":"2022-10-01T17:25:09+00:00","breadcrumb":{"@id":"https:\/\/blogin.al\/?p=15381#breadcrumb"},"inLanguage":"en-US","potentialAction":[{"@type":"ReadAction","target":["https:\/\/blogin.al\/?p=15381"]}]},{"@type":"ImageObject","inLanguage":"en-US","@id":"https:\/\/blogin.al\/?p=15381#primaryimage","url":"https:\/\/blogin.al\/wp-content\/uploads\/2022\/06\/Bora-Zemani-Donald-Veshaj-.png","contentUrl":"https:\/\/blogin.al\/wp-content\/uploads\/2022\/06\/Bora-Zemani-Donald-Veshaj-.png","width":600,"height":400},{"@type":"BreadcrumbList","@id":"https:\/\/blogin.al\/?p=15381#breadcrumb","itemListElement":[{"@type":"ListItem","position":1,"name":"Home","item":"https:\/\/blogin.al\/"},{"@type":"ListItem","position":2,"name":"Nga bashk\u00ebjetesa tek biznesi i p\u00ebrbashk\u00ebt, Bora e Donaldi gati p\u00ebr hapin e radh\u00ebs\u00a0"}]},{"@type":"WebSite","@id":"https:\/\/blogin.al\/#website","url":"https:\/\/blogin.al\/","name":"blogin.al","description":"","publisher":{"@id":"https:\/\/blogin.al\/#organization"},"potentialAction":[{"@type":"SearchAction","target":{"@type":"EntryPoint","urlTemplate":"https:\/\/blogin.al\/?s={search_term_string}"},"query-input":{"@type":"PropertyValueSpecification","valueRequired":true,"valueName":"search_term_string"}}],"inLanguage":"en-US"},{"@type":"Organization","@id":"https:\/\/blogin.al\/#organization","name":"BLOGIN.al","url":"https:\/\/blogin.al\/","logo":{"@type":"ImageObject","inLanguage":"en-US","@id":"https:\/\/blogin.al\/#\/schema\/logo\/image\/","url":"https:\/\/blogin.al\/wp-content\/uploads\/2022\/05\/Untitled-2-01-e1652084456514.png","contentUrl":"https:\/\/blogin.al\/wp-content\/uploads\/2022\/05\/Untitled-2-01-e1652084456514.png","width":3723,"height":1698,"caption":"BLOGIN.al"},"image":{"@id":"https:\/\/blogin.al\/#\/schema\/logo\/image\/"},"sameAs":["https:\/\/instagram.com\/blogin.al\/"]},{"@type":"Person","@id":"https:\/\/blogin.al\/#\/schema\/person\/abdd56bc912cd511db877b852b115399","name":"Blogin al","image":{"@type":"ImageObject","inLanguage":"en-US","@id":"https:\/\/secure.gravatar.com\/avatar\/60d5661aee6e835fb13dc75d2204cd0c1d61bef2efd137c0083e59ef831e235e?s=96&d=mm&r=g","url":"https:\/\/secure.gravatar.com\/avatar\/60d5661aee6e835fb13dc75d2204cd0c1d61bef2efd137c0083e59ef831e235e?s=96&d=mm&r=g","contentUrl":"https:\/\/secure.gravatar.com\/avatar\/60d5661aee6e835fb13dc75d2204cd0c1d61bef2efd137c0083e59ef831e235e?s=96&d=mm&r=g","caption":"Blogin al"},"sameAs":["https:\/\/blogin.al"],"url":"https:\/\/blogin.al\/?author=2"}]}},"_links":{"self":[{"href":"https:\/\/blogin.al\/index.php?rest_route=\/wp\/v2\/posts\/15381","targetHints":{"allow":["GET"]}}],"collection":[{"href":"https:\/\/blogin.al\/index.php?rest_route=\/wp\/v2\/posts"}],"about":[{"href":"https:\/\/blogin.al\/index.php?rest_route=\/wp\/v2\/types\/post"}],"author":[{"embeddable":true,"href":"https:\/\/blogin.al\/index.php?rest_route=\/wp\/v2\/users\/2"}],"replies":[{"embeddable":true,"href":"https:\/\/blogin.al\/index.php?rest_route=%2Fwp%2Fv2%2Fcomments&post=15381"}],"version-history":[{"count":1,"href":"https:\/\/blogin.al\/index.php?rest_route=\/wp\/v2\/posts\/15381\/revisions"}],"predecessor-version":[{"id":15383,"href":"https:\/\/blogin.al\/index.php?rest_route=\/wp\/v2\/posts\/15381\/revisions\/15383"}],"wp:featuredmedia":[{"embeddable":true,"href":"https:\/\/blogin.al\/index.php?rest_route=\/wp\/v2\/media\/8240"}],"wp:attachment":[{"href":"https:\/\/blogin.al\/index.php?rest_route=%2Fwp%2Fv2%2Fmedia&parent=15381"}],"wp:term":[{"taxonomy":"category","embeddable":true,"href":"https:\/\/blogin.al\/index.php?rest_route=%2Fwp%2Fv2%2Fcategories&post=15381"},{"taxonomy":"post_tag","embeddable":true,"href":"https:\/\/blogin.al\/index.php?rest_route=%2Fwp%2Fv2%2Ftags&post=15381"}],"curies":[{"name":"wp","href":"https:\/\/api.w.org\/{rel}","templated":true}]}}