{"id":15401,"date":"2022-10-01T22:02:59","date_gmt":"2022-10-01T22:02:59","guid":{"rendered":"https:\/\/blogin.al\/?p=15401"},"modified":"2022-10-01T22:04:24","modified_gmt":"2022-10-01T22:04:24","slug":"bora-zemani-flet-per-here-te-pare-per-periudhen-e-veshtire-ne-femijeri","status":"publish","type":"post","link":"https:\/\/blogin.al\/?p=15401","title":{"rendered":"Bora Zemani flet p\u00ebr her\u00eb t\u00eb par\u00eb p\u00ebr periudh\u00ebn e v\u00ebshtir\u00eb n\u00eb f\u00ebmij\u00ebri"},"content":{"rendered":"\n<p>Bora Zemani ishte e ftuar k\u00ebt\u00eb mbr\u00ebmje n\u00eb \u201cM\u00eb l\u00ebr t\u00eb flas\u201d, ku p\u00ebrve\u00e7 projekteve t\u00eb reja dhe karrier\u00ebs, preku edhe jet\u00ebn personale.<\/p>\n\n\n\n<p>Bora rr\u00ebfeu si rrall\u00ebher\u00eb edhe p\u00ebr periudh\u00ebn e jo t\u00eb leht\u00eb q\u00eb I \u00ebsht\u00eb dashur t\u00eb kaloj\u00eb n\u00eb f\u00ebmij\u00ebri, mes v\u00ebshtir\u00ebsive ekonomike, por jo vet\u00ebm. Ajo tregoi se babai i saj u s\u00ebmur kur ajo ishte e vog\u00ebl, gj\u00eb te cil\u00ebn Bora e ka p\u00ebrjetuar shum\u00eb keq.<\/p>\n\n\n\n<p>Ve\u00e7 k\u00ebsaj, Bora rr\u00ebfeu se n\u00eb periudh\u00ebn e trazirave t\u00eb vitit 1997, familjes s\u00eb saj i mor\u00ebn edhe sht\u00ebpin\u00eb q\u00eb kishte n\u00eb Tiran\u00eb.<\/p>\n\n\n\n<p>Sot Bora tregoi se t\u00eb gjitha v\u00ebshtir\u00ebsit\u00eb kan\u00eb kaluar dhe \u00ebsht\u00eb shum\u00eb e lumtur p\u00ebr k\u00ebt\u00eb.<\/p>\n\n\n\n<p>\u201cF\u00ebmij\u00ebria ime ka qen\u00eb shum\u00eb e bukur. T\u00eb gjith\u00eb jemi rritur me kushte t\u00eb v\u00ebshtira, si t\u00eb gjith\u00eb shqiptar\u00ebt, por me shum\u00eb dashuri nga prind\u00ebrit tan\u00eb. T\u00eb gjitha v\u00ebshtir\u00ebsit\u00eb ekonomike apo sh\u00ebndet\u00ebsore, nuk jan\u00eb ndjer\u00eb shum\u00eb se familja ka qen\u00eb e bashkuar dhe shum\u00eb mb\u00ebshtet\u00ebse. Babai ka qen\u00eb i s\u00ebmur\u00eb kur kam qen\u00eb e vog\u00ebl. Si vajza e babait e kam p\u00ebrjetuar m\u00eb shum\u00eb se\u00e7 ishte problemi. Sot kan\u00eb kaluar t\u00eb gjitha, ai \u00ebsht\u00eb shum\u00eb mir\u00eb dhe \u00ebsht\u00eb pika ime e dob\u00ebt. Ka qen\u00eb mami pjes\u00eb shum\u00eb dominante e familjes. Ajo ka qen\u00eb gjithmon\u00eb aty, duke na shtyr\u00eb q\u00eb t\u00eb merreshim me sa m\u00eb shum\u00eb aktivitete.<\/p>\n\n\n\n<p>Ne kemi pasur disa probleme, kur kam lidhur un\u00eb kemi jetuar n\u00eb bllok. Por n\u00eb 97\u2019 sht\u00ebpia u mor. Pastaj ishim pa sht\u00ebpi por u sistemuam n\u00eb nj\u00eb dhom\u00eb shum\u00eb t\u00eb vog\u00ebl. Sado e v\u00ebshtir\u00eb, un\u00eb e kujtoj si periudh\u00eb shum\u00eb t\u00eb bukur. Dua t\u2019i shoh an\u00ebn pozitive t\u00eb gjitha gj\u00ebrave\u201d- tregoi Bora<\/p>\n","protected":false},"excerpt":{"rendered":"<p>Bora Zemani ishte e ftuar k\u00ebt\u00eb mbr\u00ebmje n\u00eb \u201cM\u00eb l\u00ebr t\u00eb flas\u201d, ku p\u00ebrve\u00e7 projekteve t\u00eb reja dhe karrier\u00ebs, preku edhe jet\u00ebn personale. Bora rr\u00ebfeu si rrall\u00ebher\u00eb edhe p\u00ebr periudh\u00ebn e jo t\u00eb leht\u00eb q\u00eb I \u00ebsht\u00eb dashur t\u00eb kaloj\u00eb n\u00eb f\u00ebmij\u00ebri, mes v\u00ebshtir\u00ebsive ekonomike, por jo vet\u00ebm. Ajo tregoi se babai i saj u [&hellip;]<\/p>\n","protected":false},"author":2,"featured_media":15403,"comment_status":"open","ping_status":"open","sticky":false,"template":"","format":"standard","meta":{"footnotes":""},"categories":[33],"tags":[],"class_list":{"0":"post-15401","1":"post","2":"type-post","3":"status-publish","4":"format-standard","5":"has-post-thumbnail","7":"category-showbiz"},"yoast_head":"<!-- This site is optimized with the Yoast SEO plugin v27.5 - https:\/\/yoast.com\/product\/yoast-seo-wordpress\/ -->\n<title>Bora Zemani flet p\u00ebr her\u00eb t\u00eb par\u00eb p\u00ebr periudh\u00ebn e v\u00ebshtir\u00eb n\u00eb f\u00ebmij\u00ebri - blogin.al<\/title>\n<meta name=\"robots\" content=\"index, follow, max-snippet:-1, max-image-preview:large, max-video-preview:-1\" \/>\n<link rel=\"canonical\" href=\"https:\/\/blogin.al\/?p=15401\" \/>\n<meta property=\"og:locale\" content=\"en_US\" \/>\n<meta property=\"og:type\" content=\"article\" \/>\n<meta property=\"og:title\" content=\"Bora Zemani flet p\u00ebr her\u00eb t\u00eb par\u00eb p\u00ebr periudh\u00ebn e v\u00ebshtir\u00eb n\u00eb f\u00ebmij\u00ebri - blogin.al\" \/>\n<meta property=\"og:description\" content=\"Bora Zemani ishte e ftuar k\u00ebt\u00eb mbr\u00ebmje n\u00eb \u201cM\u00eb l\u00ebr t\u00eb flas\u201d, ku p\u00ebrve\u00e7 projekteve t\u00eb reja dhe karrier\u00ebs, preku edhe jet\u00ebn personale. Bora rr\u00ebfeu si rrall\u00ebher\u00eb edhe p\u00ebr periudh\u00ebn e jo t\u00eb leht\u00eb q\u00eb I \u00ebsht\u00eb dashur t\u00eb kaloj\u00eb n\u00eb f\u00ebmij\u00ebri, mes v\u00ebshtir\u00ebsive ekonomike, por jo vet\u00ebm. Ajo tregoi se babai i saj u [&hellip;]\" \/>\n<meta property=\"og:url\" content=\"https:\/\/blogin.al\/?p=15401\" \/>\n<meta property=\"og:site_name\" content=\"blogin.al\" \/>\n<meta property=\"article:published_time\" content=\"2022-10-01T22:02:59+00:00\" \/>\n<meta property=\"article:modified_time\" content=\"2022-10-01T22:04:24+00:00\" \/>\n<meta property=\"og:image\" content=\"https:\/\/blogin.al\/wp-content\/uploads\/2022\/10\/20221002_000328.jpg\" \/>\n\t<meta property=\"og:image:width\" content=\"1440\" \/>\n\t<meta property=\"og:image:height\" content=\"1080\" \/>\n\t<meta property=\"og:image:type\" content=\"image\/jpeg\" \/>\n<meta name=\"author\" content=\"Blogin al\" \/>\n<meta name=\"twitter:card\" content=\"summary_large_image\" \/>\n<meta name=\"twitter:label1\" content=\"Written by\" \/>\n\t<meta name=\"twitter:data1\" content=\"Blogin al\" \/>\n\t<meta name=\"twitter:label2\" content=\"Est. reading time\" \/>\n\t<meta name=\"twitter:data2\" content=\"2 minutes\" \/>\n<script type=\"application\/ld+json\" class=\"yoast-schema-graph\">{\"@context\":\"https:\\\/\\\/schema.org\",\"@graph\":[{\"@type\":\"Article\",\"@id\":\"https:\\\/\\\/blogin.al\\\/?p=15401#article\",\"isPartOf\":{\"@id\":\"https:\\\/\\\/blogin.al\\\/?p=15401\"},\"author\":{\"name\":\"Blogin al\",\"@id\":\"https:\\\/\\\/blogin.al\\\/#\\\/schema\\\/person\\\/abdd56bc912cd511db877b852b115399\"},\"headline\":\"Bora Zemani flet p\u00ebr her\u00eb t\u00eb par\u00eb p\u00ebr periudh\u00ebn e v\u00ebshtir\u00eb n\u00eb f\u00ebmij\u00ebri\",\"datePublished\":\"2022-10-01T22:02:59+00:00\",\"dateModified\":\"2022-10-01T22:04:24+00:00\",\"mainEntityOfPage\":{\"@id\":\"https:\\\/\\\/blogin.al\\\/?p=15401\"},\"wordCount\":336,\"commentCount\":0,\"publisher\":{\"@id\":\"https:\\\/\\\/blogin.al\\\/#organization\"},\"image\":{\"@id\":\"https:\\\/\\\/blogin.al\\\/?p=15401#primaryimage\"},\"thumbnailUrl\":\"https:\\\/\\\/blogin.al\\\/wp-content\\\/uploads\\\/2022\\\/10\\\/20221002_000328.jpg\",\"articleSection\":[\"SHOWBIZ\"],\"inLanguage\":\"en-US\",\"potentialAction\":[{\"@type\":\"CommentAction\",\"name\":\"Comment\",\"target\":[\"https:\\\/\\\/blogin.al\\\/?p=15401#respond\"]}]},{\"@type\":\"WebPage\",\"@id\":\"https:\\\/\\\/blogin.al\\\/?p=15401\",\"url\":\"https:\\\/\\\/blogin.al\\\/?p=15401\",\"name\":\"Bora Zemani flet p\u00ebr her\u00eb t\u00eb par\u00eb p\u00ebr periudh\u00ebn e v\u00ebshtir\u00eb n\u00eb f\u00ebmij\u00ebri - blogin.al\",\"isPartOf\":{\"@id\":\"https:\\\/\\\/blogin.al\\\/#website\"},\"primaryImageOfPage\":{\"@id\":\"https:\\\/\\\/blogin.al\\\/?p=15401#primaryimage\"},\"image\":{\"@id\":\"https:\\\/\\\/blogin.al\\\/?p=15401#primaryimage\"},\"thumbnailUrl\":\"https:\\\/\\\/blogin.al\\\/wp-content\\\/uploads\\\/2022\\\/10\\\/20221002_000328.jpg\",\"datePublished\":\"2022-10-01T22:02:59+00:00\",\"dateModified\":\"2022-10-01T22:04:24+00:00\",\"breadcrumb\":{\"@id\":\"https:\\\/\\\/blogin.al\\\/?p=15401#breadcrumb\"},\"inLanguage\":\"en-US\",\"potentialAction\":[{\"@type\":\"ReadAction\",\"target\":[\"https:\\\/\\\/blogin.al\\\/?p=15401\"]}]},{\"@type\":\"ImageObject\",\"inLanguage\":\"en-US\",\"@id\":\"https:\\\/\\\/blogin.al\\\/?p=15401#primaryimage\",\"url\":\"https:\\\/\\\/blogin.al\\\/wp-content\\\/uploads\\\/2022\\\/10\\\/20221002_000328.jpg\",\"contentUrl\":\"https:\\\/\\\/blogin.al\\\/wp-content\\\/uploads\\\/2022\\\/10\\\/20221002_000328.jpg\",\"width\":1440,\"height\":1080},{\"@type\":\"BreadcrumbList\",\"@id\":\"https:\\\/\\\/blogin.al\\\/?p=15401#breadcrumb\",\"itemListElement\":[{\"@type\":\"ListItem\",\"position\":1,\"name\":\"Home\",\"item\":\"https:\\\/\\\/blogin.al\\\/\"},{\"@type\":\"ListItem\",\"position\":2,\"name\":\"Bora Zemani flet p\u00ebr her\u00eb t\u00eb par\u00eb p\u00ebr periudh\u00ebn e v\u00ebshtir\u00eb n\u00eb f\u00ebmij\u00ebri\"}]},{\"@type\":\"WebSite\",\"@id\":\"https:\\\/\\\/blogin.al\\\/#website\",\"url\":\"https:\\\/\\\/blogin.al\\\/\",\"name\":\"blogin.al\",\"description\":\"\",\"publisher\":{\"@id\":\"https:\\\/\\\/blogin.al\\\/#organization\"},\"potentialAction\":[{\"@type\":\"SearchAction\",\"target\":{\"@type\":\"EntryPoint\",\"urlTemplate\":\"https:\\\/\\\/blogin.al\\\/?s={search_term_string}\"},\"query-input\":{\"@type\":\"PropertyValueSpecification\",\"valueRequired\":true,\"valueName\":\"search_term_string\"}}],\"inLanguage\":\"en-US\"},{\"@type\":\"Organization\",\"@id\":\"https:\\\/\\\/blogin.al\\\/#organization\",\"name\":\"BLOGIN.al\",\"url\":\"https:\\\/\\\/blogin.al\\\/\",\"logo\":{\"@type\":\"ImageObject\",\"inLanguage\":\"en-US\",\"@id\":\"https:\\\/\\\/blogin.al\\\/#\\\/schema\\\/logo\\\/image\\\/\",\"url\":\"https:\\\/\\\/blogin.al\\\/wp-content\\\/uploads\\\/2022\\\/05\\\/Untitled-2-01-e1652084456514.png\",\"contentUrl\":\"https:\\\/\\\/blogin.al\\\/wp-content\\\/uploads\\\/2022\\\/05\\\/Untitled-2-01-e1652084456514.png\",\"width\":3723,\"height\":1698,\"caption\":\"BLOGIN.al\"},\"image\":{\"@id\":\"https:\\\/\\\/blogin.al\\\/#\\\/schema\\\/logo\\\/image\\\/\"},\"sameAs\":[\"https:\\\/\\\/instagram.com\\\/blogin.al\\\/\"]},{\"@type\":\"Person\",\"@id\":\"https:\\\/\\\/blogin.al\\\/#\\\/schema\\\/person\\\/abdd56bc912cd511db877b852b115399\",\"name\":\"Blogin al\",\"image\":{\"@type\":\"ImageObject\",\"inLanguage\":\"en-US\",\"@id\":\"https:\\\/\\\/secure.gravatar.com\\\/avatar\\\/60d5661aee6e835fb13dc75d2204cd0c1d61bef2efd137c0083e59ef831e235e?s=96&d=mm&r=g\",\"url\":\"https:\\\/\\\/secure.gravatar.com\\\/avatar\\\/60d5661aee6e835fb13dc75d2204cd0c1d61bef2efd137c0083e59ef831e235e?s=96&d=mm&r=g\",\"contentUrl\":\"https:\\\/\\\/secure.gravatar.com\\\/avatar\\\/60d5661aee6e835fb13dc75d2204cd0c1d61bef2efd137c0083e59ef831e235e?s=96&d=mm&r=g\",\"caption\":\"Blogin al\"},\"sameAs\":[\"https:\\\/\\\/blogin.al\"],\"url\":\"https:\\\/\\\/blogin.al\\\/?author=2\"}]}<\/script>\n<!-- \/ Yoast SEO plugin. -->","yoast_head_json":{"title":"Bora Zemani flet p\u00ebr her\u00eb t\u00eb par\u00eb p\u00ebr periudh\u00ebn e v\u00ebshtir\u00eb n\u00eb f\u00ebmij\u00ebri - blogin.al","robots":{"index":"index","follow":"follow","max-snippet":"max-snippet:-1","max-image-preview":"max-image-preview:large","max-video-preview":"max-video-preview:-1"},"canonical":"https:\/\/blogin.al\/?p=15401","og_locale":"en_US","og_type":"article","og_title":"Bora Zemani flet p\u00ebr her\u00eb t\u00eb par\u00eb p\u00ebr periudh\u00ebn e v\u00ebshtir\u00eb n\u00eb f\u00ebmij\u00ebri - blogin.al","og_description":"Bora Zemani ishte e ftuar k\u00ebt\u00eb mbr\u00ebmje n\u00eb \u201cM\u00eb l\u00ebr t\u00eb flas\u201d, ku p\u00ebrve\u00e7 projekteve t\u00eb reja dhe karrier\u00ebs, preku edhe jet\u00ebn personale. Bora rr\u00ebfeu si rrall\u00ebher\u00eb edhe p\u00ebr periudh\u00ebn e jo t\u00eb leht\u00eb q\u00eb I \u00ebsht\u00eb dashur t\u00eb kaloj\u00eb n\u00eb f\u00ebmij\u00ebri, mes v\u00ebshtir\u00ebsive ekonomike, por jo vet\u00ebm. Ajo tregoi se babai i saj u [&hellip;]","og_url":"https:\/\/blogin.al\/?p=15401","og_site_name":"blogin.al","article_published_time":"2022-10-01T22:02:59+00:00","article_modified_time":"2022-10-01T22:04:24+00:00","og_image":[{"width":1440,"height":1080,"url":"https:\/\/blogin.al\/wp-content\/uploads\/2022\/10\/20221002_000328.jpg","type":"image\/jpeg"}],"author":"Blogin al","twitter_card":"summary_large_image","twitter_misc":{"Written by":"Blogin al","Est. reading time":"2 minutes"},"schema":{"@context":"https:\/\/schema.org","@graph":[{"@type":"Article","@id":"https:\/\/blogin.al\/?p=15401#article","isPartOf":{"@id":"https:\/\/blogin.al\/?p=15401"},"author":{"name":"Blogin al","@id":"https:\/\/blogin.al\/#\/schema\/person\/abdd56bc912cd511db877b852b115399"},"headline":"Bora Zemani flet p\u00ebr her\u00eb t\u00eb par\u00eb p\u00ebr periudh\u00ebn e v\u00ebshtir\u00eb n\u00eb f\u00ebmij\u00ebri","datePublished":"2022-10-01T22:02:59+00:00","dateModified":"2022-10-01T22:04:24+00:00","mainEntityOfPage":{"@id":"https:\/\/blogin.al\/?p=15401"},"wordCount":336,"commentCount":0,"publisher":{"@id":"https:\/\/blogin.al\/#organization"},"image":{"@id":"https:\/\/blogin.al\/?p=15401#primaryimage"},"thumbnailUrl":"https:\/\/blogin.al\/wp-content\/uploads\/2022\/10\/20221002_000328.jpg","articleSection":["SHOWBIZ"],"inLanguage":"en-US","potentialAction":[{"@type":"CommentAction","name":"Comment","target":["https:\/\/blogin.al\/?p=15401#respond"]}]},{"@type":"WebPage","@id":"https:\/\/blogin.al\/?p=15401","url":"https:\/\/blogin.al\/?p=15401","name":"Bora Zemani flet p\u00ebr her\u00eb t\u00eb par\u00eb p\u00ebr periudh\u00ebn e v\u00ebshtir\u00eb n\u00eb f\u00ebmij\u00ebri - blogin.al","isPartOf":{"@id":"https:\/\/blogin.al\/#website"},"primaryImageOfPage":{"@id":"https:\/\/blogin.al\/?p=15401#primaryimage"},"image":{"@id":"https:\/\/blogin.al\/?p=15401#primaryimage"},"thumbnailUrl":"https:\/\/blogin.al\/wp-content\/uploads\/2022\/10\/20221002_000328.jpg","datePublished":"2022-10-01T22:02:59+00:00","dateModified":"2022-10-01T22:04:24+00:00","breadcrumb":{"@id":"https:\/\/blogin.al\/?p=15401#breadcrumb"},"inLanguage":"en-US","potentialAction":[{"@type":"ReadAction","target":["https:\/\/blogin.al\/?p=15401"]}]},{"@type":"ImageObject","inLanguage":"en-US","@id":"https:\/\/blogin.al\/?p=15401#primaryimage","url":"https:\/\/blogin.al\/wp-content\/uploads\/2022\/10\/20221002_000328.jpg","contentUrl":"https:\/\/blogin.al\/wp-content\/uploads\/2022\/10\/20221002_000328.jpg","width":1440,"height":1080},{"@type":"BreadcrumbList","@id":"https:\/\/blogin.al\/?p=15401#breadcrumb","itemListElement":[{"@type":"ListItem","position":1,"name":"Home","item":"https:\/\/blogin.al\/"},{"@type":"ListItem","position":2,"name":"Bora Zemani flet p\u00ebr her\u00eb t\u00eb par\u00eb p\u00ebr periudh\u00ebn e v\u00ebshtir\u00eb n\u00eb f\u00ebmij\u00ebri"}]},{"@type":"WebSite","@id":"https:\/\/blogin.al\/#website","url":"https:\/\/blogin.al\/","name":"blogin.al","description":"","publisher":{"@id":"https:\/\/blogin.al\/#organization"},"potentialAction":[{"@type":"SearchAction","target":{"@type":"EntryPoint","urlTemplate":"https:\/\/blogin.al\/?s={search_term_string}"},"query-input":{"@type":"PropertyValueSpecification","valueRequired":true,"valueName":"search_term_string"}}],"inLanguage":"en-US"},{"@type":"Organization","@id":"https:\/\/blogin.al\/#organization","name":"BLOGIN.al","url":"https:\/\/blogin.al\/","logo":{"@type":"ImageObject","inLanguage":"en-US","@id":"https:\/\/blogin.al\/#\/schema\/logo\/image\/","url":"https:\/\/blogin.al\/wp-content\/uploads\/2022\/05\/Untitled-2-01-e1652084456514.png","contentUrl":"https:\/\/blogin.al\/wp-content\/uploads\/2022\/05\/Untitled-2-01-e1652084456514.png","width":3723,"height":1698,"caption":"BLOGIN.al"},"image":{"@id":"https:\/\/blogin.al\/#\/schema\/logo\/image\/"},"sameAs":["https:\/\/instagram.com\/blogin.al\/"]},{"@type":"Person","@id":"https:\/\/blogin.al\/#\/schema\/person\/abdd56bc912cd511db877b852b115399","name":"Blogin al","image":{"@type":"ImageObject","inLanguage":"en-US","@id":"https:\/\/secure.gravatar.com\/avatar\/60d5661aee6e835fb13dc75d2204cd0c1d61bef2efd137c0083e59ef831e235e?s=96&d=mm&r=g","url":"https:\/\/secure.gravatar.com\/avatar\/60d5661aee6e835fb13dc75d2204cd0c1d61bef2efd137c0083e59ef831e235e?s=96&d=mm&r=g","contentUrl":"https:\/\/secure.gravatar.com\/avatar\/60d5661aee6e835fb13dc75d2204cd0c1d61bef2efd137c0083e59ef831e235e?s=96&d=mm&r=g","caption":"Blogin al"},"sameAs":["https:\/\/blogin.al"],"url":"https:\/\/blogin.al\/?author=2"}]}},"_links":{"self":[{"href":"https:\/\/blogin.al\/index.php?rest_route=\/wp\/v2\/posts\/15401","targetHints":{"allow":["GET"]}}],"collection":[{"href":"https:\/\/blogin.al\/index.php?rest_route=\/wp\/v2\/posts"}],"about":[{"href":"https:\/\/blogin.al\/index.php?rest_route=\/wp\/v2\/types\/post"}],"author":[{"embeddable":true,"href":"https:\/\/blogin.al\/index.php?rest_route=\/wp\/v2\/users\/2"}],"replies":[{"embeddable":true,"href":"https:\/\/blogin.al\/index.php?rest_route=%2Fwp%2Fv2%2Fcomments&post=15401"}],"version-history":[{"count":1,"href":"https:\/\/blogin.al\/index.php?rest_route=\/wp\/v2\/posts\/15401\/revisions"}],"predecessor-version":[{"id":15402,"href":"https:\/\/blogin.al\/index.php?rest_route=\/wp\/v2\/posts\/15401\/revisions\/15402"}],"wp:featuredmedia":[{"embeddable":true,"href":"https:\/\/blogin.al\/index.php?rest_route=\/wp\/v2\/media\/15403"}],"wp:attachment":[{"href":"https:\/\/blogin.al\/index.php?rest_route=%2Fwp%2Fv2%2Fmedia&parent=15401"}],"wp:term":[{"taxonomy":"category","embeddable":true,"href":"https:\/\/blogin.al\/index.php?rest_route=%2Fwp%2Fv2%2Fcategories&post=15401"},{"taxonomy":"post_tag","embeddable":true,"href":"https:\/\/blogin.al\/index.php?rest_route=%2Fwp%2Fv2%2Ftags&post=15401"}],"curies":[{"name":"wp","href":"https:\/\/api.w.org\/{rel}","templated":true}]}}