{"id":15464,"date":"2022-10-03T14:02:59","date_gmt":"2022-10-03T14:02:59","guid":{"rendered":"https:\/\/blogin.al\/?p=15464"},"modified":"2022-10-03T14:10:34","modified_gmt":"2022-10-03T14:10:34","slug":"prinder-per-here-te-trete-sara-hoxha-ndan-momentet-nga-salla-e-lindjes","status":"publish","type":"post","link":"https:\/\/blogin.al\/?p=15464","title":{"rendered":"N\u00ebn\u00eb p\u00ebr her\u00eb t\u00eb tret\u00eb, Sara Hoxha ndan momentet nga salla e lindjes"},"content":{"rendered":"\n<p>Sara Hoxha dhe Ledion Li\u00e7o u b\u00ebn prind\u00ebr p\u00ebr her\u00eb t\u00eb tret\u00eb m\u00eb 30 shtator. Pas dy djemve, Londonit dhe Romanit, \u00e7ifti jan\u00eb bekuar edhe me nj\u00eb vajz\u00eb.<\/p>\n\n\n\n<figure class=\"wp-block-image size-full is-style-default\"><img fetchpriority=\"high\" decoding=\"async\" width=\"640\" height=\"800\" src=\"https:\/\/blogin.al\/wp-content\/uploads\/2022\/10\/sara.jpg\" alt=\"\" class=\"wp-image-15465\" srcset=\"https:\/\/blogin.al\/wp-content\/uploads\/2022\/10\/sara.jpg 640w, https:\/\/blogin.al\/wp-content\/uploads\/2022\/10\/sara-240x300.jpg 240w, https:\/\/blogin.al\/wp-content\/uploads\/2022\/10\/sara-150x188.jpg 150w, https:\/\/blogin.al\/wp-content\/uploads\/2022\/10\/sara-300x375.jpg 300w\" sizes=\"(max-width: 640px) 100vw, 640px\" \/><\/figure>\n\n\n\n<p>Pak minuta m\u00eb par\u00eb, vet\u00eb Sara ka ndar\u00eb n\u00eb Instagram disa foto shum\u00eb emocionuese, nj\u00eb para lindjes, nj\u00eb tjet\u00ebr me Ledionin n\u00eb sall\u00ebn e operacionit dhe nj\u00eb let\u00ebr shum\u00eb prek\u00ebse nga e motra, Lori.<\/p>\n\n\n\n<figure class=\"wp-block-image size-full is-style-default\"><img decoding=\"async\" width=\"640\" height=\"800\" src=\"https:\/\/blogin.al\/wp-content\/uploads\/2022\/10\/sara-ledioni.jpg\" alt=\"\" class=\"wp-image-15466\" srcset=\"https:\/\/blogin.al\/wp-content\/uploads\/2022\/10\/sara-ledioni.jpg 640w, https:\/\/blogin.al\/wp-content\/uploads\/2022\/10\/sara-ledioni-240x300.jpg 240w, https:\/\/blogin.al\/wp-content\/uploads\/2022\/10\/sara-ledioni-150x188.jpg 150w, https:\/\/blogin.al\/wp-content\/uploads\/2022\/10\/sara-ledioni-300x375.jpg 300w\" sizes=\"(max-width: 640px) 100vw, 640px\" \/><\/figure>\n\n\n\n<figure class=\"wp-block-image size-full is-style-default\"><img decoding=\"async\" width=\"640\" height=\"800\" src=\"https:\/\/blogin.al\/wp-content\/uploads\/2022\/10\/lori.jpg\" alt=\"\" class=\"wp-image-15467\" srcset=\"https:\/\/blogin.al\/wp-content\/uploads\/2022\/10\/lori.jpg 640w, https:\/\/blogin.al\/wp-content\/uploads\/2022\/10\/lori-240x300.jpg 240w, https:\/\/blogin.al\/wp-content\/uploads\/2022\/10\/lori-150x188.jpg 150w, https:\/\/blogin.al\/wp-content\/uploads\/2022\/10\/lori-300x375.jpg 300w\" sizes=\"(max-width: 640px) 100vw, 640px\" \/><\/figure>\n\n\n\n<p>Bukuroshja ka marr\u00eb urime t\u00eb shumta nga fansat dhe nga miqt\u00eb si Arjola Demiri, Julka Gramo, Arb\u00ebr Bytyqi dhe t\u00eb tjer\u00eb t\u00eb famsh\u00ebm. Nd\u00ebrkoh\u00eb, t\u00eb gjith\u00eb jan\u00eb interesuar p\u00ebr emrin, t\u00eb cilin Sara nuk e ka zbuluar ende, por kurioziteti vazhdon t\u00eb jet\u00eb i madh<\/p>\n","protected":false},"excerpt":{"rendered":"<p>Sara Hoxha dhe Ledion Li\u00e7o u b\u00ebn prind\u00ebr p\u00ebr her\u00eb t\u00eb tret\u00eb m\u00eb 30 shtator. Pas dy djemve, Londonit dhe Romanit, \u00e7ifti jan\u00eb bekuar edhe me nj\u00eb vajz\u00eb. Pak minuta m\u00eb par\u00eb, vet\u00eb Sara ka ndar\u00eb n\u00eb Instagram disa foto shum\u00eb emocionuese, nj\u00eb para lindjes, nj\u00eb tjet\u00ebr me Ledionin n\u00eb sall\u00ebn e operacionit dhe nj\u00eb [&hellip;]<\/p>\n","protected":false},"author":2,"featured_media":10287,"comment_status":"open","ping_status":"open","sticky":false,"template":"","format":"standard","meta":{"footnotes":""},"categories":[33],"tags":[],"class_list":{"0":"post-15464","1":"post","2":"type-post","3":"status-publish","4":"format-standard","5":"has-post-thumbnail","7":"category-showbiz"},"yoast_head":"<!-- This site is optimized with the Yoast SEO plugin v27.5 - https:\/\/yoast.com\/product\/yoast-seo-wordpress\/ -->\n<title>N\u00ebn\u00eb p\u00ebr her\u00eb t\u00eb tret\u00eb, Sara Hoxha ndan momentet nga salla e lindjes - blogin.al<\/title>\n<meta name=\"robots\" content=\"index, follow, max-snippet:-1, max-image-preview:large, max-video-preview:-1\" \/>\n<link rel=\"canonical\" href=\"https:\/\/blogin.al\/?p=15464\" \/>\n<meta property=\"og:locale\" content=\"en_US\" \/>\n<meta property=\"og:type\" content=\"article\" \/>\n<meta property=\"og:title\" content=\"N\u00ebn\u00eb p\u00ebr her\u00eb t\u00eb tret\u00eb, Sara Hoxha ndan momentet nga salla e lindjes - blogin.al\" \/>\n<meta property=\"og:description\" content=\"Sara Hoxha dhe Ledion Li\u00e7o u b\u00ebn prind\u00ebr p\u00ebr her\u00eb t\u00eb tret\u00eb m\u00eb 30 shtator. Pas dy djemve, Londonit dhe Romanit, \u00e7ifti jan\u00eb bekuar edhe me nj\u00eb vajz\u00eb. Pak minuta m\u00eb par\u00eb, vet\u00eb Sara ka ndar\u00eb n\u00eb Instagram disa foto shum\u00eb emocionuese, nj\u00eb para lindjes, nj\u00eb tjet\u00ebr me Ledionin n\u00eb sall\u00ebn e operacionit dhe nj\u00eb [&hellip;]\" \/>\n<meta property=\"og:url\" content=\"https:\/\/blogin.al\/?p=15464\" \/>\n<meta property=\"og:site_name\" content=\"blogin.al\" \/>\n<meta property=\"article:published_time\" content=\"2022-10-03T14:02:59+00:00\" \/>\n<meta property=\"article:modified_time\" content=\"2022-10-03T14:10:34+00:00\" \/>\n<meta property=\"og:image\" content=\"https:\/\/blogin.al\/wp-content\/uploads\/2022\/07\/sara-hoxha.jpg\" \/>\n\t<meta property=\"og:image:width\" content=\"1341\" \/>\n\t<meta property=\"og:image:height\" content=\"868\" \/>\n\t<meta property=\"og:image:type\" content=\"image\/jpeg\" \/>\n<meta name=\"author\" content=\"Blogin al\" \/>\n<meta name=\"twitter:card\" content=\"summary_large_image\" \/>\n<meta name=\"twitter:label1\" content=\"Written by\" \/>\n\t<meta name=\"twitter:data1\" content=\"Blogin al\" \/>\n\t<meta name=\"twitter:label2\" content=\"Est. reading time\" \/>\n\t<meta name=\"twitter:data2\" content=\"2 minutes\" \/>\n<script type=\"application\/ld+json\" class=\"yoast-schema-graph\">{\"@context\":\"https:\\\/\\\/schema.org\",\"@graph\":[{\"@type\":\"Article\",\"@id\":\"https:\\\/\\\/blogin.al\\\/?p=15464#article\",\"isPartOf\":{\"@id\":\"https:\\\/\\\/blogin.al\\\/?p=15464\"},\"author\":{\"name\":\"Blogin al\",\"@id\":\"https:\\\/\\\/blogin.al\\\/#\\\/schema\\\/person\\\/abdd56bc912cd511db877b852b115399\"},\"headline\":\"N\u00ebn\u00eb p\u00ebr her\u00eb t\u00eb tret\u00eb, Sara Hoxha ndan momentet nga salla e lindjes\",\"datePublished\":\"2022-10-03T14:02:59+00:00\",\"dateModified\":\"2022-10-03T14:10:34+00:00\",\"mainEntityOfPage\":{\"@id\":\"https:\\\/\\\/blogin.al\\\/?p=15464\"},\"wordCount\":133,\"commentCount\":0,\"publisher\":{\"@id\":\"https:\\\/\\\/blogin.al\\\/#organization\"},\"image\":{\"@id\":\"https:\\\/\\\/blogin.al\\\/?p=15464#primaryimage\"},\"thumbnailUrl\":\"https:\\\/\\\/blogin.al\\\/wp-content\\\/uploads\\\/2022\\\/07\\\/sara-hoxha.jpg\",\"articleSection\":[\"SHOWBIZ\"],\"inLanguage\":\"en-US\",\"potentialAction\":[{\"@type\":\"CommentAction\",\"name\":\"Comment\",\"target\":[\"https:\\\/\\\/blogin.al\\\/?p=15464#respond\"]}]},{\"@type\":\"WebPage\",\"@id\":\"https:\\\/\\\/blogin.al\\\/?p=15464\",\"url\":\"https:\\\/\\\/blogin.al\\\/?p=15464\",\"name\":\"N\u00ebn\u00eb p\u00ebr her\u00eb t\u00eb tret\u00eb, Sara Hoxha ndan momentet nga salla e lindjes - blogin.al\",\"isPartOf\":{\"@id\":\"https:\\\/\\\/blogin.al\\\/#website\"},\"primaryImageOfPage\":{\"@id\":\"https:\\\/\\\/blogin.al\\\/?p=15464#primaryimage\"},\"image\":{\"@id\":\"https:\\\/\\\/blogin.al\\\/?p=15464#primaryimage\"},\"thumbnailUrl\":\"https:\\\/\\\/blogin.al\\\/wp-content\\\/uploads\\\/2022\\\/07\\\/sara-hoxha.jpg\",\"datePublished\":\"2022-10-03T14:02:59+00:00\",\"dateModified\":\"2022-10-03T14:10:34+00:00\",\"breadcrumb\":{\"@id\":\"https:\\\/\\\/blogin.al\\\/?p=15464#breadcrumb\"},\"inLanguage\":\"en-US\",\"potentialAction\":[{\"@type\":\"ReadAction\",\"target\":[\"https:\\\/\\\/blogin.al\\\/?p=15464\"]}]},{\"@type\":\"ImageObject\",\"inLanguage\":\"en-US\",\"@id\":\"https:\\\/\\\/blogin.al\\\/?p=15464#primaryimage\",\"url\":\"https:\\\/\\\/blogin.al\\\/wp-content\\\/uploads\\\/2022\\\/07\\\/sara-hoxha.jpg\",\"contentUrl\":\"https:\\\/\\\/blogin.al\\\/wp-content\\\/uploads\\\/2022\\\/07\\\/sara-hoxha.jpg\",\"width\":1341,\"height\":868},{\"@type\":\"BreadcrumbList\",\"@id\":\"https:\\\/\\\/blogin.al\\\/?p=15464#breadcrumb\",\"itemListElement\":[{\"@type\":\"ListItem\",\"position\":1,\"name\":\"Home\",\"item\":\"https:\\\/\\\/blogin.al\\\/\"},{\"@type\":\"ListItem\",\"position\":2,\"name\":\"N\u00ebn\u00eb p\u00ebr her\u00eb t\u00eb tret\u00eb, Sara Hoxha ndan momentet nga salla e lindjes\"}]},{\"@type\":\"WebSite\",\"@id\":\"https:\\\/\\\/blogin.al\\\/#website\",\"url\":\"https:\\\/\\\/blogin.al\\\/\",\"name\":\"blogin.al\",\"description\":\"\",\"publisher\":{\"@id\":\"https:\\\/\\\/blogin.al\\\/#organization\"},\"potentialAction\":[{\"@type\":\"SearchAction\",\"target\":{\"@type\":\"EntryPoint\",\"urlTemplate\":\"https:\\\/\\\/blogin.al\\\/?s={search_term_string}\"},\"query-input\":{\"@type\":\"PropertyValueSpecification\",\"valueRequired\":true,\"valueName\":\"search_term_string\"}}],\"inLanguage\":\"en-US\"},{\"@type\":\"Organization\",\"@id\":\"https:\\\/\\\/blogin.al\\\/#organization\",\"name\":\"BLOGIN.al\",\"url\":\"https:\\\/\\\/blogin.al\\\/\",\"logo\":{\"@type\":\"ImageObject\",\"inLanguage\":\"en-US\",\"@id\":\"https:\\\/\\\/blogin.al\\\/#\\\/schema\\\/logo\\\/image\\\/\",\"url\":\"https:\\\/\\\/blogin.al\\\/wp-content\\\/uploads\\\/2022\\\/05\\\/Untitled-2-01-e1652084456514.png\",\"contentUrl\":\"https:\\\/\\\/blogin.al\\\/wp-content\\\/uploads\\\/2022\\\/05\\\/Untitled-2-01-e1652084456514.png\",\"width\":3723,\"height\":1698,\"caption\":\"BLOGIN.al\"},\"image\":{\"@id\":\"https:\\\/\\\/blogin.al\\\/#\\\/schema\\\/logo\\\/image\\\/\"},\"sameAs\":[\"https:\\\/\\\/instagram.com\\\/blogin.al\\\/\"]},{\"@type\":\"Person\",\"@id\":\"https:\\\/\\\/blogin.al\\\/#\\\/schema\\\/person\\\/abdd56bc912cd511db877b852b115399\",\"name\":\"Blogin al\",\"image\":{\"@type\":\"ImageObject\",\"inLanguage\":\"en-US\",\"@id\":\"https:\\\/\\\/secure.gravatar.com\\\/avatar\\\/60d5661aee6e835fb13dc75d2204cd0c1d61bef2efd137c0083e59ef831e235e?s=96&d=mm&r=g\",\"url\":\"https:\\\/\\\/secure.gravatar.com\\\/avatar\\\/60d5661aee6e835fb13dc75d2204cd0c1d61bef2efd137c0083e59ef831e235e?s=96&d=mm&r=g\",\"contentUrl\":\"https:\\\/\\\/secure.gravatar.com\\\/avatar\\\/60d5661aee6e835fb13dc75d2204cd0c1d61bef2efd137c0083e59ef831e235e?s=96&d=mm&r=g\",\"caption\":\"Blogin al\"},\"sameAs\":[\"https:\\\/\\\/blogin.al\"],\"url\":\"https:\\\/\\\/blogin.al\\\/?author=2\"}]}<\/script>\n<!-- \/ Yoast SEO plugin. -->","yoast_head_json":{"title":"N\u00ebn\u00eb p\u00ebr her\u00eb t\u00eb tret\u00eb, Sara Hoxha ndan momentet nga salla e lindjes - blogin.al","robots":{"index":"index","follow":"follow","max-snippet":"max-snippet:-1","max-image-preview":"max-image-preview:large","max-video-preview":"max-video-preview:-1"},"canonical":"https:\/\/blogin.al\/?p=15464","og_locale":"en_US","og_type":"article","og_title":"N\u00ebn\u00eb p\u00ebr her\u00eb t\u00eb tret\u00eb, Sara Hoxha ndan momentet nga salla e lindjes - blogin.al","og_description":"Sara Hoxha dhe Ledion Li\u00e7o u b\u00ebn prind\u00ebr p\u00ebr her\u00eb t\u00eb tret\u00eb m\u00eb 30 shtator. Pas dy djemve, Londonit dhe Romanit, \u00e7ifti jan\u00eb bekuar edhe me nj\u00eb vajz\u00eb. Pak minuta m\u00eb par\u00eb, vet\u00eb Sara ka ndar\u00eb n\u00eb Instagram disa foto shum\u00eb emocionuese, nj\u00eb para lindjes, nj\u00eb tjet\u00ebr me Ledionin n\u00eb sall\u00ebn e operacionit dhe nj\u00eb [&hellip;]","og_url":"https:\/\/blogin.al\/?p=15464","og_site_name":"blogin.al","article_published_time":"2022-10-03T14:02:59+00:00","article_modified_time":"2022-10-03T14:10:34+00:00","og_image":[{"width":1341,"height":868,"url":"https:\/\/blogin.al\/wp-content\/uploads\/2022\/07\/sara-hoxha.jpg","type":"image\/jpeg"}],"author":"Blogin al","twitter_card":"summary_large_image","twitter_misc":{"Written by":"Blogin al","Est. reading time":"2 minutes"},"schema":{"@context":"https:\/\/schema.org","@graph":[{"@type":"Article","@id":"https:\/\/blogin.al\/?p=15464#article","isPartOf":{"@id":"https:\/\/blogin.al\/?p=15464"},"author":{"name":"Blogin al","@id":"https:\/\/blogin.al\/#\/schema\/person\/abdd56bc912cd511db877b852b115399"},"headline":"N\u00ebn\u00eb p\u00ebr her\u00eb t\u00eb tret\u00eb, Sara Hoxha ndan momentet nga salla e lindjes","datePublished":"2022-10-03T14:02:59+00:00","dateModified":"2022-10-03T14:10:34+00:00","mainEntityOfPage":{"@id":"https:\/\/blogin.al\/?p=15464"},"wordCount":133,"commentCount":0,"publisher":{"@id":"https:\/\/blogin.al\/#organization"},"image":{"@id":"https:\/\/blogin.al\/?p=15464#primaryimage"},"thumbnailUrl":"https:\/\/blogin.al\/wp-content\/uploads\/2022\/07\/sara-hoxha.jpg","articleSection":["SHOWBIZ"],"inLanguage":"en-US","potentialAction":[{"@type":"CommentAction","name":"Comment","target":["https:\/\/blogin.al\/?p=15464#respond"]}]},{"@type":"WebPage","@id":"https:\/\/blogin.al\/?p=15464","url":"https:\/\/blogin.al\/?p=15464","name":"N\u00ebn\u00eb p\u00ebr her\u00eb t\u00eb tret\u00eb, Sara Hoxha ndan momentet nga salla e lindjes - blogin.al","isPartOf":{"@id":"https:\/\/blogin.al\/#website"},"primaryImageOfPage":{"@id":"https:\/\/blogin.al\/?p=15464#primaryimage"},"image":{"@id":"https:\/\/blogin.al\/?p=15464#primaryimage"},"thumbnailUrl":"https:\/\/blogin.al\/wp-content\/uploads\/2022\/07\/sara-hoxha.jpg","datePublished":"2022-10-03T14:02:59+00:00","dateModified":"2022-10-03T14:10:34+00:00","breadcrumb":{"@id":"https:\/\/blogin.al\/?p=15464#breadcrumb"},"inLanguage":"en-US","potentialAction":[{"@type":"ReadAction","target":["https:\/\/blogin.al\/?p=15464"]}]},{"@type":"ImageObject","inLanguage":"en-US","@id":"https:\/\/blogin.al\/?p=15464#primaryimage","url":"https:\/\/blogin.al\/wp-content\/uploads\/2022\/07\/sara-hoxha.jpg","contentUrl":"https:\/\/blogin.al\/wp-content\/uploads\/2022\/07\/sara-hoxha.jpg","width":1341,"height":868},{"@type":"BreadcrumbList","@id":"https:\/\/blogin.al\/?p=15464#breadcrumb","itemListElement":[{"@type":"ListItem","position":1,"name":"Home","item":"https:\/\/blogin.al\/"},{"@type":"ListItem","position":2,"name":"N\u00ebn\u00eb p\u00ebr her\u00eb t\u00eb tret\u00eb, Sara Hoxha ndan momentet nga salla e lindjes"}]},{"@type":"WebSite","@id":"https:\/\/blogin.al\/#website","url":"https:\/\/blogin.al\/","name":"blogin.al","description":"","publisher":{"@id":"https:\/\/blogin.al\/#organization"},"potentialAction":[{"@type":"SearchAction","target":{"@type":"EntryPoint","urlTemplate":"https:\/\/blogin.al\/?s={search_term_string}"},"query-input":{"@type":"PropertyValueSpecification","valueRequired":true,"valueName":"search_term_string"}}],"inLanguage":"en-US"},{"@type":"Organization","@id":"https:\/\/blogin.al\/#organization","name":"BLOGIN.al","url":"https:\/\/blogin.al\/","logo":{"@type":"ImageObject","inLanguage":"en-US","@id":"https:\/\/blogin.al\/#\/schema\/logo\/image\/","url":"https:\/\/blogin.al\/wp-content\/uploads\/2022\/05\/Untitled-2-01-e1652084456514.png","contentUrl":"https:\/\/blogin.al\/wp-content\/uploads\/2022\/05\/Untitled-2-01-e1652084456514.png","width":3723,"height":1698,"caption":"BLOGIN.al"},"image":{"@id":"https:\/\/blogin.al\/#\/schema\/logo\/image\/"},"sameAs":["https:\/\/instagram.com\/blogin.al\/"]},{"@type":"Person","@id":"https:\/\/blogin.al\/#\/schema\/person\/abdd56bc912cd511db877b852b115399","name":"Blogin al","image":{"@type":"ImageObject","inLanguage":"en-US","@id":"https:\/\/secure.gravatar.com\/avatar\/60d5661aee6e835fb13dc75d2204cd0c1d61bef2efd137c0083e59ef831e235e?s=96&d=mm&r=g","url":"https:\/\/secure.gravatar.com\/avatar\/60d5661aee6e835fb13dc75d2204cd0c1d61bef2efd137c0083e59ef831e235e?s=96&d=mm&r=g","contentUrl":"https:\/\/secure.gravatar.com\/avatar\/60d5661aee6e835fb13dc75d2204cd0c1d61bef2efd137c0083e59ef831e235e?s=96&d=mm&r=g","caption":"Blogin al"},"sameAs":["https:\/\/blogin.al"],"url":"https:\/\/blogin.al\/?author=2"}]}},"_links":{"self":[{"href":"https:\/\/blogin.al\/index.php?rest_route=\/wp\/v2\/posts\/15464","targetHints":{"allow":["GET"]}}],"collection":[{"href":"https:\/\/blogin.al\/index.php?rest_route=\/wp\/v2\/posts"}],"about":[{"href":"https:\/\/blogin.al\/index.php?rest_route=\/wp\/v2\/types\/post"}],"author":[{"embeddable":true,"href":"https:\/\/blogin.al\/index.php?rest_route=\/wp\/v2\/users\/2"}],"replies":[{"embeddable":true,"href":"https:\/\/blogin.al\/index.php?rest_route=%2Fwp%2Fv2%2Fcomments&post=15464"}],"version-history":[{"count":2,"href":"https:\/\/blogin.al\/index.php?rest_route=\/wp\/v2\/posts\/15464\/revisions"}],"predecessor-version":[{"id":15473,"href":"https:\/\/blogin.al\/index.php?rest_route=\/wp\/v2\/posts\/15464\/revisions\/15473"}],"wp:featuredmedia":[{"embeddable":true,"href":"https:\/\/blogin.al\/index.php?rest_route=\/wp\/v2\/media\/10287"}],"wp:attachment":[{"href":"https:\/\/blogin.al\/index.php?rest_route=%2Fwp%2Fv2%2Fmedia&parent=15464"}],"wp:term":[{"taxonomy":"category","embeddable":true,"href":"https:\/\/blogin.al\/index.php?rest_route=%2Fwp%2Fv2%2Fcategories&post=15464"},{"taxonomy":"post_tag","embeddable":true,"href":"https:\/\/blogin.al\/index.php?rest_route=%2Fwp%2Fv2%2Ftags&post=15464"}],"curies":[{"name":"wp","href":"https:\/\/api.w.org\/{rel}","templated":true}]}}