{"id":15548,"date":"2022-10-04T13:16:17","date_gmt":"2022-10-04T13:16:17","guid":{"rendered":"https:\/\/blogin.al\/?p=15548"},"modified":"2022-10-04T13:16:18","modified_gmt":"2022-10-04T13:16:18","slug":"dalin-fotot-nga-dasma-djali-i-shkelzen-berishes-ishte-pjesemarres","status":"publish","type":"post","link":"https:\/\/blogin.al\/?p=15548","title":{"rendered":"Dalin fotot nga dasma, djali i Shk\u00eblzen Berish\u00ebs ishte pjes\u00ebmarr\u00ebs"},"content":{"rendered":"\n<p>Dasma madh\u00ebshtore e Shk\u00eblzen Berish\u00ebs dhe Armina Mevlanit q\u00eb u mbajt n\u00eb 25 shtator, ka pasur mbi 300 t\u00eb ftuar. Mes tyre kan\u00eb qen\u00eb personazhe t\u00eb njohur t\u00eb politik\u00ebs dhe medias.<\/p>\n\n\n\n<p>Mir\u00ebpo, publiku \u00ebsht\u00eb b\u00ebr\u00eb kurioz\u00eb, n\u00ebse n\u00eb dasm\u00eb kan\u00eb qen\u00eb pjes\u00ebmarr\u00ebs dhe f\u00ebmij\u00ebt e Shk\u00eblzenit, nga martesa e par\u00eb.<\/p>\n\n\n\n<p>Ishte vet\u00eb Armina q\u00eb e zbuloi, duke u shprehur: \u201cSigurisht q\u00eb Po! Kemi nj\u00eb marr\u00ebdh\u00ebnie shum\u00eb t\u00eb mir\u00eb, i kam njohur n\u00eb mosh\u00eb shum\u00eb t\u00eb vog\u00ebl. Tani ata jan\u00eb rritur dhe g\u00ebzuan me ne\u201d.<\/p>\n\n\n\n<figure class=\"wp-block-image size-full is-style-default\"><img fetchpriority=\"high\" decoding=\"async\" width=\"470\" height=\"830\" src=\"https:\/\/blogin.al\/wp-content\/uploads\/2022\/10\/armina-1.jpg\" alt=\"\" class=\"wp-image-15549\" srcset=\"https:\/\/blogin.al\/wp-content\/uploads\/2022\/10\/armina-1.jpg 470w, https:\/\/blogin.al\/wp-content\/uploads\/2022\/10\/armina-1-170x300.jpg 170w, https:\/\/blogin.al\/wp-content\/uploads\/2022\/10\/armina-1-150x265.jpg 150w, https:\/\/blogin.al\/wp-content\/uploads\/2022\/10\/armina-1-300x530.jpg 300w\" sizes=\"(max-width: 470px) 100vw, 470px\" \/><\/figure>\n\n\n\n<p>Nd\u00ebrkoh\u00eb, sot n\u00eb media po qarkullon nj\u00eb foto e Shk\u00eblzenit me t\u00eb birin nga dasma, e cila konfirmon se ai ka qen\u00eb i pranish\u00ebm n\u00eb dasm\u00ebn e t\u00eb atit.<\/p>\n\n\n\n<figure class=\"wp-block-image size-full is-style-default\"><img decoding=\"async\" width=\"640\" height=\"360\" src=\"https:\/\/blogin.al\/wp-content\/uploads\/2022\/10\/shkelzen.jpeg\" alt=\"\" class=\"wp-image-15550\" srcset=\"https:\/\/blogin.al\/wp-content\/uploads\/2022\/10\/shkelzen.jpeg 640w, https:\/\/blogin.al\/wp-content\/uploads\/2022\/10\/shkelzen-300x169.jpeg 300w, https:\/\/blogin.al\/wp-content\/uploads\/2022\/10\/shkelzen-150x84.jpeg 150w\" sizes=\"(max-width: 640px) 100vw, 640px\" \/><\/figure>\n","protected":false},"excerpt":{"rendered":"<p>Dasma madh\u00ebshtore e Shk\u00eblzen Berish\u00ebs dhe Armina Mevlanit q\u00eb u mbajt n\u00eb 25 shtator, ka pasur mbi 300 t\u00eb ftuar. Mes tyre kan\u00eb qen\u00eb personazhe t\u00eb njohur t\u00eb politik\u00ebs dhe medias. Mir\u00ebpo, publiku \u00ebsht\u00eb b\u00ebr\u00eb kurioz\u00eb, n\u00ebse n\u00eb dasm\u00eb kan\u00eb qen\u00eb pjes\u00ebmarr\u00ebs dhe f\u00ebmij\u00ebt e Shk\u00eblzenit, nga martesa e par\u00eb. Ishte vet\u00eb Armina q\u00eb e [&hellip;]<\/p>\n","protected":false},"author":2,"featured_media":15218,"comment_status":"open","ping_status":"open","sticky":false,"template":"","format":"standard","meta":{"footnotes":""},"categories":[33],"tags":[],"class_list":{"0":"post-15548","1":"post","2":"type-post","3":"status-publish","4":"format-standard","5":"has-post-thumbnail","7":"category-showbiz"},"yoast_head":"<!-- This site is optimized with the Yoast SEO plugin v27.5 - https:\/\/yoast.com\/product\/yoast-seo-wordpress\/ -->\n<title>Dalin fotot nga dasma, djali i Shk\u00eblzen Berish\u00ebs ishte pjes\u00ebmarr\u00ebs - blogin.al<\/title>\n<meta name=\"robots\" content=\"index, follow, max-snippet:-1, max-image-preview:large, max-video-preview:-1\" \/>\n<link rel=\"canonical\" href=\"https:\/\/blogin.al\/?p=15548\" \/>\n<meta property=\"og:locale\" content=\"en_US\" \/>\n<meta property=\"og:type\" content=\"article\" \/>\n<meta property=\"og:title\" content=\"Dalin fotot nga dasma, djali i Shk\u00eblzen Berish\u00ebs ishte pjes\u00ebmarr\u00ebs - blogin.al\" \/>\n<meta property=\"og:description\" content=\"Dasma madh\u00ebshtore e Shk\u00eblzen Berish\u00ebs dhe Armina Mevlanit q\u00eb u mbajt n\u00eb 25 shtator, ka pasur mbi 300 t\u00eb ftuar. Mes tyre kan\u00eb qen\u00eb personazhe t\u00eb njohur t\u00eb politik\u00ebs dhe medias. Mir\u00ebpo, publiku \u00ebsht\u00eb b\u00ebr\u00eb kurioz\u00eb, n\u00ebse n\u00eb dasm\u00eb kan\u00eb qen\u00eb pjes\u00ebmarr\u00ebs dhe f\u00ebmij\u00ebt e Shk\u00eblzenit, nga martesa e par\u00eb. Ishte vet\u00eb Armina q\u00eb e [&hellip;]\" \/>\n<meta property=\"og:url\" content=\"https:\/\/blogin.al\/?p=15548\" \/>\n<meta property=\"og:site_name\" content=\"blogin.al\" \/>\n<meta property=\"article:published_time\" content=\"2022-10-04T13:16:17+00:00\" \/>\n<meta property=\"article:modified_time\" content=\"2022-10-04T13:16:18+00:00\" \/>\n<meta property=\"og:image\" content=\"https:\/\/blogin.al\/wp-content\/uploads\/2022\/09\/20220929_113457.jpg\" \/>\n\t<meta property=\"og:image:width\" content=\"1440\" \/>\n\t<meta property=\"og:image:height\" content=\"1598\" \/>\n\t<meta property=\"og:image:type\" content=\"image\/jpeg\" \/>\n<meta name=\"author\" content=\"Blogin al\" \/>\n<meta name=\"twitter:card\" content=\"summary_large_image\" \/>\n<meta name=\"twitter:label1\" content=\"Written by\" \/>\n\t<meta name=\"twitter:data1\" content=\"Blogin al\" \/>\n\t<meta name=\"twitter:label2\" content=\"Est. reading time\" \/>\n\t<meta name=\"twitter:data2\" content=\"1 minute\" \/>\n<script type=\"application\/ld+json\" class=\"yoast-schema-graph\">{\"@context\":\"https:\\\/\\\/schema.org\",\"@graph\":[{\"@type\":\"Article\",\"@id\":\"https:\\\/\\\/blogin.al\\\/?p=15548#article\",\"isPartOf\":{\"@id\":\"https:\\\/\\\/blogin.al\\\/?p=15548\"},\"author\":{\"name\":\"Blogin al\",\"@id\":\"https:\\\/\\\/blogin.al\\\/#\\\/schema\\\/person\\\/abdd56bc912cd511db877b852b115399\"},\"headline\":\"Dalin fotot nga dasma, djali i Shk\u00eblzen Berish\u00ebs ishte pjes\u00ebmarr\u00ebs\",\"datePublished\":\"2022-10-04T13:16:17+00:00\",\"dateModified\":\"2022-10-04T13:16:18+00:00\",\"mainEntityOfPage\":{\"@id\":\"https:\\\/\\\/blogin.al\\\/?p=15548\"},\"wordCount\":145,\"commentCount\":0,\"publisher\":{\"@id\":\"https:\\\/\\\/blogin.al\\\/#organization\"},\"image\":{\"@id\":\"https:\\\/\\\/blogin.al\\\/?p=15548#primaryimage\"},\"thumbnailUrl\":\"https:\\\/\\\/blogin.al\\\/wp-content\\\/uploads\\\/2022\\\/09\\\/20220929_113457.jpg\",\"articleSection\":[\"SHOWBIZ\"],\"inLanguage\":\"en-US\",\"potentialAction\":[{\"@type\":\"CommentAction\",\"name\":\"Comment\",\"target\":[\"https:\\\/\\\/blogin.al\\\/?p=15548#respond\"]}]},{\"@type\":\"WebPage\",\"@id\":\"https:\\\/\\\/blogin.al\\\/?p=15548\",\"url\":\"https:\\\/\\\/blogin.al\\\/?p=15548\",\"name\":\"Dalin fotot nga dasma, djali i Shk\u00eblzen Berish\u00ebs ishte pjes\u00ebmarr\u00ebs - blogin.al\",\"isPartOf\":{\"@id\":\"https:\\\/\\\/blogin.al\\\/#website\"},\"primaryImageOfPage\":{\"@id\":\"https:\\\/\\\/blogin.al\\\/?p=15548#primaryimage\"},\"image\":{\"@id\":\"https:\\\/\\\/blogin.al\\\/?p=15548#primaryimage\"},\"thumbnailUrl\":\"https:\\\/\\\/blogin.al\\\/wp-content\\\/uploads\\\/2022\\\/09\\\/20220929_113457.jpg\",\"datePublished\":\"2022-10-04T13:16:17+00:00\",\"dateModified\":\"2022-10-04T13:16:18+00:00\",\"breadcrumb\":{\"@id\":\"https:\\\/\\\/blogin.al\\\/?p=15548#breadcrumb\"},\"inLanguage\":\"en-US\",\"potentialAction\":[{\"@type\":\"ReadAction\",\"target\":[\"https:\\\/\\\/blogin.al\\\/?p=15548\"]}]},{\"@type\":\"ImageObject\",\"inLanguage\":\"en-US\",\"@id\":\"https:\\\/\\\/blogin.al\\\/?p=15548#primaryimage\",\"url\":\"https:\\\/\\\/blogin.al\\\/wp-content\\\/uploads\\\/2022\\\/09\\\/20220929_113457.jpg\",\"contentUrl\":\"https:\\\/\\\/blogin.al\\\/wp-content\\\/uploads\\\/2022\\\/09\\\/20220929_113457.jpg\",\"width\":1440,\"height\":1598},{\"@type\":\"BreadcrumbList\",\"@id\":\"https:\\\/\\\/blogin.al\\\/?p=15548#breadcrumb\",\"itemListElement\":[{\"@type\":\"ListItem\",\"position\":1,\"name\":\"Home\",\"item\":\"https:\\\/\\\/blogin.al\\\/\"},{\"@type\":\"ListItem\",\"position\":2,\"name\":\"Dalin fotot nga dasma, djali i Shk\u00eblzen Berish\u00ebs ishte pjes\u00ebmarr\u00ebs\"}]},{\"@type\":\"WebSite\",\"@id\":\"https:\\\/\\\/blogin.al\\\/#website\",\"url\":\"https:\\\/\\\/blogin.al\\\/\",\"name\":\"blogin.al\",\"description\":\"\",\"publisher\":{\"@id\":\"https:\\\/\\\/blogin.al\\\/#organization\"},\"potentialAction\":[{\"@type\":\"SearchAction\",\"target\":{\"@type\":\"EntryPoint\",\"urlTemplate\":\"https:\\\/\\\/blogin.al\\\/?s={search_term_string}\"},\"query-input\":{\"@type\":\"PropertyValueSpecification\",\"valueRequired\":true,\"valueName\":\"search_term_string\"}}],\"inLanguage\":\"en-US\"},{\"@type\":\"Organization\",\"@id\":\"https:\\\/\\\/blogin.al\\\/#organization\",\"name\":\"BLOGIN.al\",\"url\":\"https:\\\/\\\/blogin.al\\\/\",\"logo\":{\"@type\":\"ImageObject\",\"inLanguage\":\"en-US\",\"@id\":\"https:\\\/\\\/blogin.al\\\/#\\\/schema\\\/logo\\\/image\\\/\",\"url\":\"https:\\\/\\\/blogin.al\\\/wp-content\\\/uploads\\\/2022\\\/05\\\/Untitled-2-01-e1652084456514.png\",\"contentUrl\":\"https:\\\/\\\/blogin.al\\\/wp-content\\\/uploads\\\/2022\\\/05\\\/Untitled-2-01-e1652084456514.png\",\"width\":3723,\"height\":1698,\"caption\":\"BLOGIN.al\"},\"image\":{\"@id\":\"https:\\\/\\\/blogin.al\\\/#\\\/schema\\\/logo\\\/image\\\/\"},\"sameAs\":[\"https:\\\/\\\/instagram.com\\\/blogin.al\\\/\"]},{\"@type\":\"Person\",\"@id\":\"https:\\\/\\\/blogin.al\\\/#\\\/schema\\\/person\\\/abdd56bc912cd511db877b852b115399\",\"name\":\"Blogin al\",\"image\":{\"@type\":\"ImageObject\",\"inLanguage\":\"en-US\",\"@id\":\"https:\\\/\\\/secure.gravatar.com\\\/avatar\\\/60d5661aee6e835fb13dc75d2204cd0c1d61bef2efd137c0083e59ef831e235e?s=96&d=mm&r=g\",\"url\":\"https:\\\/\\\/secure.gravatar.com\\\/avatar\\\/60d5661aee6e835fb13dc75d2204cd0c1d61bef2efd137c0083e59ef831e235e?s=96&d=mm&r=g\",\"contentUrl\":\"https:\\\/\\\/secure.gravatar.com\\\/avatar\\\/60d5661aee6e835fb13dc75d2204cd0c1d61bef2efd137c0083e59ef831e235e?s=96&d=mm&r=g\",\"caption\":\"Blogin al\"},\"sameAs\":[\"https:\\\/\\\/blogin.al\"],\"url\":\"https:\\\/\\\/blogin.al\\\/?author=2\"}]}<\/script>\n<!-- \/ Yoast SEO plugin. -->","yoast_head_json":{"title":"Dalin fotot nga dasma, djali i Shk\u00eblzen Berish\u00ebs ishte pjes\u00ebmarr\u00ebs - blogin.al","robots":{"index":"index","follow":"follow","max-snippet":"max-snippet:-1","max-image-preview":"max-image-preview:large","max-video-preview":"max-video-preview:-1"},"canonical":"https:\/\/blogin.al\/?p=15548","og_locale":"en_US","og_type":"article","og_title":"Dalin fotot nga dasma, djali i Shk\u00eblzen Berish\u00ebs ishte pjes\u00ebmarr\u00ebs - blogin.al","og_description":"Dasma madh\u00ebshtore e Shk\u00eblzen Berish\u00ebs dhe Armina Mevlanit q\u00eb u mbajt n\u00eb 25 shtator, ka pasur mbi 300 t\u00eb ftuar. Mes tyre kan\u00eb qen\u00eb personazhe t\u00eb njohur t\u00eb politik\u00ebs dhe medias. Mir\u00ebpo, publiku \u00ebsht\u00eb b\u00ebr\u00eb kurioz\u00eb, n\u00ebse n\u00eb dasm\u00eb kan\u00eb qen\u00eb pjes\u00ebmarr\u00ebs dhe f\u00ebmij\u00ebt e Shk\u00eblzenit, nga martesa e par\u00eb. Ishte vet\u00eb Armina q\u00eb e [&hellip;]","og_url":"https:\/\/blogin.al\/?p=15548","og_site_name":"blogin.al","article_published_time":"2022-10-04T13:16:17+00:00","article_modified_time":"2022-10-04T13:16:18+00:00","og_image":[{"width":1440,"height":1598,"url":"https:\/\/blogin.al\/wp-content\/uploads\/2022\/09\/20220929_113457.jpg","type":"image\/jpeg"}],"author":"Blogin al","twitter_card":"summary_large_image","twitter_misc":{"Written by":"Blogin al","Est. reading time":"1 minute"},"schema":{"@context":"https:\/\/schema.org","@graph":[{"@type":"Article","@id":"https:\/\/blogin.al\/?p=15548#article","isPartOf":{"@id":"https:\/\/blogin.al\/?p=15548"},"author":{"name":"Blogin al","@id":"https:\/\/blogin.al\/#\/schema\/person\/abdd56bc912cd511db877b852b115399"},"headline":"Dalin fotot nga dasma, djali i Shk\u00eblzen Berish\u00ebs ishte pjes\u00ebmarr\u00ebs","datePublished":"2022-10-04T13:16:17+00:00","dateModified":"2022-10-04T13:16:18+00:00","mainEntityOfPage":{"@id":"https:\/\/blogin.al\/?p=15548"},"wordCount":145,"commentCount":0,"publisher":{"@id":"https:\/\/blogin.al\/#organization"},"image":{"@id":"https:\/\/blogin.al\/?p=15548#primaryimage"},"thumbnailUrl":"https:\/\/blogin.al\/wp-content\/uploads\/2022\/09\/20220929_113457.jpg","articleSection":["SHOWBIZ"],"inLanguage":"en-US","potentialAction":[{"@type":"CommentAction","name":"Comment","target":["https:\/\/blogin.al\/?p=15548#respond"]}]},{"@type":"WebPage","@id":"https:\/\/blogin.al\/?p=15548","url":"https:\/\/blogin.al\/?p=15548","name":"Dalin fotot nga dasma, djali i Shk\u00eblzen Berish\u00ebs ishte pjes\u00ebmarr\u00ebs - blogin.al","isPartOf":{"@id":"https:\/\/blogin.al\/#website"},"primaryImageOfPage":{"@id":"https:\/\/blogin.al\/?p=15548#primaryimage"},"image":{"@id":"https:\/\/blogin.al\/?p=15548#primaryimage"},"thumbnailUrl":"https:\/\/blogin.al\/wp-content\/uploads\/2022\/09\/20220929_113457.jpg","datePublished":"2022-10-04T13:16:17+00:00","dateModified":"2022-10-04T13:16:18+00:00","breadcrumb":{"@id":"https:\/\/blogin.al\/?p=15548#breadcrumb"},"inLanguage":"en-US","potentialAction":[{"@type":"ReadAction","target":["https:\/\/blogin.al\/?p=15548"]}]},{"@type":"ImageObject","inLanguage":"en-US","@id":"https:\/\/blogin.al\/?p=15548#primaryimage","url":"https:\/\/blogin.al\/wp-content\/uploads\/2022\/09\/20220929_113457.jpg","contentUrl":"https:\/\/blogin.al\/wp-content\/uploads\/2022\/09\/20220929_113457.jpg","width":1440,"height":1598},{"@type":"BreadcrumbList","@id":"https:\/\/blogin.al\/?p=15548#breadcrumb","itemListElement":[{"@type":"ListItem","position":1,"name":"Home","item":"https:\/\/blogin.al\/"},{"@type":"ListItem","position":2,"name":"Dalin fotot nga dasma, djali i Shk\u00eblzen Berish\u00ebs ishte pjes\u00ebmarr\u00ebs"}]},{"@type":"WebSite","@id":"https:\/\/blogin.al\/#website","url":"https:\/\/blogin.al\/","name":"blogin.al","description":"","publisher":{"@id":"https:\/\/blogin.al\/#organization"},"potentialAction":[{"@type":"SearchAction","target":{"@type":"EntryPoint","urlTemplate":"https:\/\/blogin.al\/?s={search_term_string}"},"query-input":{"@type":"PropertyValueSpecification","valueRequired":true,"valueName":"search_term_string"}}],"inLanguage":"en-US"},{"@type":"Organization","@id":"https:\/\/blogin.al\/#organization","name":"BLOGIN.al","url":"https:\/\/blogin.al\/","logo":{"@type":"ImageObject","inLanguage":"en-US","@id":"https:\/\/blogin.al\/#\/schema\/logo\/image\/","url":"https:\/\/blogin.al\/wp-content\/uploads\/2022\/05\/Untitled-2-01-e1652084456514.png","contentUrl":"https:\/\/blogin.al\/wp-content\/uploads\/2022\/05\/Untitled-2-01-e1652084456514.png","width":3723,"height":1698,"caption":"BLOGIN.al"},"image":{"@id":"https:\/\/blogin.al\/#\/schema\/logo\/image\/"},"sameAs":["https:\/\/instagram.com\/blogin.al\/"]},{"@type":"Person","@id":"https:\/\/blogin.al\/#\/schema\/person\/abdd56bc912cd511db877b852b115399","name":"Blogin al","image":{"@type":"ImageObject","inLanguage":"en-US","@id":"https:\/\/secure.gravatar.com\/avatar\/60d5661aee6e835fb13dc75d2204cd0c1d61bef2efd137c0083e59ef831e235e?s=96&d=mm&r=g","url":"https:\/\/secure.gravatar.com\/avatar\/60d5661aee6e835fb13dc75d2204cd0c1d61bef2efd137c0083e59ef831e235e?s=96&d=mm&r=g","contentUrl":"https:\/\/secure.gravatar.com\/avatar\/60d5661aee6e835fb13dc75d2204cd0c1d61bef2efd137c0083e59ef831e235e?s=96&d=mm&r=g","caption":"Blogin al"},"sameAs":["https:\/\/blogin.al"],"url":"https:\/\/blogin.al\/?author=2"}]}},"_links":{"self":[{"href":"https:\/\/blogin.al\/index.php?rest_route=\/wp\/v2\/posts\/15548","targetHints":{"allow":["GET"]}}],"collection":[{"href":"https:\/\/blogin.al\/index.php?rest_route=\/wp\/v2\/posts"}],"about":[{"href":"https:\/\/blogin.al\/index.php?rest_route=\/wp\/v2\/types\/post"}],"author":[{"embeddable":true,"href":"https:\/\/blogin.al\/index.php?rest_route=\/wp\/v2\/users\/2"}],"replies":[{"embeddable":true,"href":"https:\/\/blogin.al\/index.php?rest_route=%2Fwp%2Fv2%2Fcomments&post=15548"}],"version-history":[{"count":1,"href":"https:\/\/blogin.al\/index.php?rest_route=\/wp\/v2\/posts\/15548\/revisions"}],"predecessor-version":[{"id":15551,"href":"https:\/\/blogin.al\/index.php?rest_route=\/wp\/v2\/posts\/15548\/revisions\/15551"}],"wp:featuredmedia":[{"embeddable":true,"href":"https:\/\/blogin.al\/index.php?rest_route=\/wp\/v2\/media\/15218"}],"wp:attachment":[{"href":"https:\/\/blogin.al\/index.php?rest_route=%2Fwp%2Fv2%2Fmedia&parent=15548"}],"wp:term":[{"taxonomy":"category","embeddable":true,"href":"https:\/\/blogin.al\/index.php?rest_route=%2Fwp%2Fv2%2Fcategories&post=15548"},{"taxonomy":"post_tag","embeddable":true,"href":"https:\/\/blogin.al\/index.php?rest_route=%2Fwp%2Fv2%2Ftags&post=15548"}],"curies":[{"name":"wp","href":"https:\/\/api.w.org\/{rel}","templated":true}]}}