{"id":15630,"date":"2022-10-05T12:34:07","date_gmt":"2022-10-05T12:34:07","guid":{"rendered":"https:\/\/blogin.al\/?p=15630"},"modified":"2022-10-05T12:34:08","modified_gmt":"2022-10-05T12:34:08","slug":"meghan-markle-rrefen-nje-nga-momentet-me-te-sikletshme-te-jetes-se-saj","status":"publish","type":"post","link":"https:\/\/blogin.al\/?p=15630","title":{"rendered":"Meghan Markle rr\u00ebfen nj\u00eb nga momentet m\u00eb t\u00eb sikletshme t\u00eb jet\u00ebs s\u00eb saj"},"content":{"rendered":"\n<p><strong>Pas nj\u00eb pauze tre-javore p\u00ebr shkak t\u00eb vdekjes s\u00eb Mbret\u00ebresh\u00ebs Elizabeth II , \u00ebsht\u00eb shfaqur episodi i ri i \u2018Archetypes\u2019, n\u00eb t\u00eb cilin Meghan Markle kujtoi \u00a0momentin e sikletsh\u00ebn duke ecur lakuriq n\u00eb nj\u00eb banj\u00eb me n\u00ebn\u00ebn e saj.<\/strong><\/p>\n\n\n\n<p>S\u00eb bashku me komedianen Margaret Cho dhe gazetaren dhe analisten transmetuese Lisa Ling , Meghan diskutoi p\u00ebr \u201cDragon Lady\u201d, e cila \u00ebsht\u00eb nj\u00eb ritual q\u00eb prek grat\u00eb aziatike dhe dikur ishte shum\u00eb e p\u00ebrhapur n\u00eb filma.<\/p>\n\n\n\n<p>Para se t\u00eb fliste p\u00ebr Dragon Lady, Dukesha e Sussex-it kujtoi se ishte rritur n\u00eb Los Anxhelos dhe ishte ekspozuar ndaj shum\u00eb kulturave t\u00eb ndryshme.<\/p>\n\n\n\n<p>Pasi tregoi se i p\u00eblqente t\u00eb m\u00ebsonte p\u00ebr kulturat e tjera, ajo kujtoi se kishte shkuar n\u00eb nj\u00eb banj\u00eb koreane me n\u00ebn\u00ebn e saj Doria Ragland.<\/p>\n\n\n\n<p>\u201cP\u00ebr ata q\u00eb nuk e kan\u00eb provuar m\u00eb par\u00eb kjo \u00ebsht\u00eb nj\u00eb p\u00ebrvoj\u00eb shum\u00eb p\u00ebrul\u00ebse p\u00ebr nj\u00eb vajz\u00eb q\u00eb kalon pubertetin, sepse ju hyni n\u00eb nj\u00eb dhom\u00eb me gra nga mosha 9 deri n\u00eb ndoshta 90 vje\u00e7, t\u00eb gjitha duke ecur lakuriq \u201d, tha Markle .<\/p>\n\n\n\n<figure class=\"wp-block-image size-large is-style-default\"><img fetchpriority=\"high\" decoding=\"async\" width=\"1024\" height=\"682\" src=\"https:\/\/blogin.al\/wp-content\/uploads\/2022\/10\/megan-1024x682.webp\" alt=\"\" class=\"wp-image-15632\" srcset=\"https:\/\/blogin.al\/wp-content\/uploads\/2022\/10\/megan-1024x682.webp 1024w, https:\/\/blogin.al\/wp-content\/uploads\/2022\/10\/megan-300x200.webp 300w, https:\/\/blogin.al\/wp-content\/uploads\/2022\/10\/megan-768x512.webp 768w, https:\/\/blogin.al\/wp-content\/uploads\/2022\/10\/megan-1536x1024.webp 1536w, https:\/\/blogin.al\/wp-content\/uploads\/2022\/10\/megan-150x100.webp 150w, https:\/\/blogin.al\/wp-content\/uploads\/2022\/10\/megan-696x464.webp 696w, https:\/\/blogin.al\/wp-content\/uploads\/2022\/10\/megan-1068x712.webp 1068w, https:\/\/blogin.al\/wp-content\/uploads\/2022\/10\/megan-1920x1280.webp 1920w, https:\/\/blogin.al\/wp-content\/uploads\/2022\/10\/megan.webp 2000w\" sizes=\"(max-width: 1024px) 100vw, 1024px\" \/><\/figure>\n\n\n\n<p>\u201cGjith\u00e7ka q\u00eb doja ishte nj\u00eb kostum banje, por nuk t\u00eb lejohet, meq\u00eb ra fjala, dhe sapo e kalova at\u00eb siklet t\u00eb adoleshenc\u00ebs, un\u00eb dhe mami, shkonim lart, duke pir\u00eb nj\u00eb tas me uj\u00eb me petalet me t\u00eb shijshme dhe shikoja p\u00ebrreth t\u00eb gjitha k\u00ebto gra t\u00eb tjera. K\u00ebto gra t\u00eb bukura koreane q\u00eb kishin p\u00ebrqafuar tradit\u00ebn e gjeneratave t\u00eb jimjilbang dhe e kishin ndar\u00eb at\u00eb me nj\u00ebra-tjetr\u00ebn.\u201d- u shpreh aktorja.<\/p>\n\n\n\n<p>Aktorja gjithashtu tregoi se kjo ishte pjes\u00eb e njohurive t\u00eb kultur\u00ebs aziatike q\u00eb ajo kishte duke u rritur dhe ishte e panjohur me stereotipet m\u00eb t\u00eb d\u00ebmshme me t\u00eb cilat p\u00ebrballeshin grat\u00eb aziatike p\u00ebr shum\u00eb vite.<\/p>\n","protected":false},"excerpt":{"rendered":"<p>Pas nj\u00eb pauze tre-javore p\u00ebr shkak t\u00eb vdekjes s\u00eb Mbret\u00ebresh\u00ebs Elizabeth II , \u00ebsht\u00eb shfaqur episodi i ri i \u2018Archetypes\u2019, n\u00eb t\u00eb cilin Meghan Markle kujtoi \u00a0momentin e sikletsh\u00ebn duke ecur lakuriq n\u00eb nj\u00eb banj\u00eb me n\u00ebn\u00ebn e saj. S\u00eb bashku me komedianen Margaret Cho dhe gazetaren dhe analisten transmetuese Lisa Ling , Meghan diskutoi [&hellip;]<\/p>\n","protected":false},"author":2,"featured_media":15631,"comment_status":"open","ping_status":"open","sticky":false,"template":"","format":"standard","meta":{"footnotes":""},"categories":[33],"tags":[],"class_list":{"0":"post-15630","1":"post","2":"type-post","3":"status-publish","4":"format-standard","5":"has-post-thumbnail","7":"category-showbiz"},"yoast_head":"<!-- This site is optimized with the Yoast SEO plugin v27.5 - https:\/\/yoast.com\/product\/yoast-seo-wordpress\/ -->\n<title>Meghan Markle rr\u00ebfen nj\u00eb nga momentet m\u00eb t\u00eb sikletshme t\u00eb jet\u00ebs s\u00eb saj - blogin.al<\/title>\n<meta name=\"robots\" content=\"index, follow, max-snippet:-1, max-image-preview:large, max-video-preview:-1\" \/>\n<link rel=\"canonical\" href=\"https:\/\/blogin.al\/?p=15630\" \/>\n<meta property=\"og:locale\" content=\"en_US\" \/>\n<meta property=\"og:type\" content=\"article\" \/>\n<meta property=\"og:title\" content=\"Meghan Markle rr\u00ebfen nj\u00eb nga momentet m\u00eb t\u00eb sikletshme t\u00eb jet\u00ebs s\u00eb saj - blogin.al\" \/>\n<meta property=\"og:description\" content=\"Pas nj\u00eb pauze tre-javore p\u00ebr shkak t\u00eb vdekjes s\u00eb Mbret\u00ebresh\u00ebs Elizabeth II , \u00ebsht\u00eb shfaqur episodi i ri i \u2018Archetypes\u2019, n\u00eb t\u00eb cilin Meghan Markle kujtoi \u00a0momentin e sikletsh\u00ebn duke ecur lakuriq n\u00eb nj\u00eb banj\u00eb me n\u00ebn\u00ebn e saj. S\u00eb bashku me komedianen Margaret Cho dhe gazetaren dhe analisten transmetuese Lisa Ling , Meghan diskutoi [&hellip;]\" \/>\n<meta property=\"og:url\" content=\"https:\/\/blogin.al\/?p=15630\" \/>\n<meta property=\"og:site_name\" content=\"blogin.al\" \/>\n<meta property=\"article:published_time\" content=\"2022-10-05T12:34:07+00:00\" \/>\n<meta property=\"article:modified_time\" content=\"2022-10-05T12:34:08+00:00\" \/>\n<meta property=\"og:image\" content=\"https:\/\/blogin.al\/wp-content\/uploads\/2022\/10\/meghan-markle-is-seen-ahead-of-her-visit-with-prince-harry-news-photo-1588879443.jpg\" \/>\n\t<meta property=\"og:image:width\" content=\"640\" \/>\n\t<meta property=\"og:image:height\" content=\"640\" \/>\n\t<meta property=\"og:image:type\" content=\"image\/jpeg\" \/>\n<meta name=\"author\" content=\"Blogin al\" \/>\n<meta name=\"twitter:card\" content=\"summary_large_image\" \/>\n<meta name=\"twitter:label1\" content=\"Written by\" \/>\n\t<meta name=\"twitter:data1\" content=\"Blogin al\" \/>\n\t<meta name=\"twitter:label2\" content=\"Est. reading time\" \/>\n\t<meta name=\"twitter:data2\" content=\"2 minutes\" \/>\n<script type=\"application\/ld+json\" class=\"yoast-schema-graph\">{\"@context\":\"https:\\\/\\\/schema.org\",\"@graph\":[{\"@type\":\"Article\",\"@id\":\"https:\\\/\\\/blogin.al\\\/?p=15630#article\",\"isPartOf\":{\"@id\":\"https:\\\/\\\/blogin.al\\\/?p=15630\"},\"author\":{\"name\":\"Blogin al\",\"@id\":\"https:\\\/\\\/blogin.al\\\/#\\\/schema\\\/person\\\/abdd56bc912cd511db877b852b115399\"},\"headline\":\"Meghan Markle rr\u00ebfen nj\u00eb nga momentet m\u00eb t\u00eb sikletshme t\u00eb jet\u00ebs s\u00eb saj\",\"datePublished\":\"2022-10-05T12:34:07+00:00\",\"dateModified\":\"2022-10-05T12:34:08+00:00\",\"mainEntityOfPage\":{\"@id\":\"https:\\\/\\\/blogin.al\\\/?p=15630\"},\"wordCount\":320,\"commentCount\":0,\"publisher\":{\"@id\":\"https:\\\/\\\/blogin.al\\\/#organization\"},\"image\":{\"@id\":\"https:\\\/\\\/blogin.al\\\/?p=15630#primaryimage\"},\"thumbnailUrl\":\"https:\\\/\\\/blogin.al\\\/wp-content\\\/uploads\\\/2022\\\/10\\\/meghan-markle-is-seen-ahead-of-her-visit-with-prince-harry-news-photo-1588879443.jpg\",\"articleSection\":[\"SHOWBIZ\"],\"inLanguage\":\"en-US\",\"potentialAction\":[{\"@type\":\"CommentAction\",\"name\":\"Comment\",\"target\":[\"https:\\\/\\\/blogin.al\\\/?p=15630#respond\"]}]},{\"@type\":\"WebPage\",\"@id\":\"https:\\\/\\\/blogin.al\\\/?p=15630\",\"url\":\"https:\\\/\\\/blogin.al\\\/?p=15630\",\"name\":\"Meghan Markle rr\u00ebfen nj\u00eb nga momentet m\u00eb t\u00eb sikletshme t\u00eb jet\u00ebs s\u00eb saj - blogin.al\",\"isPartOf\":{\"@id\":\"https:\\\/\\\/blogin.al\\\/#website\"},\"primaryImageOfPage\":{\"@id\":\"https:\\\/\\\/blogin.al\\\/?p=15630#primaryimage\"},\"image\":{\"@id\":\"https:\\\/\\\/blogin.al\\\/?p=15630#primaryimage\"},\"thumbnailUrl\":\"https:\\\/\\\/blogin.al\\\/wp-content\\\/uploads\\\/2022\\\/10\\\/meghan-markle-is-seen-ahead-of-her-visit-with-prince-harry-news-photo-1588879443.jpg\",\"datePublished\":\"2022-10-05T12:34:07+00:00\",\"dateModified\":\"2022-10-05T12:34:08+00:00\",\"breadcrumb\":{\"@id\":\"https:\\\/\\\/blogin.al\\\/?p=15630#breadcrumb\"},\"inLanguage\":\"en-US\",\"potentialAction\":[{\"@type\":\"ReadAction\",\"target\":[\"https:\\\/\\\/blogin.al\\\/?p=15630\"]}]},{\"@type\":\"ImageObject\",\"inLanguage\":\"en-US\",\"@id\":\"https:\\\/\\\/blogin.al\\\/?p=15630#primaryimage\",\"url\":\"https:\\\/\\\/blogin.al\\\/wp-content\\\/uploads\\\/2022\\\/10\\\/meghan-markle-is-seen-ahead-of-her-visit-with-prince-harry-news-photo-1588879443.jpg\",\"contentUrl\":\"https:\\\/\\\/blogin.al\\\/wp-content\\\/uploads\\\/2022\\\/10\\\/meghan-markle-is-seen-ahead-of-her-visit-with-prince-harry-news-photo-1588879443.jpg\",\"width\":640,\"height\":640},{\"@type\":\"BreadcrumbList\",\"@id\":\"https:\\\/\\\/blogin.al\\\/?p=15630#breadcrumb\",\"itemListElement\":[{\"@type\":\"ListItem\",\"position\":1,\"name\":\"Home\",\"item\":\"https:\\\/\\\/blogin.al\\\/\"},{\"@type\":\"ListItem\",\"position\":2,\"name\":\"Meghan Markle rr\u00ebfen nj\u00eb nga momentet m\u00eb t\u00eb sikletshme t\u00eb jet\u00ebs s\u00eb saj\"}]},{\"@type\":\"WebSite\",\"@id\":\"https:\\\/\\\/blogin.al\\\/#website\",\"url\":\"https:\\\/\\\/blogin.al\\\/\",\"name\":\"blogin.al\",\"description\":\"\",\"publisher\":{\"@id\":\"https:\\\/\\\/blogin.al\\\/#organization\"},\"potentialAction\":[{\"@type\":\"SearchAction\",\"target\":{\"@type\":\"EntryPoint\",\"urlTemplate\":\"https:\\\/\\\/blogin.al\\\/?s={search_term_string}\"},\"query-input\":{\"@type\":\"PropertyValueSpecification\",\"valueRequired\":true,\"valueName\":\"search_term_string\"}}],\"inLanguage\":\"en-US\"},{\"@type\":\"Organization\",\"@id\":\"https:\\\/\\\/blogin.al\\\/#organization\",\"name\":\"BLOGIN.al\",\"url\":\"https:\\\/\\\/blogin.al\\\/\",\"logo\":{\"@type\":\"ImageObject\",\"inLanguage\":\"en-US\",\"@id\":\"https:\\\/\\\/blogin.al\\\/#\\\/schema\\\/logo\\\/image\\\/\",\"url\":\"https:\\\/\\\/blogin.al\\\/wp-content\\\/uploads\\\/2022\\\/05\\\/Untitled-2-01-e1652084456514.png\",\"contentUrl\":\"https:\\\/\\\/blogin.al\\\/wp-content\\\/uploads\\\/2022\\\/05\\\/Untitled-2-01-e1652084456514.png\",\"width\":3723,\"height\":1698,\"caption\":\"BLOGIN.al\"},\"image\":{\"@id\":\"https:\\\/\\\/blogin.al\\\/#\\\/schema\\\/logo\\\/image\\\/\"},\"sameAs\":[\"https:\\\/\\\/instagram.com\\\/blogin.al\\\/\"]},{\"@type\":\"Person\",\"@id\":\"https:\\\/\\\/blogin.al\\\/#\\\/schema\\\/person\\\/abdd56bc912cd511db877b852b115399\",\"name\":\"Blogin al\",\"image\":{\"@type\":\"ImageObject\",\"inLanguage\":\"en-US\",\"@id\":\"https:\\\/\\\/secure.gravatar.com\\\/avatar\\\/60d5661aee6e835fb13dc75d2204cd0c1d61bef2efd137c0083e59ef831e235e?s=96&d=mm&r=g\",\"url\":\"https:\\\/\\\/secure.gravatar.com\\\/avatar\\\/60d5661aee6e835fb13dc75d2204cd0c1d61bef2efd137c0083e59ef831e235e?s=96&d=mm&r=g\",\"contentUrl\":\"https:\\\/\\\/secure.gravatar.com\\\/avatar\\\/60d5661aee6e835fb13dc75d2204cd0c1d61bef2efd137c0083e59ef831e235e?s=96&d=mm&r=g\",\"caption\":\"Blogin al\"},\"sameAs\":[\"https:\\\/\\\/blogin.al\"],\"url\":\"https:\\\/\\\/blogin.al\\\/?author=2\"}]}<\/script>\n<!-- \/ Yoast SEO plugin. -->","yoast_head_json":{"title":"Meghan Markle rr\u00ebfen nj\u00eb nga momentet m\u00eb t\u00eb sikletshme t\u00eb jet\u00ebs s\u00eb saj - blogin.al","robots":{"index":"index","follow":"follow","max-snippet":"max-snippet:-1","max-image-preview":"max-image-preview:large","max-video-preview":"max-video-preview:-1"},"canonical":"https:\/\/blogin.al\/?p=15630","og_locale":"en_US","og_type":"article","og_title":"Meghan Markle rr\u00ebfen nj\u00eb nga momentet m\u00eb t\u00eb sikletshme t\u00eb jet\u00ebs s\u00eb saj - blogin.al","og_description":"Pas nj\u00eb pauze tre-javore p\u00ebr shkak t\u00eb vdekjes s\u00eb Mbret\u00ebresh\u00ebs Elizabeth II , \u00ebsht\u00eb shfaqur episodi i ri i \u2018Archetypes\u2019, n\u00eb t\u00eb cilin Meghan Markle kujtoi \u00a0momentin e sikletsh\u00ebn duke ecur lakuriq n\u00eb nj\u00eb banj\u00eb me n\u00ebn\u00ebn e saj. S\u00eb bashku me komedianen Margaret Cho dhe gazetaren dhe analisten transmetuese Lisa Ling , Meghan diskutoi [&hellip;]","og_url":"https:\/\/blogin.al\/?p=15630","og_site_name":"blogin.al","article_published_time":"2022-10-05T12:34:07+00:00","article_modified_time":"2022-10-05T12:34:08+00:00","og_image":[{"width":640,"height":640,"url":"https:\/\/blogin.al\/wp-content\/uploads\/2022\/10\/meghan-markle-is-seen-ahead-of-her-visit-with-prince-harry-news-photo-1588879443.jpg","type":"image\/jpeg"}],"author":"Blogin al","twitter_card":"summary_large_image","twitter_misc":{"Written by":"Blogin al","Est. reading time":"2 minutes"},"schema":{"@context":"https:\/\/schema.org","@graph":[{"@type":"Article","@id":"https:\/\/blogin.al\/?p=15630#article","isPartOf":{"@id":"https:\/\/blogin.al\/?p=15630"},"author":{"name":"Blogin al","@id":"https:\/\/blogin.al\/#\/schema\/person\/abdd56bc912cd511db877b852b115399"},"headline":"Meghan Markle rr\u00ebfen nj\u00eb nga momentet m\u00eb t\u00eb sikletshme t\u00eb jet\u00ebs s\u00eb saj","datePublished":"2022-10-05T12:34:07+00:00","dateModified":"2022-10-05T12:34:08+00:00","mainEntityOfPage":{"@id":"https:\/\/blogin.al\/?p=15630"},"wordCount":320,"commentCount":0,"publisher":{"@id":"https:\/\/blogin.al\/#organization"},"image":{"@id":"https:\/\/blogin.al\/?p=15630#primaryimage"},"thumbnailUrl":"https:\/\/blogin.al\/wp-content\/uploads\/2022\/10\/meghan-markle-is-seen-ahead-of-her-visit-with-prince-harry-news-photo-1588879443.jpg","articleSection":["SHOWBIZ"],"inLanguage":"en-US","potentialAction":[{"@type":"CommentAction","name":"Comment","target":["https:\/\/blogin.al\/?p=15630#respond"]}]},{"@type":"WebPage","@id":"https:\/\/blogin.al\/?p=15630","url":"https:\/\/blogin.al\/?p=15630","name":"Meghan Markle rr\u00ebfen nj\u00eb nga momentet m\u00eb t\u00eb sikletshme t\u00eb jet\u00ebs s\u00eb saj - blogin.al","isPartOf":{"@id":"https:\/\/blogin.al\/#website"},"primaryImageOfPage":{"@id":"https:\/\/blogin.al\/?p=15630#primaryimage"},"image":{"@id":"https:\/\/blogin.al\/?p=15630#primaryimage"},"thumbnailUrl":"https:\/\/blogin.al\/wp-content\/uploads\/2022\/10\/meghan-markle-is-seen-ahead-of-her-visit-with-prince-harry-news-photo-1588879443.jpg","datePublished":"2022-10-05T12:34:07+00:00","dateModified":"2022-10-05T12:34:08+00:00","breadcrumb":{"@id":"https:\/\/blogin.al\/?p=15630#breadcrumb"},"inLanguage":"en-US","potentialAction":[{"@type":"ReadAction","target":["https:\/\/blogin.al\/?p=15630"]}]},{"@type":"ImageObject","inLanguage":"en-US","@id":"https:\/\/blogin.al\/?p=15630#primaryimage","url":"https:\/\/blogin.al\/wp-content\/uploads\/2022\/10\/meghan-markle-is-seen-ahead-of-her-visit-with-prince-harry-news-photo-1588879443.jpg","contentUrl":"https:\/\/blogin.al\/wp-content\/uploads\/2022\/10\/meghan-markle-is-seen-ahead-of-her-visit-with-prince-harry-news-photo-1588879443.jpg","width":640,"height":640},{"@type":"BreadcrumbList","@id":"https:\/\/blogin.al\/?p=15630#breadcrumb","itemListElement":[{"@type":"ListItem","position":1,"name":"Home","item":"https:\/\/blogin.al\/"},{"@type":"ListItem","position":2,"name":"Meghan Markle rr\u00ebfen nj\u00eb nga momentet m\u00eb t\u00eb sikletshme t\u00eb jet\u00ebs s\u00eb saj"}]},{"@type":"WebSite","@id":"https:\/\/blogin.al\/#website","url":"https:\/\/blogin.al\/","name":"blogin.al","description":"","publisher":{"@id":"https:\/\/blogin.al\/#organization"},"potentialAction":[{"@type":"SearchAction","target":{"@type":"EntryPoint","urlTemplate":"https:\/\/blogin.al\/?s={search_term_string}"},"query-input":{"@type":"PropertyValueSpecification","valueRequired":true,"valueName":"search_term_string"}}],"inLanguage":"en-US"},{"@type":"Organization","@id":"https:\/\/blogin.al\/#organization","name":"BLOGIN.al","url":"https:\/\/blogin.al\/","logo":{"@type":"ImageObject","inLanguage":"en-US","@id":"https:\/\/blogin.al\/#\/schema\/logo\/image\/","url":"https:\/\/blogin.al\/wp-content\/uploads\/2022\/05\/Untitled-2-01-e1652084456514.png","contentUrl":"https:\/\/blogin.al\/wp-content\/uploads\/2022\/05\/Untitled-2-01-e1652084456514.png","width":3723,"height":1698,"caption":"BLOGIN.al"},"image":{"@id":"https:\/\/blogin.al\/#\/schema\/logo\/image\/"},"sameAs":["https:\/\/instagram.com\/blogin.al\/"]},{"@type":"Person","@id":"https:\/\/blogin.al\/#\/schema\/person\/abdd56bc912cd511db877b852b115399","name":"Blogin al","image":{"@type":"ImageObject","inLanguage":"en-US","@id":"https:\/\/secure.gravatar.com\/avatar\/60d5661aee6e835fb13dc75d2204cd0c1d61bef2efd137c0083e59ef831e235e?s=96&d=mm&r=g","url":"https:\/\/secure.gravatar.com\/avatar\/60d5661aee6e835fb13dc75d2204cd0c1d61bef2efd137c0083e59ef831e235e?s=96&d=mm&r=g","contentUrl":"https:\/\/secure.gravatar.com\/avatar\/60d5661aee6e835fb13dc75d2204cd0c1d61bef2efd137c0083e59ef831e235e?s=96&d=mm&r=g","caption":"Blogin al"},"sameAs":["https:\/\/blogin.al"],"url":"https:\/\/blogin.al\/?author=2"}]}},"_links":{"self":[{"href":"https:\/\/blogin.al\/index.php?rest_route=\/wp\/v2\/posts\/15630","targetHints":{"allow":["GET"]}}],"collection":[{"href":"https:\/\/blogin.al\/index.php?rest_route=\/wp\/v2\/posts"}],"about":[{"href":"https:\/\/blogin.al\/index.php?rest_route=\/wp\/v2\/types\/post"}],"author":[{"embeddable":true,"href":"https:\/\/blogin.al\/index.php?rest_route=\/wp\/v2\/users\/2"}],"replies":[{"embeddable":true,"href":"https:\/\/blogin.al\/index.php?rest_route=%2Fwp%2Fv2%2Fcomments&post=15630"}],"version-history":[{"count":1,"href":"https:\/\/blogin.al\/index.php?rest_route=\/wp\/v2\/posts\/15630\/revisions"}],"predecessor-version":[{"id":15633,"href":"https:\/\/blogin.al\/index.php?rest_route=\/wp\/v2\/posts\/15630\/revisions\/15633"}],"wp:featuredmedia":[{"embeddable":true,"href":"https:\/\/blogin.al\/index.php?rest_route=\/wp\/v2\/media\/15631"}],"wp:attachment":[{"href":"https:\/\/blogin.al\/index.php?rest_route=%2Fwp%2Fv2%2Fmedia&parent=15630"}],"wp:term":[{"taxonomy":"category","embeddable":true,"href":"https:\/\/blogin.al\/index.php?rest_route=%2Fwp%2Fv2%2Fcategories&post=15630"},{"taxonomy":"post_tag","embeddable":true,"href":"https:\/\/blogin.al\/index.php?rest_route=%2Fwp%2Fv2%2Ftags&post=15630"}],"curies":[{"name":"wp","href":"https:\/\/api.w.org\/{rel}","templated":true}]}}