{"id":15673,"date":"2022-10-06T10:28:45","date_gmt":"2022-10-06T10:28:45","guid":{"rendered":"https:\/\/blogin.al\/?p=15673"},"modified":"2022-10-06T10:28:47","modified_gmt":"2022-10-06T10:28:47","slug":"u-ndame-pas-16-vitesh-rrefehet-si-rrallehere-moderatorja-e-njohur-e-top-channel","status":"publish","type":"post","link":"https:\/\/blogin.al\/?p=15673","title":{"rendered":"\u201cU ndam\u00eb pas 16 vitesh\u201d\/ Rr\u00ebfehet si rrall\u00ebher\u00eb moderatorja e njohur e &#8216;Top Channel&#8217;"},"content":{"rendered":"\n<p>Ndarjet n\u00eb \u00e7ift shpesh jan\u00eb momente t\u00eb v\u00ebshtira p\u00ebr t\u2019u p\u00ebrjetuar, por ndodh q\u00eb pal\u00ebt t\u00eb bien dakord p\u00ebr divorcin dhe madje t\u00eb ruajn\u00eb miq\u00ebsi me nj\u00ebri-tjetrin.<\/p>\n\n\n\n<p>N\u00eb nj\u00eb diskutim n\u00eb emisionin \u201cGoca dhe Gra\u201d, moderatorja Jerina Lala tregoi se \u00ebsht\u00eb ndar\u00eb nga ish-partneri i saj pas nj\u00eb romance q\u00eb zgjati 16 vite, por vazhdon t\u00eb ruaj\u00eb komunikimin e mir\u00eb me t\u00eb.<\/p>\n\n\n\n<p>\u00a0\u201cUn\u00eb jam shok me ish-in tim. Jemi ndar\u00eb prej tet\u00eb vitesh tashm\u00eb. Kemi marr\u00eb nj\u00eb vendim p\u00ebr t\u00eb dy, q\u00eb secili duhet t\u00eb ndiqte rrug\u00ebn e vet, sepse dikush nga ne do t\u00eb ishte i palumtur n\u00ebse do t\u00eb vazhdonim si ishim. Kemi q\u00ebndruar bashk\u00eb 16 vjet\u201d.<\/p>\n\n\n\n<figure class=\"wp-block-image size-full is-style-default\"><img fetchpriority=\"high\" decoding=\"async\" width=\"640\" height=\"960\" src=\"https:\/\/blogin.al\/wp-content\/uploads\/2022\/10\/jerina.jpeg\" alt=\"\" class=\"wp-image-15675\" srcset=\"https:\/\/blogin.al\/wp-content\/uploads\/2022\/10\/jerina.jpeg 640w, https:\/\/blogin.al\/wp-content\/uploads\/2022\/10\/jerina-200x300.jpeg 200w, https:\/\/blogin.al\/wp-content\/uploads\/2022\/10\/jerina-150x225.jpeg 150w, https:\/\/blogin.al\/wp-content\/uploads\/2022\/10\/jerina-300x450.jpeg 300w\" sizes=\"(max-width: 640px) 100vw, 640px\" \/><\/figure>\n\n\n\n<p>Sipas Jerina Lal\u00ebs, respekti mes dy personave q\u00eb kan\u00eb ndar\u00eb nj\u00eb pjes\u00eb t\u00eb mir\u00eb t\u00eb jet\u00ebs s\u00eb bashku duhet t\u00eb q\u00ebndroj\u00eb. Megjithat\u00eb, fakt tjet\u00ebr \u00ebsht\u00eb se jo t\u00eb gjitha ndarjet jan\u00eb kaq t\u00eb lehta dhe mbyllen me dakord\u00ebsi.<\/p>\n\n\n\n<p>\u201cNdarja, sidomos kur ke ndar\u00eb me at\u00eb njeri nj\u00eb pjes\u00eb shum\u00eb t\u00eb r\u00ebnd\u00ebsishme t\u00eb jet\u00ebs, t\u00eb ndahesh mir\u00eb, \u00ebsht\u00eb minimumi q\u00eb mund t\u00eb b\u00ebsh. Ka nj\u00eb lloj respekti.<\/p>\n\n\n\n<p>Q\u00eb t\u00eb ndahesh si mik, me personin q\u00eb ke kaluar vite, ta pyes\u00ebsh a je mir\u00eb, t\u2019i thuash q\u00eb jam e lumtur p\u00ebr veten t\u00ebnde q\u00eb ti je mir\u00eb dhe t\u00eb kesh n\u00eb k\u00ebmbim t\u00eb nj\u00ebjt\u00ebn energji t\u00eb mir\u00eb\u201d.<\/p>\n","protected":false},"excerpt":{"rendered":"<p>Ndarjet n\u00eb \u00e7ift shpesh jan\u00eb momente t\u00eb v\u00ebshtira p\u00ebr t\u2019u p\u00ebrjetuar, por ndodh q\u00eb pal\u00ebt t\u00eb bien dakord p\u00ebr divorcin dhe madje t\u00eb ruajn\u00eb miq\u00ebsi me nj\u00ebri-tjetrin. N\u00eb nj\u00eb diskutim n\u00eb emisionin \u201cGoca dhe Gra\u201d, moderatorja Jerina Lala tregoi se \u00ebsht\u00eb ndar\u00eb nga ish-partneri i saj pas nj\u00eb romance q\u00eb zgjati 16 vite, por vazhdon [&hellip;]<\/p>\n","protected":false},"author":2,"featured_media":15674,"comment_status":"open","ping_status":"open","sticky":false,"template":"","format":"standard","meta":{"footnotes":""},"categories":[33],"tags":[],"class_list":{"0":"post-15673","1":"post","2":"type-post","3":"status-publish","4":"format-standard","5":"has-post-thumbnail","7":"category-showbiz"},"yoast_head":"<!-- This site is optimized with the Yoast SEO plugin v27.5 - https:\/\/yoast.com\/product\/yoast-seo-wordpress\/ -->\n<title>\u201cU ndam\u00eb pas 16 vitesh\u201d\/ Rr\u00ebfehet si rrall\u00ebher\u00eb moderatorja e njohur e &#039;Top Channel&#039; - blogin.al<\/title>\n<meta name=\"robots\" content=\"index, follow, max-snippet:-1, max-image-preview:large, max-video-preview:-1\" \/>\n<link rel=\"canonical\" href=\"https:\/\/blogin.al\/?p=15673\" \/>\n<meta property=\"og:locale\" content=\"en_US\" \/>\n<meta property=\"og:type\" content=\"article\" \/>\n<meta property=\"og:title\" content=\"\u201cU ndam\u00eb pas 16 vitesh\u201d\/ Rr\u00ebfehet si rrall\u00ebher\u00eb moderatorja e njohur e &#039;Top Channel&#039; - blogin.al\" \/>\n<meta property=\"og:description\" content=\"Ndarjet n\u00eb \u00e7ift shpesh jan\u00eb momente t\u00eb v\u00ebshtira p\u00ebr t\u2019u p\u00ebrjetuar, por ndodh q\u00eb pal\u00ebt t\u00eb bien dakord p\u00ebr divorcin dhe madje t\u00eb ruajn\u00eb miq\u00ebsi me nj\u00ebri-tjetrin. N\u00eb nj\u00eb diskutim n\u00eb emisionin \u201cGoca dhe Gra\u201d, moderatorja Jerina Lala tregoi se \u00ebsht\u00eb ndar\u00eb nga ish-partneri i saj pas nj\u00eb romance q\u00eb zgjati 16 vite, por vazhdon [&hellip;]\" \/>\n<meta property=\"og:url\" content=\"https:\/\/blogin.al\/?p=15673\" \/>\n<meta property=\"og:site_name\" content=\"blogin.al\" \/>\n<meta property=\"article:published_time\" content=\"2022-10-06T10:28:45+00:00\" \/>\n<meta property=\"article:modified_time\" content=\"2022-10-06T10:28:47+00:00\" \/>\n<meta property=\"og:image\" content=\"https:\/\/blogin.al\/wp-content\/uploads\/2022\/10\/jei.jpg\" \/>\n\t<meta property=\"og:image:width\" content=\"640\" \/>\n\t<meta property=\"og:image:height\" content=\"380\" \/>\n\t<meta property=\"og:image:type\" content=\"image\/jpeg\" \/>\n<meta name=\"author\" content=\"Blogin al\" \/>\n<meta name=\"twitter:card\" content=\"summary_large_image\" \/>\n<meta name=\"twitter:label1\" content=\"Written by\" \/>\n\t<meta name=\"twitter:data1\" content=\"Blogin al\" \/>\n\t<meta name=\"twitter:label2\" content=\"Est. reading time\" \/>\n\t<meta name=\"twitter:data2\" content=\"2 minutes\" \/>\n<script type=\"application\/ld+json\" class=\"yoast-schema-graph\">{\"@context\":\"https:\\\/\\\/schema.org\",\"@graph\":[{\"@type\":\"Article\",\"@id\":\"https:\\\/\\\/blogin.al\\\/?p=15673#article\",\"isPartOf\":{\"@id\":\"https:\\\/\\\/blogin.al\\\/?p=15673\"},\"author\":{\"name\":\"Blogin al\",\"@id\":\"https:\\\/\\\/blogin.al\\\/#\\\/schema\\\/person\\\/abdd56bc912cd511db877b852b115399\"},\"headline\":\"\u201cU ndam\u00eb pas 16 vitesh\u201d\\\/ Rr\u00ebfehet si rrall\u00ebher\u00eb moderatorja e njohur e &#8216;Top Channel&#8217;\",\"datePublished\":\"2022-10-06T10:28:45+00:00\",\"dateModified\":\"2022-10-06T10:28:47+00:00\",\"mainEntityOfPage\":{\"@id\":\"https:\\\/\\\/blogin.al\\\/?p=15673\"},\"wordCount\":255,\"commentCount\":0,\"publisher\":{\"@id\":\"https:\\\/\\\/blogin.al\\\/#organization\"},\"image\":{\"@id\":\"https:\\\/\\\/blogin.al\\\/?p=15673#primaryimage\"},\"thumbnailUrl\":\"https:\\\/\\\/blogin.al\\\/wp-content\\\/uploads\\\/2022\\\/10\\\/jei.jpg\",\"articleSection\":[\"SHOWBIZ\"],\"inLanguage\":\"en-US\",\"potentialAction\":[{\"@type\":\"CommentAction\",\"name\":\"Comment\",\"target\":[\"https:\\\/\\\/blogin.al\\\/?p=15673#respond\"]}]},{\"@type\":\"WebPage\",\"@id\":\"https:\\\/\\\/blogin.al\\\/?p=15673\",\"url\":\"https:\\\/\\\/blogin.al\\\/?p=15673\",\"name\":\"\u201cU ndam\u00eb pas 16 vitesh\u201d\\\/ Rr\u00ebfehet si rrall\u00ebher\u00eb moderatorja e njohur e 'Top Channel' - blogin.al\",\"isPartOf\":{\"@id\":\"https:\\\/\\\/blogin.al\\\/#website\"},\"primaryImageOfPage\":{\"@id\":\"https:\\\/\\\/blogin.al\\\/?p=15673#primaryimage\"},\"image\":{\"@id\":\"https:\\\/\\\/blogin.al\\\/?p=15673#primaryimage\"},\"thumbnailUrl\":\"https:\\\/\\\/blogin.al\\\/wp-content\\\/uploads\\\/2022\\\/10\\\/jei.jpg\",\"datePublished\":\"2022-10-06T10:28:45+00:00\",\"dateModified\":\"2022-10-06T10:28:47+00:00\",\"breadcrumb\":{\"@id\":\"https:\\\/\\\/blogin.al\\\/?p=15673#breadcrumb\"},\"inLanguage\":\"en-US\",\"potentialAction\":[{\"@type\":\"ReadAction\",\"target\":[\"https:\\\/\\\/blogin.al\\\/?p=15673\"]}]},{\"@type\":\"ImageObject\",\"inLanguage\":\"en-US\",\"@id\":\"https:\\\/\\\/blogin.al\\\/?p=15673#primaryimage\",\"url\":\"https:\\\/\\\/blogin.al\\\/wp-content\\\/uploads\\\/2022\\\/10\\\/jei.jpg\",\"contentUrl\":\"https:\\\/\\\/blogin.al\\\/wp-content\\\/uploads\\\/2022\\\/10\\\/jei.jpg\",\"width\":640,\"height\":380},{\"@type\":\"BreadcrumbList\",\"@id\":\"https:\\\/\\\/blogin.al\\\/?p=15673#breadcrumb\",\"itemListElement\":[{\"@type\":\"ListItem\",\"position\":1,\"name\":\"Home\",\"item\":\"https:\\\/\\\/blogin.al\\\/\"},{\"@type\":\"ListItem\",\"position\":2,\"name\":\"\u201cU ndam\u00eb pas 16 vitesh\u201d\\\/ Rr\u00ebfehet si rrall\u00ebher\u00eb moderatorja e njohur e &#8216;Top Channel&#8217;\"}]},{\"@type\":\"WebSite\",\"@id\":\"https:\\\/\\\/blogin.al\\\/#website\",\"url\":\"https:\\\/\\\/blogin.al\\\/\",\"name\":\"blogin.al\",\"description\":\"\",\"publisher\":{\"@id\":\"https:\\\/\\\/blogin.al\\\/#organization\"},\"potentialAction\":[{\"@type\":\"SearchAction\",\"target\":{\"@type\":\"EntryPoint\",\"urlTemplate\":\"https:\\\/\\\/blogin.al\\\/?s={search_term_string}\"},\"query-input\":{\"@type\":\"PropertyValueSpecification\",\"valueRequired\":true,\"valueName\":\"search_term_string\"}}],\"inLanguage\":\"en-US\"},{\"@type\":\"Organization\",\"@id\":\"https:\\\/\\\/blogin.al\\\/#organization\",\"name\":\"BLOGIN.al\",\"url\":\"https:\\\/\\\/blogin.al\\\/\",\"logo\":{\"@type\":\"ImageObject\",\"inLanguage\":\"en-US\",\"@id\":\"https:\\\/\\\/blogin.al\\\/#\\\/schema\\\/logo\\\/image\\\/\",\"url\":\"https:\\\/\\\/blogin.al\\\/wp-content\\\/uploads\\\/2022\\\/05\\\/Untitled-2-01-e1652084456514.png\",\"contentUrl\":\"https:\\\/\\\/blogin.al\\\/wp-content\\\/uploads\\\/2022\\\/05\\\/Untitled-2-01-e1652084456514.png\",\"width\":3723,\"height\":1698,\"caption\":\"BLOGIN.al\"},\"image\":{\"@id\":\"https:\\\/\\\/blogin.al\\\/#\\\/schema\\\/logo\\\/image\\\/\"},\"sameAs\":[\"https:\\\/\\\/instagram.com\\\/blogin.al\\\/\"]},{\"@type\":\"Person\",\"@id\":\"https:\\\/\\\/blogin.al\\\/#\\\/schema\\\/person\\\/abdd56bc912cd511db877b852b115399\",\"name\":\"Blogin al\",\"image\":{\"@type\":\"ImageObject\",\"inLanguage\":\"en-US\",\"@id\":\"https:\\\/\\\/secure.gravatar.com\\\/avatar\\\/60d5661aee6e835fb13dc75d2204cd0c1d61bef2efd137c0083e59ef831e235e?s=96&d=mm&r=g\",\"url\":\"https:\\\/\\\/secure.gravatar.com\\\/avatar\\\/60d5661aee6e835fb13dc75d2204cd0c1d61bef2efd137c0083e59ef831e235e?s=96&d=mm&r=g\",\"contentUrl\":\"https:\\\/\\\/secure.gravatar.com\\\/avatar\\\/60d5661aee6e835fb13dc75d2204cd0c1d61bef2efd137c0083e59ef831e235e?s=96&d=mm&r=g\",\"caption\":\"Blogin al\"},\"sameAs\":[\"https:\\\/\\\/blogin.al\"],\"url\":\"https:\\\/\\\/blogin.al\\\/?author=2\"}]}<\/script>\n<!-- \/ Yoast SEO plugin. -->","yoast_head_json":{"title":"\u201cU ndam\u00eb pas 16 vitesh\u201d\/ Rr\u00ebfehet si rrall\u00ebher\u00eb moderatorja e njohur e 'Top Channel' - blogin.al","robots":{"index":"index","follow":"follow","max-snippet":"max-snippet:-1","max-image-preview":"max-image-preview:large","max-video-preview":"max-video-preview:-1"},"canonical":"https:\/\/blogin.al\/?p=15673","og_locale":"en_US","og_type":"article","og_title":"\u201cU ndam\u00eb pas 16 vitesh\u201d\/ Rr\u00ebfehet si rrall\u00ebher\u00eb moderatorja e njohur e 'Top Channel' - blogin.al","og_description":"Ndarjet n\u00eb \u00e7ift shpesh jan\u00eb momente t\u00eb v\u00ebshtira p\u00ebr t\u2019u p\u00ebrjetuar, por ndodh q\u00eb pal\u00ebt t\u00eb bien dakord p\u00ebr divorcin dhe madje t\u00eb ruajn\u00eb miq\u00ebsi me nj\u00ebri-tjetrin. N\u00eb nj\u00eb diskutim n\u00eb emisionin \u201cGoca dhe Gra\u201d, moderatorja Jerina Lala tregoi se \u00ebsht\u00eb ndar\u00eb nga ish-partneri i saj pas nj\u00eb romance q\u00eb zgjati 16 vite, por vazhdon [&hellip;]","og_url":"https:\/\/blogin.al\/?p=15673","og_site_name":"blogin.al","article_published_time":"2022-10-06T10:28:45+00:00","article_modified_time":"2022-10-06T10:28:47+00:00","og_image":[{"width":640,"height":380,"url":"https:\/\/blogin.al\/wp-content\/uploads\/2022\/10\/jei.jpg","type":"image\/jpeg"}],"author":"Blogin al","twitter_card":"summary_large_image","twitter_misc":{"Written by":"Blogin al","Est. reading time":"2 minutes"},"schema":{"@context":"https:\/\/schema.org","@graph":[{"@type":"Article","@id":"https:\/\/blogin.al\/?p=15673#article","isPartOf":{"@id":"https:\/\/blogin.al\/?p=15673"},"author":{"name":"Blogin al","@id":"https:\/\/blogin.al\/#\/schema\/person\/abdd56bc912cd511db877b852b115399"},"headline":"\u201cU ndam\u00eb pas 16 vitesh\u201d\/ Rr\u00ebfehet si rrall\u00ebher\u00eb moderatorja e njohur e &#8216;Top Channel&#8217;","datePublished":"2022-10-06T10:28:45+00:00","dateModified":"2022-10-06T10:28:47+00:00","mainEntityOfPage":{"@id":"https:\/\/blogin.al\/?p=15673"},"wordCount":255,"commentCount":0,"publisher":{"@id":"https:\/\/blogin.al\/#organization"},"image":{"@id":"https:\/\/blogin.al\/?p=15673#primaryimage"},"thumbnailUrl":"https:\/\/blogin.al\/wp-content\/uploads\/2022\/10\/jei.jpg","articleSection":["SHOWBIZ"],"inLanguage":"en-US","potentialAction":[{"@type":"CommentAction","name":"Comment","target":["https:\/\/blogin.al\/?p=15673#respond"]}]},{"@type":"WebPage","@id":"https:\/\/blogin.al\/?p=15673","url":"https:\/\/blogin.al\/?p=15673","name":"\u201cU ndam\u00eb pas 16 vitesh\u201d\/ Rr\u00ebfehet si rrall\u00ebher\u00eb moderatorja e njohur e 'Top Channel' - blogin.al","isPartOf":{"@id":"https:\/\/blogin.al\/#website"},"primaryImageOfPage":{"@id":"https:\/\/blogin.al\/?p=15673#primaryimage"},"image":{"@id":"https:\/\/blogin.al\/?p=15673#primaryimage"},"thumbnailUrl":"https:\/\/blogin.al\/wp-content\/uploads\/2022\/10\/jei.jpg","datePublished":"2022-10-06T10:28:45+00:00","dateModified":"2022-10-06T10:28:47+00:00","breadcrumb":{"@id":"https:\/\/blogin.al\/?p=15673#breadcrumb"},"inLanguage":"en-US","potentialAction":[{"@type":"ReadAction","target":["https:\/\/blogin.al\/?p=15673"]}]},{"@type":"ImageObject","inLanguage":"en-US","@id":"https:\/\/blogin.al\/?p=15673#primaryimage","url":"https:\/\/blogin.al\/wp-content\/uploads\/2022\/10\/jei.jpg","contentUrl":"https:\/\/blogin.al\/wp-content\/uploads\/2022\/10\/jei.jpg","width":640,"height":380},{"@type":"BreadcrumbList","@id":"https:\/\/blogin.al\/?p=15673#breadcrumb","itemListElement":[{"@type":"ListItem","position":1,"name":"Home","item":"https:\/\/blogin.al\/"},{"@type":"ListItem","position":2,"name":"\u201cU ndam\u00eb pas 16 vitesh\u201d\/ Rr\u00ebfehet si rrall\u00ebher\u00eb moderatorja e njohur e &#8216;Top Channel&#8217;"}]},{"@type":"WebSite","@id":"https:\/\/blogin.al\/#website","url":"https:\/\/blogin.al\/","name":"blogin.al","description":"","publisher":{"@id":"https:\/\/blogin.al\/#organization"},"potentialAction":[{"@type":"SearchAction","target":{"@type":"EntryPoint","urlTemplate":"https:\/\/blogin.al\/?s={search_term_string}"},"query-input":{"@type":"PropertyValueSpecification","valueRequired":true,"valueName":"search_term_string"}}],"inLanguage":"en-US"},{"@type":"Organization","@id":"https:\/\/blogin.al\/#organization","name":"BLOGIN.al","url":"https:\/\/blogin.al\/","logo":{"@type":"ImageObject","inLanguage":"en-US","@id":"https:\/\/blogin.al\/#\/schema\/logo\/image\/","url":"https:\/\/blogin.al\/wp-content\/uploads\/2022\/05\/Untitled-2-01-e1652084456514.png","contentUrl":"https:\/\/blogin.al\/wp-content\/uploads\/2022\/05\/Untitled-2-01-e1652084456514.png","width":3723,"height":1698,"caption":"BLOGIN.al"},"image":{"@id":"https:\/\/blogin.al\/#\/schema\/logo\/image\/"},"sameAs":["https:\/\/instagram.com\/blogin.al\/"]},{"@type":"Person","@id":"https:\/\/blogin.al\/#\/schema\/person\/abdd56bc912cd511db877b852b115399","name":"Blogin al","image":{"@type":"ImageObject","inLanguage":"en-US","@id":"https:\/\/secure.gravatar.com\/avatar\/60d5661aee6e835fb13dc75d2204cd0c1d61bef2efd137c0083e59ef831e235e?s=96&d=mm&r=g","url":"https:\/\/secure.gravatar.com\/avatar\/60d5661aee6e835fb13dc75d2204cd0c1d61bef2efd137c0083e59ef831e235e?s=96&d=mm&r=g","contentUrl":"https:\/\/secure.gravatar.com\/avatar\/60d5661aee6e835fb13dc75d2204cd0c1d61bef2efd137c0083e59ef831e235e?s=96&d=mm&r=g","caption":"Blogin al"},"sameAs":["https:\/\/blogin.al"],"url":"https:\/\/blogin.al\/?author=2"}]}},"_links":{"self":[{"href":"https:\/\/blogin.al\/index.php?rest_route=\/wp\/v2\/posts\/15673","targetHints":{"allow":["GET"]}}],"collection":[{"href":"https:\/\/blogin.al\/index.php?rest_route=\/wp\/v2\/posts"}],"about":[{"href":"https:\/\/blogin.al\/index.php?rest_route=\/wp\/v2\/types\/post"}],"author":[{"embeddable":true,"href":"https:\/\/blogin.al\/index.php?rest_route=\/wp\/v2\/users\/2"}],"replies":[{"embeddable":true,"href":"https:\/\/blogin.al\/index.php?rest_route=%2Fwp%2Fv2%2Fcomments&post=15673"}],"version-history":[{"count":1,"href":"https:\/\/blogin.al\/index.php?rest_route=\/wp\/v2\/posts\/15673\/revisions"}],"predecessor-version":[{"id":15676,"href":"https:\/\/blogin.al\/index.php?rest_route=\/wp\/v2\/posts\/15673\/revisions\/15676"}],"wp:featuredmedia":[{"embeddable":true,"href":"https:\/\/blogin.al\/index.php?rest_route=\/wp\/v2\/media\/15674"}],"wp:attachment":[{"href":"https:\/\/blogin.al\/index.php?rest_route=%2Fwp%2Fv2%2Fmedia&parent=15673"}],"wp:term":[{"taxonomy":"category","embeddable":true,"href":"https:\/\/blogin.al\/index.php?rest_route=%2Fwp%2Fv2%2Fcategories&post=15673"},{"taxonomy":"post_tag","embeddable":true,"href":"https:\/\/blogin.al\/index.php?rest_route=%2Fwp%2Fv2%2Ftags&post=15673"}],"curies":[{"name":"wp","href":"https:\/\/api.w.org\/{rel}","templated":true}]}}