{"id":16364,"date":"2022-10-16T16:42:08","date_gmt":"2022-10-16T16:42:08","guid":{"rendered":"https:\/\/blogin.al\/?p=16364"},"modified":"2022-10-16T16:45:04","modified_gmt":"2022-10-16T16:45:04","slug":"alban-skenderaj-paralajmeron-se-do-te-sjelle-dicka-historike-behuni-gati","status":"publish","type":"post","link":"https:\/\/blogin.al\/?p=16364","title":{"rendered":"Alban Sk\u00ebnderaj paralajm\u00ebron se do t\u00eb sjell\u00eb \u2018di\u00e7ka historike\u2019: B\u00ebhuni gati!"},"content":{"rendered":"\n<p><strong>K\u00ebng\u00ebtari i njohur Alban Sk\u00ebnderaj, ka folur si rrall\u00eb her\u00eb p\u00ebr jet\u00ebn e tij personale dhe at\u00eb profesionale.<\/strong><\/p>\n\n\n\n<p>I ftuar n\u00eb programin \u201cM\u00eb l\u00ebr t\u00eb flas\u201d, Albani ka zbuluar si ka qen\u00eb f\u00ebmij\u00ebria e tij, nd\u00ebrsa tregoi se n\u00eb mosh\u00ebn 15 vje\u00e7are ka udh\u00ebtuar drejt Italis\u00eb. Ai u shpreh se ndihet mir\u00ebnjoh\u00ebs p\u00ebr k\u00ebto 18 vite karrier\u00eb n\u00eb muzik\u00eb.<\/p>\n\n\n\n<p><em>\u201cUn\u00eb jet\u00ebn time e kam t\u00eb lidhur mes Vlor\u00ebs dhe Lushnjes. N\u00eb mosh\u00ebn 15-vje\u00e7are un\u00eb kam shkuar n\u00eb Itali. Kam jetuar n\u00eb qytetin m\u00eb t\u00eb njohur n\u00eb Europ\u00eb p\u00ebr lulet, 20 minuta larg Fierenzes. P\u00ebr 15-vjetor mua m\u00eb b\u00ebn\u00eb v\u00ebllez\u00ebrit e mi dhurat\u00eb nj\u00eb kitar\u00eb. Isha pak n\u00eb siklet dhe doja t\u00eb kthehesha nga andej, dy vitet e para kan\u00eb qen\u00eb shum\u00eb t\u00eb v\u00ebshtir\u00eb por m\u00eb pas gjith\u00e7ka u normalizua.<\/em><\/p>\n\n\n\n<p><em>&nbsp;Mundohesha m\u00eb shum\u00eb tek gj\u00ebrat n\u00eb anglisht. Ishte d\u00ebshira e prind\u00ebrve q\u00eb t\u00eb b\u00ebja tekste n\u00eb shqip dhe k\u00ebshtu nisi gith\u00e7ka. Top Fest-i m\u00eb pas ishte revulucioni q\u00eb Top Channel b\u00ebri at\u00ebher\u00eb. Nj\u00eb moment shum\u00eb simbolik por edhe p\u00ebrcjell nj\u00eb mesazh shum\u00eb t\u00eb r\u00ebnd\u00ebsish\u00ebm. Jam shum\u00eb krenar q\u00eb un\u00eb kam ardhur n\u00eb k\u00ebt\u00eb form\u00eb tek publiku.<\/em><\/p>\n\n\n\n<p><em>18 vite karrier\u00eb \u00ebsht\u00eb nj\u00eb arritje shum\u00eb e madhe, jam falenderues p\u00ebr publikun dhe krenar p\u00ebr veten. Duhet ta lidh\u00ebsh karrier\u00ebn me veten t\u00ebnde dhe gjith\u00e7ka q\u00eb t\u00eb p\u00ebrket\u201d-r<\/em>r\u00ebfeu k\u00ebng\u00ebtari.<\/p>\n\n\n\n<figure class=\"wp-block-image size-large\"><img fetchpriority=\"high\" decoding=\"async\" width=\"1024\" height=\"904\" src=\"https:\/\/blogin.al\/wp-content\/uploads\/2022\/10\/20221016_184340-1024x904.jpg\" alt=\"\" class=\"wp-image-16367\" srcset=\"https:\/\/blogin.al\/wp-content\/uploads\/2022\/10\/20221016_184340-1024x904.jpg 1024w, https:\/\/blogin.al\/wp-content\/uploads\/2022\/10\/20221016_184340-300x265.jpg 300w, https:\/\/blogin.al\/wp-content\/uploads\/2022\/10\/20221016_184340-768x678.jpg 768w, https:\/\/blogin.al\/wp-content\/uploads\/2022\/10\/20221016_184340-150x132.jpg 150w, https:\/\/blogin.al\/wp-content\/uploads\/2022\/10\/20221016_184340-696x614.jpg 696w, https:\/\/blogin.al\/wp-content\/uploads\/2022\/10\/20221016_184340-1068x943.jpg 1068w, https:\/\/blogin.al\/wp-content\/uploads\/2022\/10\/20221016_184340.jpg 1440w\" sizes=\"(max-width: 1024px) 100vw, 1024px\" \/><\/figure>\n\n\n\n<p>Nd\u00ebr t\u00eb tjera, Sk\u00ebnderaj zbuloi se shum\u00eb shpejt do t\u00eb sjell\u00eb dhe nj\u00eb \u2018projekt historik\u2019 q\u00eb do t\u00eb vulos\u00eb dhe kulmin e karrier\u00ebs s\u00eb tij muzikore.<\/p>\n\n\n\n<p><em>\u201c\u00cbsht\u00eb nj\u00eb sfid\u00eb dhe do t\u00eb kisha shum\u00eb d\u00ebshir\u00eb, po flasim me stafin dhe jemi n\u00eb hapin e par\u00eb. Dua t\u00eb b\u00ebj di\u00e7ka historike dhe spektakolare. Dua t\u00eb jet\u00eb ai kulmi kur edhe un\u00eb t\u00eb vendos nj\u00eb gur n\u00eb historin\u00eb e muzik\u00ebs. \u00cbsht\u00eb ende her\u00ebt por ndoshta vitin tjet\u00ebr mund t\u00eb jet\u00eb gati. B\u00ebhuni gati p\u00ebr di\u00e7ka t\u00eb madhe\u201d-<\/em>&nbsp;paralajm\u00ebroi ai.<\/p>\n","protected":false},"excerpt":{"rendered":"<p>K\u00ebng\u00ebtari i njohur Alban Sk\u00ebnderaj, ka folur si rrall\u00eb her\u00eb p\u00ebr jet\u00ebn e tij personale dhe at\u00eb profesionale. I ftuar n\u00eb programin \u201cM\u00eb l\u00ebr t\u00eb flas\u201d, Albani ka zbuluar si ka qen\u00eb f\u00ebmij\u00ebria e tij, nd\u00ebrsa tregoi se n\u00eb mosh\u00ebn 15 vje\u00e7are ka udh\u00ebtuar drejt Italis\u00eb. Ai u shpreh se ndihet mir\u00ebnjoh\u00ebs p\u00ebr k\u00ebto 18 [&hellip;]<\/p>\n","protected":false},"author":2,"featured_media":16366,"comment_status":"open","ping_status":"open","sticky":false,"template":"","format":"standard","meta":{"footnotes":""},"categories":[33],"tags":[],"class_list":{"0":"post-16364","1":"post","2":"type-post","3":"status-publish","4":"format-standard","5":"has-post-thumbnail","7":"category-showbiz"},"yoast_head":"<!-- This site is optimized with the Yoast SEO plugin v27.5 - https:\/\/yoast.com\/product\/yoast-seo-wordpress\/ -->\n<title>Alban Sk\u00ebnderaj paralajm\u00ebron se do t\u00eb sjell\u00eb \u2018di\u00e7ka historike\u2019: B\u00ebhuni gati! - blogin.al<\/title>\n<meta name=\"robots\" content=\"index, follow, max-snippet:-1, max-image-preview:large, max-video-preview:-1\" \/>\n<link rel=\"canonical\" href=\"https:\/\/blogin.al\/?p=16364\" \/>\n<meta property=\"og:locale\" content=\"en_US\" \/>\n<meta property=\"og:type\" content=\"article\" \/>\n<meta property=\"og:title\" content=\"Alban Sk\u00ebnderaj paralajm\u00ebron se do t\u00eb sjell\u00eb \u2018di\u00e7ka historike\u2019: B\u00ebhuni gati! - blogin.al\" \/>\n<meta property=\"og:description\" content=\"K\u00ebng\u00ebtari i njohur Alban Sk\u00ebnderaj, ka folur si rrall\u00eb her\u00eb p\u00ebr jet\u00ebn e tij personale dhe at\u00eb profesionale. I ftuar n\u00eb programin \u201cM\u00eb l\u00ebr t\u00eb flas\u201d, Albani ka zbuluar si ka qen\u00eb f\u00ebmij\u00ebria e tij, nd\u00ebrsa tregoi se n\u00eb mosh\u00ebn 15 vje\u00e7are ka udh\u00ebtuar drejt Italis\u00eb. Ai u shpreh se ndihet mir\u00ebnjoh\u00ebs p\u00ebr k\u00ebto 18 [&hellip;]\" \/>\n<meta property=\"og:url\" content=\"https:\/\/blogin.al\/?p=16364\" \/>\n<meta property=\"og:site_name\" content=\"blogin.al\" \/>\n<meta property=\"article:published_time\" content=\"2022-10-16T16:42:08+00:00\" \/>\n<meta property=\"article:modified_time\" content=\"2022-10-16T16:45:04+00:00\" \/>\n<meta property=\"og:image\" content=\"https:\/\/blogin.al\/wp-content\/uploads\/2022\/10\/20221016_184400.jpg\" \/>\n\t<meta property=\"og:image:width\" content=\"1440\" \/>\n\t<meta property=\"og:image:height\" content=\"1375\" \/>\n\t<meta property=\"og:image:type\" content=\"image\/jpeg\" \/>\n<meta name=\"author\" content=\"Blogin al\" \/>\n<meta name=\"twitter:card\" content=\"summary_large_image\" \/>\n<meta name=\"twitter:label1\" content=\"Written by\" \/>\n\t<meta name=\"twitter:data1\" content=\"Blogin al\" \/>\n\t<meta name=\"twitter:label2\" content=\"Est. reading time\" \/>\n\t<meta name=\"twitter:data2\" content=\"2 minutes\" \/>\n<script type=\"application\/ld+json\" class=\"yoast-schema-graph\">{\"@context\":\"https:\\\/\\\/schema.org\",\"@graph\":[{\"@type\":\"Article\",\"@id\":\"https:\\\/\\\/blogin.al\\\/?p=16364#article\",\"isPartOf\":{\"@id\":\"https:\\\/\\\/blogin.al\\\/?p=16364\"},\"author\":{\"name\":\"Blogin al\",\"@id\":\"https:\\\/\\\/blogin.al\\\/#\\\/schema\\\/person\\\/abdd56bc912cd511db877b852b115399\"},\"headline\":\"Alban Sk\u00ebnderaj paralajm\u00ebron se do t\u00eb sjell\u00eb \u2018di\u00e7ka historike\u2019: B\u00ebhuni gati!\",\"datePublished\":\"2022-10-16T16:42:08+00:00\",\"dateModified\":\"2022-10-16T16:45:04+00:00\",\"mainEntityOfPage\":{\"@id\":\"https:\\\/\\\/blogin.al\\\/?p=16364\"},\"wordCount\":380,\"commentCount\":0,\"publisher\":{\"@id\":\"https:\\\/\\\/blogin.al\\\/#organization\"},\"image\":{\"@id\":\"https:\\\/\\\/blogin.al\\\/?p=16364#primaryimage\"},\"thumbnailUrl\":\"https:\\\/\\\/blogin.al\\\/wp-content\\\/uploads\\\/2022\\\/10\\\/20221016_184400.jpg\",\"articleSection\":[\"SHOWBIZ\"],\"inLanguage\":\"en-US\",\"potentialAction\":[{\"@type\":\"CommentAction\",\"name\":\"Comment\",\"target\":[\"https:\\\/\\\/blogin.al\\\/?p=16364#respond\"]}]},{\"@type\":\"WebPage\",\"@id\":\"https:\\\/\\\/blogin.al\\\/?p=16364\",\"url\":\"https:\\\/\\\/blogin.al\\\/?p=16364\",\"name\":\"Alban Sk\u00ebnderaj paralajm\u00ebron se do t\u00eb sjell\u00eb \u2018di\u00e7ka historike\u2019: B\u00ebhuni gati! - blogin.al\",\"isPartOf\":{\"@id\":\"https:\\\/\\\/blogin.al\\\/#website\"},\"primaryImageOfPage\":{\"@id\":\"https:\\\/\\\/blogin.al\\\/?p=16364#primaryimage\"},\"image\":{\"@id\":\"https:\\\/\\\/blogin.al\\\/?p=16364#primaryimage\"},\"thumbnailUrl\":\"https:\\\/\\\/blogin.al\\\/wp-content\\\/uploads\\\/2022\\\/10\\\/20221016_184400.jpg\",\"datePublished\":\"2022-10-16T16:42:08+00:00\",\"dateModified\":\"2022-10-16T16:45:04+00:00\",\"breadcrumb\":{\"@id\":\"https:\\\/\\\/blogin.al\\\/?p=16364#breadcrumb\"},\"inLanguage\":\"en-US\",\"potentialAction\":[{\"@type\":\"ReadAction\",\"target\":[\"https:\\\/\\\/blogin.al\\\/?p=16364\"]}]},{\"@type\":\"ImageObject\",\"inLanguage\":\"en-US\",\"@id\":\"https:\\\/\\\/blogin.al\\\/?p=16364#primaryimage\",\"url\":\"https:\\\/\\\/blogin.al\\\/wp-content\\\/uploads\\\/2022\\\/10\\\/20221016_184400.jpg\",\"contentUrl\":\"https:\\\/\\\/blogin.al\\\/wp-content\\\/uploads\\\/2022\\\/10\\\/20221016_184400.jpg\",\"width\":1440,\"height\":1375},{\"@type\":\"BreadcrumbList\",\"@id\":\"https:\\\/\\\/blogin.al\\\/?p=16364#breadcrumb\",\"itemListElement\":[{\"@type\":\"ListItem\",\"position\":1,\"name\":\"Home\",\"item\":\"https:\\\/\\\/blogin.al\\\/\"},{\"@type\":\"ListItem\",\"position\":2,\"name\":\"Alban Sk\u00ebnderaj paralajm\u00ebron se do t\u00eb sjell\u00eb \u2018di\u00e7ka historike\u2019: B\u00ebhuni gati!\"}]},{\"@type\":\"WebSite\",\"@id\":\"https:\\\/\\\/blogin.al\\\/#website\",\"url\":\"https:\\\/\\\/blogin.al\\\/\",\"name\":\"blogin.al\",\"description\":\"\",\"publisher\":{\"@id\":\"https:\\\/\\\/blogin.al\\\/#organization\"},\"potentialAction\":[{\"@type\":\"SearchAction\",\"target\":{\"@type\":\"EntryPoint\",\"urlTemplate\":\"https:\\\/\\\/blogin.al\\\/?s={search_term_string}\"},\"query-input\":{\"@type\":\"PropertyValueSpecification\",\"valueRequired\":true,\"valueName\":\"search_term_string\"}}],\"inLanguage\":\"en-US\"},{\"@type\":\"Organization\",\"@id\":\"https:\\\/\\\/blogin.al\\\/#organization\",\"name\":\"BLOGIN.al\",\"url\":\"https:\\\/\\\/blogin.al\\\/\",\"logo\":{\"@type\":\"ImageObject\",\"inLanguage\":\"en-US\",\"@id\":\"https:\\\/\\\/blogin.al\\\/#\\\/schema\\\/logo\\\/image\\\/\",\"url\":\"https:\\\/\\\/blogin.al\\\/wp-content\\\/uploads\\\/2022\\\/05\\\/Untitled-2-01-e1652084456514.png\",\"contentUrl\":\"https:\\\/\\\/blogin.al\\\/wp-content\\\/uploads\\\/2022\\\/05\\\/Untitled-2-01-e1652084456514.png\",\"width\":3723,\"height\":1698,\"caption\":\"BLOGIN.al\"},\"image\":{\"@id\":\"https:\\\/\\\/blogin.al\\\/#\\\/schema\\\/logo\\\/image\\\/\"},\"sameAs\":[\"https:\\\/\\\/instagram.com\\\/blogin.al\\\/\"]},{\"@type\":\"Person\",\"@id\":\"https:\\\/\\\/blogin.al\\\/#\\\/schema\\\/person\\\/abdd56bc912cd511db877b852b115399\",\"name\":\"Blogin al\",\"image\":{\"@type\":\"ImageObject\",\"inLanguage\":\"en-US\",\"@id\":\"https:\\\/\\\/secure.gravatar.com\\\/avatar\\\/60d5661aee6e835fb13dc75d2204cd0c1d61bef2efd137c0083e59ef831e235e?s=96&d=mm&r=g\",\"url\":\"https:\\\/\\\/secure.gravatar.com\\\/avatar\\\/60d5661aee6e835fb13dc75d2204cd0c1d61bef2efd137c0083e59ef831e235e?s=96&d=mm&r=g\",\"contentUrl\":\"https:\\\/\\\/secure.gravatar.com\\\/avatar\\\/60d5661aee6e835fb13dc75d2204cd0c1d61bef2efd137c0083e59ef831e235e?s=96&d=mm&r=g\",\"caption\":\"Blogin al\"},\"sameAs\":[\"https:\\\/\\\/blogin.al\"],\"url\":\"https:\\\/\\\/blogin.al\\\/?author=2\"}]}<\/script>\n<!-- \/ Yoast SEO plugin. -->","yoast_head_json":{"title":"Alban Sk\u00ebnderaj paralajm\u00ebron se do t\u00eb sjell\u00eb \u2018di\u00e7ka historike\u2019: B\u00ebhuni gati! - blogin.al","robots":{"index":"index","follow":"follow","max-snippet":"max-snippet:-1","max-image-preview":"max-image-preview:large","max-video-preview":"max-video-preview:-1"},"canonical":"https:\/\/blogin.al\/?p=16364","og_locale":"en_US","og_type":"article","og_title":"Alban Sk\u00ebnderaj paralajm\u00ebron se do t\u00eb sjell\u00eb \u2018di\u00e7ka historike\u2019: B\u00ebhuni gati! - blogin.al","og_description":"K\u00ebng\u00ebtari i njohur Alban Sk\u00ebnderaj, ka folur si rrall\u00eb her\u00eb p\u00ebr jet\u00ebn e tij personale dhe at\u00eb profesionale. I ftuar n\u00eb programin \u201cM\u00eb l\u00ebr t\u00eb flas\u201d, Albani ka zbuluar si ka qen\u00eb f\u00ebmij\u00ebria e tij, nd\u00ebrsa tregoi se n\u00eb mosh\u00ebn 15 vje\u00e7are ka udh\u00ebtuar drejt Italis\u00eb. Ai u shpreh se ndihet mir\u00ebnjoh\u00ebs p\u00ebr k\u00ebto 18 [&hellip;]","og_url":"https:\/\/blogin.al\/?p=16364","og_site_name":"blogin.al","article_published_time":"2022-10-16T16:42:08+00:00","article_modified_time":"2022-10-16T16:45:04+00:00","og_image":[{"width":1440,"height":1375,"url":"https:\/\/blogin.al\/wp-content\/uploads\/2022\/10\/20221016_184400.jpg","type":"image\/jpeg"}],"author":"Blogin al","twitter_card":"summary_large_image","twitter_misc":{"Written by":"Blogin al","Est. reading time":"2 minutes"},"schema":{"@context":"https:\/\/schema.org","@graph":[{"@type":"Article","@id":"https:\/\/blogin.al\/?p=16364#article","isPartOf":{"@id":"https:\/\/blogin.al\/?p=16364"},"author":{"name":"Blogin al","@id":"https:\/\/blogin.al\/#\/schema\/person\/abdd56bc912cd511db877b852b115399"},"headline":"Alban Sk\u00ebnderaj paralajm\u00ebron se do t\u00eb sjell\u00eb \u2018di\u00e7ka historike\u2019: B\u00ebhuni gati!","datePublished":"2022-10-16T16:42:08+00:00","dateModified":"2022-10-16T16:45:04+00:00","mainEntityOfPage":{"@id":"https:\/\/blogin.al\/?p=16364"},"wordCount":380,"commentCount":0,"publisher":{"@id":"https:\/\/blogin.al\/#organization"},"image":{"@id":"https:\/\/blogin.al\/?p=16364#primaryimage"},"thumbnailUrl":"https:\/\/blogin.al\/wp-content\/uploads\/2022\/10\/20221016_184400.jpg","articleSection":["SHOWBIZ"],"inLanguage":"en-US","potentialAction":[{"@type":"CommentAction","name":"Comment","target":["https:\/\/blogin.al\/?p=16364#respond"]}]},{"@type":"WebPage","@id":"https:\/\/blogin.al\/?p=16364","url":"https:\/\/blogin.al\/?p=16364","name":"Alban Sk\u00ebnderaj paralajm\u00ebron se do t\u00eb sjell\u00eb \u2018di\u00e7ka historike\u2019: B\u00ebhuni gati! - blogin.al","isPartOf":{"@id":"https:\/\/blogin.al\/#website"},"primaryImageOfPage":{"@id":"https:\/\/blogin.al\/?p=16364#primaryimage"},"image":{"@id":"https:\/\/blogin.al\/?p=16364#primaryimage"},"thumbnailUrl":"https:\/\/blogin.al\/wp-content\/uploads\/2022\/10\/20221016_184400.jpg","datePublished":"2022-10-16T16:42:08+00:00","dateModified":"2022-10-16T16:45:04+00:00","breadcrumb":{"@id":"https:\/\/blogin.al\/?p=16364#breadcrumb"},"inLanguage":"en-US","potentialAction":[{"@type":"ReadAction","target":["https:\/\/blogin.al\/?p=16364"]}]},{"@type":"ImageObject","inLanguage":"en-US","@id":"https:\/\/blogin.al\/?p=16364#primaryimage","url":"https:\/\/blogin.al\/wp-content\/uploads\/2022\/10\/20221016_184400.jpg","contentUrl":"https:\/\/blogin.al\/wp-content\/uploads\/2022\/10\/20221016_184400.jpg","width":1440,"height":1375},{"@type":"BreadcrumbList","@id":"https:\/\/blogin.al\/?p=16364#breadcrumb","itemListElement":[{"@type":"ListItem","position":1,"name":"Home","item":"https:\/\/blogin.al\/"},{"@type":"ListItem","position":2,"name":"Alban Sk\u00ebnderaj paralajm\u00ebron se do t\u00eb sjell\u00eb \u2018di\u00e7ka historike\u2019: B\u00ebhuni gati!"}]},{"@type":"WebSite","@id":"https:\/\/blogin.al\/#website","url":"https:\/\/blogin.al\/","name":"blogin.al","description":"","publisher":{"@id":"https:\/\/blogin.al\/#organization"},"potentialAction":[{"@type":"SearchAction","target":{"@type":"EntryPoint","urlTemplate":"https:\/\/blogin.al\/?s={search_term_string}"},"query-input":{"@type":"PropertyValueSpecification","valueRequired":true,"valueName":"search_term_string"}}],"inLanguage":"en-US"},{"@type":"Organization","@id":"https:\/\/blogin.al\/#organization","name":"BLOGIN.al","url":"https:\/\/blogin.al\/","logo":{"@type":"ImageObject","inLanguage":"en-US","@id":"https:\/\/blogin.al\/#\/schema\/logo\/image\/","url":"https:\/\/blogin.al\/wp-content\/uploads\/2022\/05\/Untitled-2-01-e1652084456514.png","contentUrl":"https:\/\/blogin.al\/wp-content\/uploads\/2022\/05\/Untitled-2-01-e1652084456514.png","width":3723,"height":1698,"caption":"BLOGIN.al"},"image":{"@id":"https:\/\/blogin.al\/#\/schema\/logo\/image\/"},"sameAs":["https:\/\/instagram.com\/blogin.al\/"]},{"@type":"Person","@id":"https:\/\/blogin.al\/#\/schema\/person\/abdd56bc912cd511db877b852b115399","name":"Blogin al","image":{"@type":"ImageObject","inLanguage":"en-US","@id":"https:\/\/secure.gravatar.com\/avatar\/60d5661aee6e835fb13dc75d2204cd0c1d61bef2efd137c0083e59ef831e235e?s=96&d=mm&r=g","url":"https:\/\/secure.gravatar.com\/avatar\/60d5661aee6e835fb13dc75d2204cd0c1d61bef2efd137c0083e59ef831e235e?s=96&d=mm&r=g","contentUrl":"https:\/\/secure.gravatar.com\/avatar\/60d5661aee6e835fb13dc75d2204cd0c1d61bef2efd137c0083e59ef831e235e?s=96&d=mm&r=g","caption":"Blogin al"},"sameAs":["https:\/\/blogin.al"],"url":"https:\/\/blogin.al\/?author=2"}]}},"_links":{"self":[{"href":"https:\/\/blogin.al\/index.php?rest_route=\/wp\/v2\/posts\/16364","targetHints":{"allow":["GET"]}}],"collection":[{"href":"https:\/\/blogin.al\/index.php?rest_route=\/wp\/v2\/posts"}],"about":[{"href":"https:\/\/blogin.al\/index.php?rest_route=\/wp\/v2\/types\/post"}],"author":[{"embeddable":true,"href":"https:\/\/blogin.al\/index.php?rest_route=\/wp\/v2\/users\/2"}],"replies":[{"embeddable":true,"href":"https:\/\/blogin.al\/index.php?rest_route=%2Fwp%2Fv2%2Fcomments&post=16364"}],"version-history":[{"count":2,"href":"https:\/\/blogin.al\/index.php?rest_route=\/wp\/v2\/posts\/16364\/revisions"}],"predecessor-version":[{"id":16368,"href":"https:\/\/blogin.al\/index.php?rest_route=\/wp\/v2\/posts\/16364\/revisions\/16368"}],"wp:featuredmedia":[{"embeddable":true,"href":"https:\/\/blogin.al\/index.php?rest_route=\/wp\/v2\/media\/16366"}],"wp:attachment":[{"href":"https:\/\/blogin.al\/index.php?rest_route=%2Fwp%2Fv2%2Fmedia&parent=16364"}],"wp:term":[{"taxonomy":"category","embeddable":true,"href":"https:\/\/blogin.al\/index.php?rest_route=%2Fwp%2Fv2%2Fcategories&post=16364"},{"taxonomy":"post_tag","embeddable":true,"href":"https:\/\/blogin.al\/index.php?rest_route=%2Fwp%2Fv2%2Ftags&post=16364"}],"curies":[{"name":"wp","href":"https:\/\/api.w.org\/{rel}","templated":true}]}}