{"id":20177,"date":"2022-12-17T22:24:45","date_gmt":"2022-12-17T22:24:45","guid":{"rendered":"https:\/\/blogin.al\/?p=20177"},"modified":"2022-12-17T22:25:39","modified_gmt":"2022-12-17T22:25:39","slug":"u-tha-se-kreu-vetevrasje-ne-burg-mozzik-kerkon-publikisht-drejtesi-per-dajen-e-tij","status":"publish","type":"post","link":"https:\/\/blogin.al\/?p=20177","title":{"rendered":"U tha se kreu vet\u00ebvrasje n\u00eb burg, Mozzik k\u00ebrkon publikisht drejt\u00ebsi p\u00ebr daj\u00ebn e tij"},"content":{"rendered":"\n<p><strong>Gramoz ALiu ose ndryshe i njohur me emrin e artit Mozzik ka reaguar n\u00eb lidhje me nj\u00eb rast tragjik q\u00eb ka tronditur at\u00eb dhe familjen e tij.<\/strong><\/p>\n\n\n\n<p>Daja i reperit Burim Hetemi, ka nd\u00ebrruar jet\u00eb n\u00eb Qendr\u00ebn e Paraburgimit n\u00eb Gjilan, ku dyshohet t\u00eb ket\u00eb kryer vet\u00ebvrasje.<\/p>\n\n\n\n<p>Por Mozzik beson t\u00eb kund\u00ebrt\u00ebn dhe n\u00ebp\u00ebrmjet nj\u00eb postimi n\u00eb rrjetet e tij sociale shprehet se ai dhe familja e tij do t\u00eb k\u00ebrkojn\u00eb drejt\u00ebsin\u00eb p\u00ebr institucionet p\u00ebrgjegj\u00ebse.<\/p>\n\n\n\n<p>Reagimi i Mozzik:<\/p>\n\n\n\n<p><em>\u201cVdekje n\u00eb duar t\u00eb shtetit!<\/em><\/p>\n\n\n\n<p><em>Me dat\u00eb 13 t\u00eb k\u00ebtij muaji rreth or\u00ebs 12:40, daja im Burim Hetemi \u2013 tashm\u00eb i ndjer\u00eb, n\u00eb dhomat e qendr\u00ebs s\u00eb paraburgimit t\u00eb Gjilanit, gjeti vdekjen. Rasti tashm\u00eb po dyshohet si vet\u00ebvrasje.<\/em><\/p>\n\n\n\n<p><em>Arsyeja pse i ndjeri ndodhej n\u00eb k\u00ebt\u00eb qend\u00ebr ishte \u201cDhuna n\u00eb familje\u201d, e si shkak i veprimit t\u00eb till\u00eb, kan\u00eb qen\u00eb problemet e gjendjes mendore me t\u00eb cilat \u00ebsht\u00eb ballafaquar \u2013 p\u00ebr \u00e7far\u00eb \u00ebsht\u00eb trajtuar n\u00eb institucionin p\u00ebrkat\u00ebs t\u00eb sh\u00ebndetit mendor\u00eb. I ndjeri ka qen\u00eb gjithashtu i varur nga substancat narkotike (heroin\u00eb) shum\u00eb vite m\u00eb par\u00eb dhe ka qen\u00eb n\u00eb trajtim t\u00eb vazhduesh\u00ebm psiko-terapeutik.<\/em><\/p>\n\n\n\n<p><em>T\u00eb gjith\u00eb k\u00ebto fakte qen\u00eb t\u00eb njohura p\u00ebr institucionet e shtetit me rastin e mbylljes s\u00eb tij n\u00eb paraburgim, nd\u00ebrsa p\u00ebr familjen ngriten shum\u00eb pik\u00ebpyetje se si mund t\u00eb ndodh\u00eb nj\u00eb akt i till\u00eb n\u00eb duar t\u00eb shtetit?!<\/em><\/p>\n\n\n\n<ol class=\"wp-block-list\">\n<li><em>Si \u00ebsht\u00eb e mundur t\u00eb lihet ashtu krejt\u00ebsisht i vet\u00ebm nj\u00eb person i ndaluar p\u00ebr \u201cDhun\u00eb n\u00eb familje\u201d, p\u00ebr t\u00eb cilin mir\u00ebfilli dihet gjendja mendore e tij?<\/em><\/li>\n\n\n\n<li><em>Si \u00ebsht\u00eb e mundur t\u00eb lihet vet\u00ebm nj\u00eb person p\u00ebr t\u00eb cilin organet e Policis\u00eb kan\u00eb pasur n\u00eb posedim t\u00eb gjith\u00eb dokumentacionin p\u00ebrkat\u00ebs t\u00eb trajtimit t\u00eb tij mendor?<\/em><\/li>\n\n\n\n<li><em>Me \u00e7far\u00eb mjeti ka kryer vet\u00ebvrasjen dhe pse nuk jan\u00eb marr\u00eb masat preventive p\u00ebr t\u2019i pamund\u00ebsuar nj\u00eb veprim t\u00eb till\u00eb?<\/em><\/li>\n\n\n\n<li><em>Ku ishin zyrtar\u00ebt kompetent, n\u00eb koh\u00ebn e kryerjes s\u00eb aktit?<\/em><\/li>\n\n\n\n<li><em>Edhe sa raste t\u00eb pakujdesis\u00eb e neglizhenc\u00ebs s\u00eb shtetit p\u00ebr shkak t\u00eb t\u00eb cilave humbin jet\u00eb duket t\u00eb ndodhin q\u00eb t\u00eb mbushemi mend?<\/em><\/li>\n<\/ol>\n\n\n\n<p><em>P\u00ebr zgjidhjen e t\u00eb gjith\u00eb k\u00ebtyre dilemave q\u00eb kemi si familje dhe n\u00eb m\u00ebnyr\u00eb q\u00eb rasti t\u00eb merr epilogun e merituar, ashtu q\u00eb t\u00eb mos p\u00ebrs\u00ebritet n\u00eb t\u00eb ardhmen \u2013 ne do t\u00eb angazhojm\u00eb zyr\u00ebn e avokat\u00ebve Koci &amp; Vokshi, q\u00eb t\u00eb b\u00ebj\u00eb p\u00ebrfaq\u00ebsimin ligjor t\u00eb familjes ton\u00eb lidhur me rastin.<\/em><\/p>\n\n\n\n<p><em>U prehsh n\u00eb paqe i dashur Daj\u00eb, e un\u00eb t\u00eb premtoj se do t\u00eb luftoj q\u00eb rastet si ky i yti t\u00eb mos p\u00ebrs\u00ebriten m\u00eb\u201d, ka shkruar Mozzik.<\/em><\/p>\n\n\n\n<figure class=\"wp-block-image is-style-default\"><img decoding=\"async\" src=\"http:\/\/www.panorama.com.al\/panoramaplus\/wp-content\/uploads\/2022\/12\/u7f.jpg\" alt=\"\" class=\"wp-image-238381\"\/><\/figure>\n\n\n\n<figure class=\"wp-block-image is-style-default\"><img decoding=\"async\" src=\"http:\/\/www.panorama.com.al\/panoramaplus\/wp-content\/uploads\/2022\/12\/u7f-1.jpg\" alt=\"\" class=\"wp-image-238382\"\/><\/figure>\n","protected":false},"excerpt":{"rendered":"<p>Gramoz ALiu ose ndryshe i njohur me emrin e artit Mozzik ka reaguar n\u00eb lidhje me nj\u00eb rast tragjik q\u00eb ka tronditur at\u00eb dhe familjen e tij. Daja i reperit Burim Hetemi, ka nd\u00ebrruar jet\u00eb n\u00eb Qendr\u00ebn e Paraburgimit n\u00eb Gjilan, ku dyshohet t\u00eb ket\u00eb kryer vet\u00ebvrasje. Por Mozzik beson t\u00eb kund\u00ebrt\u00ebn dhe n\u00ebp\u00ebrmjet nj\u00eb [&hellip;]<\/p>\n","protected":false},"author":2,"featured_media":20250,"comment_status":"open","ping_status":"open","sticky":false,"template":"","format":"standard","meta":{"footnotes":""},"categories":[38],"tags":[],"class_list":{"0":"post-20177","1":"post","2":"type-post","3":"status-publish","4":"format-standard","5":"has-post-thumbnail","7":"category-stili-dhe-bota-e-vip"},"yoast_head":"<!-- This site is optimized with the Yoast SEO plugin v27.4 - https:\/\/yoast.com\/product\/yoast-seo-wordpress\/ -->\n<title>U tha se kreu vet\u00ebvrasje n\u00eb burg, Mozzik k\u00ebrkon publikisht drejt\u00ebsi p\u00ebr daj\u00ebn e tij - blogin.al<\/title>\n<meta name=\"robots\" content=\"index, follow, max-snippet:-1, max-image-preview:large, max-video-preview:-1\" \/>\n<link rel=\"canonical\" href=\"https:\/\/blogin.al\/?p=20177\" \/>\n<meta property=\"og:locale\" content=\"en_US\" \/>\n<meta property=\"og:type\" content=\"article\" \/>\n<meta property=\"og:title\" content=\"U tha se kreu vet\u00ebvrasje n\u00eb burg, Mozzik k\u00ebrkon publikisht drejt\u00ebsi p\u00ebr daj\u00ebn e tij - blogin.al\" \/>\n<meta property=\"og:description\" content=\"Gramoz ALiu ose ndryshe i njohur me emrin e artit Mozzik ka reaguar n\u00eb lidhje me nj\u00eb rast tragjik q\u00eb ka tronditur at\u00eb dhe familjen e tij. Daja i reperit Burim Hetemi, ka nd\u00ebrruar jet\u00eb n\u00eb Qendr\u00ebn e Paraburgimit n\u00eb Gjilan, ku dyshohet t\u00eb ket\u00eb kryer vet\u00ebvrasje. Por Mozzik beson t\u00eb kund\u00ebrt\u00ebn dhe n\u00ebp\u00ebrmjet nj\u00eb [&hellip;]\" \/>\n<meta property=\"og:url\" content=\"https:\/\/blogin.al\/?p=20177\" \/>\n<meta property=\"og:site_name\" content=\"blogin.al\" \/>\n<meta property=\"article:published_time\" content=\"2022-12-17T22:24:45+00:00\" \/>\n<meta property=\"article:modified_time\" content=\"2022-12-17T22:25:39+00:00\" \/>\n<meta property=\"og:image\" content=\"https:\/\/blogin.al\/wp-content\/uploads\/2022\/12\/Screenshot_20221217-232426_WordPress.jpg\" \/>\n\t<meta property=\"og:image:width\" content=\"660\" \/>\n\t<meta property=\"og:image:height\" content=\"780\" \/>\n\t<meta property=\"og:image:type\" content=\"image\/jpeg\" \/>\n<meta name=\"author\" content=\"Blogin al\" \/>\n<meta name=\"twitter:card\" content=\"summary_large_image\" \/>\n<meta name=\"twitter:label1\" content=\"Written by\" \/>\n\t<meta name=\"twitter:data1\" content=\"Blogin al\" \/>\n\t<meta name=\"twitter:label2\" content=\"Est. reading time\" \/>\n\t<meta name=\"twitter:data2\" content=\"3 minutes\" \/>\n<script type=\"application\/ld+json\" class=\"yoast-schema-graph\">{\"@context\":\"https:\\\/\\\/schema.org\",\"@graph\":[{\"@type\":\"Article\",\"@id\":\"https:\\\/\\\/blogin.al\\\/?p=20177#article\",\"isPartOf\":{\"@id\":\"https:\\\/\\\/blogin.al\\\/?p=20177\"},\"author\":{\"name\":\"Blogin al\",\"@id\":\"https:\\\/\\\/blogin.al\\\/#\\\/schema\\\/person\\\/abdd56bc912cd511db877b852b115399\"},\"headline\":\"U tha se kreu vet\u00ebvrasje n\u00eb burg, Mozzik k\u00ebrkon publikisht drejt\u00ebsi p\u00ebr daj\u00ebn e tij\",\"datePublished\":\"2022-12-17T22:24:45+00:00\",\"dateModified\":\"2022-12-17T22:25:39+00:00\",\"mainEntityOfPage\":{\"@id\":\"https:\\\/\\\/blogin.al\\\/?p=20177\"},\"wordCount\":477,\"commentCount\":0,\"publisher\":{\"@id\":\"https:\\\/\\\/blogin.al\\\/#organization\"},\"image\":{\"@id\":\"https:\\\/\\\/blogin.al\\\/?p=20177#primaryimage\"},\"thumbnailUrl\":\"https:\\\/\\\/blogin.al\\\/wp-content\\\/uploads\\\/2022\\\/12\\\/Screenshot_20221217-232426_WordPress.jpg\",\"articleSection\":[\"STILI DHE BOTA E VIP\"],\"inLanguage\":\"en-US\",\"potentialAction\":[{\"@type\":\"CommentAction\",\"name\":\"Comment\",\"target\":[\"https:\\\/\\\/blogin.al\\\/?p=20177#respond\"]}]},{\"@type\":\"WebPage\",\"@id\":\"https:\\\/\\\/blogin.al\\\/?p=20177\",\"url\":\"https:\\\/\\\/blogin.al\\\/?p=20177\",\"name\":\"U tha se kreu vet\u00ebvrasje n\u00eb burg, Mozzik k\u00ebrkon publikisht drejt\u00ebsi p\u00ebr daj\u00ebn e tij - blogin.al\",\"isPartOf\":{\"@id\":\"https:\\\/\\\/blogin.al\\\/#website\"},\"primaryImageOfPage\":{\"@id\":\"https:\\\/\\\/blogin.al\\\/?p=20177#primaryimage\"},\"image\":{\"@id\":\"https:\\\/\\\/blogin.al\\\/?p=20177#primaryimage\"},\"thumbnailUrl\":\"https:\\\/\\\/blogin.al\\\/wp-content\\\/uploads\\\/2022\\\/12\\\/Screenshot_20221217-232426_WordPress.jpg\",\"datePublished\":\"2022-12-17T22:24:45+00:00\",\"dateModified\":\"2022-12-17T22:25:39+00:00\",\"breadcrumb\":{\"@id\":\"https:\\\/\\\/blogin.al\\\/?p=20177#breadcrumb\"},\"inLanguage\":\"en-US\",\"potentialAction\":[{\"@type\":\"ReadAction\",\"target\":[\"https:\\\/\\\/blogin.al\\\/?p=20177\"]}]},{\"@type\":\"ImageObject\",\"inLanguage\":\"en-US\",\"@id\":\"https:\\\/\\\/blogin.al\\\/?p=20177#primaryimage\",\"url\":\"https:\\\/\\\/blogin.al\\\/wp-content\\\/uploads\\\/2022\\\/12\\\/Screenshot_20221217-232426_WordPress.jpg\",\"contentUrl\":\"https:\\\/\\\/blogin.al\\\/wp-content\\\/uploads\\\/2022\\\/12\\\/Screenshot_20221217-232426_WordPress.jpg\",\"width\":660,\"height\":780},{\"@type\":\"BreadcrumbList\",\"@id\":\"https:\\\/\\\/blogin.al\\\/?p=20177#breadcrumb\",\"itemListElement\":[{\"@type\":\"ListItem\",\"position\":1,\"name\":\"Home\",\"item\":\"https:\\\/\\\/blogin.al\\\/\"},{\"@type\":\"ListItem\",\"position\":2,\"name\":\"U tha se kreu vet\u00ebvrasje n\u00eb burg, Mozzik k\u00ebrkon publikisht drejt\u00ebsi p\u00ebr daj\u00ebn e tij\"}]},{\"@type\":\"WebSite\",\"@id\":\"https:\\\/\\\/blogin.al\\\/#website\",\"url\":\"https:\\\/\\\/blogin.al\\\/\",\"name\":\"blogin.al\",\"description\":\"\",\"publisher\":{\"@id\":\"https:\\\/\\\/blogin.al\\\/#organization\"},\"potentialAction\":[{\"@type\":\"SearchAction\",\"target\":{\"@type\":\"EntryPoint\",\"urlTemplate\":\"https:\\\/\\\/blogin.al\\\/?s={search_term_string}\"},\"query-input\":{\"@type\":\"PropertyValueSpecification\",\"valueRequired\":true,\"valueName\":\"search_term_string\"}}],\"inLanguage\":\"en-US\"},{\"@type\":\"Organization\",\"@id\":\"https:\\\/\\\/blogin.al\\\/#organization\",\"name\":\"BLOGIN.al\",\"url\":\"https:\\\/\\\/blogin.al\\\/\",\"logo\":{\"@type\":\"ImageObject\",\"inLanguage\":\"en-US\",\"@id\":\"https:\\\/\\\/blogin.al\\\/#\\\/schema\\\/logo\\\/image\\\/\",\"url\":\"https:\\\/\\\/blogin.al\\\/wp-content\\\/uploads\\\/2022\\\/05\\\/Untitled-2-01-e1652084456514.png\",\"contentUrl\":\"https:\\\/\\\/blogin.al\\\/wp-content\\\/uploads\\\/2022\\\/05\\\/Untitled-2-01-e1652084456514.png\",\"width\":3723,\"height\":1698,\"caption\":\"BLOGIN.al\"},\"image\":{\"@id\":\"https:\\\/\\\/blogin.al\\\/#\\\/schema\\\/logo\\\/image\\\/\"},\"sameAs\":[\"https:\\\/\\\/instagram.com\\\/blogin.al\\\/\"]},{\"@type\":\"Person\",\"@id\":\"https:\\\/\\\/blogin.al\\\/#\\\/schema\\\/person\\\/abdd56bc912cd511db877b852b115399\",\"name\":\"Blogin al\",\"image\":{\"@type\":\"ImageObject\",\"inLanguage\":\"en-US\",\"@id\":\"https:\\\/\\\/secure.gravatar.com\\\/avatar\\\/60d5661aee6e835fb13dc75d2204cd0c1d61bef2efd137c0083e59ef831e235e?s=96&d=mm&r=g\",\"url\":\"https:\\\/\\\/secure.gravatar.com\\\/avatar\\\/60d5661aee6e835fb13dc75d2204cd0c1d61bef2efd137c0083e59ef831e235e?s=96&d=mm&r=g\",\"contentUrl\":\"https:\\\/\\\/secure.gravatar.com\\\/avatar\\\/60d5661aee6e835fb13dc75d2204cd0c1d61bef2efd137c0083e59ef831e235e?s=96&d=mm&r=g\",\"caption\":\"Blogin al\"},\"sameAs\":[\"https:\\\/\\\/blogin.al\"],\"url\":\"https:\\\/\\\/blogin.al\\\/?author=2\"}]}<\/script>\n<!-- \/ Yoast SEO plugin. -->","yoast_head_json":{"title":"U tha se kreu vet\u00ebvrasje n\u00eb burg, Mozzik k\u00ebrkon publikisht drejt\u00ebsi p\u00ebr daj\u00ebn e tij - blogin.al","robots":{"index":"index","follow":"follow","max-snippet":"max-snippet:-1","max-image-preview":"max-image-preview:large","max-video-preview":"max-video-preview:-1"},"canonical":"https:\/\/blogin.al\/?p=20177","og_locale":"en_US","og_type":"article","og_title":"U tha se kreu vet\u00ebvrasje n\u00eb burg, Mozzik k\u00ebrkon publikisht drejt\u00ebsi p\u00ebr daj\u00ebn e tij - blogin.al","og_description":"Gramoz ALiu ose ndryshe i njohur me emrin e artit Mozzik ka reaguar n\u00eb lidhje me nj\u00eb rast tragjik q\u00eb ka tronditur at\u00eb dhe familjen e tij. Daja i reperit Burim Hetemi, ka nd\u00ebrruar jet\u00eb n\u00eb Qendr\u00ebn e Paraburgimit n\u00eb Gjilan, ku dyshohet t\u00eb ket\u00eb kryer vet\u00ebvrasje. Por Mozzik beson t\u00eb kund\u00ebrt\u00ebn dhe n\u00ebp\u00ebrmjet nj\u00eb [&hellip;]","og_url":"https:\/\/blogin.al\/?p=20177","og_site_name":"blogin.al","article_published_time":"2022-12-17T22:24:45+00:00","article_modified_time":"2022-12-17T22:25:39+00:00","og_image":[{"width":660,"height":780,"url":"https:\/\/blogin.al\/wp-content\/uploads\/2022\/12\/Screenshot_20221217-232426_WordPress.jpg","type":"image\/jpeg"}],"author":"Blogin al","twitter_card":"summary_large_image","twitter_misc":{"Written by":"Blogin al","Est. reading time":"3 minutes"},"schema":{"@context":"https:\/\/schema.org","@graph":[{"@type":"Article","@id":"https:\/\/blogin.al\/?p=20177#article","isPartOf":{"@id":"https:\/\/blogin.al\/?p=20177"},"author":{"name":"Blogin al","@id":"https:\/\/blogin.al\/#\/schema\/person\/abdd56bc912cd511db877b852b115399"},"headline":"U tha se kreu vet\u00ebvrasje n\u00eb burg, Mozzik k\u00ebrkon publikisht drejt\u00ebsi p\u00ebr daj\u00ebn e tij","datePublished":"2022-12-17T22:24:45+00:00","dateModified":"2022-12-17T22:25:39+00:00","mainEntityOfPage":{"@id":"https:\/\/blogin.al\/?p=20177"},"wordCount":477,"commentCount":0,"publisher":{"@id":"https:\/\/blogin.al\/#organization"},"image":{"@id":"https:\/\/blogin.al\/?p=20177#primaryimage"},"thumbnailUrl":"https:\/\/blogin.al\/wp-content\/uploads\/2022\/12\/Screenshot_20221217-232426_WordPress.jpg","articleSection":["STILI DHE BOTA E VIP"],"inLanguage":"en-US","potentialAction":[{"@type":"CommentAction","name":"Comment","target":["https:\/\/blogin.al\/?p=20177#respond"]}]},{"@type":"WebPage","@id":"https:\/\/blogin.al\/?p=20177","url":"https:\/\/blogin.al\/?p=20177","name":"U tha se kreu vet\u00ebvrasje n\u00eb burg, Mozzik k\u00ebrkon publikisht drejt\u00ebsi p\u00ebr daj\u00ebn e tij - blogin.al","isPartOf":{"@id":"https:\/\/blogin.al\/#website"},"primaryImageOfPage":{"@id":"https:\/\/blogin.al\/?p=20177#primaryimage"},"image":{"@id":"https:\/\/blogin.al\/?p=20177#primaryimage"},"thumbnailUrl":"https:\/\/blogin.al\/wp-content\/uploads\/2022\/12\/Screenshot_20221217-232426_WordPress.jpg","datePublished":"2022-12-17T22:24:45+00:00","dateModified":"2022-12-17T22:25:39+00:00","breadcrumb":{"@id":"https:\/\/blogin.al\/?p=20177#breadcrumb"},"inLanguage":"en-US","potentialAction":[{"@type":"ReadAction","target":["https:\/\/blogin.al\/?p=20177"]}]},{"@type":"ImageObject","inLanguage":"en-US","@id":"https:\/\/blogin.al\/?p=20177#primaryimage","url":"https:\/\/blogin.al\/wp-content\/uploads\/2022\/12\/Screenshot_20221217-232426_WordPress.jpg","contentUrl":"https:\/\/blogin.al\/wp-content\/uploads\/2022\/12\/Screenshot_20221217-232426_WordPress.jpg","width":660,"height":780},{"@type":"BreadcrumbList","@id":"https:\/\/blogin.al\/?p=20177#breadcrumb","itemListElement":[{"@type":"ListItem","position":1,"name":"Home","item":"https:\/\/blogin.al\/"},{"@type":"ListItem","position":2,"name":"U tha se kreu vet\u00ebvrasje n\u00eb burg, Mozzik k\u00ebrkon publikisht drejt\u00ebsi p\u00ebr daj\u00ebn e tij"}]},{"@type":"WebSite","@id":"https:\/\/blogin.al\/#website","url":"https:\/\/blogin.al\/","name":"blogin.al","description":"","publisher":{"@id":"https:\/\/blogin.al\/#organization"},"potentialAction":[{"@type":"SearchAction","target":{"@type":"EntryPoint","urlTemplate":"https:\/\/blogin.al\/?s={search_term_string}"},"query-input":{"@type":"PropertyValueSpecification","valueRequired":true,"valueName":"search_term_string"}}],"inLanguage":"en-US"},{"@type":"Organization","@id":"https:\/\/blogin.al\/#organization","name":"BLOGIN.al","url":"https:\/\/blogin.al\/","logo":{"@type":"ImageObject","inLanguage":"en-US","@id":"https:\/\/blogin.al\/#\/schema\/logo\/image\/","url":"https:\/\/blogin.al\/wp-content\/uploads\/2022\/05\/Untitled-2-01-e1652084456514.png","contentUrl":"https:\/\/blogin.al\/wp-content\/uploads\/2022\/05\/Untitled-2-01-e1652084456514.png","width":3723,"height":1698,"caption":"BLOGIN.al"},"image":{"@id":"https:\/\/blogin.al\/#\/schema\/logo\/image\/"},"sameAs":["https:\/\/instagram.com\/blogin.al\/"]},{"@type":"Person","@id":"https:\/\/blogin.al\/#\/schema\/person\/abdd56bc912cd511db877b852b115399","name":"Blogin al","image":{"@type":"ImageObject","inLanguage":"en-US","@id":"https:\/\/secure.gravatar.com\/avatar\/60d5661aee6e835fb13dc75d2204cd0c1d61bef2efd137c0083e59ef831e235e?s=96&d=mm&r=g","url":"https:\/\/secure.gravatar.com\/avatar\/60d5661aee6e835fb13dc75d2204cd0c1d61bef2efd137c0083e59ef831e235e?s=96&d=mm&r=g","contentUrl":"https:\/\/secure.gravatar.com\/avatar\/60d5661aee6e835fb13dc75d2204cd0c1d61bef2efd137c0083e59ef831e235e?s=96&d=mm&r=g","caption":"Blogin al"},"sameAs":["https:\/\/blogin.al"],"url":"https:\/\/blogin.al\/?author=2"}]}},"_links":{"self":[{"href":"https:\/\/blogin.al\/index.php?rest_route=\/wp\/v2\/posts\/20177","targetHints":{"allow":["GET"]}}],"collection":[{"href":"https:\/\/blogin.al\/index.php?rest_route=\/wp\/v2\/posts"}],"about":[{"href":"https:\/\/blogin.al\/index.php?rest_route=\/wp\/v2\/types\/post"}],"author":[{"embeddable":true,"href":"https:\/\/blogin.al\/index.php?rest_route=\/wp\/v2\/users\/2"}],"replies":[{"embeddable":true,"href":"https:\/\/blogin.al\/index.php?rest_route=%2Fwp%2Fv2%2Fcomments&post=20177"}],"version-history":[{"count":2,"href":"https:\/\/blogin.al\/index.php?rest_route=\/wp\/v2\/posts\/20177\/revisions"}],"predecessor-version":[{"id":20251,"href":"https:\/\/blogin.al\/index.php?rest_route=\/wp\/v2\/posts\/20177\/revisions\/20251"}],"wp:featuredmedia":[{"embeddable":true,"href":"https:\/\/blogin.al\/index.php?rest_route=\/wp\/v2\/media\/20250"}],"wp:attachment":[{"href":"https:\/\/blogin.al\/index.php?rest_route=%2Fwp%2Fv2%2Fmedia&parent=20177"}],"wp:term":[{"taxonomy":"category","embeddable":true,"href":"https:\/\/blogin.al\/index.php?rest_route=%2Fwp%2Fv2%2Fcategories&post=20177"},{"taxonomy":"post_tag","embeddable":true,"href":"https:\/\/blogin.al\/index.php?rest_route=%2Fwp%2Fv2%2Ftags&post=20177"}],"curies":[{"name":"wp","href":"https:\/\/api.w.org\/{rel}","templated":true}]}}