{"id":21047,"date":"2023-01-01T18:42:30","date_gmt":"2023-01-01T18:42:30","guid":{"rendered":"https:\/\/blogin.al\/?p=21047"},"modified":"2023-01-01T18:43:06","modified_gmt":"2023-01-01T18:43:06","slug":"si-rralle-here-elton-deda-rrefen-vitet-e-veshtira-te-emigracionit","status":"publish","type":"post","link":"https:\/\/blogin.al\/?p=21047","title":{"rendered":"Si rrall\u00eb her\u00eb Elton Deda rr\u00ebfen vitet e v\u00ebshtira t\u00eb emigracionit"},"content":{"rendered":"\n<p><strong>Artisti i njohur Elton Deda ka rr\u00ebfyer vitet e v\u00ebshtira t\u00eb emigracionit n\u00eb Shtetet e Bashkuara t\u00eb Amerik\u00ebs.<\/strong><\/p>\n\n\n\n<p>Ai tha gjat\u00eb nj\u00eb emisioni n\u00eb RTSH se n\u00eb vitet e para nuk kishte dokumentacion t\u00eb rregullt dhe i \u00ebsht\u00eb dashur t\u00eb b\u00ebj\u00eb pun\u00eb t\u00eb ndryshme p\u00ebr t\u00eb mbajtur familjen.<\/p>\n\n\n\n<p>M\u00eb pas ai zbuloi se b\u00ebri nj\u00eb shkoll\u00eb p\u00ebr IT, dhe zuri nj\u00eb vend pune n\u00eb k\u00ebt\u00eb fush\u00eb ku punoi p\u00ebr kat\u00ebr vite, i shk\u00ebputur totalisht nga muzika.<\/p>\n\n\n\n<p><em>\u201cKryesisht vitet e para p\u00ebr sa kam qen\u00eb pa letra, emigracioni \u00ebsht\u00eb gjithmom\u00eb i dhimbsh\u00ebm. \u00cbsht\u00eb nj\u00eb proces shum\u00eb I gjat\u00eb psikologjik. Vitet e para punova me muzik\u00eb. Pastaj ra ekonomia dhe nuk po kishte shum\u00eb pun\u00eb p\u00ebr muzikant\u00eb.<\/em><\/p>\n\n\n\n<p><em>I thash\u00eb vetes time do b\u00ebsh nj\u00eb gj\u00eb t\u2019i krijosh familjes t\u00ebnde t\u00eb ardhura q\u00eb djali t\u00eb rritet p\u00ebr s\u00eb mbari. B\u00ebra shkoll\u00eb p\u00ebr IT dhe pastaj gjeta pun\u00eb, kam punuar p\u00ebr kat\u00ebr vjet. Kisha nj\u00eb rrog\u00eb shum\u00eb t\u00eb mir\u00eb\u201d,<\/em>&nbsp;deklaroi ai.<\/p>\n","protected":false},"excerpt":{"rendered":"<p>Artisti i njohur Elton Deda ka rr\u00ebfyer vitet e v\u00ebshtira t\u00eb emigracionit n\u00eb Shtetet e Bashkuara t\u00eb Amerik\u00ebs. Ai tha gjat\u00eb nj\u00eb emisioni n\u00eb RTSH se n\u00eb vitet e para nuk kishte dokumentacion t\u00eb rregullt dhe i \u00ebsht\u00eb dashur t\u00eb b\u00ebj\u00eb pun\u00eb t\u00eb ndryshme p\u00ebr t\u00eb mbajtur familjen. M\u00eb pas ai zbuloi se b\u00ebri nj\u00eb [&hellip;]<\/p>\n","protected":false},"author":2,"featured_media":21053,"comment_status":"open","ping_status":"open","sticky":false,"template":"","format":"standard","meta":{"footnotes":""},"categories":[38],"tags":[],"class_list":{"0":"post-21047","1":"post","2":"type-post","3":"status-publish","4":"format-standard","5":"has-post-thumbnail","7":"category-stili-dhe-bota-e-vip"},"yoast_head":"<!-- This site is optimized with the Yoast SEO plugin v27.4 - https:\/\/yoast.com\/product\/yoast-seo-wordpress\/ -->\n<title>Si rrall\u00eb her\u00eb Elton Deda rr\u00ebfen vitet e v\u00ebshtira t\u00eb emigracionit - blogin.al<\/title>\n<meta name=\"robots\" content=\"index, follow, max-snippet:-1, max-image-preview:large, max-video-preview:-1\" \/>\n<link rel=\"canonical\" href=\"https:\/\/blogin.al\/?p=21047\" \/>\n<meta property=\"og:locale\" content=\"en_US\" \/>\n<meta property=\"og:type\" content=\"article\" \/>\n<meta property=\"og:title\" content=\"Si rrall\u00eb her\u00eb Elton Deda rr\u00ebfen vitet e v\u00ebshtira t\u00eb emigracionit - blogin.al\" \/>\n<meta property=\"og:description\" content=\"Artisti i njohur Elton Deda ka rr\u00ebfyer vitet e v\u00ebshtira t\u00eb emigracionit n\u00eb Shtetet e Bashkuara t\u00eb Amerik\u00ebs. Ai tha gjat\u00eb nj\u00eb emisioni n\u00eb RTSH se n\u00eb vitet e para nuk kishte dokumentacion t\u00eb rregullt dhe i \u00ebsht\u00eb dashur t\u00eb b\u00ebj\u00eb pun\u00eb t\u00eb ndryshme p\u00ebr t\u00eb mbajtur familjen. M\u00eb pas ai zbuloi se b\u00ebri nj\u00eb [&hellip;]\" \/>\n<meta property=\"og:url\" content=\"https:\/\/blogin.al\/?p=21047\" \/>\n<meta property=\"og:site_name\" content=\"blogin.al\" \/>\n<meta property=\"article:published_time\" content=\"2023-01-01T18:42:30+00:00\" \/>\n<meta property=\"article:modified_time\" content=\"2023-01-01T18:43:06+00:00\" \/>\n<meta property=\"og:image\" content=\"https:\/\/blogin.al\/wp-content\/uploads\/2023\/01\/elton-deda_.jpg\" \/>\n\t<meta property=\"og:image:width\" content=\"680\" \/>\n\t<meta property=\"og:image:height\" content=\"382\" \/>\n\t<meta property=\"og:image:type\" content=\"image\/jpeg\" \/>\n<meta name=\"author\" content=\"Blogin al\" \/>\n<meta name=\"twitter:card\" content=\"summary_large_image\" \/>\n<meta name=\"twitter:label1\" content=\"Written by\" \/>\n\t<meta name=\"twitter:data1\" content=\"Blogin al\" \/>\n\t<meta name=\"twitter:label2\" content=\"Est. reading time\" \/>\n\t<meta name=\"twitter:data2\" content=\"1 minute\" \/>\n<script type=\"application\/ld+json\" class=\"yoast-schema-graph\">{\"@context\":\"https:\\\/\\\/schema.org\",\"@graph\":[{\"@type\":\"Article\",\"@id\":\"https:\\\/\\\/blogin.al\\\/?p=21047#article\",\"isPartOf\":{\"@id\":\"https:\\\/\\\/blogin.al\\\/?p=21047\"},\"author\":{\"name\":\"Blogin al\",\"@id\":\"https:\\\/\\\/blogin.al\\\/#\\\/schema\\\/person\\\/abdd56bc912cd511db877b852b115399\"},\"headline\":\"Si rrall\u00eb her\u00eb Elton Deda rr\u00ebfen vitet e v\u00ebshtira t\u00eb emigracionit\",\"datePublished\":\"2023-01-01T18:42:30+00:00\",\"dateModified\":\"2023-01-01T18:43:06+00:00\",\"mainEntityOfPage\":{\"@id\":\"https:\\\/\\\/blogin.al\\\/?p=21047\"},\"wordCount\":193,\"commentCount\":0,\"publisher\":{\"@id\":\"https:\\\/\\\/blogin.al\\\/#organization\"},\"image\":{\"@id\":\"https:\\\/\\\/blogin.al\\\/?p=21047#primaryimage\"},\"thumbnailUrl\":\"https:\\\/\\\/blogin.al\\\/wp-content\\\/uploads\\\/2023\\\/01\\\/elton-deda_.jpg\",\"articleSection\":[\"STILI DHE BOTA E VIP\"],\"inLanguage\":\"en-US\",\"potentialAction\":[{\"@type\":\"CommentAction\",\"name\":\"Comment\",\"target\":[\"https:\\\/\\\/blogin.al\\\/?p=21047#respond\"]}]},{\"@type\":\"WebPage\",\"@id\":\"https:\\\/\\\/blogin.al\\\/?p=21047\",\"url\":\"https:\\\/\\\/blogin.al\\\/?p=21047\",\"name\":\"Si rrall\u00eb her\u00eb Elton Deda rr\u00ebfen vitet e v\u00ebshtira t\u00eb emigracionit - blogin.al\",\"isPartOf\":{\"@id\":\"https:\\\/\\\/blogin.al\\\/#website\"},\"primaryImageOfPage\":{\"@id\":\"https:\\\/\\\/blogin.al\\\/?p=21047#primaryimage\"},\"image\":{\"@id\":\"https:\\\/\\\/blogin.al\\\/?p=21047#primaryimage\"},\"thumbnailUrl\":\"https:\\\/\\\/blogin.al\\\/wp-content\\\/uploads\\\/2023\\\/01\\\/elton-deda_.jpg\",\"datePublished\":\"2023-01-01T18:42:30+00:00\",\"dateModified\":\"2023-01-01T18:43:06+00:00\",\"breadcrumb\":{\"@id\":\"https:\\\/\\\/blogin.al\\\/?p=21047#breadcrumb\"},\"inLanguage\":\"en-US\",\"potentialAction\":[{\"@type\":\"ReadAction\",\"target\":[\"https:\\\/\\\/blogin.al\\\/?p=21047\"]}]},{\"@type\":\"ImageObject\",\"inLanguage\":\"en-US\",\"@id\":\"https:\\\/\\\/blogin.al\\\/?p=21047#primaryimage\",\"url\":\"https:\\\/\\\/blogin.al\\\/wp-content\\\/uploads\\\/2023\\\/01\\\/elton-deda_.jpg\",\"contentUrl\":\"https:\\\/\\\/blogin.al\\\/wp-content\\\/uploads\\\/2023\\\/01\\\/elton-deda_.jpg\",\"width\":680,\"height\":382},{\"@type\":\"BreadcrumbList\",\"@id\":\"https:\\\/\\\/blogin.al\\\/?p=21047#breadcrumb\",\"itemListElement\":[{\"@type\":\"ListItem\",\"position\":1,\"name\":\"Home\",\"item\":\"https:\\\/\\\/blogin.al\\\/\"},{\"@type\":\"ListItem\",\"position\":2,\"name\":\"Si rrall\u00eb her\u00eb Elton Deda rr\u00ebfen vitet e v\u00ebshtira t\u00eb emigracionit\"}]},{\"@type\":\"WebSite\",\"@id\":\"https:\\\/\\\/blogin.al\\\/#website\",\"url\":\"https:\\\/\\\/blogin.al\\\/\",\"name\":\"blogin.al\",\"description\":\"\",\"publisher\":{\"@id\":\"https:\\\/\\\/blogin.al\\\/#organization\"},\"potentialAction\":[{\"@type\":\"SearchAction\",\"target\":{\"@type\":\"EntryPoint\",\"urlTemplate\":\"https:\\\/\\\/blogin.al\\\/?s={search_term_string}\"},\"query-input\":{\"@type\":\"PropertyValueSpecification\",\"valueRequired\":true,\"valueName\":\"search_term_string\"}}],\"inLanguage\":\"en-US\"},{\"@type\":\"Organization\",\"@id\":\"https:\\\/\\\/blogin.al\\\/#organization\",\"name\":\"BLOGIN.al\",\"url\":\"https:\\\/\\\/blogin.al\\\/\",\"logo\":{\"@type\":\"ImageObject\",\"inLanguage\":\"en-US\",\"@id\":\"https:\\\/\\\/blogin.al\\\/#\\\/schema\\\/logo\\\/image\\\/\",\"url\":\"https:\\\/\\\/blogin.al\\\/wp-content\\\/uploads\\\/2022\\\/05\\\/Untitled-2-01-e1652084456514.png\",\"contentUrl\":\"https:\\\/\\\/blogin.al\\\/wp-content\\\/uploads\\\/2022\\\/05\\\/Untitled-2-01-e1652084456514.png\",\"width\":3723,\"height\":1698,\"caption\":\"BLOGIN.al\"},\"image\":{\"@id\":\"https:\\\/\\\/blogin.al\\\/#\\\/schema\\\/logo\\\/image\\\/\"},\"sameAs\":[\"https:\\\/\\\/instagram.com\\\/blogin.al\\\/\"]},{\"@type\":\"Person\",\"@id\":\"https:\\\/\\\/blogin.al\\\/#\\\/schema\\\/person\\\/abdd56bc912cd511db877b852b115399\",\"name\":\"Blogin al\",\"image\":{\"@type\":\"ImageObject\",\"inLanguage\":\"en-US\",\"@id\":\"https:\\\/\\\/secure.gravatar.com\\\/avatar\\\/60d5661aee6e835fb13dc75d2204cd0c1d61bef2efd137c0083e59ef831e235e?s=96&d=mm&r=g\",\"url\":\"https:\\\/\\\/secure.gravatar.com\\\/avatar\\\/60d5661aee6e835fb13dc75d2204cd0c1d61bef2efd137c0083e59ef831e235e?s=96&d=mm&r=g\",\"contentUrl\":\"https:\\\/\\\/secure.gravatar.com\\\/avatar\\\/60d5661aee6e835fb13dc75d2204cd0c1d61bef2efd137c0083e59ef831e235e?s=96&d=mm&r=g\",\"caption\":\"Blogin al\"},\"sameAs\":[\"https:\\\/\\\/blogin.al\"],\"url\":\"https:\\\/\\\/blogin.al\\\/?author=2\"}]}<\/script>\n<!-- \/ Yoast SEO plugin. -->","yoast_head_json":{"title":"Si rrall\u00eb her\u00eb Elton Deda rr\u00ebfen vitet e v\u00ebshtira t\u00eb emigracionit - blogin.al","robots":{"index":"index","follow":"follow","max-snippet":"max-snippet:-1","max-image-preview":"max-image-preview:large","max-video-preview":"max-video-preview:-1"},"canonical":"https:\/\/blogin.al\/?p=21047","og_locale":"en_US","og_type":"article","og_title":"Si rrall\u00eb her\u00eb Elton Deda rr\u00ebfen vitet e v\u00ebshtira t\u00eb emigracionit - blogin.al","og_description":"Artisti i njohur Elton Deda ka rr\u00ebfyer vitet e v\u00ebshtira t\u00eb emigracionit n\u00eb Shtetet e Bashkuara t\u00eb Amerik\u00ebs. Ai tha gjat\u00eb nj\u00eb emisioni n\u00eb RTSH se n\u00eb vitet e para nuk kishte dokumentacion t\u00eb rregullt dhe i \u00ebsht\u00eb dashur t\u00eb b\u00ebj\u00eb pun\u00eb t\u00eb ndryshme p\u00ebr t\u00eb mbajtur familjen. M\u00eb pas ai zbuloi se b\u00ebri nj\u00eb [&hellip;]","og_url":"https:\/\/blogin.al\/?p=21047","og_site_name":"blogin.al","article_published_time":"2023-01-01T18:42:30+00:00","article_modified_time":"2023-01-01T18:43:06+00:00","og_image":[{"width":680,"height":382,"url":"https:\/\/blogin.al\/wp-content\/uploads\/2023\/01\/elton-deda_.jpg","type":"image\/jpeg"}],"author":"Blogin al","twitter_card":"summary_large_image","twitter_misc":{"Written by":"Blogin al","Est. reading time":"1 minute"},"schema":{"@context":"https:\/\/schema.org","@graph":[{"@type":"Article","@id":"https:\/\/blogin.al\/?p=21047#article","isPartOf":{"@id":"https:\/\/blogin.al\/?p=21047"},"author":{"name":"Blogin al","@id":"https:\/\/blogin.al\/#\/schema\/person\/abdd56bc912cd511db877b852b115399"},"headline":"Si rrall\u00eb her\u00eb Elton Deda rr\u00ebfen vitet e v\u00ebshtira t\u00eb emigracionit","datePublished":"2023-01-01T18:42:30+00:00","dateModified":"2023-01-01T18:43:06+00:00","mainEntityOfPage":{"@id":"https:\/\/blogin.al\/?p=21047"},"wordCount":193,"commentCount":0,"publisher":{"@id":"https:\/\/blogin.al\/#organization"},"image":{"@id":"https:\/\/blogin.al\/?p=21047#primaryimage"},"thumbnailUrl":"https:\/\/blogin.al\/wp-content\/uploads\/2023\/01\/elton-deda_.jpg","articleSection":["STILI DHE BOTA E VIP"],"inLanguage":"en-US","potentialAction":[{"@type":"CommentAction","name":"Comment","target":["https:\/\/blogin.al\/?p=21047#respond"]}]},{"@type":"WebPage","@id":"https:\/\/blogin.al\/?p=21047","url":"https:\/\/blogin.al\/?p=21047","name":"Si rrall\u00eb her\u00eb Elton Deda rr\u00ebfen vitet e v\u00ebshtira t\u00eb emigracionit - blogin.al","isPartOf":{"@id":"https:\/\/blogin.al\/#website"},"primaryImageOfPage":{"@id":"https:\/\/blogin.al\/?p=21047#primaryimage"},"image":{"@id":"https:\/\/blogin.al\/?p=21047#primaryimage"},"thumbnailUrl":"https:\/\/blogin.al\/wp-content\/uploads\/2023\/01\/elton-deda_.jpg","datePublished":"2023-01-01T18:42:30+00:00","dateModified":"2023-01-01T18:43:06+00:00","breadcrumb":{"@id":"https:\/\/blogin.al\/?p=21047#breadcrumb"},"inLanguage":"en-US","potentialAction":[{"@type":"ReadAction","target":["https:\/\/blogin.al\/?p=21047"]}]},{"@type":"ImageObject","inLanguage":"en-US","@id":"https:\/\/blogin.al\/?p=21047#primaryimage","url":"https:\/\/blogin.al\/wp-content\/uploads\/2023\/01\/elton-deda_.jpg","contentUrl":"https:\/\/blogin.al\/wp-content\/uploads\/2023\/01\/elton-deda_.jpg","width":680,"height":382},{"@type":"BreadcrumbList","@id":"https:\/\/blogin.al\/?p=21047#breadcrumb","itemListElement":[{"@type":"ListItem","position":1,"name":"Home","item":"https:\/\/blogin.al\/"},{"@type":"ListItem","position":2,"name":"Si rrall\u00eb her\u00eb Elton Deda rr\u00ebfen vitet e v\u00ebshtira t\u00eb emigracionit"}]},{"@type":"WebSite","@id":"https:\/\/blogin.al\/#website","url":"https:\/\/blogin.al\/","name":"blogin.al","description":"","publisher":{"@id":"https:\/\/blogin.al\/#organization"},"potentialAction":[{"@type":"SearchAction","target":{"@type":"EntryPoint","urlTemplate":"https:\/\/blogin.al\/?s={search_term_string}"},"query-input":{"@type":"PropertyValueSpecification","valueRequired":true,"valueName":"search_term_string"}}],"inLanguage":"en-US"},{"@type":"Organization","@id":"https:\/\/blogin.al\/#organization","name":"BLOGIN.al","url":"https:\/\/blogin.al\/","logo":{"@type":"ImageObject","inLanguage":"en-US","@id":"https:\/\/blogin.al\/#\/schema\/logo\/image\/","url":"https:\/\/blogin.al\/wp-content\/uploads\/2022\/05\/Untitled-2-01-e1652084456514.png","contentUrl":"https:\/\/blogin.al\/wp-content\/uploads\/2022\/05\/Untitled-2-01-e1652084456514.png","width":3723,"height":1698,"caption":"BLOGIN.al"},"image":{"@id":"https:\/\/blogin.al\/#\/schema\/logo\/image\/"},"sameAs":["https:\/\/instagram.com\/blogin.al\/"]},{"@type":"Person","@id":"https:\/\/blogin.al\/#\/schema\/person\/abdd56bc912cd511db877b852b115399","name":"Blogin al","image":{"@type":"ImageObject","inLanguage":"en-US","@id":"https:\/\/secure.gravatar.com\/avatar\/60d5661aee6e835fb13dc75d2204cd0c1d61bef2efd137c0083e59ef831e235e?s=96&d=mm&r=g","url":"https:\/\/secure.gravatar.com\/avatar\/60d5661aee6e835fb13dc75d2204cd0c1d61bef2efd137c0083e59ef831e235e?s=96&d=mm&r=g","contentUrl":"https:\/\/secure.gravatar.com\/avatar\/60d5661aee6e835fb13dc75d2204cd0c1d61bef2efd137c0083e59ef831e235e?s=96&d=mm&r=g","caption":"Blogin al"},"sameAs":["https:\/\/blogin.al"],"url":"https:\/\/blogin.al\/?author=2"}]}},"_links":{"self":[{"href":"https:\/\/blogin.al\/index.php?rest_route=\/wp\/v2\/posts\/21047","targetHints":{"allow":["GET"]}}],"collection":[{"href":"https:\/\/blogin.al\/index.php?rest_route=\/wp\/v2\/posts"}],"about":[{"href":"https:\/\/blogin.al\/index.php?rest_route=\/wp\/v2\/types\/post"}],"author":[{"embeddable":true,"href":"https:\/\/blogin.al\/index.php?rest_route=\/wp\/v2\/users\/2"}],"replies":[{"embeddable":true,"href":"https:\/\/blogin.al\/index.php?rest_route=%2Fwp%2Fv2%2Fcomments&post=21047"}],"version-history":[{"count":2,"href":"https:\/\/blogin.al\/index.php?rest_route=\/wp\/v2\/posts\/21047\/revisions"}],"predecessor-version":[{"id":21054,"href":"https:\/\/blogin.al\/index.php?rest_route=\/wp\/v2\/posts\/21047\/revisions\/21054"}],"wp:featuredmedia":[{"embeddable":true,"href":"https:\/\/blogin.al\/index.php?rest_route=\/wp\/v2\/media\/21053"}],"wp:attachment":[{"href":"https:\/\/blogin.al\/index.php?rest_route=%2Fwp%2Fv2%2Fmedia&parent=21047"}],"wp:term":[{"taxonomy":"category","embeddable":true,"href":"https:\/\/blogin.al\/index.php?rest_route=%2Fwp%2Fv2%2Fcategories&post=21047"},{"taxonomy":"post_tag","embeddable":true,"href":"https:\/\/blogin.al\/index.php?rest_route=%2Fwp%2Fv2%2Ftags&post=21047"}],"curies":[{"name":"wp","href":"https:\/\/api.w.org\/{rel}","templated":true}]}}