{"id":21767,"date":"2023-03-16T21:06:47","date_gmt":"2023-03-16T21:06:47","guid":{"rendered":"https:\/\/blogin.al\/?p=21767"},"modified":"2023-03-16T21:08:44","modified_gmt":"2023-03-16T21:08:44","slug":"cilat-teknika-te-lyerjes-se-flokeve-do-te-jene-ne-mode-ne-2023","status":"publish","type":"post","link":"https:\/\/blogin.al\/?p=21767","title":{"rendered":"Cilat teknika t\u00eb lyerjes s\u00eb flok\u00ebve do t\u00eb jen\u00eb n\u00eb mod\u00eb n\u00eb 2023"},"content":{"rendered":"\n<p>Ne vendos\u00ebm t&#8217;i kushtojm\u00eb materialin e sot\u00ebm teknikave popullore t\u00eb ngjyrosjes s\u00eb flok\u00ebve. Cilat risi i presin fashionistat n\u00eb k\u00ebt\u00eb segment, \u00e7far\u00eb do t\u00eb ofrojn\u00eb mjeshtrat, cilat tendenca aktuale nuk do t\u00eb shohim sezonin e ardhsh\u00ebm &#8211; do t\u00eb flasim p\u00ebr k\u00ebt\u00eb, si dhe p\u00ebr shum\u00eb gj\u00ebra t\u00eb tjera tani. Pra, le t\u00eb shohim se \u00e7far\u00eb \u00ebsht\u00eb &#8211; ngjyrosje n\u00eb mod\u00eb-2023?<\/p>\n\n\n\n<h2 class=\"wp-block-heading\"><strong>Llojet dhe teknikat m\u00eb n\u00eb mod\u00eb t\u00eb ngjyrosjes p\u00ebr sezonin 2023<\/strong><\/h2>\n\n\n\n<p>N\u00eb vitin 2023, zgjedhja e&nbsp;fashionistas&nbsp;do t\u00eb paraqitet me shum\u00eb opsione p\u00ebr ndryshimin e imazhit. Mjeshtrat jan\u00eb t\u00eb gatsh\u00ebm t&#8217;u ofrojn\u00eb zonjave m\u00eb t\u00eb guximshme t\u00eb eksperimentojn\u00eb me hije t\u00eb jasht\u00ebzakonshme dhe t\u00eb ndritshme. Do t\u00eb mbetet n\u00eb list\u00ebn e tendencave dhe d\u00ebshira p\u00ebr natyralitet. Lider\u00ebt e njohur prej koh\u00ebsh t\u00eb segmentit &#8211; zbehje dhe nxjerrje n\u00eb pah, gjithashtu p\u00ebrshtaten me mjaft sukses n\u00eb tendencat e mod\u00ebs t\u00eb vitit 2023. Nj\u00eb hit n\u00eb mesin e nj\u00eb kategorie t\u00eb caktuar fashionistash vazhdon t\u00eb jet\u00eb ngjyrosja e ndritshme e ylberit.<\/p>\n\n\n\n<figure class=\"wp-block-image is-style-default\"><img decoding=\"async\" src=\"https:\/\/confettissimo.com\/wp-content\/uploads\/2022\/12\/word-image-215035-5.jpeg\" alt=\"\" class=\"wp-image-215040\"\/><\/figure>\n\n\n\n<figure class=\"wp-block-image is-style-default\"><img decoding=\"async\" src=\"https:\/\/confettissimo.com\/wp-content\/uploads\/2022\/12\/word-image-215035-6.jpeg\" alt=\"\" class=\"wp-image-215041\"\/><\/figure>\n\n\n\n<figure class=\"wp-block-image is-style-default\"><img decoding=\"async\" src=\"https:\/\/confettissimo.com\/wp-content\/uploads\/2022\/12\/word-image-215035-7.jpeg\" alt=\"\" class=\"wp-image-215042\"\/><\/figure>\n\n\n\n<p>Le t\u00eb flasim p\u00ebr k\u00ebto, si dhe p\u00ebr shum\u00eb tendenca t\u00eb tjera, m\u00eb n\u00eb detaje.<\/p>\n\n\n\n<ul class=\"wp-block-list\">\n<li><strong>3D<\/strong>. Nj\u00eb nga risit\u00eb e para n\u00eb rishikimin ton\u00eb. Teknologjia 3D po fiton vet\u00ebm vrull n\u00eb popullaritet, por deri n\u00eb vitin 2023 ajo patjet\u00ebr do t\u00eb hyj\u00eb n\u00eb kategorin\u00eb TOP. P\u00ebr t\u00eb shtuar volumin n\u00eb&nbsp;hairstyle, p\u00ebr ta b\u00ebr\u00eb at\u00eb m\u00eb t\u00eb gjall\u00eb dhe t\u00eb shum\u00ebansh\u00ebm, mjeshtrat p\u00ebrdorin mesatarisht 4-6 tone ngjitur nga nj\u00eb palet\u00eb. Fal\u00eb aplikimit mjesht\u00ebror t\u00eb ngjyrosjes 3D, duket sikur nuancat rrjedhin pa probleme n\u00eb nj\u00ebra-tjetr\u00ebn. K\u00ebt\u00eb teknik\u00eb mund ta kryeni n\u00eb ka\u00e7urrela me gjat\u00ebsi t\u00eb ndryshme.<\/li>\n<\/ul>\n\n\n\n<figure class=\"wp-block-image is-style-default\"><img decoding=\"async\" src=\"https:\/\/confettissimo.com\/wp-content\/uploads\/2022\/12\/word-image-215035-8.jpeg\" alt=\"\" class=\"wp-image-215043\"\/><\/figure>\n\n\n\n<figure class=\"wp-block-image is-style-default\"><img decoding=\"async\" src=\"https:\/\/confettissimo.com\/wp-content\/uploads\/2022\/12\/word-image-215035-9.jpeg\" alt=\"\" class=\"wp-image-215044\"\/><\/figure>\n\n\n\n<ul class=\"wp-block-list\">\n<li><strong>AirTouch<\/strong>. Nj\u00eb nga llojet m\u00eb t\u00eb njohura t\u00eb theksimit sot. Kohler n\u00eb ka\u00e7urrela aplikohet n\u00eb nj\u00eb m\u00ebnyr\u00eb t\u00eb ve\u00e7ant\u00eb, duke p\u00ebrdorur nj\u00eb thar\u00ebse flok\u00ebsh, e cila fryn fijet e tep\u00ebrta. Nga k\u00ebtu erdhi emri i dyt\u00eb airtouch &#8211; &#8220;nj\u00eb prekje ajri&#8221;. Si rezultat, shtrirja e ngjyr\u00ebs \u00ebsht\u00eb e qet\u00eb, vet\u00eb ngjyrosja duket e but\u00eb. Megjithat\u00eb, mund t\u00eb b\u00ebhet vet\u00ebm n\u00eb flok\u00eb t\u00eb mes\u00ebm ose t\u00eb gjat\u00eb. Pamja \u00ebsht\u00eb e leht\u00eb dhe shum\u00eb fem\u00ebrore. Ngjyrosja Airtouch \u00ebsht\u00eb e p\u00ebrshtatshme p\u00ebr fashionistat e t\u00eb gjitha moshave.<\/li>\n<\/ul>\n\n\n\n<figure class=\"wp-block-image is-style-default\"><img decoding=\"async\" src=\"https:\/\/confettissimo.com\/wp-content\/uploads\/2022\/12\/word-image-215035-10.jpeg\" alt=\"\" class=\"wp-image-215045\"\/><\/figure>\n\n\n\n<figure class=\"wp-block-image is-style-default\"><img decoding=\"async\" src=\"https:\/\/confettissimo.com\/wp-content\/uploads\/2022\/12\/word-image-215035-11.jpg\" alt=\"\" class=\"wp-image-215046\"\/><\/figure>\n\n\n\n<ul class=\"wp-block-list\">\n<li><strong>Ndri\u00e7imi (ose ndri\u00e7imi)<\/strong>. Risia e dyt\u00eb n\u00eb p\u00ebrzgjedhjen ton\u00eb t\u00eb tendencave t\u00eb ngjyrave t\u00eb flok\u00ebve 2023. Kjo procedur\u00eb ju lejon jo vet\u00ebm t\u00eb shtoni nj\u00eb &#8220;zjarr&#8221; t\u00eb pazakont\u00eb n\u00eb&nbsp;hairstyle, por edhe t\u00eb trajtoni ka\u00e7urrelat. P\u00ebrb\u00ebrja e ngjyr\u00ebs n\u00eb k\u00ebt\u00eb rast p\u00ebrfshin grimca reflektuese q\u00eb lejojn\u00eb flok\u00ebt t\u00eb shk\u00eblqejn\u00eb. N\u00eb t\u00eb nj\u00ebjt\u00ebn koh\u00eb, vet\u00eb teknika kryhet n\u00eb at\u00eb m\u00ebnyr\u00eb q\u00eb t\u00eb mos ket\u00eb efekt shkat\u00ebrrues n\u00eb fillesat. Pronar\u00ebt e \u00e7do gjat\u00ebsi t\u00eb flok\u00ebve mund t&#8217;i drejtohen ndri\u00e7imit.<\/li>\n<\/ul>\n\n\n\n<figure class=\"wp-block-image is-style-default\"><img decoding=\"async\" src=\"https:\/\/confettissimo.com\/wp-content\/uploads\/2022\/12\/word-image-215035-12.jpeg\" alt=\"\" class=\"wp-image-215047\"\/><\/figure>\n\n\n\n<figure class=\"wp-block-image is-style-default\"><img decoding=\"async\" src=\"https:\/\/confettissimo.com\/wp-content\/uploads\/2022\/12\/word-image-215035-13.jpeg\" alt=\"\" class=\"wp-image-215048\"\/><\/figure>\n\n\n\n<ul class=\"wp-block-list\">\n<li><strong>Dritat e foshnjave<\/strong>. Nj\u00eb teknik\u00eb n\u00eb mod\u00eb q\u00eb kalon me besim nga viti 2022 n\u00eb 2023. Detyra kryesore e mjeshtrit n\u00eb k\u00ebt\u00eb rast \u00ebsht\u00eb t\u00eb krijoj\u00eb efektin e ka\u00e7urrelave t\u00eb djegura n\u00ebn rrezet e diellit. Por pa fanatiz\u00ebm. Si rregull, mjeshtrat zgjedhin fijet af\u00ebr fytyr\u00ebs ose skajet e flok\u00ebve rreth gjith\u00eb perimetrit t\u00eb kok\u00ebs p\u00ebr t&#8217;i djegur ato. Sidoqoft\u00eb, puna duhet t\u00eb kryhet me delikates\u00eb n\u00eb m\u00ebnyr\u00eb q\u00eb rezultati t\u00eb mos dal\u00eb shum\u00eb i kund\u00ebrt me hijen natyrale. Babylights duket shum\u00eb bukur n\u00eb flok\u00eb me onde.<\/li>\n<\/ul>\n\n\n\n<figure class=\"wp-block-image is-style-default\"><img decoding=\"async\" src=\"https:\/\/confettissimo.com\/wp-content\/uploads\/2022\/12\/word-image-215035-14.jpeg\" alt=\"\" class=\"wp-image-215049\"\/><\/figure>\n\n\n\n<figure class=\"wp-block-image is-style-default\"><img decoding=\"async\" src=\"https:\/\/confettissimo.com\/wp-content\/uploads\/2022\/12\/word-image-215035-15.jpeg\" alt=\"\" class=\"wp-image-215050\"\/><\/figure>\n\n\n\n<ul class=\"wp-block-list\">\n<li>Dip-ngjyr. Ngjyrosje e bukur p\u00ebr fashionistet m\u00eb moderne. Duke iu kthyer atij, ju do t&#8217;i kushtoni hara\u00e7 nj\u00eb tendence tjet\u00ebr t\u00eb mod\u00ebs &#8211; ngjyrave t\u00eb ndritshme. Me fjal\u00eb t\u00eb thjeshta, dip-dye do t\u00eb thot\u00eb t&#8217;i jap\u00ebsh shk\u00eblqim majave. Dometh\u00ebn\u00eb, flok\u00ebt n\u00eb maj\u00eb dhe deri n\u00eb mes t\u00eb gjat\u00ebsis\u00eb mund t\u00eb ken\u00eb nj\u00eb nuanc\u00eb natyrale krejt\u00ebsisht t\u00eb qet\u00eb, por majat do t\u00eb duhet t\u00eb theksohen me nj\u00eb, dy apo edhe tre ngjyra t\u00ebrheq\u00ebse. N\u00eb foton m\u00eb posht\u00eb, mund t\u00eb shihni se si do t\u00eb duket n\u00eb jet\u00ebn reale.<\/li>\n<\/ul>\n\n\n\n<figure class=\"wp-block-image is-style-default\"><img decoding=\"async\" src=\"https:\/\/confettissimo.com\/wp-content\/uploads\/2022\/12\/word-image-215035-16.jpeg\" alt=\"\" class=\"wp-image-215051\"\/><\/figure>\n\n\n\n<figure class=\"wp-block-image is-style-default\"><img decoding=\"async\" src=\"https:\/\/confettissimo.com\/wp-content\/uploads\/2022\/12\/word-image-215035-17.jpeg\" alt=\"\" class=\"wp-image-215052\"\/><\/figure>\n\n\n\n<figure class=\"wp-block-image is-style-default\"><img decoding=\"async\" src=\"https:\/\/confettissimo.com\/wp-content\/uploads\/2022\/12\/word-image-215035-18.jpeg\" alt=\"\" class=\"wp-image-215053\"\/><\/figure>\n\n\n\n<ul class=\"wp-block-list\">\n<li><strong>dritat sp\u00ebrkat\u00ebs<\/strong>. Autori i k\u00ebsaj teknike t\u00eb pazakont\u00eb t\u00eb ngjyrosjes p\u00ebr grat\u00eb \u00ebsht\u00eb stilistja e Nju Jorkut Aure&nbsp;Friedman. N\u00eb &#8220;f\u00ebmij\u00ebn e trurit&#8221; t\u00eb tij ai kombinoi ngjyrosjen horizontale, loj\u00ebn e shk\u00eblqimit t\u00eb diellit dhe tranzicionet e mprehta t\u00eb ngjyrave. Si rezultat, n\u00eb flok\u00eb t\u00eb drejt\u00eb, dritat&nbsp;Splash&nbsp;dallohen n\u00eb kontrast dhe japin p\u00ebrshtypjen e nj\u00eb goditjeje t\u00eb rast\u00ebsishme, e cila sigurisht duket mbres\u00ebl\u00ebn\u00ebse. Efekti mund t\u00eb aplikohet&nbsp;brenda&nbsp;ose jasht\u00eb n\u00eb ka\u00e7urrela t\u00eb gjata, n\u00eb kok\u00eb nga tempulli n\u00eb tempull, n\u00eb pjes\u00ebn e pasme t\u00eb kok\u00ebs dhe madje edhe n\u00eb balluke.<\/li>\n<\/ul>\n\n\n\n<figure class=\"wp-block-image is-style-default\"><img decoding=\"async\" src=\"https:\/\/confettissimo.com\/wp-content\/uploads\/2022\/12\/word-image-215035-19.jpeg\" alt=\"\" class=\"wp-image-215054\"\/><\/figure>\n\n\n\n<figure class=\"wp-block-image is-style-default\"><img decoding=\"async\" src=\"https:\/\/confettissimo.com\/wp-content\/uploads\/2022\/12\/word-image-215035-20.jpg\" alt=\"\" class=\"wp-image-215055\"\/><\/figure>\n\n\n\n<ul class=\"wp-block-list\">\n<li><strong>Theksimi zonal<\/strong>. Ngjyrosje ideale n\u00eb mod\u00eb-2023 p\u00ebr flok\u00eb t\u00eb mes\u00ebm. Por mund ta p\u00ebrdorni si n\u00eb fije t\u00eb gjata ashtu edhe n\u00eb t\u00eb shkurtra. Si\u00e7 b\u00ebhet e qart\u00eb nga emri, ky lloj theksimi p\u00ebrfshin ndri\u00e7imin e fijeve jo n\u00eb t\u00eb gjith\u00eb v\u00ebllimin e kok\u00ebs, por n\u00eb disa vende. P\u00ebr shembull, pas vesh\u00ebve, af\u00ebr fytyr\u00ebs, n\u00eb brend\u00ebsi t\u00eb qaf\u00ebs, af\u00ebr vesh\u00ebve. Nuancat mund t\u00eb zgjidhen si klasike nga paleta bionde, si dhe di\u00e7ka m\u00eb e ndritshme. Ka\u00e7urrelat e nj\u00eb hije t\u00eb kund\u00ebrta do t\u00eb b\u00ebhen nj\u00eb &#8220;theksim&#8221; i dalluesh\u00ebm i imazhit tuaj.<\/li>\n<\/ul>\n\n\n\n<figure class=\"wp-block-image is-style-default\"><img decoding=\"async\" src=\"https:\/\/confettissimo.com\/wp-content\/uploads\/2022\/12\/word-image-215035-21.jpeg\" alt=\"\" class=\"wp-image-215056\"\/><\/figure>\n\n\n\n<figure class=\"wp-block-image is-style-default\"><img decoding=\"async\" src=\"https:\/\/confettissimo.com\/wp-content\/uploads\/2022\/12\/word-image-215035-22.jpeg\" alt=\"\" class=\"wp-image-215057\"\/><\/figure>\n\n\n\n<ul class=\"wp-block-list\">\n<li><strong>ngjyrosje ylberi<\/strong>. Si\u00e7 e tham\u00eb edhe pak m\u00eb her\u00ebt, do t\u00eb mbetet n\u00eb list\u00ebn e tendencave t\u00eb mod\u00ebs. Dhe mund ta vishni me siguri n\u00eb flok\u00eb t\u00eb shkurt\u00ebr. Ka\u00e7urrelat e lyera n\u00eb t\u00eb gjitha nuancat e ylberit do t\u00eb t\u00ebrheqin v\u00ebmendjen tek personi juaj. N\u00eb nj\u00eb shoq\u00ebri konservatore, ato madje mund t\u00eb shkaktojn\u00eb d\u00ebnim. Prandaj, para se t\u00eb drejtoheni n\u00eb k\u00ebt\u00eb teknik\u00eb t\u00eb ngjyrosjes, mendoni se sa e r\u00ebnd\u00ebsishme \u00ebsht\u00eb n\u00eb jet\u00ebn tuaj. Iridescenca mund t\u00eb jet\u00eb e kudondodhur &#8211; mbi t\u00eb gjith\u00eb v\u00ebllimin e kok\u00ebs, ose e fshehur.<\/li>\n<\/ul>\n\n\n\n<figure class=\"wp-block-image is-style-default\"><img decoding=\"async\" src=\"https:\/\/confettissimo.com\/wp-content\/uploads\/2022\/12\/word-image-215035-24.jpeg\" alt=\"\" class=\"wp-image-215059\"\/><\/figure>\n\n\n\n<figure class=\"wp-block-image is-style-default\"><img decoding=\"async\" src=\"https:\/\/confettissimo.com\/wp-content\/uploads\/2022\/12\/word-image-215035-25.jpeg\" alt=\"\" class=\"wp-image-215060\"\/><\/figure>\n\n\n\n<ul class=\"wp-block-list\">\n<li><strong>Ngjyra galaktike.<\/strong>\u00a0Nj\u00eb tjet\u00ebr shtes\u00eb e bukur p\u00ebr koleksionin ton\u00eb. Si rezultat i ngjyrosjes, flok\u00ebt duhet t\u00eb dalin jo vet\u00ebm t\u00eb ndritsh\u00ebm, por rrezatues. Dikush madje do t\u00eb v\u00ebrej\u00eb pranin\u00eb e nj\u00eb efekti neoni k\u00ebtu. Ka\u00e7urrelat e lyera duke p\u00ebrdorur teknik\u00ebn e flok\u00ebve Galaxy duken magjeps\u00ebse. Ngjyra ve\u00e7an\u00ebrisht e thell\u00eb do t\u00eb dal\u00eb p\u00ebr\u00a0brunet. Sidoqoft\u00eb, mbani n\u00eb mend se p\u00ebr t\u00eb marr\u00eb nj\u00eb rezultat t\u00eb shk\u00eblqyer, duhet t\u00eb kontaktoni nj\u00eb mjesht\u00ebr me p\u00ebrvoj\u00eb.<\/li>\n<\/ul>\n\n\n\n<figure class=\"wp-block-image is-style-default\"><img decoding=\"async\" src=\"https:\/\/confettissimo.com\/wp-content\/uploads\/2022\/12\/word-image-215035-26.jpeg\" alt=\"\" class=\"wp-image-215061\"\/><\/figure>\n\n\n\n<figure class=\"wp-block-image is-style-default\"><img decoding=\"async\" src=\"https:\/\/confettissimo.com\/wp-content\/uploads\/2022\/12\/word-image-215035-27.jpeg\" alt=\"\" class=\"wp-image-215062\"\/><\/figure>\n\n\n\n<blockquote class=\"wp-block-quote is-layout-flow wp-block-quote-is-layout-flow\">\n<p>Cilat teknika do t\u00eb dalin nga moda n\u00eb 2023: ngjyrosje e fort\u00eb, thekse t\u00eb m\u00ebdha, k\u00ebna dhe basma.&nbsp;Kini&nbsp;kujdes me printimin n\u00eb ekran.<\/p>\n<\/blockquote>\n\n\n\n<figure class=\"wp-block-image is-style-default\"><img decoding=\"async\" src=\"https:\/\/confettissimo.com\/wp-content\/uploads\/2022\/12\/word-image-215035-28.jpg\" alt=\"\" class=\"wp-image-215063\"\/><\/figure>\n\n\n\n<p>Ngjyrosja-2023 \u00ebsht\u00eb nj\u00eb art i v\u00ebrtet\u00eb. Mjeshtri i Vedas do t\u00eb duhet jo vet\u00ebm t\u00eb theksoj\u00eb bukurin\u00eb e flok\u00ebve, por edhe t\u00eb shtoj\u00eb origjinalitet n\u00eb t\u00eb gjith\u00eb imazhin.<\/p>\n","protected":false},"excerpt":{"rendered":"<p>Ne vendos\u00ebm t&#8217;i kushtojm\u00eb materialin e sot\u00ebm teknikave popullore t\u00eb ngjyrosjes s\u00eb flok\u00ebve. Cilat risi i presin fashionistat n\u00eb k\u00ebt\u00eb segment, \u00e7far\u00eb do t\u00eb ofrojn\u00eb mjeshtrat, cilat tendenca aktuale nuk do t\u00eb shohim sezonin e ardhsh\u00ebm &#8211; do t\u00eb flasim p\u00ebr k\u00ebt\u00eb, si dhe p\u00ebr shum\u00eb gj\u00ebra t\u00eb tjera tani. Pra, le t\u00eb shohim se [&hellip;]<\/p>\n","protected":false},"author":2,"featured_media":27510,"comment_status":"open","ping_status":"open","sticky":false,"template":"","format":"standard","meta":{"footnotes":""},"categories":[20],"tags":[],"class_list":{"0":"post-21767","1":"post","2":"type-post","3":"status-publish","4":"format-standard","5":"has-post-thumbnail","7":"category-beauty"},"yoast_head":"<!-- This site is optimized with the Yoast SEO plugin v27.4 - https:\/\/yoast.com\/product\/yoast-seo-wordpress\/ -->\n<title>Cilat teknika t\u00eb lyerjes s\u00eb flok\u00ebve do t\u00eb jen\u00eb n\u00eb mod\u00eb n\u00eb 2023 - blogin.al<\/title>\n<meta name=\"robots\" content=\"index, follow, max-snippet:-1, max-image-preview:large, max-video-preview:-1\" \/>\n<link rel=\"canonical\" href=\"https:\/\/blogin.al\/?p=21767\" \/>\n<meta property=\"og:locale\" content=\"en_US\" \/>\n<meta property=\"og:type\" content=\"article\" \/>\n<meta property=\"og:title\" content=\"Cilat teknika t\u00eb lyerjes s\u00eb flok\u00ebve do t\u00eb jen\u00eb n\u00eb mod\u00eb n\u00eb 2023 - blogin.al\" \/>\n<meta property=\"og:description\" content=\"Ne vendos\u00ebm t&#8217;i kushtojm\u00eb materialin e sot\u00ebm teknikave popullore t\u00eb ngjyrosjes s\u00eb flok\u00ebve. Cilat risi i presin fashionistat n\u00eb k\u00ebt\u00eb segment, \u00e7far\u00eb do t\u00eb ofrojn\u00eb mjeshtrat, cilat tendenca aktuale nuk do t\u00eb shohim sezonin e ardhsh\u00ebm &#8211; do t\u00eb flasim p\u00ebr k\u00ebt\u00eb, si dhe p\u00ebr shum\u00eb gj\u00ebra t\u00eb tjera tani. Pra, le t\u00eb shohim se [&hellip;]\" \/>\n<meta property=\"og:url\" content=\"https:\/\/blogin.al\/?p=21767\" \/>\n<meta property=\"og:site_name\" content=\"blogin.al\" \/>\n<meta property=\"article:published_time\" content=\"2023-03-16T21:06:47+00:00\" \/>\n<meta property=\"article:modified_time\" content=\"2023-03-16T21:08:44+00:00\" \/>\n<meta property=\"og:image\" content=\"https:\/\/blogin.al\/wp-content\/uploads\/2023\/03\/Screenshot_20230316-220803_Jetpack.jpg\" \/>\n\t<meta property=\"og:image:width\" content=\"1079\" \/>\n\t<meta property=\"og:image:height\" content=\"751\" \/>\n\t<meta property=\"og:image:type\" content=\"image\/jpeg\" \/>\n<meta name=\"author\" content=\"Blogin al\" \/>\n<meta name=\"twitter:card\" content=\"summary_large_image\" \/>\n<meta name=\"twitter:label1\" content=\"Written by\" \/>\n\t<meta name=\"twitter:data1\" content=\"Blogin al\" \/>\n\t<meta name=\"twitter:label2\" content=\"Est. reading time\" \/>\n\t<meta name=\"twitter:data2\" content=\"10 minutes\" \/>\n<script type=\"application\/ld+json\" class=\"yoast-schema-graph\">{\"@context\":\"https:\\\/\\\/schema.org\",\"@graph\":[{\"@type\":\"Article\",\"@id\":\"https:\\\/\\\/blogin.al\\\/?p=21767#article\",\"isPartOf\":{\"@id\":\"https:\\\/\\\/blogin.al\\\/?p=21767\"},\"author\":{\"name\":\"Blogin al\",\"@id\":\"https:\\\/\\\/blogin.al\\\/#\\\/schema\\\/person\\\/abdd56bc912cd511db877b852b115399\"},\"headline\":\"Cilat teknika t\u00eb lyerjes s\u00eb flok\u00ebve do t\u00eb jen\u00eb n\u00eb mod\u00eb n\u00eb 2023\",\"datePublished\":\"2023-03-16T21:06:47+00:00\",\"dateModified\":\"2023-03-16T21:08:44+00:00\",\"mainEntityOfPage\":{\"@id\":\"https:\\\/\\\/blogin.al\\\/?p=21767\"},\"wordCount\":1184,\"commentCount\":0,\"publisher\":{\"@id\":\"https:\\\/\\\/blogin.al\\\/#organization\"},\"image\":{\"@id\":\"https:\\\/\\\/blogin.al\\\/?p=21767#primaryimage\"},\"thumbnailUrl\":\"https:\\\/\\\/blogin.al\\\/wp-content\\\/uploads\\\/2023\\\/03\\\/Screenshot_20230316-220803_Jetpack.jpg\",\"articleSection\":[\"BEAUTY\"],\"inLanguage\":\"en-US\",\"potentialAction\":[{\"@type\":\"CommentAction\",\"name\":\"Comment\",\"target\":[\"https:\\\/\\\/blogin.al\\\/?p=21767#respond\"]}]},{\"@type\":\"WebPage\",\"@id\":\"https:\\\/\\\/blogin.al\\\/?p=21767\",\"url\":\"https:\\\/\\\/blogin.al\\\/?p=21767\",\"name\":\"Cilat teknika t\u00eb lyerjes s\u00eb flok\u00ebve do t\u00eb jen\u00eb n\u00eb mod\u00eb n\u00eb 2023 - blogin.al\",\"isPartOf\":{\"@id\":\"https:\\\/\\\/blogin.al\\\/#website\"},\"primaryImageOfPage\":{\"@id\":\"https:\\\/\\\/blogin.al\\\/?p=21767#primaryimage\"},\"image\":{\"@id\":\"https:\\\/\\\/blogin.al\\\/?p=21767#primaryimage\"},\"thumbnailUrl\":\"https:\\\/\\\/blogin.al\\\/wp-content\\\/uploads\\\/2023\\\/03\\\/Screenshot_20230316-220803_Jetpack.jpg\",\"datePublished\":\"2023-03-16T21:06:47+00:00\",\"dateModified\":\"2023-03-16T21:08:44+00:00\",\"breadcrumb\":{\"@id\":\"https:\\\/\\\/blogin.al\\\/?p=21767#breadcrumb\"},\"inLanguage\":\"en-US\",\"potentialAction\":[{\"@type\":\"ReadAction\",\"target\":[\"https:\\\/\\\/blogin.al\\\/?p=21767\"]}]},{\"@type\":\"ImageObject\",\"inLanguage\":\"en-US\",\"@id\":\"https:\\\/\\\/blogin.al\\\/?p=21767#primaryimage\",\"url\":\"https:\\\/\\\/blogin.al\\\/wp-content\\\/uploads\\\/2023\\\/03\\\/Screenshot_20230316-220803_Jetpack.jpg\",\"contentUrl\":\"https:\\\/\\\/blogin.al\\\/wp-content\\\/uploads\\\/2023\\\/03\\\/Screenshot_20230316-220803_Jetpack.jpg\",\"width\":1079,\"height\":751},{\"@type\":\"BreadcrumbList\",\"@id\":\"https:\\\/\\\/blogin.al\\\/?p=21767#breadcrumb\",\"itemListElement\":[{\"@type\":\"ListItem\",\"position\":1,\"name\":\"Home\",\"item\":\"https:\\\/\\\/blogin.al\\\/\"},{\"@type\":\"ListItem\",\"position\":2,\"name\":\"Cilat teknika t\u00eb lyerjes s\u00eb flok\u00ebve do t\u00eb jen\u00eb n\u00eb mod\u00eb n\u00eb 2023\"}]},{\"@type\":\"WebSite\",\"@id\":\"https:\\\/\\\/blogin.al\\\/#website\",\"url\":\"https:\\\/\\\/blogin.al\\\/\",\"name\":\"blogin.al\",\"description\":\"\",\"publisher\":{\"@id\":\"https:\\\/\\\/blogin.al\\\/#organization\"},\"potentialAction\":[{\"@type\":\"SearchAction\",\"target\":{\"@type\":\"EntryPoint\",\"urlTemplate\":\"https:\\\/\\\/blogin.al\\\/?s={search_term_string}\"},\"query-input\":{\"@type\":\"PropertyValueSpecification\",\"valueRequired\":true,\"valueName\":\"search_term_string\"}}],\"inLanguage\":\"en-US\"},{\"@type\":\"Organization\",\"@id\":\"https:\\\/\\\/blogin.al\\\/#organization\",\"name\":\"BLOGIN.al\",\"url\":\"https:\\\/\\\/blogin.al\\\/\",\"logo\":{\"@type\":\"ImageObject\",\"inLanguage\":\"en-US\",\"@id\":\"https:\\\/\\\/blogin.al\\\/#\\\/schema\\\/logo\\\/image\\\/\",\"url\":\"https:\\\/\\\/blogin.al\\\/wp-content\\\/uploads\\\/2022\\\/05\\\/Untitled-2-01-e1652084456514.png\",\"contentUrl\":\"https:\\\/\\\/blogin.al\\\/wp-content\\\/uploads\\\/2022\\\/05\\\/Untitled-2-01-e1652084456514.png\",\"width\":3723,\"height\":1698,\"caption\":\"BLOGIN.al\"},\"image\":{\"@id\":\"https:\\\/\\\/blogin.al\\\/#\\\/schema\\\/logo\\\/image\\\/\"},\"sameAs\":[\"https:\\\/\\\/instagram.com\\\/blogin.al\\\/\"]},{\"@type\":\"Person\",\"@id\":\"https:\\\/\\\/blogin.al\\\/#\\\/schema\\\/person\\\/abdd56bc912cd511db877b852b115399\",\"name\":\"Blogin al\",\"image\":{\"@type\":\"ImageObject\",\"inLanguage\":\"en-US\",\"@id\":\"https:\\\/\\\/secure.gravatar.com\\\/avatar\\\/60d5661aee6e835fb13dc75d2204cd0c1d61bef2efd137c0083e59ef831e235e?s=96&d=mm&r=g\",\"url\":\"https:\\\/\\\/secure.gravatar.com\\\/avatar\\\/60d5661aee6e835fb13dc75d2204cd0c1d61bef2efd137c0083e59ef831e235e?s=96&d=mm&r=g\",\"contentUrl\":\"https:\\\/\\\/secure.gravatar.com\\\/avatar\\\/60d5661aee6e835fb13dc75d2204cd0c1d61bef2efd137c0083e59ef831e235e?s=96&d=mm&r=g\",\"caption\":\"Blogin al\"},\"sameAs\":[\"https:\\\/\\\/blogin.al\"],\"url\":\"https:\\\/\\\/blogin.al\\\/?author=2\"}]}<\/script>\n<!-- \/ Yoast SEO plugin. -->","yoast_head_json":{"title":"Cilat teknika t\u00eb lyerjes s\u00eb flok\u00ebve do t\u00eb jen\u00eb n\u00eb mod\u00eb n\u00eb 2023 - blogin.al","robots":{"index":"index","follow":"follow","max-snippet":"max-snippet:-1","max-image-preview":"max-image-preview:large","max-video-preview":"max-video-preview:-1"},"canonical":"https:\/\/blogin.al\/?p=21767","og_locale":"en_US","og_type":"article","og_title":"Cilat teknika t\u00eb lyerjes s\u00eb flok\u00ebve do t\u00eb jen\u00eb n\u00eb mod\u00eb n\u00eb 2023 - blogin.al","og_description":"Ne vendos\u00ebm t&#8217;i kushtojm\u00eb materialin e sot\u00ebm teknikave popullore t\u00eb ngjyrosjes s\u00eb flok\u00ebve. Cilat risi i presin fashionistat n\u00eb k\u00ebt\u00eb segment, \u00e7far\u00eb do t\u00eb ofrojn\u00eb mjeshtrat, cilat tendenca aktuale nuk do t\u00eb shohim sezonin e ardhsh\u00ebm &#8211; do t\u00eb flasim p\u00ebr k\u00ebt\u00eb, si dhe p\u00ebr shum\u00eb gj\u00ebra t\u00eb tjera tani. Pra, le t\u00eb shohim se [&hellip;]","og_url":"https:\/\/blogin.al\/?p=21767","og_site_name":"blogin.al","article_published_time":"2023-03-16T21:06:47+00:00","article_modified_time":"2023-03-16T21:08:44+00:00","og_image":[{"width":1079,"height":751,"url":"https:\/\/blogin.al\/wp-content\/uploads\/2023\/03\/Screenshot_20230316-220803_Jetpack.jpg","type":"image\/jpeg"}],"author":"Blogin al","twitter_card":"summary_large_image","twitter_misc":{"Written by":"Blogin al","Est. reading time":"10 minutes"},"schema":{"@context":"https:\/\/schema.org","@graph":[{"@type":"Article","@id":"https:\/\/blogin.al\/?p=21767#article","isPartOf":{"@id":"https:\/\/blogin.al\/?p=21767"},"author":{"name":"Blogin al","@id":"https:\/\/blogin.al\/#\/schema\/person\/abdd56bc912cd511db877b852b115399"},"headline":"Cilat teknika t\u00eb lyerjes s\u00eb flok\u00ebve do t\u00eb jen\u00eb n\u00eb mod\u00eb n\u00eb 2023","datePublished":"2023-03-16T21:06:47+00:00","dateModified":"2023-03-16T21:08:44+00:00","mainEntityOfPage":{"@id":"https:\/\/blogin.al\/?p=21767"},"wordCount":1184,"commentCount":0,"publisher":{"@id":"https:\/\/blogin.al\/#organization"},"image":{"@id":"https:\/\/blogin.al\/?p=21767#primaryimage"},"thumbnailUrl":"https:\/\/blogin.al\/wp-content\/uploads\/2023\/03\/Screenshot_20230316-220803_Jetpack.jpg","articleSection":["BEAUTY"],"inLanguage":"en-US","potentialAction":[{"@type":"CommentAction","name":"Comment","target":["https:\/\/blogin.al\/?p=21767#respond"]}]},{"@type":"WebPage","@id":"https:\/\/blogin.al\/?p=21767","url":"https:\/\/blogin.al\/?p=21767","name":"Cilat teknika t\u00eb lyerjes s\u00eb flok\u00ebve do t\u00eb jen\u00eb n\u00eb mod\u00eb n\u00eb 2023 - blogin.al","isPartOf":{"@id":"https:\/\/blogin.al\/#website"},"primaryImageOfPage":{"@id":"https:\/\/blogin.al\/?p=21767#primaryimage"},"image":{"@id":"https:\/\/blogin.al\/?p=21767#primaryimage"},"thumbnailUrl":"https:\/\/blogin.al\/wp-content\/uploads\/2023\/03\/Screenshot_20230316-220803_Jetpack.jpg","datePublished":"2023-03-16T21:06:47+00:00","dateModified":"2023-03-16T21:08:44+00:00","breadcrumb":{"@id":"https:\/\/blogin.al\/?p=21767#breadcrumb"},"inLanguage":"en-US","potentialAction":[{"@type":"ReadAction","target":["https:\/\/blogin.al\/?p=21767"]}]},{"@type":"ImageObject","inLanguage":"en-US","@id":"https:\/\/blogin.al\/?p=21767#primaryimage","url":"https:\/\/blogin.al\/wp-content\/uploads\/2023\/03\/Screenshot_20230316-220803_Jetpack.jpg","contentUrl":"https:\/\/blogin.al\/wp-content\/uploads\/2023\/03\/Screenshot_20230316-220803_Jetpack.jpg","width":1079,"height":751},{"@type":"BreadcrumbList","@id":"https:\/\/blogin.al\/?p=21767#breadcrumb","itemListElement":[{"@type":"ListItem","position":1,"name":"Home","item":"https:\/\/blogin.al\/"},{"@type":"ListItem","position":2,"name":"Cilat teknika t\u00eb lyerjes s\u00eb flok\u00ebve do t\u00eb jen\u00eb n\u00eb mod\u00eb n\u00eb 2023"}]},{"@type":"WebSite","@id":"https:\/\/blogin.al\/#website","url":"https:\/\/blogin.al\/","name":"blogin.al","description":"","publisher":{"@id":"https:\/\/blogin.al\/#organization"},"potentialAction":[{"@type":"SearchAction","target":{"@type":"EntryPoint","urlTemplate":"https:\/\/blogin.al\/?s={search_term_string}"},"query-input":{"@type":"PropertyValueSpecification","valueRequired":true,"valueName":"search_term_string"}}],"inLanguage":"en-US"},{"@type":"Organization","@id":"https:\/\/blogin.al\/#organization","name":"BLOGIN.al","url":"https:\/\/blogin.al\/","logo":{"@type":"ImageObject","inLanguage":"en-US","@id":"https:\/\/blogin.al\/#\/schema\/logo\/image\/","url":"https:\/\/blogin.al\/wp-content\/uploads\/2022\/05\/Untitled-2-01-e1652084456514.png","contentUrl":"https:\/\/blogin.al\/wp-content\/uploads\/2022\/05\/Untitled-2-01-e1652084456514.png","width":3723,"height":1698,"caption":"BLOGIN.al"},"image":{"@id":"https:\/\/blogin.al\/#\/schema\/logo\/image\/"},"sameAs":["https:\/\/instagram.com\/blogin.al\/"]},{"@type":"Person","@id":"https:\/\/blogin.al\/#\/schema\/person\/abdd56bc912cd511db877b852b115399","name":"Blogin al","image":{"@type":"ImageObject","inLanguage":"en-US","@id":"https:\/\/secure.gravatar.com\/avatar\/60d5661aee6e835fb13dc75d2204cd0c1d61bef2efd137c0083e59ef831e235e?s=96&d=mm&r=g","url":"https:\/\/secure.gravatar.com\/avatar\/60d5661aee6e835fb13dc75d2204cd0c1d61bef2efd137c0083e59ef831e235e?s=96&d=mm&r=g","contentUrl":"https:\/\/secure.gravatar.com\/avatar\/60d5661aee6e835fb13dc75d2204cd0c1d61bef2efd137c0083e59ef831e235e?s=96&d=mm&r=g","caption":"Blogin al"},"sameAs":["https:\/\/blogin.al"],"url":"https:\/\/blogin.al\/?author=2"}]}},"_links":{"self":[{"href":"https:\/\/blogin.al\/index.php?rest_route=\/wp\/v2\/posts\/21767","targetHints":{"allow":["GET"]}}],"collection":[{"href":"https:\/\/blogin.al\/index.php?rest_route=\/wp\/v2\/posts"}],"about":[{"href":"https:\/\/blogin.al\/index.php?rest_route=\/wp\/v2\/types\/post"}],"author":[{"embeddable":true,"href":"https:\/\/blogin.al\/index.php?rest_route=\/wp\/v2\/users\/2"}],"replies":[{"embeddable":true,"href":"https:\/\/blogin.al\/index.php?rest_route=%2Fwp%2Fv2%2Fcomments&post=21767"}],"version-history":[{"count":2,"href":"https:\/\/blogin.al\/index.php?rest_route=\/wp\/v2\/posts\/21767\/revisions"}],"predecessor-version":[{"id":27511,"href":"https:\/\/blogin.al\/index.php?rest_route=\/wp\/v2\/posts\/21767\/revisions\/27511"}],"wp:featuredmedia":[{"embeddable":true,"href":"https:\/\/blogin.al\/index.php?rest_route=\/wp\/v2\/media\/27510"}],"wp:attachment":[{"href":"https:\/\/blogin.al\/index.php?rest_route=%2Fwp%2Fv2%2Fmedia&parent=21767"}],"wp:term":[{"taxonomy":"category","embeddable":true,"href":"https:\/\/blogin.al\/index.php?rest_route=%2Fwp%2Fv2%2Fcategories&post=21767"},{"taxonomy":"post_tag","embeddable":true,"href":"https:\/\/blogin.al\/index.php?rest_route=%2Fwp%2Fv2%2Ftags&post=21767"}],"curies":[{"name":"wp","href":"https:\/\/api.w.org\/{rel}","templated":true}]}}