{"id":22982,"date":"2023-01-28T10:05:43","date_gmt":"2023-01-28T10:05:43","guid":{"rendered":"https:\/\/blogin.al\/?p=22982"},"modified":"2023-01-28T10:06:57","modified_gmt":"2023-01-28T10:06:57","slug":"pas-incidentit-me-chris-rocka-do-te-marre-pjese-will-smith-ne-oscars-2023","status":"publish","type":"post","link":"https:\/\/blogin.al\/?p=22982","title":{"rendered":"Pas incidentit me Chris Rock,a do t\u00eb marr\u00eb pjes\u00eb Will Smith n\u00eb Oscars 2023 ?"},"content":{"rendered":"\n<p><strong>Ceremonia e \u00e7mimeve Oscar 2022 u sh\u00ebnua nga incidenti fam\u00ebkeq mes Will Smith dhe Chris Rock . Pas shakas\u00eb s\u00eb Rock -ut p\u00ebr flok\u00ebt e Jada Pinkett Smith , ky i fundit doli n\u00eb sken\u00eb dhe e goditi me shuplak\u00eb komedianin e famsh\u00ebm.<\/strong><\/p>\n\n\n\n<p>Smith k\u00ebrkoi falje p\u00ebr gjestin e tij, por Akademia vendosi t\u00eb nd\u00ebshkoj\u00eb aktorin e famsh\u00ebm, i cili fitoi Oscarin p\u00ebr aktorin m\u00eb t\u00eb mir\u00eb n\u00eb ceremonin\u00eb e vitit t\u00eb kaluar p\u00ebr rolin e tij n\u00eb filmin \u201cKing Richard\u201d.<\/p>\n\n\n\n<p>N\u00eb prill, Akademia l\u00ebshoi \u200b\u200bnj\u00eb deklarat\u00eb p\u00ebr t\u00eb njoftuar se Smithit i ndalohet t\u00eb marr\u00eb pjes\u00eb n\u00eb ngjarje t\u00eb lidhura me Akademin\u00eb p\u00ebr dekad\u00ebn e ardhshme.<\/p>\n\n\n\n<p>\u201cOscar-i i 94-t\u00eb duhej t\u00eb ishte nj\u00eb fest\u00eb e shum\u00eb individ\u00ebve n\u00eb komunitetin ton\u00eb q\u00eb b\u00ebn\u00eb pun\u00eb t\u00eb jasht\u00ebzakonshme vitin e kaluar; megjithat\u00eb, ato momente u err\u00ebsuan nga sjellja e papranueshme q\u00eb pam\u00eb zotin Smith t\u00eb ekspozonte n\u00eb sken\u00eb\u201d, thuhet n\u00eb deklarat\u00eb.<\/p>\n\n\n\n<p>\u201cGjat\u00eb transmetimit ton\u00eb televiziv, ne nuk e trajtuam n\u00eb m\u00ebnyr\u00ebn e duhur situat\u00ebn n\u00eb dhom\u00eb. P\u00ebr k\u00ebt\u00eb, na vjen keq. Kjo ishte nj\u00eb mund\u00ebsi p\u00ebr ne q\u00eb t\u00eb japim shembull p\u00ebr mysafir\u00ebt tan\u00eb, shikuesit dhe familjen ton\u00eb t\u00eb Akademis\u00eb n\u00eb mbar\u00eb bot\u00ebn, dhe d\u00ebshtuam\u201d.<\/p>\n\n\n\n<p>\u201cSot, Bordi i Guvernator\u00ebve thirri nj\u00eb mbledhje p\u00ebr t\u00eb diskutuar se si t\u2019i p\u00ebrgjigjemi m\u00eb mir\u00eb veprimeve t\u00eb Will Smith n\u00eb Oscar, p\u00ebrve\u00e7 pranimit t\u00eb dor\u00ebheqjes s\u00eb tij. Bordi ka vendosur, p\u00ebr nj\u00eb periudh\u00eb 10-vje\u00e7are nga 8 Prilli 2022, z. Smith nuk do t\u00eb lejohet t\u00eb marr\u00eb pjes\u00eb n\u00eb asnj\u00eb ngjarje apo program t\u00eb Akademis\u00eb, personalisht ose virtualisht, por pa u kufizuar n\u00eb \u00c7mimet e Akademis\u00eb.\u201d<\/p>\n\n\n\n<p>Kjo do t\u00eb thot\u00eb se Smithit i ndalohet t\u00eb marr\u00eb pjes\u00eb n\u00eb ceremonin\u00eb e k\u00ebtij viti, e cila \u00ebsht\u00eb planifikuar t\u00eb mbahet m\u00eb 12 mars n\u00eb Teatrin Dolby n\u00eb Los Anxhelos.<\/p>\n","protected":false},"excerpt":{"rendered":"<p>Ceremonia e \u00e7mimeve Oscar 2022 u sh\u00ebnua nga incidenti fam\u00ebkeq mes Will Smith dhe Chris Rock . Pas shakas\u00eb s\u00eb Rock -ut p\u00ebr flok\u00ebt e Jada Pinkett Smith , ky i fundit doli n\u00eb sken\u00eb dhe e goditi me shuplak\u00eb komedianin e famsh\u00ebm. Smith k\u00ebrkoi falje p\u00ebr gjestin e tij, por Akademia vendosi t\u00eb nd\u00ebshkoj\u00eb [&hellip;]<\/p>\n","protected":false},"author":2,"featured_media":23008,"comment_status":"open","ping_status":"open","sticky":false,"template":"","format":"standard","meta":{"footnotes":""},"categories":[38],"tags":[],"class_list":{"0":"post-22982","1":"post","2":"type-post","3":"status-publish","4":"format-standard","5":"has-post-thumbnail","7":"category-stili-dhe-bota-e-vip"},"yoast_head":"<!-- This site is optimized with the Yoast SEO plugin v27.4 - https:\/\/yoast.com\/product\/yoast-seo-wordpress\/ -->\n<title>Pas incidentit me Chris Rock,a do t\u00eb marr\u00eb pjes\u00eb Will Smith n\u00eb Oscars 2023 ? - blogin.al<\/title>\n<meta name=\"robots\" content=\"index, follow, max-snippet:-1, max-image-preview:large, max-video-preview:-1\" \/>\n<link rel=\"canonical\" href=\"https:\/\/blogin.al\/?p=22982\" \/>\n<meta property=\"og:locale\" content=\"en_US\" \/>\n<meta property=\"og:type\" content=\"article\" \/>\n<meta property=\"og:title\" content=\"Pas incidentit me Chris Rock,a do t\u00eb marr\u00eb pjes\u00eb Will Smith n\u00eb Oscars 2023 ? - blogin.al\" \/>\n<meta property=\"og:description\" content=\"Ceremonia e \u00e7mimeve Oscar 2022 u sh\u00ebnua nga incidenti fam\u00ebkeq mes Will Smith dhe Chris Rock . Pas shakas\u00eb s\u00eb Rock -ut p\u00ebr flok\u00ebt e Jada Pinkett Smith , ky i fundit doli n\u00eb sken\u00eb dhe e goditi me shuplak\u00eb komedianin e famsh\u00ebm. Smith k\u00ebrkoi falje p\u00ebr gjestin e tij, por Akademia vendosi t\u00eb nd\u00ebshkoj\u00eb [&hellip;]\" \/>\n<meta property=\"og:url\" content=\"https:\/\/blogin.al\/?p=22982\" \/>\n<meta property=\"og:site_name\" content=\"blogin.al\" \/>\n<meta property=\"article:published_time\" content=\"2023-01-28T10:05:43+00:00\" \/>\n<meta property=\"article:modified_time\" content=\"2023-01-28T10:06:57+00:00\" \/>\n<meta property=\"og:image\" content=\"https:\/\/blogin.al\/wp-content\/uploads\/2023\/01\/will-smith-and-chris-rock-16484536493x2-1.jpg\" \/>\n\t<meta property=\"og:image:width\" content=\"1200\" \/>\n\t<meta property=\"og:image:height\" content=\"800\" \/>\n\t<meta property=\"og:image:type\" content=\"image\/jpeg\" \/>\n<meta name=\"author\" content=\"Blogin al\" \/>\n<meta name=\"twitter:card\" content=\"summary_large_image\" \/>\n<meta name=\"twitter:label1\" content=\"Written by\" \/>\n\t<meta name=\"twitter:data1\" content=\"Blogin al\" \/>\n\t<meta name=\"twitter:label2\" content=\"Est. reading time\" \/>\n\t<meta name=\"twitter:data2\" content=\"2 minutes\" \/>\n<script type=\"application\/ld+json\" class=\"yoast-schema-graph\">{\"@context\":\"https:\\\/\\\/schema.org\",\"@graph\":[{\"@type\":\"Article\",\"@id\":\"https:\\\/\\\/blogin.al\\\/?p=22982#article\",\"isPartOf\":{\"@id\":\"https:\\\/\\\/blogin.al\\\/?p=22982\"},\"author\":{\"name\":\"Blogin al\",\"@id\":\"https:\\\/\\\/blogin.al\\\/#\\\/schema\\\/person\\\/abdd56bc912cd511db877b852b115399\"},\"headline\":\"Pas incidentit me Chris Rock,a do t\u00eb marr\u00eb pjes\u00eb Will Smith n\u00eb Oscars 2023 ?\",\"datePublished\":\"2023-01-28T10:05:43+00:00\",\"dateModified\":\"2023-01-28T10:06:57+00:00\",\"mainEntityOfPage\":{\"@id\":\"https:\\\/\\\/blogin.al\\\/?p=22982\"},\"wordCount\":337,\"commentCount\":0,\"publisher\":{\"@id\":\"https:\\\/\\\/blogin.al\\\/#organization\"},\"image\":{\"@id\":\"https:\\\/\\\/blogin.al\\\/?p=22982#primaryimage\"},\"thumbnailUrl\":\"https:\\\/\\\/blogin.al\\\/wp-content\\\/uploads\\\/2023\\\/01\\\/will-smith-and-chris-rock-16484536493x2-1.jpg\",\"articleSection\":[\"STILI DHE BOTA E VIP\"],\"inLanguage\":\"en-US\",\"potentialAction\":[{\"@type\":\"CommentAction\",\"name\":\"Comment\",\"target\":[\"https:\\\/\\\/blogin.al\\\/?p=22982#respond\"]}]},{\"@type\":\"WebPage\",\"@id\":\"https:\\\/\\\/blogin.al\\\/?p=22982\",\"url\":\"https:\\\/\\\/blogin.al\\\/?p=22982\",\"name\":\"Pas incidentit me Chris Rock,a do t\u00eb marr\u00eb pjes\u00eb Will Smith n\u00eb Oscars 2023 ? - blogin.al\",\"isPartOf\":{\"@id\":\"https:\\\/\\\/blogin.al\\\/#website\"},\"primaryImageOfPage\":{\"@id\":\"https:\\\/\\\/blogin.al\\\/?p=22982#primaryimage\"},\"image\":{\"@id\":\"https:\\\/\\\/blogin.al\\\/?p=22982#primaryimage\"},\"thumbnailUrl\":\"https:\\\/\\\/blogin.al\\\/wp-content\\\/uploads\\\/2023\\\/01\\\/will-smith-and-chris-rock-16484536493x2-1.jpg\",\"datePublished\":\"2023-01-28T10:05:43+00:00\",\"dateModified\":\"2023-01-28T10:06:57+00:00\",\"breadcrumb\":{\"@id\":\"https:\\\/\\\/blogin.al\\\/?p=22982#breadcrumb\"},\"inLanguage\":\"en-US\",\"potentialAction\":[{\"@type\":\"ReadAction\",\"target\":[\"https:\\\/\\\/blogin.al\\\/?p=22982\"]}]},{\"@type\":\"ImageObject\",\"inLanguage\":\"en-US\",\"@id\":\"https:\\\/\\\/blogin.al\\\/?p=22982#primaryimage\",\"url\":\"https:\\\/\\\/blogin.al\\\/wp-content\\\/uploads\\\/2023\\\/01\\\/will-smith-and-chris-rock-16484536493x2-1.jpg\",\"contentUrl\":\"https:\\\/\\\/blogin.al\\\/wp-content\\\/uploads\\\/2023\\\/01\\\/will-smith-and-chris-rock-16484536493x2-1.jpg\",\"width\":1200,\"height\":800},{\"@type\":\"BreadcrumbList\",\"@id\":\"https:\\\/\\\/blogin.al\\\/?p=22982#breadcrumb\",\"itemListElement\":[{\"@type\":\"ListItem\",\"position\":1,\"name\":\"Home\",\"item\":\"https:\\\/\\\/blogin.al\\\/\"},{\"@type\":\"ListItem\",\"position\":2,\"name\":\"Pas incidentit me Chris Rock,a do t\u00eb marr\u00eb pjes\u00eb Will Smith n\u00eb Oscars 2023 ?\"}]},{\"@type\":\"WebSite\",\"@id\":\"https:\\\/\\\/blogin.al\\\/#website\",\"url\":\"https:\\\/\\\/blogin.al\\\/\",\"name\":\"blogin.al\",\"description\":\"\",\"publisher\":{\"@id\":\"https:\\\/\\\/blogin.al\\\/#organization\"},\"potentialAction\":[{\"@type\":\"SearchAction\",\"target\":{\"@type\":\"EntryPoint\",\"urlTemplate\":\"https:\\\/\\\/blogin.al\\\/?s={search_term_string}\"},\"query-input\":{\"@type\":\"PropertyValueSpecification\",\"valueRequired\":true,\"valueName\":\"search_term_string\"}}],\"inLanguage\":\"en-US\"},{\"@type\":\"Organization\",\"@id\":\"https:\\\/\\\/blogin.al\\\/#organization\",\"name\":\"BLOGIN.al\",\"url\":\"https:\\\/\\\/blogin.al\\\/\",\"logo\":{\"@type\":\"ImageObject\",\"inLanguage\":\"en-US\",\"@id\":\"https:\\\/\\\/blogin.al\\\/#\\\/schema\\\/logo\\\/image\\\/\",\"url\":\"https:\\\/\\\/blogin.al\\\/wp-content\\\/uploads\\\/2022\\\/05\\\/Untitled-2-01-e1652084456514.png\",\"contentUrl\":\"https:\\\/\\\/blogin.al\\\/wp-content\\\/uploads\\\/2022\\\/05\\\/Untitled-2-01-e1652084456514.png\",\"width\":3723,\"height\":1698,\"caption\":\"BLOGIN.al\"},\"image\":{\"@id\":\"https:\\\/\\\/blogin.al\\\/#\\\/schema\\\/logo\\\/image\\\/\"},\"sameAs\":[\"https:\\\/\\\/instagram.com\\\/blogin.al\\\/\"]},{\"@type\":\"Person\",\"@id\":\"https:\\\/\\\/blogin.al\\\/#\\\/schema\\\/person\\\/abdd56bc912cd511db877b852b115399\",\"name\":\"Blogin al\",\"image\":{\"@type\":\"ImageObject\",\"inLanguage\":\"en-US\",\"@id\":\"https:\\\/\\\/secure.gravatar.com\\\/avatar\\\/60d5661aee6e835fb13dc75d2204cd0c1d61bef2efd137c0083e59ef831e235e?s=96&d=mm&r=g\",\"url\":\"https:\\\/\\\/secure.gravatar.com\\\/avatar\\\/60d5661aee6e835fb13dc75d2204cd0c1d61bef2efd137c0083e59ef831e235e?s=96&d=mm&r=g\",\"contentUrl\":\"https:\\\/\\\/secure.gravatar.com\\\/avatar\\\/60d5661aee6e835fb13dc75d2204cd0c1d61bef2efd137c0083e59ef831e235e?s=96&d=mm&r=g\",\"caption\":\"Blogin al\"},\"sameAs\":[\"https:\\\/\\\/blogin.al\"],\"url\":\"https:\\\/\\\/blogin.al\\\/?author=2\"}]}<\/script>\n<!-- \/ Yoast SEO plugin. -->","yoast_head_json":{"title":"Pas incidentit me Chris Rock,a do t\u00eb marr\u00eb pjes\u00eb Will Smith n\u00eb Oscars 2023 ? - blogin.al","robots":{"index":"index","follow":"follow","max-snippet":"max-snippet:-1","max-image-preview":"max-image-preview:large","max-video-preview":"max-video-preview:-1"},"canonical":"https:\/\/blogin.al\/?p=22982","og_locale":"en_US","og_type":"article","og_title":"Pas incidentit me Chris Rock,a do t\u00eb marr\u00eb pjes\u00eb Will Smith n\u00eb Oscars 2023 ? - blogin.al","og_description":"Ceremonia e \u00e7mimeve Oscar 2022 u sh\u00ebnua nga incidenti fam\u00ebkeq mes Will Smith dhe Chris Rock . Pas shakas\u00eb s\u00eb Rock -ut p\u00ebr flok\u00ebt e Jada Pinkett Smith , ky i fundit doli n\u00eb sken\u00eb dhe e goditi me shuplak\u00eb komedianin e famsh\u00ebm. Smith k\u00ebrkoi falje p\u00ebr gjestin e tij, por Akademia vendosi t\u00eb nd\u00ebshkoj\u00eb [&hellip;]","og_url":"https:\/\/blogin.al\/?p=22982","og_site_name":"blogin.al","article_published_time":"2023-01-28T10:05:43+00:00","article_modified_time":"2023-01-28T10:06:57+00:00","og_image":[{"width":1200,"height":800,"url":"https:\/\/blogin.al\/wp-content\/uploads\/2023\/01\/will-smith-and-chris-rock-16484536493x2-1.jpg","type":"image\/jpeg"}],"author":"Blogin al","twitter_card":"summary_large_image","twitter_misc":{"Written by":"Blogin al","Est. reading time":"2 minutes"},"schema":{"@context":"https:\/\/schema.org","@graph":[{"@type":"Article","@id":"https:\/\/blogin.al\/?p=22982#article","isPartOf":{"@id":"https:\/\/blogin.al\/?p=22982"},"author":{"name":"Blogin al","@id":"https:\/\/blogin.al\/#\/schema\/person\/abdd56bc912cd511db877b852b115399"},"headline":"Pas incidentit me Chris Rock,a do t\u00eb marr\u00eb pjes\u00eb Will Smith n\u00eb Oscars 2023 ?","datePublished":"2023-01-28T10:05:43+00:00","dateModified":"2023-01-28T10:06:57+00:00","mainEntityOfPage":{"@id":"https:\/\/blogin.al\/?p=22982"},"wordCount":337,"commentCount":0,"publisher":{"@id":"https:\/\/blogin.al\/#organization"},"image":{"@id":"https:\/\/blogin.al\/?p=22982#primaryimage"},"thumbnailUrl":"https:\/\/blogin.al\/wp-content\/uploads\/2023\/01\/will-smith-and-chris-rock-16484536493x2-1.jpg","articleSection":["STILI DHE BOTA E VIP"],"inLanguage":"en-US","potentialAction":[{"@type":"CommentAction","name":"Comment","target":["https:\/\/blogin.al\/?p=22982#respond"]}]},{"@type":"WebPage","@id":"https:\/\/blogin.al\/?p=22982","url":"https:\/\/blogin.al\/?p=22982","name":"Pas incidentit me Chris Rock,a do t\u00eb marr\u00eb pjes\u00eb Will Smith n\u00eb Oscars 2023 ? - blogin.al","isPartOf":{"@id":"https:\/\/blogin.al\/#website"},"primaryImageOfPage":{"@id":"https:\/\/blogin.al\/?p=22982#primaryimage"},"image":{"@id":"https:\/\/blogin.al\/?p=22982#primaryimage"},"thumbnailUrl":"https:\/\/blogin.al\/wp-content\/uploads\/2023\/01\/will-smith-and-chris-rock-16484536493x2-1.jpg","datePublished":"2023-01-28T10:05:43+00:00","dateModified":"2023-01-28T10:06:57+00:00","breadcrumb":{"@id":"https:\/\/blogin.al\/?p=22982#breadcrumb"},"inLanguage":"en-US","potentialAction":[{"@type":"ReadAction","target":["https:\/\/blogin.al\/?p=22982"]}]},{"@type":"ImageObject","inLanguage":"en-US","@id":"https:\/\/blogin.al\/?p=22982#primaryimage","url":"https:\/\/blogin.al\/wp-content\/uploads\/2023\/01\/will-smith-and-chris-rock-16484536493x2-1.jpg","contentUrl":"https:\/\/blogin.al\/wp-content\/uploads\/2023\/01\/will-smith-and-chris-rock-16484536493x2-1.jpg","width":1200,"height":800},{"@type":"BreadcrumbList","@id":"https:\/\/blogin.al\/?p=22982#breadcrumb","itemListElement":[{"@type":"ListItem","position":1,"name":"Home","item":"https:\/\/blogin.al\/"},{"@type":"ListItem","position":2,"name":"Pas incidentit me Chris Rock,a do t\u00eb marr\u00eb pjes\u00eb Will Smith n\u00eb Oscars 2023 ?"}]},{"@type":"WebSite","@id":"https:\/\/blogin.al\/#website","url":"https:\/\/blogin.al\/","name":"blogin.al","description":"","publisher":{"@id":"https:\/\/blogin.al\/#organization"},"potentialAction":[{"@type":"SearchAction","target":{"@type":"EntryPoint","urlTemplate":"https:\/\/blogin.al\/?s={search_term_string}"},"query-input":{"@type":"PropertyValueSpecification","valueRequired":true,"valueName":"search_term_string"}}],"inLanguage":"en-US"},{"@type":"Organization","@id":"https:\/\/blogin.al\/#organization","name":"BLOGIN.al","url":"https:\/\/blogin.al\/","logo":{"@type":"ImageObject","inLanguage":"en-US","@id":"https:\/\/blogin.al\/#\/schema\/logo\/image\/","url":"https:\/\/blogin.al\/wp-content\/uploads\/2022\/05\/Untitled-2-01-e1652084456514.png","contentUrl":"https:\/\/blogin.al\/wp-content\/uploads\/2022\/05\/Untitled-2-01-e1652084456514.png","width":3723,"height":1698,"caption":"BLOGIN.al"},"image":{"@id":"https:\/\/blogin.al\/#\/schema\/logo\/image\/"},"sameAs":["https:\/\/instagram.com\/blogin.al\/"]},{"@type":"Person","@id":"https:\/\/blogin.al\/#\/schema\/person\/abdd56bc912cd511db877b852b115399","name":"Blogin al","image":{"@type":"ImageObject","inLanguage":"en-US","@id":"https:\/\/secure.gravatar.com\/avatar\/60d5661aee6e835fb13dc75d2204cd0c1d61bef2efd137c0083e59ef831e235e?s=96&d=mm&r=g","url":"https:\/\/secure.gravatar.com\/avatar\/60d5661aee6e835fb13dc75d2204cd0c1d61bef2efd137c0083e59ef831e235e?s=96&d=mm&r=g","contentUrl":"https:\/\/secure.gravatar.com\/avatar\/60d5661aee6e835fb13dc75d2204cd0c1d61bef2efd137c0083e59ef831e235e?s=96&d=mm&r=g","caption":"Blogin al"},"sameAs":["https:\/\/blogin.al"],"url":"https:\/\/blogin.al\/?author=2"}]}},"_links":{"self":[{"href":"https:\/\/blogin.al\/index.php?rest_route=\/wp\/v2\/posts\/22982","targetHints":{"allow":["GET"]}}],"collection":[{"href":"https:\/\/blogin.al\/index.php?rest_route=\/wp\/v2\/posts"}],"about":[{"href":"https:\/\/blogin.al\/index.php?rest_route=\/wp\/v2\/types\/post"}],"author":[{"embeddable":true,"href":"https:\/\/blogin.al\/index.php?rest_route=\/wp\/v2\/users\/2"}],"replies":[{"embeddable":true,"href":"https:\/\/blogin.al\/index.php?rest_route=%2Fwp%2Fv2%2Fcomments&post=22982"}],"version-history":[{"count":2,"href":"https:\/\/blogin.al\/index.php?rest_route=\/wp\/v2\/posts\/22982\/revisions"}],"predecessor-version":[{"id":23009,"href":"https:\/\/blogin.al\/index.php?rest_route=\/wp\/v2\/posts\/22982\/revisions\/23009"}],"wp:featuredmedia":[{"embeddable":true,"href":"https:\/\/blogin.al\/index.php?rest_route=\/wp\/v2\/media\/23008"}],"wp:attachment":[{"href":"https:\/\/blogin.al\/index.php?rest_route=%2Fwp%2Fv2%2Fmedia&parent=22982"}],"wp:term":[{"taxonomy":"category","embeddable":true,"href":"https:\/\/blogin.al\/index.php?rest_route=%2Fwp%2Fv2%2Fcategories&post=22982"},{"taxonomy":"post_tag","embeddable":true,"href":"https:\/\/blogin.al\/index.php?rest_route=%2Fwp%2Fv2%2Ftags&post=22982"}],"curies":[{"name":"wp","href":"https:\/\/api.w.org\/{rel}","templated":true}]}}