{"id":2391,"date":"2022-04-22T16:53:37","date_gmt":"2022-04-22T16:53:37","guid":{"rendered":"https:\/\/blogin.al\/?p=2391"},"modified":"2022-04-22T16:53:39","modified_gmt":"2022-04-22T16:53:39","slug":"noizy-pjese-e-kinemase-reperi-do-te-luaje-ne-serialin-gjerman-krah-blerim-destanit","status":"publish","type":"post","link":"https:\/\/blogin.al\/?p=2391","title":{"rendered":"Noizy pjes\u00eb e kinemas\u00eb! Reperi do t\u00eb luaj\u00eb n\u00eb serialin gjerman krah Blerim Destanit"},"content":{"rendered":"\n<p><strong>Pas rolit q\u00eb pati n\u00eb nj\u00eb film gjerman vite m\u00eb par\u00eb, Noizy tashm\u00eb do jet\u00eb pjes\u00eb e nj\u00eb seriali.<\/strong><\/p>\n\n\n\n<p>Edhe k\u00ebt\u00eb her\u00eb reperi do luaj\u00eb krah aktori t\u00eb njohur shqiptar Blerim Destani e jo vet\u00ebm. Pjes\u00eb e tij do jet\u00eb edhe Xhevdet Jashari. Lajmin e ka b\u00ebr\u00eb t\u00eb ditur vet\u00eb Noizy, emri i v\u00ebrtet\u00eb i t\u00eb cilit \u00ebsht\u00eb Rigels Rajku. Ai ka ndar\u00eb n\u00eb rrjetet sociale foto nga sheshxhirimi teksa n\u00eb nj\u00ebr\u00ebn prej tyre ka shkruar: \u201cDita e xhirimeve, seriali \u2018Der Trakt\u2019\u201d.<\/p>\n\n\n\n<figure class=\"wp-block-image size-full is-style-default\"><img fetchpriority=\"high\" decoding=\"async\" width=\"502\" height=\"888\" src=\"https:\/\/blogin.al\/wp-content\/uploads\/2022\/04\/Noizy-Blerim-Destani-Panorama-Plus-serial-4.png\" alt=\"\" class=\"wp-image-2392\" srcset=\"https:\/\/blogin.al\/wp-content\/uploads\/2022\/04\/Noizy-Blerim-Destani-Panorama-Plus-serial-4.png 502w, https:\/\/blogin.al\/wp-content\/uploads\/2022\/04\/Noizy-Blerim-Destani-Panorama-Plus-serial-4-170x300.png 170w, https:\/\/blogin.al\/wp-content\/uploads\/2022\/04\/Noizy-Blerim-Destani-Panorama-Plus-serial-4-150x265.png 150w, https:\/\/blogin.al\/wp-content\/uploads\/2022\/04\/Noizy-Blerim-Destani-Panorama-Plus-serial-4-300x531.png 300w\" sizes=\"(max-width: 502px) 100vw, 502px\" \/><\/figure>\n\n\n\n<p>Deri tani nuk ka ende detaje se p\u00ebr \u00e7far\u00eb b\u00ebn fjal\u00eb seriali dhe \u00e7far\u00eb roli do ket\u00eb Noizy aty. Ai ka marr\u00eb pjes\u00eb edhe n\u00eb filmin me titullin \u201cMan from Beirut\u201d ose \u201cBlind\u201d, t\u00eb 2019. N\u00eb k\u00ebt\u00eb film Noizy ka \u00a0nj\u00eb rol dyt\u00ebsor dhe n\u00eb pjes\u00ebn m\u00eb t\u00eb madhe t\u00eb skenave ai shfaqet p\u00ebrkrah aktorit gjerman Frederick Lau. Nd\u00ebrsa Blerim Destani dhe aktori tjet\u00ebr me origjin\u00eb shqiptare, James Biberi, kan\u00eb rol kryesor n\u00eb film.<\/p>\n\n\n\n<figure class=\"wp-block-image size-full is-style-default\"><img decoding=\"async\" width=\"491\" height=\"887\" src=\"https:\/\/blogin.al\/wp-content\/uploads\/2022\/04\/Noizy-Blerim-Destani-Panorama-Plus-serial-5.png\" alt=\"\" class=\"wp-image-2393\" srcset=\"https:\/\/blogin.al\/wp-content\/uploads\/2022\/04\/Noizy-Blerim-Destani-Panorama-Plus-serial-5.png 491w, https:\/\/blogin.al\/wp-content\/uploads\/2022\/04\/Noizy-Blerim-Destani-Panorama-Plus-serial-5-166x300.png 166w, https:\/\/blogin.al\/wp-content\/uploads\/2022\/04\/Noizy-Blerim-Destani-Panorama-Plus-serial-5-150x271.png 150w, https:\/\/blogin.al\/wp-content\/uploads\/2022\/04\/Noizy-Blerim-Destani-Panorama-Plus-serial-5-300x542.png 300w\" sizes=\"(max-width: 491px) 100vw, 491px\" \/><\/figure>\n\n\n\n<p>N\u00eb t\u00eb flitet edhe n\u00eb gjuh\u00ebn shqipe teksa kurioz\u00eb jemi t\u00eb dim\u00eb n\u00ebse do ndodh\u00eb e nj\u00ebjta gj\u00eb edhe n\u00eb serialin ku po merr pjes\u00eb artisti.<\/p>\n\n\n\n<figure class=\"wp-block-image size-full is-style-default\"><img decoding=\"async\" width=\"499\" height=\"882\" src=\"https:\/\/blogin.al\/wp-content\/uploads\/2022\/04\/Noizy-Blerim-Destani-Panorama-Plus-serial-1-1.png\" alt=\"\" class=\"wp-image-2394\" srcset=\"https:\/\/blogin.al\/wp-content\/uploads\/2022\/04\/Noizy-Blerim-Destani-Panorama-Plus-serial-1-1.png 499w, https:\/\/blogin.al\/wp-content\/uploads\/2022\/04\/Noizy-Blerim-Destani-Panorama-Plus-serial-1-1-170x300.png 170w, https:\/\/blogin.al\/wp-content\/uploads\/2022\/04\/Noizy-Blerim-Destani-Panorama-Plus-serial-1-1-150x265.png 150w, https:\/\/blogin.al\/wp-content\/uploads\/2022\/04\/Noizy-Blerim-Destani-Panorama-Plus-serial-1-1-300x530.png 300w\" sizes=\"(max-width: 499px) 100vw, 499px\" \/><\/figure>\n\n\n\n<p>Ky njoftim vjen pasi Noizy zbuloi se do organizoj\u00eb nj\u00eb koncert n\u00eb gusht, q\u00eb ai e ka cil\u00ebsuar si \u2018koncertin m\u00eb t\u00eb madh n\u00eb historin\u00eb e hip-hopit shqiptar\u201d. N\u00eb nj\u00eb postim n\u00eb rrjetet sociale, Noizy shkruan se pjes\u00eb e tij do jen\u00eb edhe reper\u00eb gjerman\u00eb, italian\u00eb, anglez\u00eb teksa mbr\u00ebmja do mbyllet me OTR.<\/p>\n","protected":false},"excerpt":{"rendered":"<p>Pas rolit q\u00eb pati n\u00eb nj\u00eb film gjerman vite m\u00eb par\u00eb, Noizy tashm\u00eb do jet\u00eb pjes\u00eb e nj\u00eb seriali. Edhe k\u00ebt\u00eb her\u00eb reperi do luaj\u00eb krah aktori t\u00eb njohur shqiptar Blerim Destani e jo vet\u00ebm. Pjes\u00eb e tij do jet\u00eb edhe Xhevdet Jashari. Lajmin e ka b\u00ebr\u00eb t\u00eb ditur vet\u00eb Noizy, emri i v\u00ebrtet\u00eb i [&hellip;]<\/p>\n","protected":false},"author":2,"featured_media":2395,"comment_status":"open","ping_status":"open","sticky":false,"template":"","format":"standard","meta":{"footnotes":""},"categories":[33],"tags":[],"class_list":{"0":"post-2391","1":"post","2":"type-post","3":"status-publish","4":"format-standard","5":"has-post-thumbnail","7":"category-showbiz"},"yoast_head":"<!-- This site is optimized with the Yoast SEO plugin v27.4 - https:\/\/yoast.com\/product\/yoast-seo-wordpress\/ -->\n<title>Noizy pjes\u00eb e kinemas\u00eb! Reperi do t\u00eb luaj\u00eb n\u00eb serialin gjerman krah Blerim Destanit - blogin.al<\/title>\n<meta name=\"robots\" content=\"index, follow, max-snippet:-1, max-image-preview:large, max-video-preview:-1\" \/>\n<link rel=\"canonical\" href=\"https:\/\/blogin.al\/?p=2391\" \/>\n<meta property=\"og:locale\" content=\"en_US\" \/>\n<meta property=\"og:type\" content=\"article\" \/>\n<meta property=\"og:title\" content=\"Noizy pjes\u00eb e kinemas\u00eb! Reperi do t\u00eb luaj\u00eb n\u00eb serialin gjerman krah Blerim Destanit - blogin.al\" \/>\n<meta property=\"og:description\" content=\"Pas rolit q\u00eb pati n\u00eb nj\u00eb film gjerman vite m\u00eb par\u00eb, Noizy tashm\u00eb do jet\u00eb pjes\u00eb e nj\u00eb seriali. Edhe k\u00ebt\u00eb her\u00eb reperi do luaj\u00eb krah aktori t\u00eb njohur shqiptar Blerim Destani e jo vet\u00ebm. Pjes\u00eb e tij do jet\u00eb edhe Xhevdet Jashari. Lajmin e ka b\u00ebr\u00eb t\u00eb ditur vet\u00eb Noizy, emri i v\u00ebrtet\u00eb i [&hellip;]\" \/>\n<meta property=\"og:url\" content=\"https:\/\/blogin.al\/?p=2391\" \/>\n<meta property=\"og:site_name\" content=\"blogin.al\" \/>\n<meta property=\"article:published_time\" content=\"2022-04-22T16:53:37+00:00\" \/>\n<meta property=\"article:modified_time\" content=\"2022-04-22T16:53:39+00:00\" \/>\n<meta property=\"og:image\" content=\"https:\/\/blogin.al\/wp-content\/uploads\/2022\/04\/b-noiz.webp\" \/>\n\t<meta property=\"og:image:width\" content=\"620\" \/>\n\t<meta property=\"og:image:height\" content=\"310\" \/>\n\t<meta property=\"og:image:type\" content=\"image\/webp\" \/>\n<meta name=\"author\" content=\"Blogin al\" \/>\n<meta name=\"twitter:card\" content=\"summary_large_image\" \/>\n<meta name=\"twitter:label1\" content=\"Written by\" \/>\n\t<meta name=\"twitter:data1\" content=\"Blogin al\" \/>\n\t<meta name=\"twitter:label2\" content=\"Est. reading time\" \/>\n\t<meta name=\"twitter:data2\" content=\"2 minutes\" \/>\n<script type=\"application\/ld+json\" class=\"yoast-schema-graph\">{\"@context\":\"https:\\\/\\\/schema.org\",\"@graph\":[{\"@type\":\"Article\",\"@id\":\"https:\\\/\\\/blogin.al\\\/?p=2391#article\",\"isPartOf\":{\"@id\":\"https:\\\/\\\/blogin.al\\\/?p=2391\"},\"author\":{\"name\":\"Blogin al\",\"@id\":\"https:\\\/\\\/blogin.al\\\/#\\\/schema\\\/person\\\/abdd56bc912cd511db877b852b115399\"},\"headline\":\"Noizy pjes\u00eb e kinemas\u00eb! Reperi do t\u00eb luaj\u00eb n\u00eb serialin gjerman krah Blerim Destanit\",\"datePublished\":\"2022-04-22T16:53:37+00:00\",\"dateModified\":\"2022-04-22T16:53:39+00:00\",\"mainEntityOfPage\":{\"@id\":\"https:\\\/\\\/blogin.al\\\/?p=2391\"},\"wordCount\":267,\"commentCount\":0,\"publisher\":{\"@id\":\"https:\\\/\\\/blogin.al\\\/#organization\"},\"image\":{\"@id\":\"https:\\\/\\\/blogin.al\\\/?p=2391#primaryimage\"},\"thumbnailUrl\":\"https:\\\/\\\/blogin.al\\\/wp-content\\\/uploads\\\/2022\\\/04\\\/b-noiz.webp\",\"articleSection\":[\"SHOWBIZ\"],\"inLanguage\":\"en-US\",\"potentialAction\":[{\"@type\":\"CommentAction\",\"name\":\"Comment\",\"target\":[\"https:\\\/\\\/blogin.al\\\/?p=2391#respond\"]}]},{\"@type\":\"WebPage\",\"@id\":\"https:\\\/\\\/blogin.al\\\/?p=2391\",\"url\":\"https:\\\/\\\/blogin.al\\\/?p=2391\",\"name\":\"Noizy pjes\u00eb e kinemas\u00eb! Reperi do t\u00eb luaj\u00eb n\u00eb serialin gjerman krah Blerim Destanit - blogin.al\",\"isPartOf\":{\"@id\":\"https:\\\/\\\/blogin.al\\\/#website\"},\"primaryImageOfPage\":{\"@id\":\"https:\\\/\\\/blogin.al\\\/?p=2391#primaryimage\"},\"image\":{\"@id\":\"https:\\\/\\\/blogin.al\\\/?p=2391#primaryimage\"},\"thumbnailUrl\":\"https:\\\/\\\/blogin.al\\\/wp-content\\\/uploads\\\/2022\\\/04\\\/b-noiz.webp\",\"datePublished\":\"2022-04-22T16:53:37+00:00\",\"dateModified\":\"2022-04-22T16:53:39+00:00\",\"breadcrumb\":{\"@id\":\"https:\\\/\\\/blogin.al\\\/?p=2391#breadcrumb\"},\"inLanguage\":\"en-US\",\"potentialAction\":[{\"@type\":\"ReadAction\",\"target\":[\"https:\\\/\\\/blogin.al\\\/?p=2391\"]}]},{\"@type\":\"ImageObject\",\"inLanguage\":\"en-US\",\"@id\":\"https:\\\/\\\/blogin.al\\\/?p=2391#primaryimage\",\"url\":\"https:\\\/\\\/blogin.al\\\/wp-content\\\/uploads\\\/2022\\\/04\\\/b-noiz.webp\",\"contentUrl\":\"https:\\\/\\\/blogin.al\\\/wp-content\\\/uploads\\\/2022\\\/04\\\/b-noiz.webp\",\"width\":620,\"height\":310},{\"@type\":\"BreadcrumbList\",\"@id\":\"https:\\\/\\\/blogin.al\\\/?p=2391#breadcrumb\",\"itemListElement\":[{\"@type\":\"ListItem\",\"position\":1,\"name\":\"Home\",\"item\":\"https:\\\/\\\/blogin.al\\\/\"},{\"@type\":\"ListItem\",\"position\":2,\"name\":\"Noizy pjes\u00eb e kinemas\u00eb! Reperi do t\u00eb luaj\u00eb n\u00eb serialin gjerman krah Blerim Destanit\"}]},{\"@type\":\"WebSite\",\"@id\":\"https:\\\/\\\/blogin.al\\\/#website\",\"url\":\"https:\\\/\\\/blogin.al\\\/\",\"name\":\"blogin.al\",\"description\":\"\",\"publisher\":{\"@id\":\"https:\\\/\\\/blogin.al\\\/#organization\"},\"potentialAction\":[{\"@type\":\"SearchAction\",\"target\":{\"@type\":\"EntryPoint\",\"urlTemplate\":\"https:\\\/\\\/blogin.al\\\/?s={search_term_string}\"},\"query-input\":{\"@type\":\"PropertyValueSpecification\",\"valueRequired\":true,\"valueName\":\"search_term_string\"}}],\"inLanguage\":\"en-US\"},{\"@type\":\"Organization\",\"@id\":\"https:\\\/\\\/blogin.al\\\/#organization\",\"name\":\"BLOGIN.al\",\"url\":\"https:\\\/\\\/blogin.al\\\/\",\"logo\":{\"@type\":\"ImageObject\",\"inLanguage\":\"en-US\",\"@id\":\"https:\\\/\\\/blogin.al\\\/#\\\/schema\\\/logo\\\/image\\\/\",\"url\":\"https:\\\/\\\/blogin.al\\\/wp-content\\\/uploads\\\/2022\\\/05\\\/Untitled-2-01-e1652084456514.png\",\"contentUrl\":\"https:\\\/\\\/blogin.al\\\/wp-content\\\/uploads\\\/2022\\\/05\\\/Untitled-2-01-e1652084456514.png\",\"width\":3723,\"height\":1698,\"caption\":\"BLOGIN.al\"},\"image\":{\"@id\":\"https:\\\/\\\/blogin.al\\\/#\\\/schema\\\/logo\\\/image\\\/\"},\"sameAs\":[\"https:\\\/\\\/instagram.com\\\/blogin.al\\\/\"]},{\"@type\":\"Person\",\"@id\":\"https:\\\/\\\/blogin.al\\\/#\\\/schema\\\/person\\\/abdd56bc912cd511db877b852b115399\",\"name\":\"Blogin al\",\"image\":{\"@type\":\"ImageObject\",\"inLanguage\":\"en-US\",\"@id\":\"https:\\\/\\\/secure.gravatar.com\\\/avatar\\\/60d5661aee6e835fb13dc75d2204cd0c1d61bef2efd137c0083e59ef831e235e?s=96&d=mm&r=g\",\"url\":\"https:\\\/\\\/secure.gravatar.com\\\/avatar\\\/60d5661aee6e835fb13dc75d2204cd0c1d61bef2efd137c0083e59ef831e235e?s=96&d=mm&r=g\",\"contentUrl\":\"https:\\\/\\\/secure.gravatar.com\\\/avatar\\\/60d5661aee6e835fb13dc75d2204cd0c1d61bef2efd137c0083e59ef831e235e?s=96&d=mm&r=g\",\"caption\":\"Blogin al\"},\"sameAs\":[\"https:\\\/\\\/blogin.al\"],\"url\":\"https:\\\/\\\/blogin.al\\\/?author=2\"}]}<\/script>\n<!-- \/ Yoast SEO plugin. -->","yoast_head_json":{"title":"Noizy pjes\u00eb e kinemas\u00eb! Reperi do t\u00eb luaj\u00eb n\u00eb serialin gjerman krah Blerim Destanit - blogin.al","robots":{"index":"index","follow":"follow","max-snippet":"max-snippet:-1","max-image-preview":"max-image-preview:large","max-video-preview":"max-video-preview:-1"},"canonical":"https:\/\/blogin.al\/?p=2391","og_locale":"en_US","og_type":"article","og_title":"Noizy pjes\u00eb e kinemas\u00eb! Reperi do t\u00eb luaj\u00eb n\u00eb serialin gjerman krah Blerim Destanit - blogin.al","og_description":"Pas rolit q\u00eb pati n\u00eb nj\u00eb film gjerman vite m\u00eb par\u00eb, Noizy tashm\u00eb do jet\u00eb pjes\u00eb e nj\u00eb seriali. Edhe k\u00ebt\u00eb her\u00eb reperi do luaj\u00eb krah aktori t\u00eb njohur shqiptar Blerim Destani e jo vet\u00ebm. Pjes\u00eb e tij do jet\u00eb edhe Xhevdet Jashari. Lajmin e ka b\u00ebr\u00eb t\u00eb ditur vet\u00eb Noizy, emri i v\u00ebrtet\u00eb i [&hellip;]","og_url":"https:\/\/blogin.al\/?p=2391","og_site_name":"blogin.al","article_published_time":"2022-04-22T16:53:37+00:00","article_modified_time":"2022-04-22T16:53:39+00:00","og_image":[{"width":620,"height":310,"url":"https:\/\/blogin.al\/wp-content\/uploads\/2022\/04\/b-noiz.webp","type":"image\/webp"}],"author":"Blogin al","twitter_card":"summary_large_image","twitter_misc":{"Written by":"Blogin al","Est. reading time":"2 minutes"},"schema":{"@context":"https:\/\/schema.org","@graph":[{"@type":"Article","@id":"https:\/\/blogin.al\/?p=2391#article","isPartOf":{"@id":"https:\/\/blogin.al\/?p=2391"},"author":{"name":"Blogin al","@id":"https:\/\/blogin.al\/#\/schema\/person\/abdd56bc912cd511db877b852b115399"},"headline":"Noizy pjes\u00eb e kinemas\u00eb! Reperi do t\u00eb luaj\u00eb n\u00eb serialin gjerman krah Blerim Destanit","datePublished":"2022-04-22T16:53:37+00:00","dateModified":"2022-04-22T16:53:39+00:00","mainEntityOfPage":{"@id":"https:\/\/blogin.al\/?p=2391"},"wordCount":267,"commentCount":0,"publisher":{"@id":"https:\/\/blogin.al\/#organization"},"image":{"@id":"https:\/\/blogin.al\/?p=2391#primaryimage"},"thumbnailUrl":"https:\/\/blogin.al\/wp-content\/uploads\/2022\/04\/b-noiz.webp","articleSection":["SHOWBIZ"],"inLanguage":"en-US","potentialAction":[{"@type":"CommentAction","name":"Comment","target":["https:\/\/blogin.al\/?p=2391#respond"]}]},{"@type":"WebPage","@id":"https:\/\/blogin.al\/?p=2391","url":"https:\/\/blogin.al\/?p=2391","name":"Noizy pjes\u00eb e kinemas\u00eb! Reperi do t\u00eb luaj\u00eb n\u00eb serialin gjerman krah Blerim Destanit - blogin.al","isPartOf":{"@id":"https:\/\/blogin.al\/#website"},"primaryImageOfPage":{"@id":"https:\/\/blogin.al\/?p=2391#primaryimage"},"image":{"@id":"https:\/\/blogin.al\/?p=2391#primaryimage"},"thumbnailUrl":"https:\/\/blogin.al\/wp-content\/uploads\/2022\/04\/b-noiz.webp","datePublished":"2022-04-22T16:53:37+00:00","dateModified":"2022-04-22T16:53:39+00:00","breadcrumb":{"@id":"https:\/\/blogin.al\/?p=2391#breadcrumb"},"inLanguage":"en-US","potentialAction":[{"@type":"ReadAction","target":["https:\/\/blogin.al\/?p=2391"]}]},{"@type":"ImageObject","inLanguage":"en-US","@id":"https:\/\/blogin.al\/?p=2391#primaryimage","url":"https:\/\/blogin.al\/wp-content\/uploads\/2022\/04\/b-noiz.webp","contentUrl":"https:\/\/blogin.al\/wp-content\/uploads\/2022\/04\/b-noiz.webp","width":620,"height":310},{"@type":"BreadcrumbList","@id":"https:\/\/blogin.al\/?p=2391#breadcrumb","itemListElement":[{"@type":"ListItem","position":1,"name":"Home","item":"https:\/\/blogin.al\/"},{"@type":"ListItem","position":2,"name":"Noizy pjes\u00eb e kinemas\u00eb! Reperi do t\u00eb luaj\u00eb n\u00eb serialin gjerman krah Blerim Destanit"}]},{"@type":"WebSite","@id":"https:\/\/blogin.al\/#website","url":"https:\/\/blogin.al\/","name":"blogin.al","description":"","publisher":{"@id":"https:\/\/blogin.al\/#organization"},"potentialAction":[{"@type":"SearchAction","target":{"@type":"EntryPoint","urlTemplate":"https:\/\/blogin.al\/?s={search_term_string}"},"query-input":{"@type":"PropertyValueSpecification","valueRequired":true,"valueName":"search_term_string"}}],"inLanguage":"en-US"},{"@type":"Organization","@id":"https:\/\/blogin.al\/#organization","name":"BLOGIN.al","url":"https:\/\/blogin.al\/","logo":{"@type":"ImageObject","inLanguage":"en-US","@id":"https:\/\/blogin.al\/#\/schema\/logo\/image\/","url":"https:\/\/blogin.al\/wp-content\/uploads\/2022\/05\/Untitled-2-01-e1652084456514.png","contentUrl":"https:\/\/blogin.al\/wp-content\/uploads\/2022\/05\/Untitled-2-01-e1652084456514.png","width":3723,"height":1698,"caption":"BLOGIN.al"},"image":{"@id":"https:\/\/blogin.al\/#\/schema\/logo\/image\/"},"sameAs":["https:\/\/instagram.com\/blogin.al\/"]},{"@type":"Person","@id":"https:\/\/blogin.al\/#\/schema\/person\/abdd56bc912cd511db877b852b115399","name":"Blogin al","image":{"@type":"ImageObject","inLanguage":"en-US","@id":"https:\/\/secure.gravatar.com\/avatar\/60d5661aee6e835fb13dc75d2204cd0c1d61bef2efd137c0083e59ef831e235e?s=96&d=mm&r=g","url":"https:\/\/secure.gravatar.com\/avatar\/60d5661aee6e835fb13dc75d2204cd0c1d61bef2efd137c0083e59ef831e235e?s=96&d=mm&r=g","contentUrl":"https:\/\/secure.gravatar.com\/avatar\/60d5661aee6e835fb13dc75d2204cd0c1d61bef2efd137c0083e59ef831e235e?s=96&d=mm&r=g","caption":"Blogin al"},"sameAs":["https:\/\/blogin.al"],"url":"https:\/\/blogin.al\/?author=2"}]}},"_links":{"self":[{"href":"https:\/\/blogin.al\/index.php?rest_route=\/wp\/v2\/posts\/2391","targetHints":{"allow":["GET"]}}],"collection":[{"href":"https:\/\/blogin.al\/index.php?rest_route=\/wp\/v2\/posts"}],"about":[{"href":"https:\/\/blogin.al\/index.php?rest_route=\/wp\/v2\/types\/post"}],"author":[{"embeddable":true,"href":"https:\/\/blogin.al\/index.php?rest_route=\/wp\/v2\/users\/2"}],"replies":[{"embeddable":true,"href":"https:\/\/blogin.al\/index.php?rest_route=%2Fwp%2Fv2%2Fcomments&post=2391"}],"version-history":[{"count":1,"href":"https:\/\/blogin.al\/index.php?rest_route=\/wp\/v2\/posts\/2391\/revisions"}],"predecessor-version":[{"id":2396,"href":"https:\/\/blogin.al\/index.php?rest_route=\/wp\/v2\/posts\/2391\/revisions\/2396"}],"wp:featuredmedia":[{"embeddable":true,"href":"https:\/\/blogin.al\/index.php?rest_route=\/wp\/v2\/media\/2395"}],"wp:attachment":[{"href":"https:\/\/blogin.al\/index.php?rest_route=%2Fwp%2Fv2%2Fmedia&parent=2391"}],"wp:term":[{"taxonomy":"category","embeddable":true,"href":"https:\/\/blogin.al\/index.php?rest_route=%2Fwp%2Fv2%2Fcategories&post=2391"},{"taxonomy":"post_tag","embeddable":true,"href":"https:\/\/blogin.al\/index.php?rest_route=%2Fwp%2Fv2%2Ftags&post=2391"}],"curies":[{"name":"wp","href":"https:\/\/api.w.org\/{rel}","templated":true}]}}