{"id":2424,"date":"2022-04-23T11:49:59","date_gmt":"2022-04-23T11:49:59","guid":{"rendered":"https:\/\/blogin.al\/?p=2424"},"modified":"2022-04-23T13:38:48","modified_gmt":"2022-04-23T13:38:48","slug":"ish-konkurrenti-i-perputhen-flet-per-puthjen-me-arilena-aren-dhe-mardhenien-qe-kane","status":"publish","type":"post","link":"https:\/\/blogin.al\/?p=2424","title":{"rendered":"Ish-konkurrenti i P\u00ebr\u2019puthen flet p\u00ebr puthjen me Arilena Ar\u00ebn dhe marrdhenien qe kane"},"content":{"rendered":"\n<figure class=\"wp-block-image size-large\"><img fetchpriority=\"high\" decoding=\"async\" width=\"814\" height=\"998\" src=\"https:\/\/blogin.al\/wp-content\/uploads\/2022\/04\/img_8538.jpg\" alt=\"\" class=\"wp-image-2423\" srcset=\"https:\/\/blogin.al\/wp-content\/uploads\/2022\/04\/img_8538.jpg 814w, https:\/\/blogin.al\/wp-content\/uploads\/2022\/04\/img_8538-245x300.jpg 245w, https:\/\/blogin.al\/wp-content\/uploads\/2022\/04\/img_8538-768x942.jpg 768w, https:\/\/blogin.al\/wp-content\/uploads\/2022\/04\/img_8538-150x184.jpg 150w, https:\/\/blogin.al\/wp-content\/uploads\/2022\/04\/img_8538-300x368.jpg 300w, https:\/\/blogin.al\/wp-content\/uploads\/2022\/04\/img_8538-696x853.jpg 696w\" sizes=\"(max-width: 814px) 100vw, 814px\" \/><\/figure>\n\n\n\n<p>Bruno ish-konkurrent n\u00eb edicionin e k\u00ebtij viti t\u00eb P\u00ebr\u2019puthen &nbsp;ka folur p\u00ebr puthjen me k\u00ebng\u00ebtaren Arilena Ara n\u00eb emisionin e Ermal Mamaqit, kur Bruno ende nuk ishte i njohur p\u00ebr publikun.<\/p>\n\n\n\n<p>Ai u pyet n\u00ebse ka pasur komunikim me k\u00ebng\u00ebtaren pas puthjes q\u00eb u b\u00eb virale. Bruno tregoi se nuk kishte ndonj\u00eb ndjesi t\u00eb ve\u00e7ant\u00eb pasi po aktronte. M\u00eb tej ai shtoi se Arilena Ara shkon n\u00eb t\u00eb njejt\u00ebn palest\u00ebr me t\u00eb, por nuk kan\u00eb asnj\u00eb komunikim.<\/p>\n\n\n\n<p>Pyetje: \u00cbsht\u00eb b\u00ebr\u00eb virale nj\u00eb pjes\u00eb kur ti ke ndar\u00eb nj\u00eb puthje n\u00eb buz\u00eb me Arilena Ar\u00ebn, ma p\u00ebrshkruaj si u ndjeve n\u00eb ato momente?<\/p>\n\n\n\n<p>Bruno: E mbaj mend. Nuk ishte ndonj\u00eb ndjesi e ve\u00e7ant\u00eb t\u00eb them t\u00eb drejt\u00ebn, jo ndonj\u00eb gj\u00eb kushedi.Thjesht po aktroje disi. Edhe pas puthjes nuk kemi folur fare. Madje un\u00eb Arilen\u00ebn e kam edhe n\u00eb palest\u00ebr, dhe nuk \u00ebsht\u00eb se flasim, nuk e mbajm\u00eb mend nj\u00ebrit-tjetrin.<\/p>\n\n\n\n<figure class=\"wp-block-image\"><a href=\"https:\/\/i0.wp.com\/vip-magazine.al\/wp-content\/uploads\/2022\/04\/8540E6E6-E13D-4392-B61C-B3E41853D03A.png?ssl=1\"><img decoding=\"async\" src=\"https:\/\/i0.wp.com\/vip-magazine.al\/wp-content\/uploads\/2022\/04\/8540E6E6-E13D-4392-B61C-B3E41853D03A.png?w=814&amp;ssl=1\" alt=\"\" class=\"wp-image-37068\"\/><\/a><\/figure>\n\n\n\n<p><\/p>\n","protected":false},"excerpt":{"rendered":"<p>Bruno ish-konkurrent n\u00eb edicionin e k\u00ebtij viti t\u00eb P\u00ebr\u2019puthen &nbsp;ka folur p\u00ebr puthjen me k\u00ebng\u00ebtaren Arilena Ara n\u00eb emisionin e Ermal Mamaqit, kur Bruno ende nuk ishte i njohur p\u00ebr publikun. Ai u pyet n\u00ebse ka pasur komunikim me k\u00ebng\u00ebtaren pas puthjes q\u00eb u b\u00eb virale. Bruno tregoi se nuk kishte ndonj\u00eb ndjesi t\u00eb ve\u00e7ant\u00eb [&hellip;]<\/p>\n","protected":false},"author":2,"featured_media":2423,"comment_status":"open","ping_status":"open","sticky":false,"template":"","format":"standard","meta":{"footnotes":""},"categories":[33],"tags":[],"class_list":{"0":"post-2424","1":"post","2":"type-post","3":"status-publish","4":"format-standard","5":"has-post-thumbnail","7":"category-showbiz"},"yoast_head":"<!-- This site is optimized with the Yoast SEO plugin v27.4 - https:\/\/yoast.com\/product\/yoast-seo-wordpress\/ -->\n<title>Ish-konkurrenti i P\u00ebr\u2019puthen flet p\u00ebr puthjen me Arilena Ar\u00ebn dhe marrdhenien qe kane - blogin.al<\/title>\n<meta name=\"robots\" content=\"index, follow, max-snippet:-1, max-image-preview:large, max-video-preview:-1\" \/>\n<link rel=\"canonical\" href=\"https:\/\/blogin.al\/?p=2424\" \/>\n<meta property=\"og:locale\" content=\"en_US\" \/>\n<meta property=\"og:type\" content=\"article\" \/>\n<meta property=\"og:title\" content=\"Ish-konkurrenti i P\u00ebr\u2019puthen flet p\u00ebr puthjen me Arilena Ar\u00ebn dhe marrdhenien qe kane - blogin.al\" \/>\n<meta property=\"og:description\" content=\"Bruno ish-konkurrent n\u00eb edicionin e k\u00ebtij viti t\u00eb P\u00ebr\u2019puthen &nbsp;ka folur p\u00ebr puthjen me k\u00ebng\u00ebtaren Arilena Ara n\u00eb emisionin e Ermal Mamaqit, kur Bruno ende nuk ishte i njohur p\u00ebr publikun. Ai u pyet n\u00ebse ka pasur komunikim me k\u00ebng\u00ebtaren pas puthjes q\u00eb u b\u00eb virale. Bruno tregoi se nuk kishte ndonj\u00eb ndjesi t\u00eb ve\u00e7ant\u00eb [&hellip;]\" \/>\n<meta property=\"og:url\" content=\"https:\/\/blogin.al\/?p=2424\" \/>\n<meta property=\"og:site_name\" content=\"blogin.al\" \/>\n<meta property=\"article:published_time\" content=\"2022-04-23T11:49:59+00:00\" \/>\n<meta property=\"article:modified_time\" content=\"2022-04-23T13:38:48+00:00\" \/>\n<meta property=\"og:image\" content=\"https:\/\/blogin.al\/wp-content\/uploads\/2022\/04\/img_8538.jpg\" \/>\n\t<meta property=\"og:image:width\" content=\"814\" \/>\n\t<meta property=\"og:image:height\" content=\"998\" \/>\n\t<meta property=\"og:image:type\" content=\"image\/jpeg\" \/>\n<meta name=\"author\" content=\"Blogin al\" \/>\n<meta name=\"twitter:card\" content=\"summary_large_image\" \/>\n<meta name=\"twitter:label1\" content=\"Written by\" \/>\n\t<meta name=\"twitter:data1\" content=\"Blogin al\" \/>\n\t<meta name=\"twitter:label2\" content=\"Est. reading time\" \/>\n\t<meta name=\"twitter:data2\" content=\"2 minutes\" \/>\n<script type=\"application\/ld+json\" class=\"yoast-schema-graph\">{\"@context\":\"https:\\\/\\\/schema.org\",\"@graph\":[{\"@type\":\"Article\",\"@id\":\"https:\\\/\\\/blogin.al\\\/?p=2424#article\",\"isPartOf\":{\"@id\":\"https:\\\/\\\/blogin.al\\\/?p=2424\"},\"author\":{\"name\":\"Blogin al\",\"@id\":\"https:\\\/\\\/blogin.al\\\/#\\\/schema\\\/person\\\/abdd56bc912cd511db877b852b115399\"},\"headline\":\"Ish-konkurrenti i P\u00ebr\u2019puthen flet p\u00ebr puthjen me Arilena Ar\u00ebn dhe marrdhenien qe kane\",\"datePublished\":\"2022-04-23T11:49:59+00:00\",\"dateModified\":\"2022-04-23T13:38:48+00:00\",\"mainEntityOfPage\":{\"@id\":\"https:\\\/\\\/blogin.al\\\/?p=2424\"},\"wordCount\":188,\"commentCount\":0,\"publisher\":{\"@id\":\"https:\\\/\\\/blogin.al\\\/#organization\"},\"image\":{\"@id\":\"https:\\\/\\\/blogin.al\\\/?p=2424#primaryimage\"},\"thumbnailUrl\":\"https:\\\/\\\/blogin.al\\\/wp-content\\\/uploads\\\/2022\\\/04\\\/img_8538.jpg\",\"articleSection\":[\"SHOWBIZ\"],\"inLanguage\":\"en-US\",\"potentialAction\":[{\"@type\":\"CommentAction\",\"name\":\"Comment\",\"target\":[\"https:\\\/\\\/blogin.al\\\/?p=2424#respond\"]}]},{\"@type\":\"WebPage\",\"@id\":\"https:\\\/\\\/blogin.al\\\/?p=2424\",\"url\":\"https:\\\/\\\/blogin.al\\\/?p=2424\",\"name\":\"Ish-konkurrenti i P\u00ebr\u2019puthen flet p\u00ebr puthjen me Arilena Ar\u00ebn dhe marrdhenien qe kane - blogin.al\",\"isPartOf\":{\"@id\":\"https:\\\/\\\/blogin.al\\\/#website\"},\"primaryImageOfPage\":{\"@id\":\"https:\\\/\\\/blogin.al\\\/?p=2424#primaryimage\"},\"image\":{\"@id\":\"https:\\\/\\\/blogin.al\\\/?p=2424#primaryimage\"},\"thumbnailUrl\":\"https:\\\/\\\/blogin.al\\\/wp-content\\\/uploads\\\/2022\\\/04\\\/img_8538.jpg\",\"datePublished\":\"2022-04-23T11:49:59+00:00\",\"dateModified\":\"2022-04-23T13:38:48+00:00\",\"breadcrumb\":{\"@id\":\"https:\\\/\\\/blogin.al\\\/?p=2424#breadcrumb\"},\"inLanguage\":\"en-US\",\"potentialAction\":[{\"@type\":\"ReadAction\",\"target\":[\"https:\\\/\\\/blogin.al\\\/?p=2424\"]}]},{\"@type\":\"ImageObject\",\"inLanguage\":\"en-US\",\"@id\":\"https:\\\/\\\/blogin.al\\\/?p=2424#primaryimage\",\"url\":\"https:\\\/\\\/blogin.al\\\/wp-content\\\/uploads\\\/2022\\\/04\\\/img_8538.jpg\",\"contentUrl\":\"https:\\\/\\\/blogin.al\\\/wp-content\\\/uploads\\\/2022\\\/04\\\/img_8538.jpg\",\"width\":814,\"height\":998},{\"@type\":\"BreadcrumbList\",\"@id\":\"https:\\\/\\\/blogin.al\\\/?p=2424#breadcrumb\",\"itemListElement\":[{\"@type\":\"ListItem\",\"position\":1,\"name\":\"Home\",\"item\":\"https:\\\/\\\/blogin.al\\\/\"},{\"@type\":\"ListItem\",\"position\":2,\"name\":\"Ish-konkurrenti i P\u00ebr\u2019puthen flet p\u00ebr puthjen me Arilena Ar\u00ebn dhe marrdhenien qe kane\"}]},{\"@type\":\"WebSite\",\"@id\":\"https:\\\/\\\/blogin.al\\\/#website\",\"url\":\"https:\\\/\\\/blogin.al\\\/\",\"name\":\"blogin.al\",\"description\":\"\",\"publisher\":{\"@id\":\"https:\\\/\\\/blogin.al\\\/#organization\"},\"potentialAction\":[{\"@type\":\"SearchAction\",\"target\":{\"@type\":\"EntryPoint\",\"urlTemplate\":\"https:\\\/\\\/blogin.al\\\/?s={search_term_string}\"},\"query-input\":{\"@type\":\"PropertyValueSpecification\",\"valueRequired\":true,\"valueName\":\"search_term_string\"}}],\"inLanguage\":\"en-US\"},{\"@type\":\"Organization\",\"@id\":\"https:\\\/\\\/blogin.al\\\/#organization\",\"name\":\"BLOGIN.al\",\"url\":\"https:\\\/\\\/blogin.al\\\/\",\"logo\":{\"@type\":\"ImageObject\",\"inLanguage\":\"en-US\",\"@id\":\"https:\\\/\\\/blogin.al\\\/#\\\/schema\\\/logo\\\/image\\\/\",\"url\":\"https:\\\/\\\/blogin.al\\\/wp-content\\\/uploads\\\/2022\\\/05\\\/Untitled-2-01-e1652084456514.png\",\"contentUrl\":\"https:\\\/\\\/blogin.al\\\/wp-content\\\/uploads\\\/2022\\\/05\\\/Untitled-2-01-e1652084456514.png\",\"width\":3723,\"height\":1698,\"caption\":\"BLOGIN.al\"},\"image\":{\"@id\":\"https:\\\/\\\/blogin.al\\\/#\\\/schema\\\/logo\\\/image\\\/\"},\"sameAs\":[\"https:\\\/\\\/instagram.com\\\/blogin.al\\\/\"]},{\"@type\":\"Person\",\"@id\":\"https:\\\/\\\/blogin.al\\\/#\\\/schema\\\/person\\\/abdd56bc912cd511db877b852b115399\",\"name\":\"Blogin al\",\"image\":{\"@type\":\"ImageObject\",\"inLanguage\":\"en-US\",\"@id\":\"https:\\\/\\\/secure.gravatar.com\\\/avatar\\\/60d5661aee6e835fb13dc75d2204cd0c1d61bef2efd137c0083e59ef831e235e?s=96&d=mm&r=g\",\"url\":\"https:\\\/\\\/secure.gravatar.com\\\/avatar\\\/60d5661aee6e835fb13dc75d2204cd0c1d61bef2efd137c0083e59ef831e235e?s=96&d=mm&r=g\",\"contentUrl\":\"https:\\\/\\\/secure.gravatar.com\\\/avatar\\\/60d5661aee6e835fb13dc75d2204cd0c1d61bef2efd137c0083e59ef831e235e?s=96&d=mm&r=g\",\"caption\":\"Blogin al\"},\"sameAs\":[\"https:\\\/\\\/blogin.al\"],\"url\":\"https:\\\/\\\/blogin.al\\\/?author=2\"}]}<\/script>\n<!-- \/ Yoast SEO plugin. -->","yoast_head_json":{"title":"Ish-konkurrenti i P\u00ebr\u2019puthen flet p\u00ebr puthjen me Arilena Ar\u00ebn dhe marrdhenien qe kane - blogin.al","robots":{"index":"index","follow":"follow","max-snippet":"max-snippet:-1","max-image-preview":"max-image-preview:large","max-video-preview":"max-video-preview:-1"},"canonical":"https:\/\/blogin.al\/?p=2424","og_locale":"en_US","og_type":"article","og_title":"Ish-konkurrenti i P\u00ebr\u2019puthen flet p\u00ebr puthjen me Arilena Ar\u00ebn dhe marrdhenien qe kane - blogin.al","og_description":"Bruno ish-konkurrent n\u00eb edicionin e k\u00ebtij viti t\u00eb P\u00ebr\u2019puthen &nbsp;ka folur p\u00ebr puthjen me k\u00ebng\u00ebtaren Arilena Ara n\u00eb emisionin e Ermal Mamaqit, kur Bruno ende nuk ishte i njohur p\u00ebr publikun. Ai u pyet n\u00ebse ka pasur komunikim me k\u00ebng\u00ebtaren pas puthjes q\u00eb u b\u00eb virale. Bruno tregoi se nuk kishte ndonj\u00eb ndjesi t\u00eb ve\u00e7ant\u00eb [&hellip;]","og_url":"https:\/\/blogin.al\/?p=2424","og_site_name":"blogin.al","article_published_time":"2022-04-23T11:49:59+00:00","article_modified_time":"2022-04-23T13:38:48+00:00","og_image":[{"width":814,"height":998,"url":"https:\/\/blogin.al\/wp-content\/uploads\/2022\/04\/img_8538.jpg","type":"image\/jpeg"}],"author":"Blogin al","twitter_card":"summary_large_image","twitter_misc":{"Written by":"Blogin al","Est. reading time":"2 minutes"},"schema":{"@context":"https:\/\/schema.org","@graph":[{"@type":"Article","@id":"https:\/\/blogin.al\/?p=2424#article","isPartOf":{"@id":"https:\/\/blogin.al\/?p=2424"},"author":{"name":"Blogin al","@id":"https:\/\/blogin.al\/#\/schema\/person\/abdd56bc912cd511db877b852b115399"},"headline":"Ish-konkurrenti i P\u00ebr\u2019puthen flet p\u00ebr puthjen me Arilena Ar\u00ebn dhe marrdhenien qe kane","datePublished":"2022-04-23T11:49:59+00:00","dateModified":"2022-04-23T13:38:48+00:00","mainEntityOfPage":{"@id":"https:\/\/blogin.al\/?p=2424"},"wordCount":188,"commentCount":0,"publisher":{"@id":"https:\/\/blogin.al\/#organization"},"image":{"@id":"https:\/\/blogin.al\/?p=2424#primaryimage"},"thumbnailUrl":"https:\/\/blogin.al\/wp-content\/uploads\/2022\/04\/img_8538.jpg","articleSection":["SHOWBIZ"],"inLanguage":"en-US","potentialAction":[{"@type":"CommentAction","name":"Comment","target":["https:\/\/blogin.al\/?p=2424#respond"]}]},{"@type":"WebPage","@id":"https:\/\/blogin.al\/?p=2424","url":"https:\/\/blogin.al\/?p=2424","name":"Ish-konkurrenti i P\u00ebr\u2019puthen flet p\u00ebr puthjen me Arilena Ar\u00ebn dhe marrdhenien qe kane - blogin.al","isPartOf":{"@id":"https:\/\/blogin.al\/#website"},"primaryImageOfPage":{"@id":"https:\/\/blogin.al\/?p=2424#primaryimage"},"image":{"@id":"https:\/\/blogin.al\/?p=2424#primaryimage"},"thumbnailUrl":"https:\/\/blogin.al\/wp-content\/uploads\/2022\/04\/img_8538.jpg","datePublished":"2022-04-23T11:49:59+00:00","dateModified":"2022-04-23T13:38:48+00:00","breadcrumb":{"@id":"https:\/\/blogin.al\/?p=2424#breadcrumb"},"inLanguage":"en-US","potentialAction":[{"@type":"ReadAction","target":["https:\/\/blogin.al\/?p=2424"]}]},{"@type":"ImageObject","inLanguage":"en-US","@id":"https:\/\/blogin.al\/?p=2424#primaryimage","url":"https:\/\/blogin.al\/wp-content\/uploads\/2022\/04\/img_8538.jpg","contentUrl":"https:\/\/blogin.al\/wp-content\/uploads\/2022\/04\/img_8538.jpg","width":814,"height":998},{"@type":"BreadcrumbList","@id":"https:\/\/blogin.al\/?p=2424#breadcrumb","itemListElement":[{"@type":"ListItem","position":1,"name":"Home","item":"https:\/\/blogin.al\/"},{"@type":"ListItem","position":2,"name":"Ish-konkurrenti i P\u00ebr\u2019puthen flet p\u00ebr puthjen me Arilena Ar\u00ebn dhe marrdhenien qe kane"}]},{"@type":"WebSite","@id":"https:\/\/blogin.al\/#website","url":"https:\/\/blogin.al\/","name":"blogin.al","description":"","publisher":{"@id":"https:\/\/blogin.al\/#organization"},"potentialAction":[{"@type":"SearchAction","target":{"@type":"EntryPoint","urlTemplate":"https:\/\/blogin.al\/?s={search_term_string}"},"query-input":{"@type":"PropertyValueSpecification","valueRequired":true,"valueName":"search_term_string"}}],"inLanguage":"en-US"},{"@type":"Organization","@id":"https:\/\/blogin.al\/#organization","name":"BLOGIN.al","url":"https:\/\/blogin.al\/","logo":{"@type":"ImageObject","inLanguage":"en-US","@id":"https:\/\/blogin.al\/#\/schema\/logo\/image\/","url":"https:\/\/blogin.al\/wp-content\/uploads\/2022\/05\/Untitled-2-01-e1652084456514.png","contentUrl":"https:\/\/blogin.al\/wp-content\/uploads\/2022\/05\/Untitled-2-01-e1652084456514.png","width":3723,"height":1698,"caption":"BLOGIN.al"},"image":{"@id":"https:\/\/blogin.al\/#\/schema\/logo\/image\/"},"sameAs":["https:\/\/instagram.com\/blogin.al\/"]},{"@type":"Person","@id":"https:\/\/blogin.al\/#\/schema\/person\/abdd56bc912cd511db877b852b115399","name":"Blogin al","image":{"@type":"ImageObject","inLanguage":"en-US","@id":"https:\/\/secure.gravatar.com\/avatar\/60d5661aee6e835fb13dc75d2204cd0c1d61bef2efd137c0083e59ef831e235e?s=96&d=mm&r=g","url":"https:\/\/secure.gravatar.com\/avatar\/60d5661aee6e835fb13dc75d2204cd0c1d61bef2efd137c0083e59ef831e235e?s=96&d=mm&r=g","contentUrl":"https:\/\/secure.gravatar.com\/avatar\/60d5661aee6e835fb13dc75d2204cd0c1d61bef2efd137c0083e59ef831e235e?s=96&d=mm&r=g","caption":"Blogin al"},"sameAs":["https:\/\/blogin.al"],"url":"https:\/\/blogin.al\/?author=2"}]}},"_links":{"self":[{"href":"https:\/\/blogin.al\/index.php?rest_route=\/wp\/v2\/posts\/2424","targetHints":{"allow":["GET"]}}],"collection":[{"href":"https:\/\/blogin.al\/index.php?rest_route=\/wp\/v2\/posts"}],"about":[{"href":"https:\/\/blogin.al\/index.php?rest_route=\/wp\/v2\/types\/post"}],"author":[{"embeddable":true,"href":"https:\/\/blogin.al\/index.php?rest_route=\/wp\/v2\/users\/2"}],"replies":[{"embeddable":true,"href":"https:\/\/blogin.al\/index.php?rest_route=%2Fwp%2Fv2%2Fcomments&post=2424"}],"version-history":[{"count":2,"href":"https:\/\/blogin.al\/index.php?rest_route=\/wp\/v2\/posts\/2424\/revisions"}],"predecessor-version":[{"id":2434,"href":"https:\/\/blogin.al\/index.php?rest_route=\/wp\/v2\/posts\/2424\/revisions\/2434"}],"wp:featuredmedia":[{"embeddable":true,"href":"https:\/\/blogin.al\/index.php?rest_route=\/wp\/v2\/media\/2423"}],"wp:attachment":[{"href":"https:\/\/blogin.al\/index.php?rest_route=%2Fwp%2Fv2%2Fmedia&parent=2424"}],"wp:term":[{"taxonomy":"category","embeddable":true,"href":"https:\/\/blogin.al\/index.php?rest_route=%2Fwp%2Fv2%2Fcategories&post=2424"},{"taxonomy":"post_tag","embeddable":true,"href":"https:\/\/blogin.al\/index.php?rest_route=%2Fwp%2Fv2%2Ftags&post=2424"}],"curies":[{"name":"wp","href":"https:\/\/api.w.org\/{rel}","templated":true}]}}