{"id":2490,"date":"2022-04-24T13:57:19","date_gmt":"2022-04-24T13:57:19","guid":{"rendered":"https:\/\/blogin.al\/?p=2490"},"modified":"2022-04-24T13:57:21","modified_gmt":"2022-04-24T13:57:21","slug":"ne-27-vjetorin-e-ditelindjes-gigi-hadid-rrembeu-vemendjen-e-te-gjitheve-me-look-un-e-saj","status":"publish","type":"post","link":"https:\/\/blogin.al\/?p=2490","title":{"rendered":"N\u00eb 27-vjetorin e dit\u00eblindjes, Gigi Hadid rr\u00ebmbeu v\u00ebmendjen e t\u00eb gjith\u00ebve me look-un e saj"},"content":{"rendered":"\n<p><strong>Modelja e njohur, Gigi Hadid, ka festuar dit\u00eblindjen e saj 27-t\u00eb n\u00eb Zero Bond n\u00eb New York City t\u00eb shtun\u00ebn.<\/strong><\/p>\n\n\n\n<p>Supermodelja dukej mahnit\u00ebse e veshur me nj\u00eb kostum t\u00eb bardh\u00eb i gjithi me dantella q\u00eb p\u00ebrfshinte nj\u00eb bust, pantallonat transparente dhe me nj\u00eb xhaket\u00eb t\u00eb gjat\u00eb. Gjithashtu i kishte kombintuar me nj\u00eb pal\u00eb taka t\u00eb bardha me maj\u00eb.<\/p>\n\n\n\n<figure class=\"wp-block-image size-large is-resized is-style-default\"><img fetchpriority=\"high\" decoding=\"async\" src=\"https:\/\/blogin.al\/wp-content\/uploads\/2022\/04\/h-713x1024.jpg\" alt=\"\" class=\"wp-image-2492\" width=\"574\" height=\"820\" srcset=\"https:\/\/blogin.al\/wp-content\/uploads\/2022\/04\/h-209x300.jpg 209w, https:\/\/blogin.al\/wp-content\/uploads\/2022\/04\/h-150x215.jpg 150w\" sizes=\"(max-width: 574px) 100vw, 574px\" \/><\/figure>\n\n\n\n<figure class=\"wp-block-image size-large is-resized is-style-default\"><img decoding=\"async\" src=\"https:\/\/blogin.al\/wp-content\/uploads\/2022\/04\/gigi-hadid-celebrates-27th-birthday-star-studded-party-15-685x1024.jpg\" alt=\"\" class=\"wp-image-2495\" width=\"583\" height=\"869\" srcset=\"https:\/\/blogin.al\/wp-content\/uploads\/2022\/04\/gigi-hadid-celebrates-27th-birthday-star-studded-party-15-201x300.jpg 201w, https:\/\/blogin.al\/wp-content\/uploads\/2022\/04\/gigi-hadid-celebrates-27th-birthday-star-studded-party-15-150x224.jpg 150w\" sizes=\"(max-width: 583px) 100vw, 583px\" \/><\/figure>\n\n\n\n<p>Gigi ishte e shoq\u00ebruar nga familja e saj, duke p\u00ebrfshir\u00eb motr\u00ebn Bella dhe v\u00ebllain Anwar, si dhe disa miqsh t\u00eb saj t\u00eb famsh\u00ebm si Emily Ratajkowski , Blake Lively , Martha Hunt dhe Helena Christensen.<\/p>\n\n\n\n<figure class=\"wp-block-image size-large is-resized is-style-default\"><img decoding=\"async\" src=\"https:\/\/blogin.al\/wp-content\/uploads\/2022\/04\/bella-685x1024.jpg\" alt=\"\" class=\"wp-image-2493\" width=\"438\" height=\"650\"\/><figcaption>Bella Hadid<\/figcaption><\/figure>\n\n\n\n<figure class=\"wp-block-image size-large is-resized is-style-default\"><img loading=\"lazy\" decoding=\"async\" src=\"https:\/\/blogin.al\/wp-content\/uploads\/2022\/04\/emily-685x1024.jpg\" alt=\"\" class=\"wp-image-2494\" width=\"415\" height=\"612\"\/><figcaption>Emily Ratajkowski<\/figcaption><\/figure>\n\n\n\n<p>Gigi, e aksesoi veshjen e saj t\u00eb dit\u00eblindjes disa me perla t\u00eb bardha, nj\u00eb zinxhir t\u00eb holl\u00eb rreth belit dhe nj\u00eb pal\u00eb vath\u00eb ari. Flok\u00ebt modelja i kishte t\u00eb stiluara n\u00eb nj\u00eb bisht t\u00eb gjat\u00eb bjonde ka\u00e7urrel\u00eb q\u00eb i binte but\u00ebsisht n\u00eb shpin\u00eb.<\/p>\n\n\n\n<p>Sa i p\u00ebrket glamit, vajza e dit\u00eblindjes dukej perfekte me nj\u00eb penel t\u00eb zi dhe buz\u00ebkuq n\u00eb ngjyr\u00eb nude.<\/p>\n\n\n\n<p>N\u00eb fest\u00ebn e Hadid nuk ishte i pranish\u00ebm ish i dashuri i saj dhe n\u00eb t\u00eb nj\u00ebjt\u00ebn koh\u00eb babai i vajz\u00ebs s\u00eb tyre, Khai, k\u00ebng\u00ebtari Zayn Malik.<\/p>\n","protected":false},"excerpt":{"rendered":"<p>Modelja e njohur, Gigi Hadid, ka festuar dit\u00eblindjen e saj 27-t\u00eb n\u00eb Zero Bond n\u00eb New York City t\u00eb shtun\u00ebn. Supermodelja dukej mahnit\u00ebse e veshur me nj\u00eb kostum t\u00eb bardh\u00eb i gjithi me dantella q\u00eb p\u00ebrfshinte nj\u00eb bust, pantallonat transparente dhe me nj\u00eb xhaket\u00eb t\u00eb gjat\u00eb. Gjithashtu i kishte kombintuar me nj\u00eb pal\u00eb taka t\u00eb [&hellip;]<\/p>\n","protected":false},"author":2,"featured_media":2491,"comment_status":"open","ping_status":"open","sticky":false,"template":"","format":"standard","meta":{"footnotes":""},"categories":[33],"tags":[],"class_list":{"0":"post-2490","1":"post","2":"type-post","3":"status-publish","4":"format-standard","5":"has-post-thumbnail","7":"category-showbiz"},"yoast_head":"<!-- This site is optimized with the Yoast SEO plugin v27.4 - https:\/\/yoast.com\/product\/yoast-seo-wordpress\/ -->\n<title>N\u00eb 27-vjetorin e dit\u00eblindjes, Gigi Hadid rr\u00ebmbeu v\u00ebmendjen e t\u00eb gjith\u00ebve me look-un e saj - blogin.al<\/title>\n<meta name=\"robots\" content=\"index, follow, max-snippet:-1, max-image-preview:large, max-video-preview:-1\" \/>\n<link rel=\"canonical\" href=\"https:\/\/blogin.al\/?p=2490\" \/>\n<meta property=\"og:locale\" content=\"en_US\" \/>\n<meta property=\"og:type\" content=\"article\" \/>\n<meta property=\"og:title\" content=\"N\u00eb 27-vjetorin e dit\u00eblindjes, Gigi Hadid rr\u00ebmbeu v\u00ebmendjen e t\u00eb gjith\u00ebve me look-un e saj - blogin.al\" \/>\n<meta property=\"og:description\" content=\"Modelja e njohur, Gigi Hadid, ka festuar dit\u00eblindjen e saj 27-t\u00eb n\u00eb Zero Bond n\u00eb New York City t\u00eb shtun\u00ebn. Supermodelja dukej mahnit\u00ebse e veshur me nj\u00eb kostum t\u00eb bardh\u00eb i gjithi me dantella q\u00eb p\u00ebrfshinte nj\u00eb bust, pantallonat transparente dhe me nj\u00eb xhaket\u00eb t\u00eb gjat\u00eb. Gjithashtu i kishte kombintuar me nj\u00eb pal\u00eb taka t\u00eb [&hellip;]\" \/>\n<meta property=\"og:url\" content=\"https:\/\/blogin.al\/?p=2490\" \/>\n<meta property=\"og:site_name\" content=\"blogin.al\" \/>\n<meta property=\"article:published_time\" content=\"2022-04-24T13:57:19+00:00\" \/>\n<meta property=\"article:modified_time\" content=\"2022-04-24T13:57:21+00:00\" \/>\n<meta property=\"og:image\" content=\"https:\/\/blogin.al\/wp-content\/uploads\/2022\/04\/gigi_hadid_12.jpg\" \/>\n\t<meta property=\"og:image:width\" content=\"1200\" \/>\n\t<meta property=\"og:image:height\" content=\"900\" \/>\n\t<meta property=\"og:image:type\" content=\"image\/jpeg\" \/>\n<meta name=\"author\" content=\"Blogin al\" \/>\n<meta name=\"twitter:card\" content=\"summary_large_image\" \/>\n<meta name=\"twitter:label1\" content=\"Written by\" \/>\n\t<meta name=\"twitter:data1\" content=\"Blogin al\" \/>\n\t<meta name=\"twitter:label2\" content=\"Est. reading time\" \/>\n\t<meta name=\"twitter:data2\" content=\"2 minutes\" \/>\n<script type=\"application\/ld+json\" class=\"yoast-schema-graph\">{\"@context\":\"https:\\\/\\\/schema.org\",\"@graph\":[{\"@type\":\"Article\",\"@id\":\"https:\\\/\\\/blogin.al\\\/?p=2490#article\",\"isPartOf\":{\"@id\":\"https:\\\/\\\/blogin.al\\\/?p=2490\"},\"author\":{\"name\":\"Blogin al\",\"@id\":\"https:\\\/\\\/blogin.al\\\/#\\\/schema\\\/person\\\/abdd56bc912cd511db877b852b115399\"},\"headline\":\"N\u00eb 27-vjetorin e dit\u00eblindjes, Gigi Hadid rr\u00ebmbeu v\u00ebmendjen e t\u00eb gjith\u00ebve me look-un e saj\",\"datePublished\":\"2022-04-24T13:57:19+00:00\",\"dateModified\":\"2022-04-24T13:57:21+00:00\",\"mainEntityOfPage\":{\"@id\":\"https:\\\/\\\/blogin.al\\\/?p=2490\"},\"wordCount\":226,\"commentCount\":0,\"publisher\":{\"@id\":\"https:\\\/\\\/blogin.al\\\/#organization\"},\"image\":{\"@id\":\"https:\\\/\\\/blogin.al\\\/?p=2490#primaryimage\"},\"thumbnailUrl\":\"https:\\\/\\\/blogin.al\\\/wp-content\\\/uploads\\\/2022\\\/04\\\/gigi_hadid_12.jpg\",\"articleSection\":[\"SHOWBIZ\"],\"inLanguage\":\"en-US\",\"potentialAction\":[{\"@type\":\"CommentAction\",\"name\":\"Comment\",\"target\":[\"https:\\\/\\\/blogin.al\\\/?p=2490#respond\"]}]},{\"@type\":\"WebPage\",\"@id\":\"https:\\\/\\\/blogin.al\\\/?p=2490\",\"url\":\"https:\\\/\\\/blogin.al\\\/?p=2490\",\"name\":\"N\u00eb 27-vjetorin e dit\u00eblindjes, Gigi Hadid rr\u00ebmbeu v\u00ebmendjen e t\u00eb gjith\u00ebve me look-un e saj - blogin.al\",\"isPartOf\":{\"@id\":\"https:\\\/\\\/blogin.al\\\/#website\"},\"primaryImageOfPage\":{\"@id\":\"https:\\\/\\\/blogin.al\\\/?p=2490#primaryimage\"},\"image\":{\"@id\":\"https:\\\/\\\/blogin.al\\\/?p=2490#primaryimage\"},\"thumbnailUrl\":\"https:\\\/\\\/blogin.al\\\/wp-content\\\/uploads\\\/2022\\\/04\\\/gigi_hadid_12.jpg\",\"datePublished\":\"2022-04-24T13:57:19+00:00\",\"dateModified\":\"2022-04-24T13:57:21+00:00\",\"breadcrumb\":{\"@id\":\"https:\\\/\\\/blogin.al\\\/?p=2490#breadcrumb\"},\"inLanguage\":\"en-US\",\"potentialAction\":[{\"@type\":\"ReadAction\",\"target\":[\"https:\\\/\\\/blogin.al\\\/?p=2490\"]}]},{\"@type\":\"ImageObject\",\"inLanguage\":\"en-US\",\"@id\":\"https:\\\/\\\/blogin.al\\\/?p=2490#primaryimage\",\"url\":\"https:\\\/\\\/blogin.al\\\/wp-content\\\/uploads\\\/2022\\\/04\\\/gigi_hadid_12.jpg\",\"contentUrl\":\"https:\\\/\\\/blogin.al\\\/wp-content\\\/uploads\\\/2022\\\/04\\\/gigi_hadid_12.jpg\",\"width\":1200,\"height\":900},{\"@type\":\"BreadcrumbList\",\"@id\":\"https:\\\/\\\/blogin.al\\\/?p=2490#breadcrumb\",\"itemListElement\":[{\"@type\":\"ListItem\",\"position\":1,\"name\":\"Home\",\"item\":\"https:\\\/\\\/blogin.al\\\/\"},{\"@type\":\"ListItem\",\"position\":2,\"name\":\"N\u00eb 27-vjetorin e dit\u00eblindjes, Gigi Hadid rr\u00ebmbeu v\u00ebmendjen e t\u00eb gjith\u00ebve me look-un e saj\"}]},{\"@type\":\"WebSite\",\"@id\":\"https:\\\/\\\/blogin.al\\\/#website\",\"url\":\"https:\\\/\\\/blogin.al\\\/\",\"name\":\"blogin.al\",\"description\":\"\",\"publisher\":{\"@id\":\"https:\\\/\\\/blogin.al\\\/#organization\"},\"potentialAction\":[{\"@type\":\"SearchAction\",\"target\":{\"@type\":\"EntryPoint\",\"urlTemplate\":\"https:\\\/\\\/blogin.al\\\/?s={search_term_string}\"},\"query-input\":{\"@type\":\"PropertyValueSpecification\",\"valueRequired\":true,\"valueName\":\"search_term_string\"}}],\"inLanguage\":\"en-US\"},{\"@type\":\"Organization\",\"@id\":\"https:\\\/\\\/blogin.al\\\/#organization\",\"name\":\"BLOGIN.al\",\"url\":\"https:\\\/\\\/blogin.al\\\/\",\"logo\":{\"@type\":\"ImageObject\",\"inLanguage\":\"en-US\",\"@id\":\"https:\\\/\\\/blogin.al\\\/#\\\/schema\\\/logo\\\/image\\\/\",\"url\":\"https:\\\/\\\/blogin.al\\\/wp-content\\\/uploads\\\/2022\\\/05\\\/Untitled-2-01-e1652084456514.png\",\"contentUrl\":\"https:\\\/\\\/blogin.al\\\/wp-content\\\/uploads\\\/2022\\\/05\\\/Untitled-2-01-e1652084456514.png\",\"width\":3723,\"height\":1698,\"caption\":\"BLOGIN.al\"},\"image\":{\"@id\":\"https:\\\/\\\/blogin.al\\\/#\\\/schema\\\/logo\\\/image\\\/\"},\"sameAs\":[\"https:\\\/\\\/instagram.com\\\/blogin.al\\\/\"]},{\"@type\":\"Person\",\"@id\":\"https:\\\/\\\/blogin.al\\\/#\\\/schema\\\/person\\\/abdd56bc912cd511db877b852b115399\",\"name\":\"Blogin al\",\"image\":{\"@type\":\"ImageObject\",\"inLanguage\":\"en-US\",\"@id\":\"https:\\\/\\\/secure.gravatar.com\\\/avatar\\\/60d5661aee6e835fb13dc75d2204cd0c1d61bef2efd137c0083e59ef831e235e?s=96&d=mm&r=g\",\"url\":\"https:\\\/\\\/secure.gravatar.com\\\/avatar\\\/60d5661aee6e835fb13dc75d2204cd0c1d61bef2efd137c0083e59ef831e235e?s=96&d=mm&r=g\",\"contentUrl\":\"https:\\\/\\\/secure.gravatar.com\\\/avatar\\\/60d5661aee6e835fb13dc75d2204cd0c1d61bef2efd137c0083e59ef831e235e?s=96&d=mm&r=g\",\"caption\":\"Blogin al\"},\"sameAs\":[\"https:\\\/\\\/blogin.al\"],\"url\":\"https:\\\/\\\/blogin.al\\\/?author=2\"}]}<\/script>\n<!-- \/ Yoast SEO plugin. -->","yoast_head_json":{"title":"N\u00eb 27-vjetorin e dit\u00eblindjes, Gigi Hadid rr\u00ebmbeu v\u00ebmendjen e t\u00eb gjith\u00ebve me look-un e saj - blogin.al","robots":{"index":"index","follow":"follow","max-snippet":"max-snippet:-1","max-image-preview":"max-image-preview:large","max-video-preview":"max-video-preview:-1"},"canonical":"https:\/\/blogin.al\/?p=2490","og_locale":"en_US","og_type":"article","og_title":"N\u00eb 27-vjetorin e dit\u00eblindjes, Gigi Hadid rr\u00ebmbeu v\u00ebmendjen e t\u00eb gjith\u00ebve me look-un e saj - blogin.al","og_description":"Modelja e njohur, Gigi Hadid, ka festuar dit\u00eblindjen e saj 27-t\u00eb n\u00eb Zero Bond n\u00eb New York City t\u00eb shtun\u00ebn. Supermodelja dukej mahnit\u00ebse e veshur me nj\u00eb kostum t\u00eb bardh\u00eb i gjithi me dantella q\u00eb p\u00ebrfshinte nj\u00eb bust, pantallonat transparente dhe me nj\u00eb xhaket\u00eb t\u00eb gjat\u00eb. Gjithashtu i kishte kombintuar me nj\u00eb pal\u00eb taka t\u00eb [&hellip;]","og_url":"https:\/\/blogin.al\/?p=2490","og_site_name":"blogin.al","article_published_time":"2022-04-24T13:57:19+00:00","article_modified_time":"2022-04-24T13:57:21+00:00","og_image":[{"width":1200,"height":900,"url":"https:\/\/blogin.al\/wp-content\/uploads\/2022\/04\/gigi_hadid_12.jpg","type":"image\/jpeg"}],"author":"Blogin al","twitter_card":"summary_large_image","twitter_misc":{"Written by":"Blogin al","Est. reading time":"2 minutes"},"schema":{"@context":"https:\/\/schema.org","@graph":[{"@type":"Article","@id":"https:\/\/blogin.al\/?p=2490#article","isPartOf":{"@id":"https:\/\/blogin.al\/?p=2490"},"author":{"name":"Blogin al","@id":"https:\/\/blogin.al\/#\/schema\/person\/abdd56bc912cd511db877b852b115399"},"headline":"N\u00eb 27-vjetorin e dit\u00eblindjes, Gigi Hadid rr\u00ebmbeu v\u00ebmendjen e t\u00eb gjith\u00ebve me look-un e saj","datePublished":"2022-04-24T13:57:19+00:00","dateModified":"2022-04-24T13:57:21+00:00","mainEntityOfPage":{"@id":"https:\/\/blogin.al\/?p=2490"},"wordCount":226,"commentCount":0,"publisher":{"@id":"https:\/\/blogin.al\/#organization"},"image":{"@id":"https:\/\/blogin.al\/?p=2490#primaryimage"},"thumbnailUrl":"https:\/\/blogin.al\/wp-content\/uploads\/2022\/04\/gigi_hadid_12.jpg","articleSection":["SHOWBIZ"],"inLanguage":"en-US","potentialAction":[{"@type":"CommentAction","name":"Comment","target":["https:\/\/blogin.al\/?p=2490#respond"]}]},{"@type":"WebPage","@id":"https:\/\/blogin.al\/?p=2490","url":"https:\/\/blogin.al\/?p=2490","name":"N\u00eb 27-vjetorin e dit\u00eblindjes, Gigi Hadid rr\u00ebmbeu v\u00ebmendjen e t\u00eb gjith\u00ebve me look-un e saj - blogin.al","isPartOf":{"@id":"https:\/\/blogin.al\/#website"},"primaryImageOfPage":{"@id":"https:\/\/blogin.al\/?p=2490#primaryimage"},"image":{"@id":"https:\/\/blogin.al\/?p=2490#primaryimage"},"thumbnailUrl":"https:\/\/blogin.al\/wp-content\/uploads\/2022\/04\/gigi_hadid_12.jpg","datePublished":"2022-04-24T13:57:19+00:00","dateModified":"2022-04-24T13:57:21+00:00","breadcrumb":{"@id":"https:\/\/blogin.al\/?p=2490#breadcrumb"},"inLanguage":"en-US","potentialAction":[{"@type":"ReadAction","target":["https:\/\/blogin.al\/?p=2490"]}]},{"@type":"ImageObject","inLanguage":"en-US","@id":"https:\/\/blogin.al\/?p=2490#primaryimage","url":"https:\/\/blogin.al\/wp-content\/uploads\/2022\/04\/gigi_hadid_12.jpg","contentUrl":"https:\/\/blogin.al\/wp-content\/uploads\/2022\/04\/gigi_hadid_12.jpg","width":1200,"height":900},{"@type":"BreadcrumbList","@id":"https:\/\/blogin.al\/?p=2490#breadcrumb","itemListElement":[{"@type":"ListItem","position":1,"name":"Home","item":"https:\/\/blogin.al\/"},{"@type":"ListItem","position":2,"name":"N\u00eb 27-vjetorin e dit\u00eblindjes, Gigi Hadid rr\u00ebmbeu v\u00ebmendjen e t\u00eb gjith\u00ebve me look-un e saj"}]},{"@type":"WebSite","@id":"https:\/\/blogin.al\/#website","url":"https:\/\/blogin.al\/","name":"blogin.al","description":"","publisher":{"@id":"https:\/\/blogin.al\/#organization"},"potentialAction":[{"@type":"SearchAction","target":{"@type":"EntryPoint","urlTemplate":"https:\/\/blogin.al\/?s={search_term_string}"},"query-input":{"@type":"PropertyValueSpecification","valueRequired":true,"valueName":"search_term_string"}}],"inLanguage":"en-US"},{"@type":"Organization","@id":"https:\/\/blogin.al\/#organization","name":"BLOGIN.al","url":"https:\/\/blogin.al\/","logo":{"@type":"ImageObject","inLanguage":"en-US","@id":"https:\/\/blogin.al\/#\/schema\/logo\/image\/","url":"https:\/\/blogin.al\/wp-content\/uploads\/2022\/05\/Untitled-2-01-e1652084456514.png","contentUrl":"https:\/\/blogin.al\/wp-content\/uploads\/2022\/05\/Untitled-2-01-e1652084456514.png","width":3723,"height":1698,"caption":"BLOGIN.al"},"image":{"@id":"https:\/\/blogin.al\/#\/schema\/logo\/image\/"},"sameAs":["https:\/\/instagram.com\/blogin.al\/"]},{"@type":"Person","@id":"https:\/\/blogin.al\/#\/schema\/person\/abdd56bc912cd511db877b852b115399","name":"Blogin al","image":{"@type":"ImageObject","inLanguage":"en-US","@id":"https:\/\/secure.gravatar.com\/avatar\/60d5661aee6e835fb13dc75d2204cd0c1d61bef2efd137c0083e59ef831e235e?s=96&d=mm&r=g","url":"https:\/\/secure.gravatar.com\/avatar\/60d5661aee6e835fb13dc75d2204cd0c1d61bef2efd137c0083e59ef831e235e?s=96&d=mm&r=g","contentUrl":"https:\/\/secure.gravatar.com\/avatar\/60d5661aee6e835fb13dc75d2204cd0c1d61bef2efd137c0083e59ef831e235e?s=96&d=mm&r=g","caption":"Blogin al"},"sameAs":["https:\/\/blogin.al"],"url":"https:\/\/blogin.al\/?author=2"}]}},"_links":{"self":[{"href":"https:\/\/blogin.al\/index.php?rest_route=\/wp\/v2\/posts\/2490","targetHints":{"allow":["GET"]}}],"collection":[{"href":"https:\/\/blogin.al\/index.php?rest_route=\/wp\/v2\/posts"}],"about":[{"href":"https:\/\/blogin.al\/index.php?rest_route=\/wp\/v2\/types\/post"}],"author":[{"embeddable":true,"href":"https:\/\/blogin.al\/index.php?rest_route=\/wp\/v2\/users\/2"}],"replies":[{"embeddable":true,"href":"https:\/\/blogin.al\/index.php?rest_route=%2Fwp%2Fv2%2Fcomments&post=2490"}],"version-history":[{"count":1,"href":"https:\/\/blogin.al\/index.php?rest_route=\/wp\/v2\/posts\/2490\/revisions"}],"predecessor-version":[{"id":2496,"href":"https:\/\/blogin.al\/index.php?rest_route=\/wp\/v2\/posts\/2490\/revisions\/2496"}],"wp:featuredmedia":[{"embeddable":true,"href":"https:\/\/blogin.al\/index.php?rest_route=\/wp\/v2\/media\/2491"}],"wp:attachment":[{"href":"https:\/\/blogin.al\/index.php?rest_route=%2Fwp%2Fv2%2Fmedia&parent=2490"}],"wp:term":[{"taxonomy":"category","embeddable":true,"href":"https:\/\/blogin.al\/index.php?rest_route=%2Fwp%2Fv2%2Fcategories&post=2490"},{"taxonomy":"post_tag","embeddable":true,"href":"https:\/\/blogin.al\/index.php?rest_route=%2Fwp%2Fv2%2Ftags&post=2490"}],"curies":[{"name":"wp","href":"https:\/\/api.w.org\/{rel}","templated":true}]}}