{"id":26262,"date":"2023-03-01T20:09:01","date_gmt":"2023-03-01T20:09:01","guid":{"rendered":"https:\/\/blogin.al\/?p=26262"},"modified":"2023-03-01T20:10:32","modified_gmt":"2023-03-01T20:10:32","slug":"bente-si-profesioniste-dalina-buzi-i-pergjigjet-olta-gixharit-pas-deklarates","status":"publish","type":"post","link":"https:\/\/blogin.al\/?p=26262","title":{"rendered":"&#8216;B\u00ebnte si profesioniste!&#8217; Dalina Buzi i p\u00ebrgjigjet Olta Gixharit pas deklarat\u00ebs"},"content":{"rendered":"\n<p>Dit\u00ebn e sotme banor\u00ebve t\u00eb &#8220;Big Brother VIP&#8221; iu dha nj\u00eb loj\u00eb, ku duhet t\u00eb k\u00ebrcejn\u00eb n\u00eb \u00e7ifte duke organizuar &#8220;Dancing with the stars&#8221; n\u00eb sht\u00ebpin\u00eb e famshme.<\/p>\n\n\n\n<p>Kjo b\u00ebri q\u00eb mes Deas, Kiar\u00ebs dhe Olt\u00ebs t\u00eb hapej nj\u00eb diskutim mbi &#8220;Dancing with the stars Albania&#8221; dhe jurin\u00eb e p\u00ebrb\u00ebr\u00eb nga Kledi Kadiu, Dalina Buzi, Mand Peza dhe Valbona Selimllari. Dea u shpreh se i p\u00eblqente shum\u00eb Kledi dhe se ishte profesionist. Mir\u00ebpo, nuk ishte e k\u00ebtij mendimi Olta e cila u shpreh se Kledin nuk e linin t\u00eb fliste.&nbsp;<em>&#8220;Kush e l\u00eb at\u00eb t\u00eb flas\u00eb aty. Fliste por me v\u00ebshtir\u00ebsi, futu Mandi, futu Dalina. E \u00e7mend\u00ebn, duke b\u00ebr\u00eb si profesionist\u00eb&#8221;.-tha Olta.<\/em><\/p>\n\n\n\n<p>Sakaq, nuk ka munguar nj\u00eb reagim nga Dalina e cila e ka marr\u00eb me sportivitet k\u00ebt\u00eb situat\u00eb. N\u00eb nj\u00eb reagim n\u00eb mediat sociale ajo shkruan me shaka se \u00ebsht\u00eb krah Luizit tani, dhe ka publikuar disa video funny.<\/p>\n\n\n\n<p>Mir\u00ebpo, n\u00eb nj\u00eb status tjet\u00ebr \u00ebsht\u00eb m\u00eb godit\u00ebse, duke shkruar: &#8220;<em>Po mi zemra n\u00ebnvler\u00ebsojn\u00eb pasi luten tu gjej ndonj\u00eb<\/em><br><em>rol, pasi kur e heqin para kohe nga DWTS te<\/em><br><em>Vizioni, vijn\u00eb e qajn\u00eb te mua e para. P\u00ebr profesionalizmin tim ve\u00e7 Dea e Olta s&#8217;duhet me fol kurr\u00eb (nejse se Dea s&#8217;foli). Kushdo tjet\u00ebr aty le te thot\u00eb \u00e7a t\u00eb doj\u00eb. Po nejse se b\u00ebj shaka me Luizin. Anabel nuk \u00ebsht\u00eb faqe fansash, thjesht dallohet robi<\/em><br><em>(un\u00eb) q\u00eb n\u00eb kulmin e urrejtjes mbroja Olten dhe Olta. Shkoni n\u00eb Bunkart t\u00eb m\u00ebsoni p\u00ebr njerezimin c&#8217;lloj speciesh mosmir\u00ebnjoh\u00ebse jan\u00eb!&#8221;<\/em><\/p>\n","protected":false},"excerpt":{"rendered":"<p>Dit\u00ebn e sotme banor\u00ebve t\u00eb &#8220;Big Brother VIP&#8221; iu dha nj\u00eb loj\u00eb, ku duhet t\u00eb k\u00ebrcejn\u00eb n\u00eb \u00e7ifte duke organizuar &#8220;Dancing with the stars&#8221; n\u00eb sht\u00ebpin\u00eb e famshme. Kjo b\u00ebri q\u00eb mes Deas, Kiar\u00ebs dhe Olt\u00ebs t\u00eb hapej nj\u00eb diskutim mbi &#8220;Dancing with the stars Albania&#8221; dhe jurin\u00eb e p\u00ebrb\u00ebr\u00eb nga Kledi Kadiu, Dalina Buzi, [&hellip;]<\/p>\n","protected":false},"author":2,"featured_media":26261,"comment_status":"open","ping_status":"open","sticky":false,"template":"","format":"standard","meta":{"footnotes":""},"categories":[38],"tags":[],"class_list":{"0":"post-26262","1":"post","2":"type-post","3":"status-publish","4":"format-standard","5":"has-post-thumbnail","7":"category-stili-dhe-bota-e-vip"},"yoast_head":"<!-- This site is optimized with the Yoast SEO plugin v27.4 - https:\/\/yoast.com\/product\/yoast-seo-wordpress\/ -->\n<title>&#039;B\u00ebnte si profesioniste!&#039; Dalina Buzi i p\u00ebrgjigjet Olta Gixharit pas deklarat\u00ebs - blogin.al<\/title>\n<meta name=\"robots\" content=\"index, follow, max-snippet:-1, max-image-preview:large, max-video-preview:-1\" \/>\n<link rel=\"canonical\" href=\"https:\/\/blogin.al\/?p=26262\" \/>\n<meta property=\"og:locale\" content=\"en_US\" \/>\n<meta property=\"og:type\" content=\"article\" \/>\n<meta property=\"og:title\" content=\"&#039;B\u00ebnte si profesioniste!&#039; Dalina Buzi i p\u00ebrgjigjet Olta Gixharit pas deklarat\u00ebs - blogin.al\" \/>\n<meta property=\"og:description\" content=\"Dit\u00ebn e sotme banor\u00ebve t\u00eb &#8220;Big Brother VIP&#8221; iu dha nj\u00eb loj\u00eb, ku duhet t\u00eb k\u00ebrcejn\u00eb n\u00eb \u00e7ifte duke organizuar &#8220;Dancing with the stars&#8221; n\u00eb sht\u00ebpin\u00eb e famshme. Kjo b\u00ebri q\u00eb mes Deas, Kiar\u00ebs dhe Olt\u00ebs t\u00eb hapej nj\u00eb diskutim mbi &#8220;Dancing with the stars Albania&#8221; dhe jurin\u00eb e p\u00ebrb\u00ebr\u00eb nga Kledi Kadiu, Dalina Buzi, [&hellip;]\" \/>\n<meta property=\"og:url\" content=\"https:\/\/blogin.al\/?p=26262\" \/>\n<meta property=\"og:site_name\" content=\"blogin.al\" \/>\n<meta property=\"article:published_time\" content=\"2023-03-01T20:09:01+00:00\" \/>\n<meta property=\"article:modified_time\" content=\"2023-03-01T20:10:32+00:00\" \/>\n<meta property=\"og:image\" content=\"https:\/\/blogin.al\/wp-content\/uploads\/2023\/03\/800-0-31041ecc9ced8d2173c58615277ccfb2.jpeg\" \/>\n\t<meta property=\"og:image:width\" content=\"800\" \/>\n\t<meta property=\"og:image:height\" content=\"420\" \/>\n\t<meta property=\"og:image:type\" content=\"image\/jpeg\" \/>\n<meta name=\"author\" content=\"Blogin al\" \/>\n<meta name=\"twitter:card\" content=\"summary_large_image\" \/>\n<meta name=\"twitter:label1\" content=\"Written by\" \/>\n\t<meta name=\"twitter:data1\" content=\"Blogin al\" \/>\n\t<meta name=\"twitter:label2\" content=\"Est. reading time\" \/>\n\t<meta name=\"twitter:data2\" content=\"1 minute\" \/>\n<script type=\"application\/ld+json\" class=\"yoast-schema-graph\">{\"@context\":\"https:\\\/\\\/schema.org\",\"@graph\":[{\"@type\":\"Article\",\"@id\":\"https:\\\/\\\/blogin.al\\\/?p=26262#article\",\"isPartOf\":{\"@id\":\"https:\\\/\\\/blogin.al\\\/?p=26262\"},\"author\":{\"name\":\"Blogin al\",\"@id\":\"https:\\\/\\\/blogin.al\\\/#\\\/schema\\\/person\\\/abdd56bc912cd511db877b852b115399\"},\"headline\":\"&#8216;B\u00ebnte si profesioniste!&#8217; Dalina Buzi i p\u00ebrgjigjet Olta Gixharit pas deklarat\u00ebs\",\"datePublished\":\"2023-03-01T20:09:01+00:00\",\"dateModified\":\"2023-03-01T20:10:32+00:00\",\"mainEntityOfPage\":{\"@id\":\"https:\\\/\\\/blogin.al\\\/?p=26262\"},\"wordCount\":295,\"commentCount\":0,\"publisher\":{\"@id\":\"https:\\\/\\\/blogin.al\\\/#organization\"},\"image\":{\"@id\":\"https:\\\/\\\/blogin.al\\\/?p=26262#primaryimage\"},\"thumbnailUrl\":\"https:\\\/\\\/blogin.al\\\/wp-content\\\/uploads\\\/2023\\\/03\\\/800-0-31041ecc9ced8d2173c58615277ccfb2.jpeg\",\"articleSection\":[\"STILI DHE BOTA E VIP\"],\"inLanguage\":\"en-US\",\"potentialAction\":[{\"@type\":\"CommentAction\",\"name\":\"Comment\",\"target\":[\"https:\\\/\\\/blogin.al\\\/?p=26262#respond\"]}]},{\"@type\":\"WebPage\",\"@id\":\"https:\\\/\\\/blogin.al\\\/?p=26262\",\"url\":\"https:\\\/\\\/blogin.al\\\/?p=26262\",\"name\":\"'B\u00ebnte si profesioniste!' Dalina Buzi i p\u00ebrgjigjet Olta Gixharit pas deklarat\u00ebs - blogin.al\",\"isPartOf\":{\"@id\":\"https:\\\/\\\/blogin.al\\\/#website\"},\"primaryImageOfPage\":{\"@id\":\"https:\\\/\\\/blogin.al\\\/?p=26262#primaryimage\"},\"image\":{\"@id\":\"https:\\\/\\\/blogin.al\\\/?p=26262#primaryimage\"},\"thumbnailUrl\":\"https:\\\/\\\/blogin.al\\\/wp-content\\\/uploads\\\/2023\\\/03\\\/800-0-31041ecc9ced8d2173c58615277ccfb2.jpeg\",\"datePublished\":\"2023-03-01T20:09:01+00:00\",\"dateModified\":\"2023-03-01T20:10:32+00:00\",\"breadcrumb\":{\"@id\":\"https:\\\/\\\/blogin.al\\\/?p=26262#breadcrumb\"},\"inLanguage\":\"en-US\",\"potentialAction\":[{\"@type\":\"ReadAction\",\"target\":[\"https:\\\/\\\/blogin.al\\\/?p=26262\"]}]},{\"@type\":\"ImageObject\",\"inLanguage\":\"en-US\",\"@id\":\"https:\\\/\\\/blogin.al\\\/?p=26262#primaryimage\",\"url\":\"https:\\\/\\\/blogin.al\\\/wp-content\\\/uploads\\\/2023\\\/03\\\/800-0-31041ecc9ced8d2173c58615277ccfb2.jpeg\",\"contentUrl\":\"https:\\\/\\\/blogin.al\\\/wp-content\\\/uploads\\\/2023\\\/03\\\/800-0-31041ecc9ced8d2173c58615277ccfb2.jpeg\",\"width\":800,\"height\":420},{\"@type\":\"BreadcrumbList\",\"@id\":\"https:\\\/\\\/blogin.al\\\/?p=26262#breadcrumb\",\"itemListElement\":[{\"@type\":\"ListItem\",\"position\":1,\"name\":\"Home\",\"item\":\"https:\\\/\\\/blogin.al\\\/\"},{\"@type\":\"ListItem\",\"position\":2,\"name\":\"&#8216;B\u00ebnte si profesioniste!&#8217; Dalina Buzi i p\u00ebrgjigjet Olta Gixharit pas deklarat\u00ebs\"}]},{\"@type\":\"WebSite\",\"@id\":\"https:\\\/\\\/blogin.al\\\/#website\",\"url\":\"https:\\\/\\\/blogin.al\\\/\",\"name\":\"blogin.al\",\"description\":\"\",\"publisher\":{\"@id\":\"https:\\\/\\\/blogin.al\\\/#organization\"},\"potentialAction\":[{\"@type\":\"SearchAction\",\"target\":{\"@type\":\"EntryPoint\",\"urlTemplate\":\"https:\\\/\\\/blogin.al\\\/?s={search_term_string}\"},\"query-input\":{\"@type\":\"PropertyValueSpecification\",\"valueRequired\":true,\"valueName\":\"search_term_string\"}}],\"inLanguage\":\"en-US\"},{\"@type\":\"Organization\",\"@id\":\"https:\\\/\\\/blogin.al\\\/#organization\",\"name\":\"BLOGIN.al\",\"url\":\"https:\\\/\\\/blogin.al\\\/\",\"logo\":{\"@type\":\"ImageObject\",\"inLanguage\":\"en-US\",\"@id\":\"https:\\\/\\\/blogin.al\\\/#\\\/schema\\\/logo\\\/image\\\/\",\"url\":\"https:\\\/\\\/blogin.al\\\/wp-content\\\/uploads\\\/2022\\\/05\\\/Untitled-2-01-e1652084456514.png\",\"contentUrl\":\"https:\\\/\\\/blogin.al\\\/wp-content\\\/uploads\\\/2022\\\/05\\\/Untitled-2-01-e1652084456514.png\",\"width\":3723,\"height\":1698,\"caption\":\"BLOGIN.al\"},\"image\":{\"@id\":\"https:\\\/\\\/blogin.al\\\/#\\\/schema\\\/logo\\\/image\\\/\"},\"sameAs\":[\"https:\\\/\\\/instagram.com\\\/blogin.al\\\/\"]},{\"@type\":\"Person\",\"@id\":\"https:\\\/\\\/blogin.al\\\/#\\\/schema\\\/person\\\/abdd56bc912cd511db877b852b115399\",\"name\":\"Blogin al\",\"image\":{\"@type\":\"ImageObject\",\"inLanguage\":\"en-US\",\"@id\":\"https:\\\/\\\/secure.gravatar.com\\\/avatar\\\/60d5661aee6e835fb13dc75d2204cd0c1d61bef2efd137c0083e59ef831e235e?s=96&d=mm&r=g\",\"url\":\"https:\\\/\\\/secure.gravatar.com\\\/avatar\\\/60d5661aee6e835fb13dc75d2204cd0c1d61bef2efd137c0083e59ef831e235e?s=96&d=mm&r=g\",\"contentUrl\":\"https:\\\/\\\/secure.gravatar.com\\\/avatar\\\/60d5661aee6e835fb13dc75d2204cd0c1d61bef2efd137c0083e59ef831e235e?s=96&d=mm&r=g\",\"caption\":\"Blogin al\"},\"sameAs\":[\"https:\\\/\\\/blogin.al\"],\"url\":\"https:\\\/\\\/blogin.al\\\/?author=2\"}]}<\/script>\n<!-- \/ Yoast SEO plugin. -->","yoast_head_json":{"title":"'B\u00ebnte si profesioniste!' Dalina Buzi i p\u00ebrgjigjet Olta Gixharit pas deklarat\u00ebs - blogin.al","robots":{"index":"index","follow":"follow","max-snippet":"max-snippet:-1","max-image-preview":"max-image-preview:large","max-video-preview":"max-video-preview:-1"},"canonical":"https:\/\/blogin.al\/?p=26262","og_locale":"en_US","og_type":"article","og_title":"'B\u00ebnte si profesioniste!' Dalina Buzi i p\u00ebrgjigjet Olta Gixharit pas deklarat\u00ebs - blogin.al","og_description":"Dit\u00ebn e sotme banor\u00ebve t\u00eb &#8220;Big Brother VIP&#8221; iu dha nj\u00eb loj\u00eb, ku duhet t\u00eb k\u00ebrcejn\u00eb n\u00eb \u00e7ifte duke organizuar &#8220;Dancing with the stars&#8221; n\u00eb sht\u00ebpin\u00eb e famshme. Kjo b\u00ebri q\u00eb mes Deas, Kiar\u00ebs dhe Olt\u00ebs t\u00eb hapej nj\u00eb diskutim mbi &#8220;Dancing with the stars Albania&#8221; dhe jurin\u00eb e p\u00ebrb\u00ebr\u00eb nga Kledi Kadiu, Dalina Buzi, [&hellip;]","og_url":"https:\/\/blogin.al\/?p=26262","og_site_name":"blogin.al","article_published_time":"2023-03-01T20:09:01+00:00","article_modified_time":"2023-03-01T20:10:32+00:00","og_image":[{"width":800,"height":420,"url":"https:\/\/blogin.al\/wp-content\/uploads\/2023\/03\/800-0-31041ecc9ced8d2173c58615277ccfb2.jpeg","type":"image\/jpeg"}],"author":"Blogin al","twitter_card":"summary_large_image","twitter_misc":{"Written by":"Blogin al","Est. reading time":"1 minute"},"schema":{"@context":"https:\/\/schema.org","@graph":[{"@type":"Article","@id":"https:\/\/blogin.al\/?p=26262#article","isPartOf":{"@id":"https:\/\/blogin.al\/?p=26262"},"author":{"name":"Blogin al","@id":"https:\/\/blogin.al\/#\/schema\/person\/abdd56bc912cd511db877b852b115399"},"headline":"&#8216;B\u00ebnte si profesioniste!&#8217; Dalina Buzi i p\u00ebrgjigjet Olta Gixharit pas deklarat\u00ebs","datePublished":"2023-03-01T20:09:01+00:00","dateModified":"2023-03-01T20:10:32+00:00","mainEntityOfPage":{"@id":"https:\/\/blogin.al\/?p=26262"},"wordCount":295,"commentCount":0,"publisher":{"@id":"https:\/\/blogin.al\/#organization"},"image":{"@id":"https:\/\/blogin.al\/?p=26262#primaryimage"},"thumbnailUrl":"https:\/\/blogin.al\/wp-content\/uploads\/2023\/03\/800-0-31041ecc9ced8d2173c58615277ccfb2.jpeg","articleSection":["STILI DHE BOTA E VIP"],"inLanguage":"en-US","potentialAction":[{"@type":"CommentAction","name":"Comment","target":["https:\/\/blogin.al\/?p=26262#respond"]}]},{"@type":"WebPage","@id":"https:\/\/blogin.al\/?p=26262","url":"https:\/\/blogin.al\/?p=26262","name":"'B\u00ebnte si profesioniste!' Dalina Buzi i p\u00ebrgjigjet Olta Gixharit pas deklarat\u00ebs - blogin.al","isPartOf":{"@id":"https:\/\/blogin.al\/#website"},"primaryImageOfPage":{"@id":"https:\/\/blogin.al\/?p=26262#primaryimage"},"image":{"@id":"https:\/\/blogin.al\/?p=26262#primaryimage"},"thumbnailUrl":"https:\/\/blogin.al\/wp-content\/uploads\/2023\/03\/800-0-31041ecc9ced8d2173c58615277ccfb2.jpeg","datePublished":"2023-03-01T20:09:01+00:00","dateModified":"2023-03-01T20:10:32+00:00","breadcrumb":{"@id":"https:\/\/blogin.al\/?p=26262#breadcrumb"},"inLanguage":"en-US","potentialAction":[{"@type":"ReadAction","target":["https:\/\/blogin.al\/?p=26262"]}]},{"@type":"ImageObject","inLanguage":"en-US","@id":"https:\/\/blogin.al\/?p=26262#primaryimage","url":"https:\/\/blogin.al\/wp-content\/uploads\/2023\/03\/800-0-31041ecc9ced8d2173c58615277ccfb2.jpeg","contentUrl":"https:\/\/blogin.al\/wp-content\/uploads\/2023\/03\/800-0-31041ecc9ced8d2173c58615277ccfb2.jpeg","width":800,"height":420},{"@type":"BreadcrumbList","@id":"https:\/\/blogin.al\/?p=26262#breadcrumb","itemListElement":[{"@type":"ListItem","position":1,"name":"Home","item":"https:\/\/blogin.al\/"},{"@type":"ListItem","position":2,"name":"&#8216;B\u00ebnte si profesioniste!&#8217; Dalina Buzi i p\u00ebrgjigjet Olta Gixharit pas deklarat\u00ebs"}]},{"@type":"WebSite","@id":"https:\/\/blogin.al\/#website","url":"https:\/\/blogin.al\/","name":"blogin.al","description":"","publisher":{"@id":"https:\/\/blogin.al\/#organization"},"potentialAction":[{"@type":"SearchAction","target":{"@type":"EntryPoint","urlTemplate":"https:\/\/blogin.al\/?s={search_term_string}"},"query-input":{"@type":"PropertyValueSpecification","valueRequired":true,"valueName":"search_term_string"}}],"inLanguage":"en-US"},{"@type":"Organization","@id":"https:\/\/blogin.al\/#organization","name":"BLOGIN.al","url":"https:\/\/blogin.al\/","logo":{"@type":"ImageObject","inLanguage":"en-US","@id":"https:\/\/blogin.al\/#\/schema\/logo\/image\/","url":"https:\/\/blogin.al\/wp-content\/uploads\/2022\/05\/Untitled-2-01-e1652084456514.png","contentUrl":"https:\/\/blogin.al\/wp-content\/uploads\/2022\/05\/Untitled-2-01-e1652084456514.png","width":3723,"height":1698,"caption":"BLOGIN.al"},"image":{"@id":"https:\/\/blogin.al\/#\/schema\/logo\/image\/"},"sameAs":["https:\/\/instagram.com\/blogin.al\/"]},{"@type":"Person","@id":"https:\/\/blogin.al\/#\/schema\/person\/abdd56bc912cd511db877b852b115399","name":"Blogin al","image":{"@type":"ImageObject","inLanguage":"en-US","@id":"https:\/\/secure.gravatar.com\/avatar\/60d5661aee6e835fb13dc75d2204cd0c1d61bef2efd137c0083e59ef831e235e?s=96&d=mm&r=g","url":"https:\/\/secure.gravatar.com\/avatar\/60d5661aee6e835fb13dc75d2204cd0c1d61bef2efd137c0083e59ef831e235e?s=96&d=mm&r=g","contentUrl":"https:\/\/secure.gravatar.com\/avatar\/60d5661aee6e835fb13dc75d2204cd0c1d61bef2efd137c0083e59ef831e235e?s=96&d=mm&r=g","caption":"Blogin al"},"sameAs":["https:\/\/blogin.al"],"url":"https:\/\/blogin.al\/?author=2"}]}},"_links":{"self":[{"href":"https:\/\/blogin.al\/index.php?rest_route=\/wp\/v2\/posts\/26262","targetHints":{"allow":["GET"]}}],"collection":[{"href":"https:\/\/blogin.al\/index.php?rest_route=\/wp\/v2\/posts"}],"about":[{"href":"https:\/\/blogin.al\/index.php?rest_route=\/wp\/v2\/types\/post"}],"author":[{"embeddable":true,"href":"https:\/\/blogin.al\/index.php?rest_route=\/wp\/v2\/users\/2"}],"replies":[{"embeddable":true,"href":"https:\/\/blogin.al\/index.php?rest_route=%2Fwp%2Fv2%2Fcomments&post=26262"}],"version-history":[{"count":1,"href":"https:\/\/blogin.al\/index.php?rest_route=\/wp\/v2\/posts\/26262\/revisions"}],"predecessor-version":[{"id":26263,"href":"https:\/\/blogin.al\/index.php?rest_route=\/wp\/v2\/posts\/26262\/revisions\/26263"}],"wp:featuredmedia":[{"embeddable":true,"href":"https:\/\/blogin.al\/index.php?rest_route=\/wp\/v2\/media\/26261"}],"wp:attachment":[{"href":"https:\/\/blogin.al\/index.php?rest_route=%2Fwp%2Fv2%2Fmedia&parent=26262"}],"wp:term":[{"taxonomy":"category","embeddable":true,"href":"https:\/\/blogin.al\/index.php?rest_route=%2Fwp%2Fv2%2Fcategories&post=26262"},{"taxonomy":"post_tag","embeddable":true,"href":"https:\/\/blogin.al\/index.php?rest_route=%2Fwp%2Fv2%2Ftags&post=26262"}],"curies":[{"name":"wp","href":"https:\/\/api.w.org\/{rel}","templated":true}]}}