{"id":2670,"date":"2022-04-26T08:52:07","date_gmt":"2022-04-26T08:52:07","guid":{"rendered":"https:\/\/blogin.al\/?p=2670"},"modified":"2022-04-26T08:52:09","modified_gmt":"2022-04-26T08:52:09","slug":"beqare-apo-ne-nje-lidhje-bleona-qereti-flet-per-statusin-e-saj-erdha-ne-shqiperi-dhe","status":"publish","type":"post","link":"https:\/\/blogin.al\/?p=2670","title":{"rendered":"Beqare apo n\u00eb nj\u00eb lidhje? Bleona Qereti flet p\u00ebr statusin e saj: Erdha n\u00eb Shqip\u00ebri dhe\u2026"},"content":{"rendered":"\n<p><strong>Bleona Qereti ka konfirmuar sot se \u00ebsht\u00eb beqare.<\/strong><\/p>\n\n\n\n<p>Bleona prej koh\u00ebsh nuk \u00ebsht\u00eb p\u00ebrfolur p\u00ebr jet\u00ebn e saj private q\u00eb vitet e fundit e ka ruajtur me hermetiz\u00ebm. E pyetur mbr\u00ebmjen e sotme se si po shkon jeta e saj sentimentale, k\u00ebng\u00ebtarja tha se \u00ebsht\u00eb beqare.<\/p>\n\n\n\n<p>M\u00eb pas me humor ajo shtoi se nd\u00ebrkoh\u00eb q\u00eb ka qen\u00eb vet\u00ebm gjat\u00eb dy muajve n\u00eb Tiran\u00eb, nuk \u00ebsht\u00eb shfaqur asnj\u00eb djal\u00eb shqiptar, mgjithat\u00eb shtoi duke qeshur se i pret ata n\u00eb \u2018Love Story 3\u2019.<\/p>\n\n\n\n<p><strong>\u201cBleona donim t\u2019ju b\u00ebnim nj\u00eb pyetje direkte si gazetar\u00eb prej shum\u00eb vitesh n\u00eb profesion, \u00e7far\u00eb ndodh me situat\u00ebn tuaj sentimentale n\u00eb k\u00ebt\u00eb moment t\u00eb jet\u00ebs?\u201d-<\/strong>e pyeti Alketa k\u00ebng\u00ebtaren, e cila u p\u00ebrgjigj:\u00a0<strong>\u201cErdha n\u00eb Shqip\u00ebri me iden\u00eb q\u00eb njer\u00ebzit e din\u00eb q\u00eb jam vet\u00ebm, h\u00ebngra p\u00ebr dy muaj n\u00eb restorant dhe nuk erdhi asnj\u00eb njeri, nuk kam \u00e7far\u00eb t\u2019ju b\u00ebj\u2026 nuk erdhi asnj\u00eb djal\u00eb, \u00e7far\u00eb t\u00eb them un\u00eb m\u00eb tep\u00ebr tani. M\u00eb shum\u00eb se kaq ju pres n\u00eb Love Story 3\u201d.-\u00a0<\/strong>deklaroi Bleona.<\/p>\n\n\n\n<figure class=\"wp-block-image size-full is-resized is-style-default\"><img fetchpriority=\"high\" decoding=\"async\" src=\"https:\/\/blogin.al\/wp-content\/uploads\/2022\/04\/bleona-674x375-1.png\" alt=\"\" class=\"wp-image-2674\" width=\"546\" height=\"300\"\/><\/figure>\n\n\n\n<p>Pak koh\u00eb m\u00eb par\u00eb, k\u00ebng\u00ebtarja e njohur deklaroi se jeta e saj personale \u00ebsht\u00eb e shenjt\u00eb dhe nuk do t\u00eb flas\u00eb m\u00eb publikisht p\u00ebr t\u00eb.\u00a0Ajo tha se p\u00ebr shkak t\u00eb mediave\u00a0\u201cjeta e saj private ka vuajtur\u201d\u00a0dhe iu \u00ebsht\u00eb shkat\u00ebrruar martesa e par\u00eb me Gani Bardh\u00ebn.<\/p>\n\n\n\n<figure class=\"wp-block-image size-full is-resized is-style-default\"><img decoding=\"async\" src=\"https:\/\/blogin.al\/wp-content\/uploads\/2022\/04\/bleona.jpg\" alt=\"\" class=\"wp-image-2671\" width=\"652\" height=\"363\"\/><\/figure>\n\n\n\n<p><strong><em>\u201cUn\u00eb jam rritur n\u00eb media dhe jam rritur p\u00ebrpara kamer\u00ebs dhe ndihem sikur gjith\u00eb jet\u00ebn time kam jetuar n\u00eb nj\u00eb sht\u00ebpi xhami dhe pun\u00ebt e mia jan\u00eb ditur publikisht nga t\u00eb gjith\u00eb njer\u00ebzit. Sigurisht un\u00eb jam djegur dhe jeta ime private ka vuajtur pik\u00ebrisht nga media n\u00eb Shqip\u00ebri. E dini t\u00eb gjith\u00eb p\u00ebr k\u00eb e kam fjal\u00ebn, p\u00ebr martes\u00ebn time t\u00eb m\u00ebparshme k\u00ebshtu q\u00eb tani jeta ime private \u00ebsht\u00eb e shenjt\u00eb, nuk ka arsye absolutisht t\u00eb p\u00ebrmendet n\u00ebp\u00ebr media dhe dua t\u00eb vazhdoj ta mbaj sa m\u00eb private t\u00eb jet\u00eb e mundur aq m\u00eb mir\u00eb \u00ebsht\u00eb p\u00ebr mua,\u201d<\/em>\u2013<\/strong>ka deklaruar Bleona.<\/p>\n","protected":false},"excerpt":{"rendered":"<p>Bleona Qereti ka konfirmuar sot se \u00ebsht\u00eb beqare. Bleona prej koh\u00ebsh nuk \u00ebsht\u00eb p\u00ebrfolur p\u00ebr jet\u00ebn e saj private q\u00eb vitet e fundit e ka ruajtur me hermetiz\u00ebm. E pyetur mbr\u00ebmjen e sotme se si po shkon jeta e saj sentimentale, k\u00ebng\u00ebtarja tha se \u00ebsht\u00eb beqare. M\u00eb pas me humor ajo shtoi se nd\u00ebrkoh\u00eb q\u00eb [&hellip;]<\/p>\n","protected":false},"author":2,"featured_media":2672,"comment_status":"open","ping_status":"open","sticky":false,"template":"","format":"standard","meta":{"footnotes":""},"categories":[33],"tags":[],"class_list":{"0":"post-2670","1":"post","2":"type-post","3":"status-publish","4":"format-standard","5":"has-post-thumbnail","7":"category-showbiz"},"yoast_head":"<!-- This site is optimized with the Yoast SEO plugin v27.5 - https:\/\/yoast.com\/product\/yoast-seo-wordpress\/ -->\n<title>Beqare apo n\u00eb nj\u00eb lidhje? Bleona Qereti flet p\u00ebr statusin e saj: Erdha n\u00eb Shqip\u00ebri dhe\u2026 - blogin.al<\/title>\n<meta name=\"robots\" content=\"index, follow, max-snippet:-1, max-image-preview:large, max-video-preview:-1\" \/>\n<link rel=\"canonical\" href=\"https:\/\/blogin.al\/?p=2670\" \/>\n<meta property=\"og:locale\" content=\"en_US\" \/>\n<meta property=\"og:type\" content=\"article\" \/>\n<meta property=\"og:title\" content=\"Beqare apo n\u00eb nj\u00eb lidhje? Bleona Qereti flet p\u00ebr statusin e saj: Erdha n\u00eb Shqip\u00ebri dhe\u2026 - blogin.al\" \/>\n<meta property=\"og:description\" content=\"Bleona Qereti ka konfirmuar sot se \u00ebsht\u00eb beqare. Bleona prej koh\u00ebsh nuk \u00ebsht\u00eb p\u00ebrfolur p\u00ebr jet\u00ebn e saj private q\u00eb vitet e fundit e ka ruajtur me hermetiz\u00ebm. E pyetur mbr\u00ebmjen e sotme se si po shkon jeta e saj sentimentale, k\u00ebng\u00ebtarja tha se \u00ebsht\u00eb beqare. M\u00eb pas me humor ajo shtoi se nd\u00ebrkoh\u00eb q\u00eb [&hellip;]\" \/>\n<meta property=\"og:url\" content=\"https:\/\/blogin.al\/?p=2670\" \/>\n<meta property=\"og:site_name\" content=\"blogin.al\" \/>\n<meta property=\"article:published_time\" content=\"2022-04-26T08:52:07+00:00\" \/>\n<meta property=\"article:modified_time\" content=\"2022-04-26T08:52:09+00:00\" \/>\n<meta property=\"og:image\" content=\"https:\/\/blogin.al\/wp-content\/uploads\/2022\/04\/4fd2b6c5-4e77-492d-8555-a32210ce1ce0.webp\" \/>\n\t<meta property=\"og:image:width\" content=\"1125\" \/>\n\t<meta property=\"og:image:height\" content=\"1281\" \/>\n\t<meta property=\"og:image:type\" content=\"image\/webp\" \/>\n<meta name=\"author\" content=\"Blogin al\" \/>\n<meta name=\"twitter:card\" content=\"summary_large_image\" \/>\n<meta name=\"twitter:label1\" content=\"Written by\" \/>\n\t<meta name=\"twitter:data1\" content=\"Blogin al\" \/>\n\t<meta name=\"twitter:label2\" content=\"Est. reading time\" \/>\n\t<meta name=\"twitter:data2\" content=\"2 minutes\" \/>\n<script type=\"application\/ld+json\" class=\"yoast-schema-graph\">{\"@context\":\"https:\\\/\\\/schema.org\",\"@graph\":[{\"@type\":\"Article\",\"@id\":\"https:\\\/\\\/blogin.al\\\/?p=2670#article\",\"isPartOf\":{\"@id\":\"https:\\\/\\\/blogin.al\\\/?p=2670\"},\"author\":{\"name\":\"Blogin al\",\"@id\":\"https:\\\/\\\/blogin.al\\\/#\\\/schema\\\/person\\\/abdd56bc912cd511db877b852b115399\"},\"headline\":\"Beqare apo n\u00eb nj\u00eb lidhje? Bleona Qereti flet p\u00ebr statusin e saj: Erdha n\u00eb Shqip\u00ebri dhe\u2026\",\"datePublished\":\"2022-04-26T08:52:07+00:00\",\"dateModified\":\"2022-04-26T08:52:09+00:00\",\"mainEntityOfPage\":{\"@id\":\"https:\\\/\\\/blogin.al\\\/?p=2670\"},\"wordCount\":381,\"commentCount\":0,\"publisher\":{\"@id\":\"https:\\\/\\\/blogin.al\\\/#organization\"},\"image\":{\"@id\":\"https:\\\/\\\/blogin.al\\\/?p=2670#primaryimage\"},\"thumbnailUrl\":\"https:\\\/\\\/blogin.al\\\/wp-content\\\/uploads\\\/2022\\\/04\\\/4fd2b6c5-4e77-492d-8555-a32210ce1ce0.webp\",\"articleSection\":[\"SHOWBIZ\"],\"inLanguage\":\"en-US\",\"potentialAction\":[{\"@type\":\"CommentAction\",\"name\":\"Comment\",\"target\":[\"https:\\\/\\\/blogin.al\\\/?p=2670#respond\"]}]},{\"@type\":\"WebPage\",\"@id\":\"https:\\\/\\\/blogin.al\\\/?p=2670\",\"url\":\"https:\\\/\\\/blogin.al\\\/?p=2670\",\"name\":\"Beqare apo n\u00eb nj\u00eb lidhje? Bleona Qereti flet p\u00ebr statusin e saj: Erdha n\u00eb Shqip\u00ebri dhe\u2026 - blogin.al\",\"isPartOf\":{\"@id\":\"https:\\\/\\\/blogin.al\\\/#website\"},\"primaryImageOfPage\":{\"@id\":\"https:\\\/\\\/blogin.al\\\/?p=2670#primaryimage\"},\"image\":{\"@id\":\"https:\\\/\\\/blogin.al\\\/?p=2670#primaryimage\"},\"thumbnailUrl\":\"https:\\\/\\\/blogin.al\\\/wp-content\\\/uploads\\\/2022\\\/04\\\/4fd2b6c5-4e77-492d-8555-a32210ce1ce0.webp\",\"datePublished\":\"2022-04-26T08:52:07+00:00\",\"dateModified\":\"2022-04-26T08:52:09+00:00\",\"breadcrumb\":{\"@id\":\"https:\\\/\\\/blogin.al\\\/?p=2670#breadcrumb\"},\"inLanguage\":\"en-US\",\"potentialAction\":[{\"@type\":\"ReadAction\",\"target\":[\"https:\\\/\\\/blogin.al\\\/?p=2670\"]}]},{\"@type\":\"ImageObject\",\"inLanguage\":\"en-US\",\"@id\":\"https:\\\/\\\/blogin.al\\\/?p=2670#primaryimage\",\"url\":\"https:\\\/\\\/blogin.al\\\/wp-content\\\/uploads\\\/2022\\\/04\\\/4fd2b6c5-4e77-492d-8555-a32210ce1ce0.webp\",\"contentUrl\":\"https:\\\/\\\/blogin.al\\\/wp-content\\\/uploads\\\/2022\\\/04\\\/4fd2b6c5-4e77-492d-8555-a32210ce1ce0.webp\",\"width\":1125,\"height\":1281},{\"@type\":\"BreadcrumbList\",\"@id\":\"https:\\\/\\\/blogin.al\\\/?p=2670#breadcrumb\",\"itemListElement\":[{\"@type\":\"ListItem\",\"position\":1,\"name\":\"Home\",\"item\":\"https:\\\/\\\/blogin.al\\\/\"},{\"@type\":\"ListItem\",\"position\":2,\"name\":\"Beqare apo n\u00eb nj\u00eb lidhje? Bleona Qereti flet p\u00ebr statusin e saj: Erdha n\u00eb Shqip\u00ebri dhe\u2026\"}]},{\"@type\":\"WebSite\",\"@id\":\"https:\\\/\\\/blogin.al\\\/#website\",\"url\":\"https:\\\/\\\/blogin.al\\\/\",\"name\":\"blogin.al\",\"description\":\"\",\"publisher\":{\"@id\":\"https:\\\/\\\/blogin.al\\\/#organization\"},\"potentialAction\":[{\"@type\":\"SearchAction\",\"target\":{\"@type\":\"EntryPoint\",\"urlTemplate\":\"https:\\\/\\\/blogin.al\\\/?s={search_term_string}\"},\"query-input\":{\"@type\":\"PropertyValueSpecification\",\"valueRequired\":true,\"valueName\":\"search_term_string\"}}],\"inLanguage\":\"en-US\"},{\"@type\":\"Organization\",\"@id\":\"https:\\\/\\\/blogin.al\\\/#organization\",\"name\":\"BLOGIN.al\",\"url\":\"https:\\\/\\\/blogin.al\\\/\",\"logo\":{\"@type\":\"ImageObject\",\"inLanguage\":\"en-US\",\"@id\":\"https:\\\/\\\/blogin.al\\\/#\\\/schema\\\/logo\\\/image\\\/\",\"url\":\"https:\\\/\\\/blogin.al\\\/wp-content\\\/uploads\\\/2022\\\/05\\\/Untitled-2-01-e1652084456514.png\",\"contentUrl\":\"https:\\\/\\\/blogin.al\\\/wp-content\\\/uploads\\\/2022\\\/05\\\/Untitled-2-01-e1652084456514.png\",\"width\":3723,\"height\":1698,\"caption\":\"BLOGIN.al\"},\"image\":{\"@id\":\"https:\\\/\\\/blogin.al\\\/#\\\/schema\\\/logo\\\/image\\\/\"},\"sameAs\":[\"https:\\\/\\\/instagram.com\\\/blogin.al\\\/\"]},{\"@type\":\"Person\",\"@id\":\"https:\\\/\\\/blogin.al\\\/#\\\/schema\\\/person\\\/abdd56bc912cd511db877b852b115399\",\"name\":\"Blogin al\",\"image\":{\"@type\":\"ImageObject\",\"inLanguage\":\"en-US\",\"@id\":\"https:\\\/\\\/secure.gravatar.com\\\/avatar\\\/60d5661aee6e835fb13dc75d2204cd0c1d61bef2efd137c0083e59ef831e235e?s=96&d=mm&r=g\",\"url\":\"https:\\\/\\\/secure.gravatar.com\\\/avatar\\\/60d5661aee6e835fb13dc75d2204cd0c1d61bef2efd137c0083e59ef831e235e?s=96&d=mm&r=g\",\"contentUrl\":\"https:\\\/\\\/secure.gravatar.com\\\/avatar\\\/60d5661aee6e835fb13dc75d2204cd0c1d61bef2efd137c0083e59ef831e235e?s=96&d=mm&r=g\",\"caption\":\"Blogin al\"},\"sameAs\":[\"https:\\\/\\\/blogin.al\"],\"url\":\"https:\\\/\\\/blogin.al\\\/?author=2\"}]}<\/script>\n<!-- \/ Yoast SEO plugin. -->","yoast_head_json":{"title":"Beqare apo n\u00eb nj\u00eb lidhje? Bleona Qereti flet p\u00ebr statusin e saj: Erdha n\u00eb Shqip\u00ebri dhe\u2026 - blogin.al","robots":{"index":"index","follow":"follow","max-snippet":"max-snippet:-1","max-image-preview":"max-image-preview:large","max-video-preview":"max-video-preview:-1"},"canonical":"https:\/\/blogin.al\/?p=2670","og_locale":"en_US","og_type":"article","og_title":"Beqare apo n\u00eb nj\u00eb lidhje? Bleona Qereti flet p\u00ebr statusin e saj: Erdha n\u00eb Shqip\u00ebri dhe\u2026 - blogin.al","og_description":"Bleona Qereti ka konfirmuar sot se \u00ebsht\u00eb beqare. Bleona prej koh\u00ebsh nuk \u00ebsht\u00eb p\u00ebrfolur p\u00ebr jet\u00ebn e saj private q\u00eb vitet e fundit e ka ruajtur me hermetiz\u00ebm. E pyetur mbr\u00ebmjen e sotme se si po shkon jeta e saj sentimentale, k\u00ebng\u00ebtarja tha se \u00ebsht\u00eb beqare. M\u00eb pas me humor ajo shtoi se nd\u00ebrkoh\u00eb q\u00eb [&hellip;]","og_url":"https:\/\/blogin.al\/?p=2670","og_site_name":"blogin.al","article_published_time":"2022-04-26T08:52:07+00:00","article_modified_time":"2022-04-26T08:52:09+00:00","og_image":[{"width":1125,"height":1281,"url":"https:\/\/blogin.al\/wp-content\/uploads\/2022\/04\/4fd2b6c5-4e77-492d-8555-a32210ce1ce0.webp","type":"image\/webp"}],"author":"Blogin al","twitter_card":"summary_large_image","twitter_misc":{"Written by":"Blogin al","Est. reading time":"2 minutes"},"schema":{"@context":"https:\/\/schema.org","@graph":[{"@type":"Article","@id":"https:\/\/blogin.al\/?p=2670#article","isPartOf":{"@id":"https:\/\/blogin.al\/?p=2670"},"author":{"name":"Blogin al","@id":"https:\/\/blogin.al\/#\/schema\/person\/abdd56bc912cd511db877b852b115399"},"headline":"Beqare apo n\u00eb nj\u00eb lidhje? Bleona Qereti flet p\u00ebr statusin e saj: Erdha n\u00eb Shqip\u00ebri dhe\u2026","datePublished":"2022-04-26T08:52:07+00:00","dateModified":"2022-04-26T08:52:09+00:00","mainEntityOfPage":{"@id":"https:\/\/blogin.al\/?p=2670"},"wordCount":381,"commentCount":0,"publisher":{"@id":"https:\/\/blogin.al\/#organization"},"image":{"@id":"https:\/\/blogin.al\/?p=2670#primaryimage"},"thumbnailUrl":"https:\/\/blogin.al\/wp-content\/uploads\/2022\/04\/4fd2b6c5-4e77-492d-8555-a32210ce1ce0.webp","articleSection":["SHOWBIZ"],"inLanguage":"en-US","potentialAction":[{"@type":"CommentAction","name":"Comment","target":["https:\/\/blogin.al\/?p=2670#respond"]}]},{"@type":"WebPage","@id":"https:\/\/blogin.al\/?p=2670","url":"https:\/\/blogin.al\/?p=2670","name":"Beqare apo n\u00eb nj\u00eb lidhje? Bleona Qereti flet p\u00ebr statusin e saj: Erdha n\u00eb Shqip\u00ebri dhe\u2026 - blogin.al","isPartOf":{"@id":"https:\/\/blogin.al\/#website"},"primaryImageOfPage":{"@id":"https:\/\/blogin.al\/?p=2670#primaryimage"},"image":{"@id":"https:\/\/blogin.al\/?p=2670#primaryimage"},"thumbnailUrl":"https:\/\/blogin.al\/wp-content\/uploads\/2022\/04\/4fd2b6c5-4e77-492d-8555-a32210ce1ce0.webp","datePublished":"2022-04-26T08:52:07+00:00","dateModified":"2022-04-26T08:52:09+00:00","breadcrumb":{"@id":"https:\/\/blogin.al\/?p=2670#breadcrumb"},"inLanguage":"en-US","potentialAction":[{"@type":"ReadAction","target":["https:\/\/blogin.al\/?p=2670"]}]},{"@type":"ImageObject","inLanguage":"en-US","@id":"https:\/\/blogin.al\/?p=2670#primaryimage","url":"https:\/\/blogin.al\/wp-content\/uploads\/2022\/04\/4fd2b6c5-4e77-492d-8555-a32210ce1ce0.webp","contentUrl":"https:\/\/blogin.al\/wp-content\/uploads\/2022\/04\/4fd2b6c5-4e77-492d-8555-a32210ce1ce0.webp","width":1125,"height":1281},{"@type":"BreadcrumbList","@id":"https:\/\/blogin.al\/?p=2670#breadcrumb","itemListElement":[{"@type":"ListItem","position":1,"name":"Home","item":"https:\/\/blogin.al\/"},{"@type":"ListItem","position":2,"name":"Beqare apo n\u00eb nj\u00eb lidhje? Bleona Qereti flet p\u00ebr statusin e saj: Erdha n\u00eb Shqip\u00ebri dhe\u2026"}]},{"@type":"WebSite","@id":"https:\/\/blogin.al\/#website","url":"https:\/\/blogin.al\/","name":"blogin.al","description":"","publisher":{"@id":"https:\/\/blogin.al\/#organization"},"potentialAction":[{"@type":"SearchAction","target":{"@type":"EntryPoint","urlTemplate":"https:\/\/blogin.al\/?s={search_term_string}"},"query-input":{"@type":"PropertyValueSpecification","valueRequired":true,"valueName":"search_term_string"}}],"inLanguage":"en-US"},{"@type":"Organization","@id":"https:\/\/blogin.al\/#organization","name":"BLOGIN.al","url":"https:\/\/blogin.al\/","logo":{"@type":"ImageObject","inLanguage":"en-US","@id":"https:\/\/blogin.al\/#\/schema\/logo\/image\/","url":"https:\/\/blogin.al\/wp-content\/uploads\/2022\/05\/Untitled-2-01-e1652084456514.png","contentUrl":"https:\/\/blogin.al\/wp-content\/uploads\/2022\/05\/Untitled-2-01-e1652084456514.png","width":3723,"height":1698,"caption":"BLOGIN.al"},"image":{"@id":"https:\/\/blogin.al\/#\/schema\/logo\/image\/"},"sameAs":["https:\/\/instagram.com\/blogin.al\/"]},{"@type":"Person","@id":"https:\/\/blogin.al\/#\/schema\/person\/abdd56bc912cd511db877b852b115399","name":"Blogin al","image":{"@type":"ImageObject","inLanguage":"en-US","@id":"https:\/\/secure.gravatar.com\/avatar\/60d5661aee6e835fb13dc75d2204cd0c1d61bef2efd137c0083e59ef831e235e?s=96&d=mm&r=g","url":"https:\/\/secure.gravatar.com\/avatar\/60d5661aee6e835fb13dc75d2204cd0c1d61bef2efd137c0083e59ef831e235e?s=96&d=mm&r=g","contentUrl":"https:\/\/secure.gravatar.com\/avatar\/60d5661aee6e835fb13dc75d2204cd0c1d61bef2efd137c0083e59ef831e235e?s=96&d=mm&r=g","caption":"Blogin al"},"sameAs":["https:\/\/blogin.al"],"url":"https:\/\/blogin.al\/?author=2"}]}},"_links":{"self":[{"href":"https:\/\/blogin.al\/index.php?rest_route=\/wp\/v2\/posts\/2670","targetHints":{"allow":["GET"]}}],"collection":[{"href":"https:\/\/blogin.al\/index.php?rest_route=\/wp\/v2\/posts"}],"about":[{"href":"https:\/\/blogin.al\/index.php?rest_route=\/wp\/v2\/types\/post"}],"author":[{"embeddable":true,"href":"https:\/\/blogin.al\/index.php?rest_route=\/wp\/v2\/users\/2"}],"replies":[{"embeddable":true,"href":"https:\/\/blogin.al\/index.php?rest_route=%2Fwp%2Fv2%2Fcomments&post=2670"}],"version-history":[{"count":1,"href":"https:\/\/blogin.al\/index.php?rest_route=\/wp\/v2\/posts\/2670\/revisions"}],"predecessor-version":[{"id":2675,"href":"https:\/\/blogin.al\/index.php?rest_route=\/wp\/v2\/posts\/2670\/revisions\/2675"}],"wp:featuredmedia":[{"embeddable":true,"href":"https:\/\/blogin.al\/index.php?rest_route=\/wp\/v2\/media\/2672"}],"wp:attachment":[{"href":"https:\/\/blogin.al\/index.php?rest_route=%2Fwp%2Fv2%2Fmedia&parent=2670"}],"wp:term":[{"taxonomy":"category","embeddable":true,"href":"https:\/\/blogin.al\/index.php?rest_route=%2Fwp%2Fv2%2Fcategories&post=2670"},{"taxonomy":"post_tag","embeddable":true,"href":"https:\/\/blogin.al\/index.php?rest_route=%2Fwp%2Fv2%2Ftags&post=2670"}],"curies":[{"name":"wp","href":"https:\/\/api.w.org\/{rel}","templated":true}]}}